{"id":8799,"date":"2015-10-08T03:06:25","date_gmt":"2015-10-08T03:06:25","guid":{"rendered":"http:\/\/50.22.11.12\/~grietaor\/?p=8799"},"modified":"2016-03-31T03:08:44","modified_gmt":"2016-03-31T03:08:44","slug":"cerraron-ejidatarios-acceso-principal-a-logistik","status":"publish","type":"post","link":"https:\/\/www.grieta.org.mx\/index.php\/2015\/10\/08\/cerraron-ejidatarios-acceso-principal-a-logistik\/","title":{"rendered":"Cerraron ejidatarios acceso principal a Logistik"},"content":{"rendered":"<p>En demanda del pago de 30 millones de pesos que les adeudan desde hace siete a\u00f1os, por la superficie ocupada por la compa\u00f1\u00eda \u201cLogistik Parque Industrial\u201d para acceder a su complejo, ejidatarios de la comunidad La Pila, localidad rural de la capital potosina, bloquearon este jueves la entrada y salida de veh\u00edculos de ese conjunto, en el que opera una del par de plantas de L\u00b4Or\u00e9al en M\u00e9xico.<\/p>\n<p>Los campesinos, en su mayor\u00eda mujeres y hombres de la tercera edad, se instalaron en plant\u00f3n poco despu\u00e9s de las 11 de la ma\u00f1ana. Extendieron barricadas de concreto para impedir el acceso y egreso de veh\u00edculos, lo que supone un importante perjuicio econ\u00f3mico de las factor\u00edas instaladas en ese parque de factor\u00edas.<\/p>\n<p>En su lista de clientes publicado por Logistik en su p\u00e1gina en internet, logistikpark.com.mx, all\u00ed operan General Motor\u00b4s, la llantera Continental, el centro de distribuci\u00f3n de Caterpillar, la fabricante de rines Magna y L\u00b4Or\u00e9al. Se edifica tambi\u00e9n la planta de la armadora de autom\u00f3viles alemanes BMW.<\/p>\n<p>El Subsecretario de Gobernaci\u00f3n de Gobierno del Estado, Aureliano Gama Basarte, acudi\u00f3 aproximadamente a las 15 horas a solicitarles el retiro del bloqueo y proponerles a la autoridad estatal como garante del pago. Despu\u00e9s de una media hora de di\u00e1logo se retir\u00f3 sin lograr su objetivo.<\/p>\n<p>En entrevista, el representante legal de los ejidatarios, Ram\u00f3n Aguilar L\u00f3pez, sostuvo que su hom\u00f3logo de Logistik, Guillermo Cueto Borbolla, \u201ces un c\u00ednico\u201d, que solo se ha burlado de los jornaleros y dilatado el pago \u201ccon m\u00faltiples artima\u00f1as\u201d.<\/p>\n<p>El 9 de junio de este a\u00f1o, precis\u00f3, deposit\u00f3 en el Tribunal Unitario Agrario un cheque sin fondos por 30 millones de pesos; aparte persuadi\u00f3 a un grupo de cinco ejidatarios de esa comunidad y los financi\u00f3 para promover amparos \u201cporque no quieren cobrar\u201d, conden\u00f3.<\/p>\n<p>En contra parte, expuso, m\u00e1s de 500 los ejidatarios exigen el pago y asegur\u00f3 que no retiraran el bloqueo hasta que no les transfieran a la cuenta bancaria del grupo ejidal el dinero, que les adeudan desde hace siete a\u00f1os, cuando comenz\u00f3 a operar el parque industrial, localizado a unos 30 kil\u00f3metros del centro de la capital potosina.<\/p>\n<p>Las factor\u00edas laboran las 24 horas del d\u00eda durante los 365 d\u00edas del a\u00f1o y a ra\u00edz de bloqueo resultar\u00edan afectadas en sus respectivas producciones, tanto por la dilaci\u00f3n en la recepci\u00f3n de insumos como por el retardo en el desplazamiento de sus productos terminados, as\u00ed como trambi\u00e9n por la entrada y salida de operarios. Eso no obstante que las unidades ingresaron y egresaron por una v\u00eda alterna.<\/p>\n<p>astrolabio.com.mx\/cerraron-ejidatarios-acceso-principal-a-logistik\/<\/p>\n","protected":false},"excerpt":{"rendered":"<p>En demanda del pago de 30 millones de pesos que les adeudan desde hace siete a\u00f1os, por la superficie ocupada por la compa\u00f1\u00eda \u201cLogistik Parque Industrial\u201d para acceder a su &hellip; <a href=\"https:\/\/www.grieta.org.mx\/index.php\/2015\/10\/08\/cerraron-ejidatarios-acceso-principal-a-logistik\/\" class=\"more-link\">Leer m\u00e1s<\/a><\/p>\n","protected":false},"author":2,"featured_media":21928,"comment_status":"closed","ping_status":"open","sticky":false,"template":"","format":"standard","meta":{"ngg_post_thumbnail":0,"_jetpack_newsletter_access":"","_jetpack_dont_email_post_to_subs":false,"_jetpack_newsletter_tier_id":0,"_jetpack_memberships_contains_paywalled_content":false,"_jetpack_memberships_contains_paid_content":false,"footnotes":""},"categories":[80,141],"tags":[184],"class_list":["post-8799","post","type-post","status-publish","format-standard","has-post-thumbnail","hentry","category-cintillo","category-san-luis-potosi","tag-despojo","entry"],"jetpack_featured_media_url":"https:\/\/www.grieta.org.mx\/wp-content\/uploads\/2018\/03\/14524434_1106112876131411_958039263622046936_o.jpg","jetpack_sharing_enabled":true,"jetpack_shortlink":"https:\/\/wp.me\/p7ZJR4-2hV","jetpack_likes_enabled":false,"jetpack-related-posts":[{"id":8789,"url":"https:\/\/www.grieta.org.mx\/index.php\/2016\/06\/25\/ejidatarios-luchan-contra-despojo-de-sus-tierras-provocado-por-las-instalaciones-del-parque-industrial-logistik\/","url_meta":{"origin":8799,"position":0},"title":"Ejidatarios luchan contra despojo de sus tierras provocado por las instalaciones del parque industrial Logistik","author":"grieta","date":"25 junio, 2016","format":false,"excerpt":"20\/06\/16. Ejidatarios de SLP exigen el pago de las tierras en donde estar\u00e1 BMWEl Financiero 17\/06\/16. Arranca BMW obras en SLP entre ProtestasLa Jornada San Luis 16\/02\/16. BMW le dobla las manos al gobernador de San Luis Potos\u00edProceso 5\/11\/15. Parque industrial Logistik no ha pagado a ejidatariosPlano Informativo 8\/10\/15. Cerraron\u2026","rel":"","context":"En &quot;Corredores industriales&quot;","block_context":{"text":"Corredores industriales","link":"https:\/\/www.grieta.org.mx\/index.php\/category\/megaproyectos\/corredores-industriales\/"},"img":{"alt_text":"","src":"https:\/\/i0.wp.com\/www.grieta.org.mx\/wp-content\/uploads\/2018\/03\/14524434_1106112876131411_958039263622046936_o.jpg?resize=350%2C200&ssl=1","width":350,"height":200,"srcset":"https:\/\/i0.wp.com\/www.grieta.org.mx\/wp-content\/uploads\/2018\/03\/14524434_1106112876131411_958039263622046936_o.jpg?resize=350%2C200&ssl=1 1x, https:\/\/i0.wp.com\/www.grieta.org.mx\/wp-content\/uploads\/2018\/03\/14524434_1106112876131411_958039263622046936_o.jpg?resize=525%2C300&ssl=1 1.5x, https:\/\/i0.wp.com\/www.grieta.org.mx\/wp-content\/uploads\/2018\/03\/14524434_1106112876131411_958039263622046936_o.jpg?resize=700%2C400&ssl=1 2x"},"classes":[]},{"id":8796,"url":"https:\/\/www.grieta.org.mx\/index.php\/2015\/11\/05\/parque-industrial-logistik-no-ha-pagado-a-ejidatarios\/","url_meta":{"origin":8799,"position":1},"title":"Parque industrial Logistik no ha pagado a ejidatarios","author":"grieta","date":"5 noviembre, 2015","format":false,"excerpt":"Plano Informativo Emilia Monreal El Tribunal Unitario Agrario dict\u00f3 un plazo de tres d\u00edas h\u00e1biles que vence el lunes pr\u00f3ximo, a los directivos de Logistik Park para que hagan el pago del 25 por ciento restante del adeudo que se mantiene a los ejidatarios de La Pila. De acuerdo a\u2026","rel":"","context":"En &quot;CINTILLO&quot;","block_context":{"text":"CINTILLO","link":"https:\/\/www.grieta.org.mx\/index.php\/category\/cintillo\/"},"img":{"alt_text":"","src":"https:\/\/i0.wp.com\/www.grieta.org.mx\/wp-content\/uploads\/2018\/03\/14524434_1106112876131411_958039263622046936_o.jpg?resize=350%2C200&ssl=1","width":350,"height":200,"srcset":"https:\/\/i0.wp.com\/www.grieta.org.mx\/wp-content\/uploads\/2018\/03\/14524434_1106112876131411_958039263622046936_o.jpg?resize=350%2C200&ssl=1 1x, https:\/\/i0.wp.com\/www.grieta.org.mx\/wp-content\/uploads\/2018\/03\/14524434_1106112876131411_958039263622046936_o.jpg?resize=525%2C300&ssl=1 1.5x, https:\/\/i0.wp.com\/www.grieta.org.mx\/wp-content\/uploads\/2018\/03\/14524434_1106112876131411_958039263622046936_o.jpg?resize=700%2C400&ssl=1 2x"},"classes":[]},{"id":15073,"url":"https:\/\/www.grieta.org.mx\/index.php\/2016\/06\/17\/arranca-bmw-obras-en-slp-entre-protestas\/","url_meta":{"origin":8799,"position":2},"title":"Arranca BMW obras en SLP entre Protestas","author":"grieta","date":"17 junio, 2016","format":false,"excerpt":"La Jornada San Luis Samuel Estrada En el marco de la ceremonia de colocaci\u00f3n de la primera piedra de planta de la armadora BMW en San Luis Potos\u00ed, al menos medio centenar de ejidatarios de La Pila se manifestaron en el principal acceso y salida del parque industrial Logistik; con\u2026","rel":"","context":"En &quot;CINTILLO&quot;","block_context":{"text":"CINTILLO","link":"https:\/\/www.grieta.org.mx\/index.php\/category\/cintillo\/"},"img":{"alt_text":"","src":"https:\/\/i0.wp.com\/www.grieta.org.mx\/wp-content\/uploads\/2018\/03\/14524434_1106112876131411_958039263622046936_o.jpg?resize=350%2C200&ssl=1","width":350,"height":200,"srcset":"https:\/\/i0.wp.com\/www.grieta.org.mx\/wp-content\/uploads\/2018\/03\/14524434_1106112876131411_958039263622046936_o.jpg?resize=350%2C200&ssl=1 1x, https:\/\/i0.wp.com\/www.grieta.org.mx\/wp-content\/uploads\/2018\/03\/14524434_1106112876131411_958039263622046936_o.jpg?resize=525%2C300&ssl=1 1.5x, https:\/\/i0.wp.com\/www.grieta.org.mx\/wp-content\/uploads\/2018\/03\/14524434_1106112876131411_958039263622046936_o.jpg?resize=700%2C400&ssl=1 2x"},"classes":[]},{"id":15076,"url":"https:\/\/www.grieta.org.mx\/index.php\/2016\/06\/20\/ejidatarios-de-slp-exigen-el-pago-de-las-tierras-en-donde-estara-bmw\/","url_meta":{"origin":8799,"position":3},"title":"Ejidatarios de SLP exigen el pago de las tierras en donde estar\u00e1 BMW","author":"grieta","date":"20 junio, 2016","format":false,"excerpt":"El Financiero Ejidatarios de La Pila se manifestaron en el parque industrial Logistik para reclamar el pago de m\u00e1s de 50 millones de pesos por los terrenos que hoy forman parte de vialidades y los parques industriales Logistik I y II, donde se asentar\u00e1 la armadora BMW. Mayolo Zarate, ejidatario\u2026","rel":"","context":"En &quot;CINTILLO&quot;","block_context":{"text":"CINTILLO","link":"https:\/\/www.grieta.org.mx\/index.php\/category\/cintillo\/"},"img":{"alt_text":"","src":"https:\/\/i0.wp.com\/www.grieta.org.mx\/wp-content\/uploads\/2018\/03\/14524434_1106112876131411_958039263622046936_o.jpg?resize=350%2C200&ssl=1","width":350,"height":200,"srcset":"https:\/\/i0.wp.com\/www.grieta.org.mx\/wp-content\/uploads\/2018\/03\/14524434_1106112876131411_958039263622046936_o.jpg?resize=350%2C200&ssl=1 1x, https:\/\/i0.wp.com\/www.grieta.org.mx\/wp-content\/uploads\/2018\/03\/14524434_1106112876131411_958039263622046936_o.jpg?resize=525%2C300&ssl=1 1.5x, https:\/\/i0.wp.com\/www.grieta.org.mx\/wp-content\/uploads\/2018\/03\/14524434_1106112876131411_958039263622046936_o.jpg?resize=700%2C400&ssl=1 2x"},"classes":[]},{"id":20979,"url":"https:\/\/www.grieta.org.mx\/index.php\/2016\/08\/22\/ejidatarios-antorchistas-liberan-acceso-a-mina-la-campa-en-chietla-puebla\/","url_meta":{"origin":8799,"position":4},"title":"Ejidatarios antorchistas liberan acceso a mina La Campa, en Chietla (Puebla)","author":"grieta","date":"22 agosto, 2016","format":false,"excerpt":"Chietla, Pue.- Tras 25 d\u00edas de protesta, ejidatarios afiliados a la organizaci\u00f3n Antorcha Campesina liberaron el acceso a la mina La Campa, en San Antonio Coayuca, comunidad perteneciente al municipio de Chietla. Salom\u00e9 Tlaseca N\u00e1jera, representante de los due\u00f1os del ejido, record\u00f3 que al menos 57 personas mantuvieron un plant\u00f3n\u2026","rel":"","context":"En &quot;CINTILLO&quot;","block_context":{"text":"CINTILLO","link":"https:\/\/www.grieta.org.mx\/index.php\/category\/cintillo\/"},"img":{"alt_text":"","src":"https:\/\/i0.wp.com\/www.grieta.org.mx\/wp-content\/uploads\/2018\/03\/14524434_1106112876131411_958039263622046936_o.jpg?resize=350%2C200&ssl=1","width":350,"height":200,"srcset":"https:\/\/i0.wp.com\/www.grieta.org.mx\/wp-content\/uploads\/2018\/03\/14524434_1106112876131411_958039263622046936_o.jpg?resize=350%2C200&ssl=1 1x, https:\/\/i0.wp.com\/www.grieta.org.mx\/wp-content\/uploads\/2018\/03\/14524434_1106112876131411_958039263622046936_o.jpg?resize=525%2C300&ssl=1 1.5x, https:\/\/i0.wp.com\/www.grieta.org.mx\/wp-content\/uploads\/2018\/03\/14524434_1106112876131411_958039263622046936_o.jpg?resize=700%2C400&ssl=1 2x"},"classes":[]},{"id":67824,"url":"https:\/\/www.grieta.org.mx\/index.php\/2023\/10\/01\/bloquean-acceso-a-ejido-en-piste-yucatan\/","url_meta":{"origin":8799,"position":5},"title":"Bloquean acceso a ejido en Pist\u00e9 (Yucat\u00e1n)","author":"grieta","date":"1 octubre, 2023","format":false,"excerpt":"Juan Osorio Osorno \/ Diario de Yucat\u00e1n PIST\u00c9.\u2014 Aumentan los n\u00facleos ejidales inconformes debido a que no les cumplieron algunos ofrecimientos por el trazo de la l\u00ednea del Tren Maya, pues ayer por la tarde unos 30 ejidatarios de Pist\u00e9 bloquearon el acceso a sus tierras y retuvieron cuatro veh\u00edculos\u2026","rel":"","context":"En &quot;CINTILLO&quot;","block_context":{"text":"CINTILLO","link":"https:\/\/www.grieta.org.mx\/index.php\/category\/cintillo\/"},"img":{"alt_text":"","src":"https:\/\/i0.wp.com\/www.grieta.org.mx\/wp-content\/uploads\/2023\/10\/Piste-e1696296612524.jpg?resize=350%2C200&ssl=1","width":350,"height":200,"srcset":"https:\/\/i0.wp.com\/www.grieta.org.mx\/wp-content\/uploads\/2023\/10\/Piste-e1696296612524.jpg?resize=350%2C200&ssl=1 1x, https:\/\/i0.wp.com\/www.grieta.org.mx\/wp-content\/uploads\/2023\/10\/Piste-e1696296612524.jpg?resize=525%2C300&ssl=1 1.5x, https:\/\/i0.wp.com\/www.grieta.org.mx\/wp-content\/uploads\/2023\/10\/Piste-e1696296612524.jpg?resize=700%2C400&ssl=1 2x"},"classes":[]}],"_links":{"self":[{"href":"https:\/\/www.grieta.org.mx\/index.php\/wp-json\/wp\/v2\/posts\/8799","targetHints":{"allow":["GET"]}}],"collection":[{"href":"https:\/\/www.grieta.org.mx\/index.php\/wp-json\/wp\/v2\/posts"}],"about":[{"href":"https:\/\/www.grieta.org.mx\/index.php\/wp-json\/wp\/v2\/types\/post"}],"author":[{"embeddable":true,"href":"https:\/\/www.grieta.org.mx\/index.php\/wp-json\/wp\/v2\/users\/2"}],"replies":[{"embeddable":true,"href":"https:\/\/www.grieta.org.mx\/index.php\/wp-json\/wp\/v2\/comments?post=8799"}],"version-history":[{"count":1,"href":"https:\/\/www.grieta.org.mx\/index.php\/wp-json\/wp\/v2\/posts\/8799\/revisions"}],"predecessor-version":[{"id":8800,"href":"https:\/\/www.grieta.org.mx\/index.php\/wp-json\/wp\/v2\/posts\/8799\/revisions\/8800"}],"wp:featuredmedia":[{"embeddable":true,"href":"https:\/\/www.grieta.org.mx\/index.php\/wp-json\/wp\/v2\/media\/21928"}],"wp:attachment":[{"href":"https:\/\/www.grieta.org.mx\/index.php\/wp-json\/wp\/v2\/media?parent=8799"}],"wp:term":[{"taxonomy":"category","embeddable":true,"href":"https:\/\/www.grieta.org.mx\/index.php\/wp-json\/wp\/v2\/categories?post=8799"},{"taxonomy":"post_tag","embeddable":true,"href":"https:\/\/www.grieta.org.mx\/index.php\/wp-json\/wp\/v2\/tags?post=8799"}],"curies":[{"name":"wp","href":"https:\/\/api.w.org\/{rel}","templated":true}]}}