{"id":8740,"date":"2015-05-21T01:54:01","date_gmt":"2015-05-21T01:54:01","guid":{"rendered":"http:\/\/50.22.11.12\/~grietaor\/?p=8740"},"modified":"2018-07-20T01:47:59","modified_gmt":"2018-07-20T06:47:59","slug":"productores-agropecuarios-de-la-huasteca-se-pronuncian-contra-el-fracking","status":"publish","type":"post","link":"https:\/\/www.grieta.org.mx\/index.php\/2015\/05\/21\/productores-agropecuarios-de-la-huasteca-se-pronuncian-contra-el-fracking\/","title":{"rendered":"Productores agropecuarios de la Huasteca se pronuncian contra el fracking (San Luis Potos\u00ed)"},"content":{"rendered":"<p><img decoding=\"async\" data-attachment-id=\"24994\" data-permalink=\"https:\/\/www.grieta.org.mx\/index.php\/2015\/05\/21\/productores-agropecuarios-de-la-huasteca-se-pronuncian-contra-el-fracking\/productores-agropecuarios-de-la-huasteca-se-pronuncian-contra-el-fracking-2\/\" data-orig-file=\"https:\/\/www.grieta.org.mx\/wp-content\/uploads\/2015\/05\/Productores-agropecuarios-de-la-Huasteca-se-pronuncian-contra-el-fracking.jpg\" data-orig-size=\"3423,3264\" data-comments-opened=\"0\" data-image-meta=\"{&quot;aperture&quot;:&quot;0&quot;,&quot;credit&quot;:&quot;&quot;,&quot;camera&quot;:&quot;&quot;,&quot;caption&quot;:&quot;&quot;,&quot;created_timestamp&quot;:&quot;0&quot;,&quot;copyright&quot;:&quot;&quot;,&quot;focal_length&quot;:&quot;0&quot;,&quot;iso&quot;:&quot;0&quot;,&quot;shutter_speed&quot;:&quot;0&quot;,&quot;title&quot;:&quot;&quot;,&quot;orientation&quot;:&quot;0&quot;}\" data-image-title=\"Productores agropecuarios de la Huasteca se pronuncian contra el fracking\" data-image-description=\"\" data-image-caption=\"\" data-medium-file=\"https:\/\/www.grieta.org.mx\/wp-content\/uploads\/2015\/05\/Productores-agropecuarios-de-la-Huasteca-se-pronuncian-contra-el-fracking-300x286.jpg\" data-large-file=\"https:\/\/www.grieta.org.mx\/wp-content\/uploads\/2015\/05\/Productores-agropecuarios-de-la-Huasteca-se-pronuncian-contra-el-fracking-1024x976.jpg\" src=\"http:\/\/www.grieta.org.mx\/wp-content\/uploads\/2015\/05\/Productores-agropecuarios-de-la-Huasteca-se-pronuncian-contra-el-fracking-300x286.jpg\" alt=\"\" width=\"100%\" class=\"aligncenter size-medium wp-image-24994\" srcset=\"https:\/\/www.grieta.org.mx\/wp-content\/uploads\/2015\/05\/Productores-agropecuarios-de-la-Huasteca-se-pronuncian-contra-el-fracking-300x286.jpg 300w, https:\/\/www.grieta.org.mx\/wp-content\/uploads\/2015\/05\/Productores-agropecuarios-de-la-Huasteca-se-pronuncian-contra-el-fracking-768x732.jpg 768w, https:\/\/www.grieta.org.mx\/wp-content\/uploads\/2015\/05\/Productores-agropecuarios-de-la-Huasteca-se-pronuncian-contra-el-fracking-1024x976.jpg 1024w, https:\/\/www.grieta.org.mx\/wp-content\/uploads\/2015\/05\/Productores-agropecuarios-de-la-Huasteca-se-pronuncian-contra-el-fracking-524x500.jpg 524w\" sizes=\"(max-width: 300px) 100vw, 300px\" \/><\/p>\n<p>San Luis Potos\u00ed, S. L. P.- Rosa Esther Pe\u00f1a Soto, \u00a0Coordinadora de Organizaciones Campesinas e Ind\u00edgenas de la Huasteca Potosina \u00a0(COCIHP) denunci\u00f3 que en la Huasteca potosina, productores de 18 municipios podr\u00e1n verse afectados por el fracking y el plan Monterrey VI.<\/p>\n<p class=\"ecxMsoNormal\">Pe\u00f1a Soto detallo que cafetaleros, productores de piloncillo, productores de c\u00edtricolas y \u00a0ganaderos est\u00e1n en riesgo debido al fracking y el proyecto Monterrey VI: \u201cEstamos muy preocupados, ya est\u00e1n licitando los diversos terrenos aqu\u00ed en la Zona huasteca\u201d en donde se pretende la explotaci\u00f3n de yacimientos de gas con la\u00a0 t\u00e9cnica del fracking que es totalmente destructiva, contaminante. Adem\u00e1s, la dirigente campesina se pronunci\u00f3 en contra del intento de privatizaci\u00f3n del agua\u00a0 para entreg\u00e1rsela a empresas extranjeras.<\/p>\n<p class=\"ecxMsoNormal\">Para combatir el fracking, explic\u00f3 que se han estado organizado reuniones de informaci\u00f3n con estos productores para que conozcan exactamente en qu\u00e9 consiste esta t\u00e9cnica de fracturaci\u00f3n hidr\u00e1ulica y como los afectar\u00e1\u00a0 \u201cprimero se les est\u00e1 dando la informaci\u00f3n\u00a0 sobre lo que es el fracking y como afectar\u00e1 esta t\u00e9cnica de fractura hidr\u00e1ulica y tambi\u00e9n\u00a0 los intentos de cambio a la ley general de aguas y el proyecto Monterrey VI con el que se quieren llevar el agua del Rio Panuco a Monterrey\u201d Pe\u00f1a Soto.<\/p>\n<p class=\"ecxMsoNormal\">En total, \u00a0anot\u00f3 la representante de \u00a0los campesinos, \u00a0son 18 municipios los que est\u00e1n amenazados en la \u00a0producci\u00f3n de caf\u00e9, piloncillo, c\u00edtricos, ganader\u00eda y otros productos del campo.<\/p>\n<p class=\"ecxMsoNormal\">Por lo que para\u00a0 evitar que se vean afectados,\u00a0 en conjunto con otras organizaciones \u00a0ya est\u00e1n empezando a tomar medidas para evitar esta afectaci\u00f3n : \u201cahorita ya se est\u00e1n haciendo coordinaciones por zonas en la huasteca, y se van a empezar a tomar medidas legales para tramitar amparos, as\u00ed como tambi\u00e9n se levantar\u00e1n las actas comunitarias de rechazo a estos proyectos, y\u00a0 una vez que termine el proceso electoral se va a buscar a las nuevas autoridades municipales electas para\u00a0 exigir que se haga una reuni\u00f3n de Cabildo y que se pronuncien en contra de estos proyectos en la Huasteca\u201d, dijo Pe\u00f1a Soto.<\/p>\n<p class=\"ecxMsoNormal\">El\u00a0 plan Monterrey VI, \u00a0es una construcci\u00f3n de 372 kil\u00f3metros de longitud y 2.13 metros de di\u00e1metro que se iniciara \u00a0en San Luis Potos\u00ed y cruzar\u00e1 por los estados de \u00a0Veracruz y Tamaulipas para llegar a Nuevo Le\u00f3n, con el objetivo de extraer agua del rio P\u00e1nuco.<\/p>\n<p><a href=\"http:\/\/voxpopulislp.com\/2015\/05\/21\/productores-agropecuarios-de-la-huasteca-se-pronuncian-contra-el-fracking\/\" rel=\"noopener\" target=\"_blank\">http:\/\/voxpopulislp.com\/2015\/05\/21\/productores-agropecuarios-de-la-huasteca-se-pronuncian-contra-el-fracking\/<\/a><\/p>\n","protected":false},"excerpt":{"rendered":"<p>San Luis Potos\u00ed, S. L. P.- Rosa Esther Pe\u00f1a Soto, \u00a0Coordinadora de Organizaciones Campesinas e Ind\u00edgenas de la Huasteca Potosina \u00a0(COCIHP) denunci\u00f3 que en la Huasteca potosina, productores de 18 &hellip; <a href=\"https:\/\/www.grieta.org.mx\/index.php\/2015\/05\/21\/productores-agropecuarios-de-la-huasteca-se-pronuncian-contra-el-fracking\/\" class=\"more-link\">Leer m\u00e1s<\/a><\/p>\n","protected":false},"author":2,"featured_media":24994,"comment_status":"closed","ping_status":"open","sticky":false,"template":"","format":"standard","meta":{"ngg_post_thumbnail":0,"_jetpack_newsletter_access":"","_jetpack_dont_email_post_to_subs":false,"_jetpack_newsletter_tier_id":0,"_jetpack_memberships_contains_paywalled_content":false,"_jetpack_memberships_contains_paid_content":false,"footnotes":""},"categories":[80,396,3,922,945,2,1442,29,141],"tags":[273,1282,1481],"class_list":{"0":"post-8740","1":"post","2":"type-post","3":"status-publish","4":"format-standard","5":"has-post-thumbnail","6":"hentry","7":"category-cintillo","8":"category-fracking","9":"category-megaproyectos","10":"category-megaproyectos-estados","11":"category-mp-san-luis-potosi","12":"category-noticias-nacionales","13":"category-rechazo-al-fracking-en-san-luis-potosi","14":"category-san-luis-potosi","16":"tag-fracking","17":"tag-fractura-hidraulica","18":"tag-huasteca","19":"entry"},"jetpack_featured_media_url":"https:\/\/www.grieta.org.mx\/wp-content\/uploads\/2015\/05\/Productores-agropecuarios-de-la-Huasteca-se-pronuncian-contra-el-fracking.jpg","jetpack_sharing_enabled":true,"jetpack_shortlink":"https:\/\/wp.me\/p7ZJR4-2gY","jetpack_likes_enabled":false,"jetpack-related-posts":[{"id":8732,"url":"https:\/\/www.grieta.org.mx\/index.php\/2016\/09\/10\/rechazo-al-fracking-en-san-luis-potosi\/","url_meta":{"origin":8740,"position":0},"title":"Rechazo al fracking en San Luis Potos\u00ed","author":"grieta","date":"10 septiembre, 2016","format":false,"excerpt":"05\/09\/16. Oposici\u00f3n huasteca a fracking por PemexEl Mexicano 06\/08\/16. Ind\u00edgenas en la Huasteca est\u00e1n alertas: el fracking no tarda en tomar sus patios, tambi\u00e9n su aguaSin Embargo 24\/07\/16. Encuentro contra el fracking en SLPEl Sol de San Luis 15\/07\/16. Definir\u00e1n acciones a emprender contra el fracking en la Huasteca, SLPEl\u2026","rel":"","context":"En &quot;Fracking&quot;","block_context":{"text":"Fracking","link":"https:\/\/www.grieta.org.mx\/index.php\/category\/megaproyectos\/fracking\/"},"img":{"alt_text":"","src":"https:\/\/i0.wp.com\/www.grieta.org.mx\/wp-content\/uploads\/2018\/03\/14524434_1106112876131411_958039263622046936_o.jpg?resize=350%2C200&ssl=1","width":350,"height":200,"srcset":"https:\/\/i0.wp.com\/www.grieta.org.mx\/wp-content\/uploads\/2018\/03\/14524434_1106112876131411_958039263622046936_o.jpg?resize=350%2C200&ssl=1 1x, https:\/\/i0.wp.com\/www.grieta.org.mx\/wp-content\/uploads\/2018\/03\/14524434_1106112876131411_958039263622046936_o.jpg?resize=525%2C300&ssl=1 1.5x, https:\/\/i0.wp.com\/www.grieta.org.mx\/wp-content\/uploads\/2018\/03\/14524434_1106112876131411_958039263622046936_o.jpg?resize=700%2C400&ssl=1 2x"},"classes":[]},{"id":14265,"url":"https:\/\/www.grieta.org.mx\/index.php\/2016\/05\/30\/libre-de-fracking-municipio-de-tanlajas\/","url_meta":{"origin":8740,"position":1},"title":"Libre de fracking: municipio de Tanlaj\u00e1s (San Luis Potos\u00ed)","author":"grieta","date":"30 mayo, 2016","format":false,"excerpt":"Cabildo de Tanlaj\u00e1s aprueba por unanimidad acta de cabildo en rechazo al fracking, al Monterrey VI y otros proyectos extractivos Se suma al municipio de Xilitla: primer municipio de la huasteca potosina en declararse libre de fracking Alianza Mexicana contra el Fracking celebra la declaraci\u00f3n del cabildo El cabildo del\u2026","rel":"","context":"En &quot;CINTILLO&quot;","block_context":{"text":"CINTILLO","link":"https:\/\/www.grieta.org.mx\/index.php\/category\/cintillo\/"},"img":{"alt_text":"","src":"https:\/\/i0.wp.com\/www.grieta.org.mx\/wp-content\/uploads\/2018\/03\/14524434_1106112876131411_958039263622046936_o.jpg?resize=350%2C200&ssl=1","width":350,"height":200,"srcset":"https:\/\/i0.wp.com\/www.grieta.org.mx\/wp-content\/uploads\/2018\/03\/14524434_1106112876131411_958039263622046936_o.jpg?resize=350%2C200&ssl=1 1x, https:\/\/i0.wp.com\/www.grieta.org.mx\/wp-content\/uploads\/2018\/03\/14524434_1106112876131411_958039263622046936_o.jpg?resize=525%2C300&ssl=1 1.5x, https:\/\/i0.wp.com\/www.grieta.org.mx\/wp-content\/uploads\/2018\/03\/14524434_1106112876131411_958039263622046936_o.jpg?resize=700%2C400&ssl=1 2x"},"classes":[]},{"id":25212,"url":"https:\/\/www.grieta.org.mx\/index.php\/2018\/07\/31\/mas-de-2-mil-500-personas-en-la-marcha-contra-el-fracking-san-luis-potosi\/","url_meta":{"origin":8740,"position":2},"title":"M\u00e1s de 2 mil 500 personas en la marcha contra el \u201cFracking\u201d (San Luis Potos\u00ed)","author":"grieta","date":"31 julio, 2018","format":false,"excerpt":"Georgina Jaramillo \/ Zunoticia Anuncian un segundo encuentro el pr\u00f3ximo martes en el municipio de San Antonio Xilitla, S.L.P.- M\u00e1s de 2 mil quinientas personas de distintas comunidades ind\u00edgenas que conforman varios municipios de la Huasteca, participaron en la marcha en la localidad del Barranc\u00f3n Municipio de Tanlaj\u00e1s, para continuar\u2026","rel":"","context":"En &quot;CINTILLO&quot;","block_context":{"text":"CINTILLO","link":"https:\/\/www.grieta.org.mx\/index.php\/category\/cintillo\/"},"img":{"alt_text":"","src":"https:\/\/i0.wp.com\/www.grieta.org.mx\/wp-content\/uploads\/2018\/07\/M%C3%A1s-de-2-mil-500-personas-en-la-marcha-contra-el-%E2%80%9CFracking%E2%80%9D-%E2%80%93-Zunoticia.jpg?resize=350%2C200&ssl=1","width":350,"height":200,"srcset":"https:\/\/i0.wp.com\/www.grieta.org.mx\/wp-content\/uploads\/2018\/07\/M%C3%A1s-de-2-mil-500-personas-en-la-marcha-contra-el-%E2%80%9CFracking%E2%80%9D-%E2%80%93-Zunoticia.jpg?resize=350%2C200&ssl=1 1x, https:\/\/i0.wp.com\/www.grieta.org.mx\/wp-content\/uploads\/2018\/07\/M%C3%A1s-de-2-mil-500-personas-en-la-marcha-contra-el-%E2%80%9CFracking%E2%80%9D-%E2%80%93-Zunoticia.jpg?resize=525%2C300&ssl=1 1.5x"},"classes":[]},{"id":17610,"url":"https:\/\/www.grieta.org.mx\/index.php\/2016\/07\/15\/definiran-acciones-a-emprender-contra-el-fracking-en-la-huasteca-slp\/","url_meta":{"origin":8740,"position":3},"title":"Definir\u00e1n acciones a emprender contra el fracking en la Huasteca (San Luis Potos\u00ed)","author":"grieta","date":"15 julio, 2016","format":false,"excerpt":"Jos\u00e9 Luis Mart\u00ednez Castro \/ El Sol de San Luis Xilitla, San Luis Potos\u00ed.- Para analizar la situaci\u00f3n de la lucha y movimientos realizados en los Estados amenazados por los gasoductos, hidroel\u00e9ctricas, termoel\u00e9ctricas, trasvase de agua (acueducto Monterrey VI) y la t\u00e9cnica de la fractura hidr\u00e1ulica para la extracci\u00f3n de\u2026","rel":"","context":"En &quot;CINTILLO&quot;","block_context":{"text":"CINTILLO","link":"https:\/\/www.grieta.org.mx\/index.php\/category\/cintillo\/"},"img":{"alt_text":"","src":"https:\/\/i0.wp.com\/www.grieta.org.mx\/wp-content\/uploads\/2018\/03\/14524434_1106112876131411_958039263622046936_o.jpg?resize=350%2C200&ssl=1","width":350,"height":200,"srcset":"https:\/\/i0.wp.com\/www.grieta.org.mx\/wp-content\/uploads\/2018\/03\/14524434_1106112876131411_958039263622046936_o.jpg?resize=350%2C200&ssl=1 1x, https:\/\/i0.wp.com\/www.grieta.org.mx\/wp-content\/uploads\/2018\/03\/14524434_1106112876131411_958039263622046936_o.jpg?resize=525%2C300&ssl=1 1.5x, https:\/\/i0.wp.com\/www.grieta.org.mx\/wp-content\/uploads\/2018\/03\/14524434_1106112876131411_958039263622046936_o.jpg?resize=700%2C400&ssl=1 2x"},"classes":[]},{"id":17607,"url":"https:\/\/www.grieta.org.mx\/index.php\/2016\/07\/24\/encuentro-contra-el-fracking-en-slp\/","url_meta":{"origin":8740,"position":4},"title":"Encuentro contra el fracking en SLP","author":"grieta","date":"24 julio, 2016","format":false,"excerpt":"Jos\u00e9 Luis Mart\u00ednez Castro \/ El Sol de San Luis Xilitla, San Luis Potos\u00ed.- El Segundo Encuentro Internacional Contra el Fracking y para la defensa del agua inici\u00f3 el viernes, participaron ponentes de la Uni\u00f3n Americana, de Alemania y de nueve Estados de la Rep\u00fablica Mexicana, quienes se pronunciaron por\u2026","rel":"","context":"En &quot;CINTILLO&quot;","block_context":{"text":"CINTILLO","link":"https:\/\/www.grieta.org.mx\/index.php\/category\/cintillo\/"},"img":{"alt_text":"","src":"https:\/\/i0.wp.com\/www.grieta.org.mx\/wp-content\/uploads\/2018\/03\/14524434_1106112876131411_958039263622046936_o.jpg?resize=350%2C200&ssl=1","width":350,"height":200,"srcset":"https:\/\/i0.wp.com\/www.grieta.org.mx\/wp-content\/uploads\/2018\/03\/14524434_1106112876131411_958039263622046936_o.jpg?resize=350%2C200&ssl=1 1x, https:\/\/i0.wp.com\/www.grieta.org.mx\/wp-content\/uploads\/2018\/03\/14524434_1106112876131411_958039263622046936_o.jpg?resize=525%2C300&ssl=1 1.5x, https:\/\/i0.wp.com\/www.grieta.org.mx\/wp-content\/uploads\/2018\/03\/14524434_1106112876131411_958039263622046936_o.jpg?resize=700%2C400&ssl=1 2x"},"classes":[]},{"id":25215,"url":"https:\/\/www.grieta.org.mx\/index.php\/2018\/07\/31\/convertiremos-la-huasteca-en-un-infierno-de-lucha-contra-el-fracking-mhd-san-luis-potosi\/","url_meta":{"origin":8740,"position":5},"title":"Convertiremos la Huasteca en un infierno de lucha contra el &#8220;fracking&#8221;: MHD (San Luis Potos\u00ed)","author":"grieta","date":"31 julio, 2018","format":false,"excerpt":"Jos\u00e9 Luis Mart\u00ednez Castro \/ El Sol de San Luis Poco m\u00e1s de un centenar de campesinos cerraron la carretera Valles-Tampico Movilizaciones y otras acciones son las que realizar\u00e1 el MHD si llegan a utilizar el fracking en la Huasteca, adem\u00e1s que exigen cancelar las rondas de licitaciones para la\u2026","rel":"","context":"En &quot;CINTILLO&quot;","block_context":{"text":"CINTILLO","link":"https:\/\/www.grieta.org.mx\/index.php\/category\/cintillo\/"},"img":{"alt_text":"","src":"https:\/\/i0.wp.com\/www.grieta.org.mx\/wp-content\/uploads\/2018\/07\/Convertiremos-la-Huasteca-en-un-infierno-de-lucha-contra-el.jpg?resize=350%2C200&ssl=1","width":350,"height":200,"srcset":"https:\/\/i0.wp.com\/www.grieta.org.mx\/wp-content\/uploads\/2018\/07\/Convertiremos-la-Huasteca-en-un-infierno-de-lucha-contra-el.jpg?resize=350%2C200&ssl=1 1x, https:\/\/i0.wp.com\/www.grieta.org.mx\/wp-content\/uploads\/2018\/07\/Convertiremos-la-Huasteca-en-un-infierno-de-lucha-contra-el.jpg?resize=525%2C300&ssl=1 1.5x, https:\/\/i0.wp.com\/www.grieta.org.mx\/wp-content\/uploads\/2018\/07\/Convertiremos-la-Huasteca-en-un-infierno-de-lucha-contra-el.jpg?resize=700%2C400&ssl=1 2x"},"classes":[]}],"_links":{"self":[{"href":"https:\/\/www.grieta.org.mx\/index.php\/wp-json\/wp\/v2\/posts\/8740","targetHints":{"allow":["GET"]}}],"collection":[{"href":"https:\/\/www.grieta.org.mx\/index.php\/wp-json\/wp\/v2\/posts"}],"about":[{"href":"https:\/\/www.grieta.org.mx\/index.php\/wp-json\/wp\/v2\/types\/post"}],"author":[{"embeddable":true,"href":"https:\/\/www.grieta.org.mx\/index.php\/wp-json\/wp\/v2\/users\/2"}],"replies":[{"embeddable":true,"href":"https:\/\/www.grieta.org.mx\/index.php\/wp-json\/wp\/v2\/comments?post=8740"}],"version-history":[{"count":1,"href":"https:\/\/www.grieta.org.mx\/index.php\/wp-json\/wp\/v2\/posts\/8740\/revisions"}],"predecessor-version":[{"id":24995,"href":"https:\/\/www.grieta.org.mx\/index.php\/wp-json\/wp\/v2\/posts\/8740\/revisions\/24995"}],"wp:featuredmedia":[{"embeddable":true,"href":"https:\/\/www.grieta.org.mx\/index.php\/wp-json\/wp\/v2\/media\/24994"}],"wp:attachment":[{"href":"https:\/\/www.grieta.org.mx\/index.php\/wp-json\/wp\/v2\/media?parent=8740"}],"wp:term":[{"taxonomy":"category","embeddable":true,"href":"https:\/\/www.grieta.org.mx\/index.php\/wp-json\/wp\/v2\/categories?post=8740"},{"taxonomy":"post_tag","embeddable":true,"href":"https:\/\/www.grieta.org.mx\/index.php\/wp-json\/wp\/v2\/tags?post=8740"}],"curies":[{"name":"wp","href":"https:\/\/api.w.org\/{rel}","templated":true}]}}