{"id":8735,"date":"2016-01-26T01:47:23","date_gmt":"2016-01-26T01:47:23","guid":{"rendered":"http:\/\/50.22.11.12\/~grietaor\/?p=8735"},"modified":"2018-07-20T01:38:12","modified_gmt":"2018-07-20T06:38:12","slug":"crearan-barricadas-contra-empresas-depredadoras","status":"publish","type":"post","link":"https:\/\/www.grieta.org.mx\/index.php\/2016\/01\/26\/crearan-barricadas-contra-empresas-depredadoras\/","title":{"rendered":"Crear\u00e1n barricadas contra empresas \u201cdepredadoras\u201d (San Luis Potos\u00ed)"},"content":{"rendered":"<p>Jos\u00e9 Luis Mart\u00ednez Castro \/ El Sol de San Luis<\/p>\n<p>Ciudad Valles, San Luis Potos\u00ed.- Los acuerdos establecidos en el foro llamado \u201cEn defensa del territorio del agua, tierra y vida\u201d que imparti\u00f3 Francisco Graviotto, de la Alianza Nacional contra el Fracking, que recorri\u00f3 varias comunidades y dio a conocer a las autoridades ejidales y comunitarias, organizaciones y poblaci\u00f3n civil acciones que se llevar\u00e1n a cabo para evitar la fractura hidr\u00e1ulica.<\/p>\n<p>Para que no sean sorprendidos por gentes de instituciones federales y de empresas \u201cdepredadoras\u201d, las comunidades ind\u00edgenas instrumentar\u00e1n medidas de vigilancia para protecci\u00f3n, porque se encuentran vulnerables por la aplicaci\u00f3n del fracking (fractura hidr\u00e1ulica), as\u00ed como otros tipos de proyectos autorizados por la federaci\u00f3n que devastar\u00e1n el medio ambiente. La finalidad de instrumentar medidas de protecci\u00f3n comunitaria tiene como objetivo evitar ser sorprendidos por personal de instituciones federales que llegar\u00e1n para convencerlos y que faciliten el uso de las tierras ejidales, comunales o peque\u00f1as propiedades para la perforaci\u00f3n de pozos y de forma enga\u00f1osa les ofrezcan supuestos bienes a cambio de los permisos.<\/p>\n<p>Incluso de cada acci\u00f3n a emprender para evitar la fractura hidr\u00e1ulica, se har\u00e1 del conocimiento de las autoridades municipales con la finalidad de tratar lo relacionado a los da\u00f1os que puedan ocasionar las empresas de hidrocarburos al medio ambiente y al futuro de las propias comunidades ind\u00edgenas, adem\u00e1s lograr que el Gobierno Municipal de Xilitla tome un punto de acuerdo y prohibir la entrada de empresas depredadoras por el da\u00f1o que causar\u00e1n a los recursos naturales.<\/p>\n<p>Aunque los diputados locales conocen esta situaci\u00f3n, una vez m\u00e1s se les expondr\u00e1 este grave problema para que tomen medidas pertinentes y determinen realizar consultas a las comunidades ind\u00edgenas antes de autorizar la utilizaci\u00f3n de la fractura hidr\u00e1ulica para la extracci\u00f3n de hidrocarburos en la regi\u00f3n y que no lleguen a las comunidades con lo cual se evitar\u00e1 un conflicto social, porque grupos de ind\u00edgenas est\u00e1n dispuestos a defender sus tierras.<\/p>\n<p>Esto es un acuerdo tomado por autoridades comunitarias de Xilitla y otros municipios de la Huasteca, resultado del Foro donde se dieron a conocer las medidas de vigilancia que se implementar\u00e1n para evitar la incursi\u00f3n de instituciones federales y empresas que se encargar\u00e1n de la extracci\u00f3n de petr\u00f3leo y gas en tierras ejidales de la regi\u00f3n.<\/p>\n<p><a href=\"http:\/\/www.oem.com.mx\/elsoldesanluis\/notas\/n4063389.htm\">www.oem.com.mx\/elsoldesanluis\/notas\/n4063389.htm<\/a><\/p>\n","protected":false},"excerpt":{"rendered":"<p>Jos\u00e9 Luis Mart\u00ednez Castro \/ El Sol de San Luis Ciudad Valles, San Luis Potos\u00ed.- Los acuerdos establecidos en el foro llamado \u201cEn defensa del territorio del agua, tierra y &hellip; <a href=\"https:\/\/www.grieta.org.mx\/index.php\/2016\/01\/26\/crearan-barricadas-contra-empresas-depredadoras\/\" class=\"more-link\">Leer m\u00e1s<\/a><\/p>\n","protected":false},"author":2,"featured_media":21928,"comment_status":"closed","ping_status":"open","sticky":false,"template":"","format":"standard","meta":{"ngg_post_thumbnail":0,"_jetpack_newsletter_access":"","_jetpack_dont_email_post_to_subs":false,"_jetpack_newsletter_tier_id":0,"_jetpack_memberships_contains_paywalled_content":false,"_jetpack_memberships_contains_paid_content":false,"footnotes":""},"categories":[80,396,3,922,945,2,1442,29,141],"tags":[273,1282,266,1518],"class_list":{"0":"post-8735","1":"post","2":"type-post","3":"status-publish","4":"format-standard","5":"has-post-thumbnail","6":"hentry","7":"category-cintillo","8":"category-fracking","9":"category-megaproyectos","10":"category-megaproyectos-estados","11":"category-mp-san-luis-potosi","12":"category-noticias-nacionales","13":"category-rechazo-al-fracking-en-san-luis-potosi","14":"category-san-luis-potosi","16":"tag-fracking","17":"tag-fractura-hidraulica","18":"tag-gas-shale","19":"tag-xilitla","20":"entry"},"jetpack_featured_media_url":"https:\/\/www.grieta.org.mx\/wp-content\/uploads\/2018\/03\/14524434_1106112876131411_958039263622046936_o.jpg","jetpack_sharing_enabled":true,"jetpack_shortlink":"https:\/\/wp.me\/p7ZJR4-2gT","jetpack_likes_enabled":false,"jetpack-related-posts":[{"id":17610,"url":"https:\/\/www.grieta.org.mx\/index.php\/2016\/07\/15\/definiran-acciones-a-emprender-contra-el-fracking-en-la-huasteca-slp\/","url_meta":{"origin":8735,"position":0},"title":"Definir\u00e1n acciones a emprender contra el fracking en la Huasteca (San Luis Potos\u00ed)","author":"grieta","date":"15 julio, 2016","format":false,"excerpt":"Jos\u00e9 Luis Mart\u00ednez Castro \/ El Sol de San Luis Xilitla, San Luis Potos\u00ed.- Para analizar la situaci\u00f3n de la lucha y movimientos realizados en los Estados amenazados por los gasoductos, hidroel\u00e9ctricas, termoel\u00e9ctricas, trasvase de agua (acueducto Monterrey VI) y la t\u00e9cnica de la fractura hidr\u00e1ulica para la extracci\u00f3n de\u2026","rel":"","context":"En &quot;CINTILLO&quot;","block_context":{"text":"CINTILLO","link":"https:\/\/www.grieta.org.mx\/index.php\/category\/cintillo\/"},"img":{"alt_text":"","src":"https:\/\/i0.wp.com\/www.grieta.org.mx\/wp-content\/uploads\/2018\/03\/14524434_1106112876131411_958039263622046936_o.jpg?resize=350%2C200&ssl=1","width":350,"height":200,"srcset":"https:\/\/i0.wp.com\/www.grieta.org.mx\/wp-content\/uploads\/2018\/03\/14524434_1106112876131411_958039263622046936_o.jpg?resize=350%2C200&ssl=1 1x, https:\/\/i0.wp.com\/www.grieta.org.mx\/wp-content\/uploads\/2018\/03\/14524434_1106112876131411_958039263622046936_o.jpg?resize=525%2C300&ssl=1 1.5x, https:\/\/i0.wp.com\/www.grieta.org.mx\/wp-content\/uploads\/2018\/03\/14524434_1106112876131411_958039263622046936_o.jpg?resize=700%2C400&ssl=1 2x"},"classes":[]},{"id":8732,"url":"https:\/\/www.grieta.org.mx\/index.php\/2016\/09\/10\/rechazo-al-fracking-en-san-luis-potosi\/","url_meta":{"origin":8735,"position":1},"title":"Rechazo al fracking en San Luis Potos\u00ed","author":"grieta","date":"10 septiembre, 2016","format":false,"excerpt":"05\/09\/16. Oposici\u00f3n huasteca a fracking por PemexEl Mexicano 06\/08\/16. Ind\u00edgenas en la Huasteca est\u00e1n alertas: el fracking no tarda en tomar sus patios, tambi\u00e9n su aguaSin Embargo 24\/07\/16. Encuentro contra el fracking en SLPEl Sol de San Luis 15\/07\/16. Definir\u00e1n acciones a emprender contra el fracking en la Huasteca, SLPEl\u2026","rel":"","context":"En &quot;Fracking&quot;","block_context":{"text":"Fracking","link":"https:\/\/www.grieta.org.mx\/index.php\/category\/megaproyectos\/fracking\/"},"img":{"alt_text":"","src":"https:\/\/i0.wp.com\/www.grieta.org.mx\/wp-content\/uploads\/2018\/03\/14524434_1106112876131411_958039263622046936_o.jpg?resize=350%2C200&ssl=1","width":350,"height":200,"srcset":"https:\/\/i0.wp.com\/www.grieta.org.mx\/wp-content\/uploads\/2018\/03\/14524434_1106112876131411_958039263622046936_o.jpg?resize=350%2C200&ssl=1 1x, https:\/\/i0.wp.com\/www.grieta.org.mx\/wp-content\/uploads\/2018\/03\/14524434_1106112876131411_958039263622046936_o.jpg?resize=525%2C300&ssl=1 1.5x, https:\/\/i0.wp.com\/www.grieta.org.mx\/wp-content\/uploads\/2018\/03\/14524434_1106112876131411_958039263622046936_o.jpg?resize=700%2C400&ssl=1 2x"},"classes":[]},{"id":25548,"url":"https:\/\/www.grieta.org.mx\/index.php\/2018\/08\/15\/huasteca-contra-el-fracking-cerraran-paso-a-pemex-san-luis-potosi\/","url_meta":{"origin":8735,"position":2},"title":"Huasteca contra el fracking, cerrar\u00e1n paso a Pemex (San Luis Potos\u00ed)","author":"grieta","date":"15 agosto, 2018","format":false,"excerpt":"Jos\u00e9 Luis Mart\u00ednez Castro \/ El Sol de San Luis \"Huastecos defender\u00e1n los pozos que Pemex quiere explotar\" \"En la zona Tenek se impedir\u00e1 llegue el \u201cfracking\u201d, incluso si es necesario se recurrir\u00e1 al amparo de la justicia federal, ya que esta practica devastara los recursos naturales y contaminara el\u2026","rel":"","context":"En &quot;CINTILLO&quot;","block_context":{"text":"CINTILLO","link":"https:\/\/www.grieta.org.mx\/index.php\/category\/cintillo\/"},"img":{"alt_text":"","src":"https:\/\/i0.wp.com\/www.grieta.org.mx\/wp-content\/uploads\/2018\/08\/Huasteca-contra-el-fracking-cerrar%C3%A1n-paso-a-Pemex.jpg?resize=350%2C200&ssl=1","width":350,"height":200,"srcset":"https:\/\/i0.wp.com\/www.grieta.org.mx\/wp-content\/uploads\/2018\/08\/Huasteca-contra-el-fracking-cerrar%C3%A1n-paso-a-Pemex.jpg?resize=350%2C200&ssl=1 1x, https:\/\/i0.wp.com\/www.grieta.org.mx\/wp-content\/uploads\/2018\/08\/Huasteca-contra-el-fracking-cerrar%C3%A1n-paso-a-Pemex.jpg?resize=525%2C300&ssl=1 1.5x, https:\/\/i0.wp.com\/www.grieta.org.mx\/wp-content\/uploads\/2018\/08\/Huasteca-contra-el-fracking-cerrar%C3%A1n-paso-a-Pemex.jpg?resize=700%2C400&ssl=1 2x"},"classes":[]},{"id":8740,"url":"https:\/\/www.grieta.org.mx\/index.php\/2015\/05\/21\/productores-agropecuarios-de-la-huasteca-se-pronuncian-contra-el-fracking\/","url_meta":{"origin":8735,"position":3},"title":"Productores agropecuarios de la Huasteca se pronuncian contra el fracking (San Luis Potos\u00ed)","author":"grieta","date":"21 mayo, 2015","format":false,"excerpt":"San Luis Potos\u00ed, S. L. P.- Rosa Esther Pe\u00f1a Soto, \u00a0Coordinadora de Organizaciones Campesinas e Ind\u00edgenas de la Huasteca Potosina \u00a0(COCIHP) denunci\u00f3 que en la Huasteca potosina, productores de 18 municipios podr\u00e1n verse afectados por el fracking y el plan Monterrey VI. Pe\u00f1a Soto detallo que cafetaleros, productores de piloncillo,\u2026","rel":"","context":"En &quot;CINTILLO&quot;","block_context":{"text":"CINTILLO","link":"https:\/\/www.grieta.org.mx\/index.php\/category\/cintillo\/"},"img":{"alt_text":"","src":"https:\/\/i0.wp.com\/www.grieta.org.mx\/wp-content\/uploads\/2015\/05\/Productores-agropecuarios-de-la-Huasteca-se-pronuncian-contra-el-fracking.jpg?resize=350%2C200&ssl=1","width":350,"height":200,"srcset":"https:\/\/i0.wp.com\/www.grieta.org.mx\/wp-content\/uploads\/2015\/05\/Productores-agropecuarios-de-la-Huasteca-se-pronuncian-contra-el-fracking.jpg?resize=350%2C200&ssl=1 1x, https:\/\/i0.wp.com\/www.grieta.org.mx\/wp-content\/uploads\/2015\/05\/Productores-agropecuarios-de-la-Huasteca-se-pronuncian-contra-el-fracking.jpg?resize=525%2C300&ssl=1 1.5x, https:\/\/i0.wp.com\/www.grieta.org.mx\/wp-content\/uploads\/2015\/05\/Productores-agropecuarios-de-la-Huasteca-se-pronuncian-contra-el-fracking.jpg?resize=700%2C400&ssl=1 2x, https:\/\/i0.wp.com\/www.grieta.org.mx\/wp-content\/uploads\/2015\/05\/Productores-agropecuarios-de-la-Huasteca-se-pronuncian-contra-el-fracking.jpg?resize=1050%2C600&ssl=1 3x, https:\/\/i0.wp.com\/www.grieta.org.mx\/wp-content\/uploads\/2015\/05\/Productores-agropecuarios-de-la-Huasteca-se-pronuncian-contra-el-fracking.jpg?resize=1400%2C800&ssl=1 4x"},"classes":[]},{"id":25215,"url":"https:\/\/www.grieta.org.mx\/index.php\/2018\/07\/31\/convertiremos-la-huasteca-en-un-infierno-de-lucha-contra-el-fracking-mhd-san-luis-potosi\/","url_meta":{"origin":8735,"position":4},"title":"Convertiremos la Huasteca en un infierno de lucha contra el &#8220;fracking&#8221;: MHD (San Luis Potos\u00ed)","author":"grieta","date":"31 julio, 2018","format":false,"excerpt":"Jos\u00e9 Luis Mart\u00ednez Castro \/ El Sol de San Luis Poco m\u00e1s de un centenar de campesinos cerraron la carretera Valles-Tampico Movilizaciones y otras acciones son las que realizar\u00e1 el MHD si llegan a utilizar el fracking en la Huasteca, adem\u00e1s que exigen cancelar las rondas de licitaciones para la\u2026","rel":"","context":"En &quot;CINTILLO&quot;","block_context":{"text":"CINTILLO","link":"https:\/\/www.grieta.org.mx\/index.php\/category\/cintillo\/"},"img":{"alt_text":"","src":"https:\/\/i0.wp.com\/www.grieta.org.mx\/wp-content\/uploads\/2018\/07\/Convertiremos-la-Huasteca-en-un-infierno-de-lucha-contra-el.jpg?resize=350%2C200&ssl=1","width":350,"height":200,"srcset":"https:\/\/i0.wp.com\/www.grieta.org.mx\/wp-content\/uploads\/2018\/07\/Convertiremos-la-Huasteca-en-un-infierno-de-lucha-contra-el.jpg?resize=350%2C200&ssl=1 1x, https:\/\/i0.wp.com\/www.grieta.org.mx\/wp-content\/uploads\/2018\/07\/Convertiremos-la-Huasteca-en-un-infierno-de-lucha-contra-el.jpg?resize=525%2C300&ssl=1 1.5x, https:\/\/i0.wp.com\/www.grieta.org.mx\/wp-content\/uploads\/2018\/07\/Convertiremos-la-Huasteca-en-un-infierno-de-lucha-contra-el.jpg?resize=700%2C400&ssl=1 2x"},"classes":[]},{"id":25212,"url":"https:\/\/www.grieta.org.mx\/index.php\/2018\/07\/31\/mas-de-2-mil-500-personas-en-la-marcha-contra-el-fracking-san-luis-potosi\/","url_meta":{"origin":8735,"position":5},"title":"M\u00e1s de 2 mil 500 personas en la marcha contra el \u201cFracking\u201d (San Luis Potos\u00ed)","author":"grieta","date":"31 julio, 2018","format":false,"excerpt":"Georgina Jaramillo \/ Zunoticia Anuncian un segundo encuentro el pr\u00f3ximo martes en el municipio de San Antonio Xilitla, S.L.P.- M\u00e1s de 2 mil quinientas personas de distintas comunidades ind\u00edgenas que conforman varios municipios de la Huasteca, participaron en la marcha en la localidad del Barranc\u00f3n Municipio de Tanlaj\u00e1s, para continuar\u2026","rel":"","context":"En &quot;CINTILLO&quot;","block_context":{"text":"CINTILLO","link":"https:\/\/www.grieta.org.mx\/index.php\/category\/cintillo\/"},"img":{"alt_text":"","src":"https:\/\/i0.wp.com\/www.grieta.org.mx\/wp-content\/uploads\/2018\/07\/M%C3%A1s-de-2-mil-500-personas-en-la-marcha-contra-el-%E2%80%9CFracking%E2%80%9D-%E2%80%93-Zunoticia.jpg?resize=350%2C200&ssl=1","width":350,"height":200,"srcset":"https:\/\/i0.wp.com\/www.grieta.org.mx\/wp-content\/uploads\/2018\/07\/M%C3%A1s-de-2-mil-500-personas-en-la-marcha-contra-el-%E2%80%9CFracking%E2%80%9D-%E2%80%93-Zunoticia.jpg?resize=350%2C200&ssl=1 1x, https:\/\/i0.wp.com\/www.grieta.org.mx\/wp-content\/uploads\/2018\/07\/M%C3%A1s-de-2-mil-500-personas-en-la-marcha-contra-el-%E2%80%9CFracking%E2%80%9D-%E2%80%93-Zunoticia.jpg?resize=525%2C300&ssl=1 1.5x"},"classes":[]}],"_links":{"self":[{"href":"https:\/\/www.grieta.org.mx\/index.php\/wp-json\/wp\/v2\/posts\/8735","targetHints":{"allow":["GET"]}}],"collection":[{"href":"https:\/\/www.grieta.org.mx\/index.php\/wp-json\/wp\/v2\/posts"}],"about":[{"href":"https:\/\/www.grieta.org.mx\/index.php\/wp-json\/wp\/v2\/types\/post"}],"author":[{"embeddable":true,"href":"https:\/\/www.grieta.org.mx\/index.php\/wp-json\/wp\/v2\/users\/2"}],"replies":[{"embeddable":true,"href":"https:\/\/www.grieta.org.mx\/index.php\/wp-json\/wp\/v2\/comments?post=8735"}],"version-history":[{"count":1,"href":"https:\/\/www.grieta.org.mx\/index.php\/wp-json\/wp\/v2\/posts\/8735\/revisions"}],"predecessor-version":[{"id":24992,"href":"https:\/\/www.grieta.org.mx\/index.php\/wp-json\/wp\/v2\/posts\/8735\/revisions\/24992"}],"wp:featuredmedia":[{"embeddable":true,"href":"https:\/\/www.grieta.org.mx\/index.php\/wp-json\/wp\/v2\/media\/21928"}],"wp:attachment":[{"href":"https:\/\/www.grieta.org.mx\/index.php\/wp-json\/wp\/v2\/media?parent=8735"}],"wp:term":[{"taxonomy":"category","embeddable":true,"href":"https:\/\/www.grieta.org.mx\/index.php\/wp-json\/wp\/v2\/categories?post=8735"},{"taxonomy":"post_tag","embeddable":true,"href":"https:\/\/www.grieta.org.mx\/index.php\/wp-json\/wp\/v2\/tags?post=8735"}],"curies":[{"name":"wp","href":"https:\/\/api.w.org\/{rel}","templated":true}]}}