{"id":8702,"date":"2016-02-29T01:12:11","date_gmt":"2016-02-29T01:12:11","guid":{"rendered":"http:\/\/50.22.11.12\/~grietaor\/?p=8702"},"modified":"2016-03-31T01:41:39","modified_gmt":"2016-03-31T01:41:39","slug":"minera-san-xavier-y-la-devastacion-ambiental-por-la-mineria-a-cielo-abierto-en-cerro-de-san-pedro","status":"publish","type":"post","link":"https:\/\/www.grieta.org.mx\/index.php\/2016\/02\/29\/minera-san-xavier-y-la-devastacion-ambiental-por-la-mineria-a-cielo-abierto-en-cerro-de-san-pedro\/","title":{"rendered":"Conflictos mineros en SLP"},"content":{"rendered":"<p><strong>29\/02\/16. <\/strong><a href=\"http:\/\/grieta.org.mx\/index.php\/2016\/02\/29\/minera-san-xavier-no-piensa-irse-aun-de-cerro-de-san-pedro\/\">\u201cMinera San Xavier no piensa irse a\u00fan de Cerro de San Pedro\u201d<\/a><br \/>\n<em>La Jornada San Luis<\/em><\/p>\n<p><strong>20\/07\/15. <\/strong><a href=\"http:\/\/grieta.org.mx\/index.php\/2015\/07\/20\/lucha-mundial-contra-la-megamineria-toxica\/\">Lucha mundial contra la megaminer\u00eda t\u00f3xica<\/a><br \/>\n<em>Proceso<\/em><\/p>\n<p><strong>04\/06\/15. <\/strong><a href=\"http:\/\/grieta.org.mx\/index.php\/2015\/06\/04\/confirman-casos-de-ninos-con-plomo-y-dificultad-para-generar-globulos-rojos-en-area-de-minera-san-xavier\/\">Confirman casos de ni\u00f1os con plomo y dificultad para generar gl\u00f3bulos rojos en \u00e1rea de Minera San Xavier<\/a><br  \/><em>Pulso SLP<\/em><br  \/><\/p>\n","protected":false},"excerpt":{"rendered":"<p>29\/02\/16. \u201cMinera San Xavier no piensa irse a\u00fan de Cerro de San Pedro\u201d La Jornada San Luis 20\/07\/15. Lucha mundial contra la megaminer\u00eda t\u00f3xica Proceso 04\/06\/15. Confirman casos de ni\u00f1os &hellip; <a href=\"https:\/\/www.grieta.org.mx\/index.php\/2016\/02\/29\/minera-san-xavier-y-la-devastacion-ambiental-por-la-mineria-a-cielo-abierto-en-cerro-de-san-pedro\/\" class=\"more-link\">Leer m\u00e1s<\/a><\/p>\n","protected":false},"author":2,"featured_media":21928,"comment_status":"closed","ping_status":"open","sticky":false,"template":"","format":"standard","meta":{"ngg_post_thumbnail":0,"_jetpack_newsletter_access":"","_jetpack_dont_email_post_to_subs":false,"_jetpack_newsletter_tier_id":0,"_jetpack_memberships_contains_paywalled_content":false,"_jetpack_memberships_contains_paid_content":false,"footnotes":""},"categories":[6,29],"tags":[],"class_list":["post-8702","post","type-post","status-publish","format-standard","has-post-thumbnail","hentry","category-mineria","category-san-luis-potosi","entry"],"jetpack_featured_media_url":"https:\/\/www.grieta.org.mx\/wp-content\/uploads\/2018\/03\/14524434_1106112876131411_958039263622046936_o.jpg","jetpack_sharing_enabled":true,"jetpack_shortlink":"https:\/\/wp.me\/p7ZJR4-2gm","jetpack_likes_enabled":false,"jetpack-related-posts":[{"id":35773,"url":"https:\/\/www.grieta.org.mx\/index.php\/2019\/06\/29\/miles-de-desechos-dejo-minera-san-xavier-en-tiradero-clandestino-san-luis-potosi\/","url_meta":{"origin":8702,"position":0},"title":"Miles de desechos dej\u00f3 Minera San Xavier en tiradero clandestino (San Luis Potos\u00ed)","author":"grieta","date":"29 junio, 2019","format":false,"excerpt":"Fotograf\u00eda: El Heraldo SLP El Heraldo SLP Utiliz\u00f3 cien hect\u00e1reas del Ejido Palma de la Cruz No ten\u00eda autorizaciones ambientales: Covarrubias R. El asesor jur\u00eddico Carlos Covarrubias Rend\u00f3n, inform\u00f3 que en cerca de cien hect\u00e1reas ubicadas en el Ejido Palma de la Cruz la Minera San Xavier (MSX) dej\u00f3 un\u2026","rel":"","context":"En &quot;CINTILLO&quot;","block_context":{"text":"CINTILLO","link":"https:\/\/www.grieta.org.mx\/index.php\/category\/cintillo\/"},"img":{"alt_text":"","src":"https:\/\/i0.wp.com\/www.grieta.org.mx\/wp-content\/uploads\/2019\/07\/Miles-de-desechos-dej%C3%B3-Minera-San-Xavier-en-tiradero-clandestino-slp-jul-268x300.jpg?resize=350%2C200","width":350,"height":200,"srcset":"https:\/\/i0.wp.com\/www.grieta.org.mx\/wp-content\/uploads\/2019\/07\/Miles-de-desechos-dej%C3%B3-Minera-San-Xavier-en-tiradero-clandestino-slp-jul-268x300.jpg?resize=350%2C200 1x, https:\/\/i0.wp.com\/www.grieta.org.mx\/wp-content\/uploads\/2019\/07\/Miles-de-desechos-dej%C3%B3-Minera-San-Xavier-en-tiradero-clandestino-slp-jul-268x300.jpg?resize=525%2C300 1.5x, https:\/\/i0.wp.com\/www.grieta.org.mx\/wp-content\/uploads\/2019\/07\/Miles-de-desechos-dej%C3%B3-Minera-San-Xavier-en-tiradero-clandestino-slp-jul-268x300.jpg?resize=700%2C400 2x"},"classes":[]},{"id":35761,"url":"https:\/\/www.grieta.org.mx\/index.php\/2019\/07\/02\/la-minera-san-xavier-se-deshace-de-cerca-de-200-millones-de-toneladas-de-material-sulfuroso-dejando-toda-la-responsabilidad-a-los-ejidatarios-san-luis-potosi\/","url_meta":{"origin":8702,"position":1},"title":"La Minera San Xavier se deshace de cerca de 200 millones de toneladas de material sulfuroso dejando toda la responsabilidad a los ejidatarios (San Luis Potos\u00ed)","author":"grieta","date":"2 julio, 2019","format":false,"excerpt":"Fotograf\u00eda: El Heraldo SLP El Heraldo SLP Su estrategia fue utilizar un contrato de arrendamiento, el cual adem\u00e1s de ser fraudulento es vergonzoso y perverso De acuerdo con el asesor jur\u00eddico del FAO, Carlos Covarrubias Rend\u00f3n, la empresa canadiense Minera San Xavier (MSX), nunca obtuvo las licencias de uso de\u2026","rel":"","context":"En &quot;CINTILLO&quot;","block_context":{"text":"CINTILLO","link":"https:\/\/www.grieta.org.mx\/index.php\/category\/cintillo\/"},"img":{"alt_text":"","src":"https:\/\/i0.wp.com\/www.grieta.org.mx\/wp-content\/uploads\/2019\/07\/La-Minera-San-Xavier-se-deshace-de-cerca-de-200-millones-de-toneladas-de-material-sulfuroso-dejando-toda-la-responsabilidad-a-los-ejidatarios-slp-jul-268x300.jpg?resize=350%2C200","width":350,"height":200,"srcset":"https:\/\/i0.wp.com\/www.grieta.org.mx\/wp-content\/uploads\/2019\/07\/La-Minera-San-Xavier-se-deshace-de-cerca-de-200-millones-de-toneladas-de-material-sulfuroso-dejando-toda-la-responsabilidad-a-los-ejidatarios-slp-jul-268x300.jpg?resize=350%2C200 1x, https:\/\/i0.wp.com\/www.grieta.org.mx\/wp-content\/uploads\/2019\/07\/La-Minera-San-Xavier-se-deshace-de-cerca-de-200-millones-de-toneladas-de-material-sulfuroso-dejando-toda-la-responsabilidad-a-los-ejidatarios-slp-jul-268x300.jpg?resize=525%2C300 1.5x, https:\/\/i0.wp.com\/www.grieta.org.mx\/wp-content\/uploads\/2019\/07\/La-Minera-San-Xavier-se-deshace-de-cerca-de-200-millones-de-toneladas-de-material-sulfuroso-dejando-toda-la-responsabilidad-a-los-ejidatarios-slp-jul-268x300.jpg?resize=700%2C400 2x"},"classes":[]},{"id":15060,"url":"https:\/\/www.grieta.org.mx\/index.php\/2016\/08\/09\/movilizaciones-contra-la-reforma-educativa-en-san-luis-potosi\/","url_meta":{"origin":8702,"position":2},"title":"Movilizaciones contra la reforma educativa en San Luis Potos\u00ed","author":"grieta","date":"9 agosto, 2016","format":false,"excerpt":"04\/08\/16. Se agrupan maestros de SNTE y CNTE contra reforma educativa en SLPLa Jornada San Luis 22\/07\/16. Maestros se vuelven a manifestar en SLPEl Sol de San Luis 21\/07\/16. CNTE en SLP entrega pliego petitorio en Congreso local de SLPQuadratin 13\/07\/16. Marchan maestros en San Luis Potos\u00ed contra la reforma\u2026","rel":"","context":"En &quot;San Luis Potos\u00ed&quot;","block_context":{"text":"San Luis Potos\u00ed","link":"https:\/\/www.grieta.org.mx\/index.php\/category\/noticias-nacionales\/san-luis-potosi\/"},"img":{"alt_text":"","src":"https:\/\/i0.wp.com\/www.grieta.org.mx\/wp-content\/uploads\/2018\/03\/14524434_1106112876131411_958039263622046936_o.jpg?resize=350%2C200&ssl=1","width":350,"height":200,"srcset":"https:\/\/i0.wp.com\/www.grieta.org.mx\/wp-content\/uploads\/2018\/03\/14524434_1106112876131411_958039263622046936_o.jpg?resize=350%2C200&ssl=1 1x, https:\/\/i0.wp.com\/www.grieta.org.mx\/wp-content\/uploads\/2018\/03\/14524434_1106112876131411_958039263622046936_o.jpg?resize=525%2C300&ssl=1 1.5x, https:\/\/i0.wp.com\/www.grieta.org.mx\/wp-content\/uploads\/2018\/03\/14524434_1106112876131411_958039263622046936_o.jpg?resize=700%2C400&ssl=1 2x"},"classes":[]},{"id":8751,"url":"https:\/\/www.grieta.org.mx\/index.php\/2016\/08\/10\/feminicidios-en-san-luis-potosi\/","url_meta":{"origin":8702,"position":3},"title":"Feminicidios en San Luis Potos\u00ed","author":"grieta","date":"10 agosto, 2016","format":false,"excerpt":"09\/08\/16. Inmujeres y asociaciones critican fallida estrategia contra la violencia de g\u00e9nero en SLPLa Jornada San Luis 20\/06\/16. Violencia contra la mujer en SLPPlano Informativo 10\/05\/16. En San Luis Potos\u00ed. 171 feminicidios en 5 a\u00f1osAstrolabio 18\/01\/16. Feminicidio en Alaquines Plano Informativo 13\/11\/15. Feminicidios en SLP: Ausencia de protocolos, casos olvidados,\u2026","rel":"","context":"En &quot;Feminicidios&quot;","block_context":{"text":"Feminicidios","link":"https:\/\/www.grieta.org.mx\/index.php\/category\/temas-nacionales\/feminicidios\/"},"img":{"alt_text":"","src":"https:\/\/i0.wp.com\/www.grieta.org.mx\/wp-content\/uploads\/2018\/03\/14524434_1106112876131411_958039263622046936_o.jpg?resize=350%2C200&ssl=1","width":350,"height":200,"srcset":"https:\/\/i0.wp.com\/www.grieta.org.mx\/wp-content\/uploads\/2018\/03\/14524434_1106112876131411_958039263622046936_o.jpg?resize=350%2C200&ssl=1 1x, https:\/\/i0.wp.com\/www.grieta.org.mx\/wp-content\/uploads\/2018\/03\/14524434_1106112876131411_958039263622046936_o.jpg?resize=525%2C300&ssl=1 1.5x, https:\/\/i0.wp.com\/www.grieta.org.mx\/wp-content\/uploads\/2018\/03\/14524434_1106112876131411_958039263622046936_o.jpg?resize=700%2C400&ssl=1 2x"},"classes":[]},{"id":9866,"url":"https:\/\/www.grieta.org.mx\/index.php\/2014\/02\/13\/mueren-cinco-durante-accidente-en-mina-de-slp\/","url_meta":{"origin":8702,"position":4},"title":"Mueren cinco durante accidente en mina de SLP","author":"grieta","date":"13 febrero, 2014","format":false,"excerpt":"Los trabajadores de mantenimiento fallecieron cuando se desplom\u00f3 un elevador que los transportaba Industrial Minera M\u00e9xico inform\u00f3 mediante un comunicado la muerte de cinco trabajadores de mantenimiento en una mina ubicada en el municipio de Charcas. El elevador donde se encontraban sufri\u00f3 la rotura de un eje y los obreros\u2026","rel":"","context":"En &quot;CINTILLO&quot;","block_context":{"text":"CINTILLO","link":"https:\/\/www.grieta.org.mx\/index.php\/category\/cintillo\/"},"img":{"alt_text":"","src":"https:\/\/i0.wp.com\/www.grieta.org.mx\/wp-content\/uploads\/2018\/03\/14524434_1106112876131411_958039263622046936_o.jpg?resize=350%2C200&ssl=1","width":350,"height":200,"srcset":"https:\/\/i0.wp.com\/www.grieta.org.mx\/wp-content\/uploads\/2018\/03\/14524434_1106112876131411_958039263622046936_o.jpg?resize=350%2C200&ssl=1 1x, https:\/\/i0.wp.com\/www.grieta.org.mx\/wp-content\/uploads\/2018\/03\/14524434_1106112876131411_958039263622046936_o.jpg?resize=525%2C300&ssl=1 1.5x, https:\/\/i0.wp.com\/www.grieta.org.mx\/wp-content\/uploads\/2018\/03\/14524434_1106112876131411_958039263622046936_o.jpg?resize=700%2C400&ssl=1 2x"},"classes":[]},{"id":17580,"url":"https:\/\/www.grieta.org.mx\/index.php\/2016\/07\/22\/movilizaciones-del-sector-salud-en-san-luis-potosi\/","url_meta":{"origin":8702,"position":5},"title":"Movilizaciones del sector salud en San Luis Potos\u00ed","author":"grieta","date":"22 julio, 2016","format":false,"excerpt":"30\/06\/16. Exigen m\u00e9dicos mejores condiciones en el Sector Salud en SLPLa Jornada San Luis 30\/06\/16. Opositores a las reformas se unen en una manifestaci\u00f3n en SLPLa Jornada San Luis","rel":"","context":"En &quot;San Luis Potos\u00ed&quot;","block_context":{"text":"San Luis Potos\u00ed","link":"https:\/\/www.grieta.org.mx\/index.php\/category\/noticias-nacionales\/san-luis-potosi\/"},"img":{"alt_text":"","src":"https:\/\/i0.wp.com\/www.grieta.org.mx\/wp-content\/uploads\/2018\/03\/14524434_1106112876131411_958039263622046936_o.jpg?resize=350%2C200&ssl=1","width":350,"height":200,"srcset":"https:\/\/i0.wp.com\/www.grieta.org.mx\/wp-content\/uploads\/2018\/03\/14524434_1106112876131411_958039263622046936_o.jpg?resize=350%2C200&ssl=1 1x, https:\/\/i0.wp.com\/www.grieta.org.mx\/wp-content\/uploads\/2018\/03\/14524434_1106112876131411_958039263622046936_o.jpg?resize=525%2C300&ssl=1 1.5x, https:\/\/i0.wp.com\/www.grieta.org.mx\/wp-content\/uploads\/2018\/03\/14524434_1106112876131411_958039263622046936_o.jpg?resize=700%2C400&ssl=1 2x"},"classes":[]}],"_links":{"self":[{"href":"https:\/\/www.grieta.org.mx\/index.php\/wp-json\/wp\/v2\/posts\/8702","targetHints":{"allow":["GET"]}}],"collection":[{"href":"https:\/\/www.grieta.org.mx\/index.php\/wp-json\/wp\/v2\/posts"}],"about":[{"href":"https:\/\/www.grieta.org.mx\/index.php\/wp-json\/wp\/v2\/types\/post"}],"author":[{"embeddable":true,"href":"https:\/\/www.grieta.org.mx\/index.php\/wp-json\/wp\/v2\/users\/2"}],"replies":[{"embeddable":true,"href":"https:\/\/www.grieta.org.mx\/index.php\/wp-json\/wp\/v2\/comments?post=8702"}],"version-history":[{"count":1,"href":"https:\/\/www.grieta.org.mx\/index.php\/wp-json\/wp\/v2\/posts\/8702\/revisions"}],"predecessor-version":[{"id":8727,"href":"https:\/\/www.grieta.org.mx\/index.php\/wp-json\/wp\/v2\/posts\/8702\/revisions\/8727"}],"wp:featuredmedia":[{"embeddable":true,"href":"https:\/\/www.grieta.org.mx\/index.php\/wp-json\/wp\/v2\/media\/21928"}],"wp:attachment":[{"href":"https:\/\/www.grieta.org.mx\/index.php\/wp-json\/wp\/v2\/media?parent=8702"}],"wp:term":[{"taxonomy":"category","embeddable":true,"href":"https:\/\/www.grieta.org.mx\/index.php\/wp-json\/wp\/v2\/categories?post=8702"},{"taxonomy":"post_tag","embeddable":true,"href":"https:\/\/www.grieta.org.mx\/index.php\/wp-json\/wp\/v2\/tags?post=8702"}],"curies":[{"name":"wp","href":"https:\/\/api.w.org\/{rel}","templated":true}]}}