{"id":8588,"date":"2015-07-26T21:06:54","date_gmt":"2015-07-26T21:06:54","guid":{"rendered":"http:\/\/50.22.11.12\/~grietaor\/?p=8588"},"modified":"2016-03-31T09:00:20","modified_gmt":"2016-03-31T09:00:20","slug":"marchan-en-morelos-a-10-meses-de-la-desaparicion-de-43-normalistas-de-ayotzinapa","status":"publish","type":"post","link":"https:\/\/www.grieta.org.mx\/index.php\/2015\/07\/26\/marchan-en-morelos-a-10-meses-de-la-desaparicion-de-43-normalistas-de-ayotzinapa\/","title":{"rendered":"Marchan en Morelos a 10 meses de la desaparici\u00f3n de 43 normalistas de Ayotzinapa"},"content":{"rendered":"<p>Zona Centro<\/p>\n<p>A diez meses de la desaparici\u00f3n de los 43 normalista desaparecidos de la normal de Ayotzinapa hoy en varias partes del pa\u00eds salieron para exigir justicia y que las autoridades no den carpetazo al asunto porque hasta el momento existen diversas inconsistencias en las investigaciones.<br \/>\n<span id=\"more-151732\"><\/span><\/p>\n<p>En Morelos tambi\u00e9n organizaciones no gubernamentales salieron a marchar desde el Calvario hasta el z\u00f3calo de Cuernavaca con la fotograf\u00eda de los 43 j\u00f3venes que siguen sin aparecer.<\/p>\n<p>En la plancha del z\u00f3calo pasaron lista a los 43 normalistas y exigieron la presentaci\u00f3n con vida de los estudiantes que fueron detenidos por polic\u00edas en Iguala la noche del 26 de septiembre y en donde seg\u00fan versiones de las autoridades fueron asesinados y quemados en un basurero pero hasta el momento esta explicaci\u00f3n no ha sido aceptada por los familiares y amigos de las v\u00edctimas.<\/p>\n<p><a class=\"autohyperlink\" title=\"http:\/\/www.zonacentronoticias.com\/2015\/07\/marchan-en-morelos-a-10-meses-de-la-desaparicion-de-43-normalistas-de-ayotzinapa\/\" href=\"http:\/\/www.zonacentronoticias.com\/2015\/07\/marchan-en-morelos-a-10-meses-de-la-desaparicion-de-43-normalistas-de-ayotzinapa\/\" target=\"_blank\">www.zonacentronoticias.com\/2015\/07\/marchan-en-morelos-a-10-meses-de-la-desaparicion-de-43-normalistas-de-ayotzinapa\/<\/a><\/p>\n","protected":false},"excerpt":{"rendered":"<p>Zona Centro A diez meses de la desaparici\u00f3n de los 43 normalista desaparecidos de la normal de Ayotzinapa hoy en varias partes del pa\u00eds salieron para exigir justicia y que &hellip; <a href=\"https:\/\/www.grieta.org.mx\/index.php\/2015\/07\/26\/marchan-en-morelos-a-10-meses-de-la-desaparicion-de-43-normalistas-de-ayotzinapa\/\" class=\"more-link\">Leer m\u00e1s<\/a><\/p>\n","protected":false},"author":2,"featured_media":21928,"comment_status":"closed","ping_status":"open","sticky":false,"template":"","format":"standard","meta":{"ngg_post_thumbnail":0,"_jetpack_newsletter_access":"","_jetpack_dont_email_post_to_subs":false,"_jetpack_newsletter_tier_id":0,"_jetpack_memberships_contains_paywalled_content":false,"_jetpack_memberships_contains_paid_content":false,"footnotes":""},"categories":[80],"tags":[],"class_list":["post-8588","post","type-post","status-publish","format-standard","has-post-thumbnail","hentry","category-cintillo","entry"],"jetpack_featured_media_url":"https:\/\/www.grieta.org.mx\/wp-content\/uploads\/2018\/03\/14524434_1106112876131411_958039263622046936_o.jpg","jetpack_sharing_enabled":true,"jetpack_shortlink":"https:\/\/wp.me\/p7ZJR4-2ew","jetpack_likes_enabled":false,"jetpack-related-posts":[{"id":10333,"url":"https:\/\/www.grieta.org.mx\/index.php\/2016\/03\/26\/exigen-esclarecimiento-de-desapariciones-en-morelos-a-18-meses-de-iguala\/","url_meta":{"origin":8588,"position":0},"title":"Exigen esclarecimiento de desapariciones en Morelos, a 18 meses de Iguala","author":"grieta","date":"26 marzo, 2016","format":false,"excerpt":"Proceso CUERNAVACA, Mor. (proceso.com.mx).- Con flores, poes\u00eda y fotograf\u00edas de los 43 estudiantes normalistas de Ayotzinapa, desaparecidos hace 18 meses, organizaciones integrantes del Pacto Morelos por la Soberan\u00eda Alimentaria y Energ\u00e9tica, las Garant\u00edas Constitucionales y las Libertades Democr\u00e1ticas, exigieron se esclarezcan todos los miles de casos de desaparici\u00f3n en el\u2026","rel":"","context":"En &quot;Morelos&quot;","block_context":{"text":"Morelos","link":"https:\/\/www.grieta.org.mx\/index.php\/category\/noticias-nacionales\/morelos\/"},"img":{"alt_text":"","src":"https:\/\/i0.wp.com\/www.grieta.org.mx\/wp-content\/uploads\/2018\/03\/14524434_1106112876131411_958039263622046936_o.jpg?resize=350%2C200&ssl=1","width":350,"height":200,"srcset":"https:\/\/i0.wp.com\/www.grieta.org.mx\/wp-content\/uploads\/2018\/03\/14524434_1106112876131411_958039263622046936_o.jpg?resize=350%2C200&ssl=1 1x, https:\/\/i0.wp.com\/www.grieta.org.mx\/wp-content\/uploads\/2018\/03\/14524434_1106112876131411_958039263622046936_o.jpg?resize=525%2C300&ssl=1 1.5x, https:\/\/i0.wp.com\/www.grieta.org.mx\/wp-content\/uploads\/2018\/03\/14524434_1106112876131411_958039263622046936_o.jpg?resize=700%2C400&ssl=1 2x"},"classes":[]},{"id":6016,"url":"https:\/\/www.grieta.org.mx\/index.php\/2015\/09\/27\/se-manifiestan-en-guanajuato-a-un-ano-de-la-desaparicion-de-los-43-normalistas-en-ayotzinapa\/","url_meta":{"origin":8588,"position":1},"title":"Se manifiestan en Guanajuato a un a\u00f1o de la desaparici\u00f3n de los 43 normalistas en Ayotzinapa","author":"grieta","date":"27 septiembre, 2015","format":false,"excerpt":"Jorge Hern\u00e1ndez, Luis Garc\u00eda y Roberto Guti\u00e9rrez, Le\u00f3n\/Celaya\/San Miguel de Allende, Gto. Ciudadanos, activistas y miembros de asociaciones civiles guanajuatenses marcharon en protesta por la desaparici\u00f3n de los 43 estudiantes normalistas de Guerrero. El 26 de septiembre de 2014, estudiantes de la Normal de Ayotzinapa fueron atacados por polic\u00edas municipales\u2026","rel":"","context":"En &quot;CINTILLO&quot;","block_context":{"text":"CINTILLO","link":"https:\/\/www.grieta.org.mx\/index.php\/category\/cintillo\/"},"img":{"alt_text":"","src":"https:\/\/i0.wp.com\/www.grieta.org.mx\/wp-content\/uploads\/2018\/03\/14524434_1106112876131411_958039263622046936_o.jpg?resize=350%2C200&ssl=1","width":350,"height":200,"srcset":"https:\/\/i0.wp.com\/www.grieta.org.mx\/wp-content\/uploads\/2018\/03\/14524434_1106112876131411_958039263622046936_o.jpg?resize=350%2C200&ssl=1 1x, https:\/\/i0.wp.com\/www.grieta.org.mx\/wp-content\/uploads\/2018\/03\/14524434_1106112876131411_958039263622046936_o.jpg?resize=525%2C300&ssl=1 1.5x, https:\/\/i0.wp.com\/www.grieta.org.mx\/wp-content\/uploads\/2018\/03\/14524434_1106112876131411_958039263622046936_o.jpg?resize=700%2C400&ssl=1 2x"},"classes":[]},{"id":24058,"url":"https:\/\/www.grieta.org.mx\/index.php\/2018\/01\/19\/normalistas-y-padres-de-los-43-protestan-frente-a-fiscalia-de-guerrero\/","url_meta":{"origin":8588,"position":2},"title":"Normalistas y padres de los 43 protestan frente a Fiscal\u00eda de Guerrero","author":"grieta","date":"19 enero, 2018","format":false,"excerpt":"Por Rosario Garc\u00eda CHILPANCINGO.- A casi 40 meses de la desaparici\u00f3n de los 43 normalistas de Ayotzinapa, estudiantes de esa instituci\u00f3n y padres protestaron en la Fiscal\u00eda general del Estado para exigir resultados claros y contundentes de las investigaciones. En la entrada principal de la dependencia fueron colocados costales de\u2026","rel":"","context":"En &quot;CINTILLO&quot;","block_context":{"text":"CINTILLO","link":"https:\/\/www.grieta.org.mx\/index.php\/category\/cintillo\/"},"img":{"alt_text":"","src":"https:\/\/i0.wp.com\/www.grieta.org.mx\/wp-content\/uploads\/2018\/03\/14524434_1106112876131411_958039263622046936_o.jpg?resize=350%2C200&ssl=1","width":350,"height":200,"srcset":"https:\/\/i0.wp.com\/www.grieta.org.mx\/wp-content\/uploads\/2018\/03\/14524434_1106112876131411_958039263622046936_o.jpg?resize=350%2C200&ssl=1 1x, https:\/\/i0.wp.com\/www.grieta.org.mx\/wp-content\/uploads\/2018\/03\/14524434_1106112876131411_958039263622046936_o.jpg?resize=525%2C300&ssl=1 1.5x, https:\/\/i0.wp.com\/www.grieta.org.mx\/wp-content\/uploads\/2018\/03\/14524434_1106112876131411_958039263622046936_o.jpg?resize=700%2C400&ssl=1 2x"},"classes":[]},{"id":28087,"url":"https:\/\/www.grieta.org.mx\/index.php\/2018\/12\/31\/liberan-a-policias-detenidos-por-la-desaparicion-de-los-43-normalistas-guerrero\/","url_meta":{"origin":8588,"position":3},"title":"Liberan a polic\u00edas detenidos por la desaparici\u00f3n de los 43 normalistas (Guerrero)","author":"grieta","date":"31 diciembre, 2018","format":false,"excerpt":"Fer Garc\u00eda \/ Acustik Noticias Guerrero, 31 de diciembre de 2018.- Hace 51 meses 43 normalistas de Ayotzinapa desaparecieron en Iguala Guerrero, durante el sexenio de Enrique Pe\u00f1a Nieto, las investigaciones fueron siempre insuficientes para sus padres. Sin tanta informaci\u00f3n de por medio, el S\u00edndico Procurador de Justicia en Iguala,\u2026","rel":"","context":"En &quot;Caso Ayotzinapa&quot;","block_context":{"text":"Caso Ayotzinapa","link":"https:\/\/www.grieta.org.mx\/index.php\/category\/noticias-nacionales\/guerrero\/caso-ayotzinapa\/"},"img":{"alt_text":"","src":"https:\/\/i0.wp.com\/www.grieta.org.mx\/wp-content\/uploads\/2019\/01\/liberana-policias-ayotzinapa-750x430.jpg?resize=350%2C200&ssl=1","width":350,"height":200,"srcset":"https:\/\/i0.wp.com\/www.grieta.org.mx\/wp-content\/uploads\/2019\/01\/liberana-policias-ayotzinapa-750x430.jpg?resize=350%2C200&ssl=1 1x, https:\/\/i0.wp.com\/www.grieta.org.mx\/wp-content\/uploads\/2019\/01\/liberana-policias-ayotzinapa-750x430.jpg?resize=525%2C300&ssl=1 1.5x, https:\/\/i0.wp.com\/www.grieta.org.mx\/wp-content\/uploads\/2019\/01\/liberana-policias-ayotzinapa-750x430.jpg?resize=700%2C400&ssl=1 2x"},"classes":[]},{"id":8560,"url":"https:\/\/www.grieta.org.mx\/index.php\/2016\/03\/26\/movilizaciones-por-ayotzinapa-en-morelos\/","url_meta":{"origin":8588,"position":4},"title":"Movilizaciones por Ayotzinapa en Morelos","author":"grieta","date":"26 marzo, 2016","format":false,"excerpt":"26\/03\/16. Exigen esclarecimiento de desapariciones en Morelos, a 18 meses de Iguala Proceso 25\/01\/16. Llega a la UAEM la Caravana Nacional por Ayotzinapa La uni\u00f3n de Morelos 24\/01\/16. Resguarda la Ronda Comunitaria de Amilcingo, Morelos a los padres de Ayotzinapa El Sur Acapulco 24\/01\/16. Llega a Morelos y a Jalisco\u2026","rel":"","context":"En &quot;Morelos&quot;","block_context":{"text":"Morelos","link":"https:\/\/www.grieta.org.mx\/index.php\/category\/noticias-nacionales\/morelos\/"},"img":{"alt_text":"","src":"https:\/\/i0.wp.com\/www.grieta.org.mx\/wp-content\/uploads\/2018\/03\/14524434_1106112876131411_958039263622046936_o.jpg?resize=350%2C200&ssl=1","width":350,"height":200,"srcset":"https:\/\/i0.wp.com\/www.grieta.org.mx\/wp-content\/uploads\/2018\/03\/14524434_1106112876131411_958039263622046936_o.jpg?resize=350%2C200&ssl=1 1x, https:\/\/i0.wp.com\/www.grieta.org.mx\/wp-content\/uploads\/2018\/03\/14524434_1106112876131411_958039263622046936_o.jpg?resize=525%2C300&ssl=1 1.5x, https:\/\/i0.wp.com\/www.grieta.org.mx\/wp-content\/uploads\/2018\/03\/14524434_1106112876131411_958039263622046936_o.jpg?resize=700%2C400&ssl=1 2x"},"classes":[]},{"id":18016,"url":"https:\/\/www.grieta.org.mx\/index.php\/2015\/09\/22\/padres-y-estudiantes-de-ayotzinapa-se-enfrentan-con-policias-cuando-intentaban-llegar-a-la-ciudad-de-mexico\/","url_meta":{"origin":8588,"position":5},"title":"Padres y estudiantes de Ayotzinapa se enfrentan con polic\u00edas cuando intentaban llegar a la Ciudad de M\u00e9xico","author":"grieta","date":"22 septiembre, 2015","format":false,"excerpt":"Somo el Medio En el libramiento Tixtla \u2013 Chilpancingo, padres y estudiantes de la normal rural Ra\u00fal Isidro Burgos, fueron encapsulados por Polic\u00edas Federales alrededor de las ocho de la ma\u00f1ana, cuando intentaban llegar a la Ciudad de M\u00e9xico para hacer actividades planeadas por motivo del primer a\u00f1o de las\u2026","rel":"","context":"En &quot;CINTILLO&quot;","block_context":{"text":"CINTILLO","link":"https:\/\/www.grieta.org.mx\/index.php\/category\/cintillo\/"},"img":{"alt_text":"","src":"https:\/\/i0.wp.com\/www.grieta.org.mx\/wp-content\/uploads\/2018\/03\/14524434_1106112876131411_958039263622046936_o.jpg?resize=350%2C200&ssl=1","width":350,"height":200,"srcset":"https:\/\/i0.wp.com\/www.grieta.org.mx\/wp-content\/uploads\/2018\/03\/14524434_1106112876131411_958039263622046936_o.jpg?resize=350%2C200&ssl=1 1x, https:\/\/i0.wp.com\/www.grieta.org.mx\/wp-content\/uploads\/2018\/03\/14524434_1106112876131411_958039263622046936_o.jpg?resize=525%2C300&ssl=1 1.5x, https:\/\/i0.wp.com\/www.grieta.org.mx\/wp-content\/uploads\/2018\/03\/14524434_1106112876131411_958039263622046936_o.jpg?resize=700%2C400&ssl=1 2x"},"classes":[]}],"_links":{"self":[{"href":"https:\/\/www.grieta.org.mx\/index.php\/wp-json\/wp\/v2\/posts\/8588","targetHints":{"allow":["GET"]}}],"collection":[{"href":"https:\/\/www.grieta.org.mx\/index.php\/wp-json\/wp\/v2\/posts"}],"about":[{"href":"https:\/\/www.grieta.org.mx\/index.php\/wp-json\/wp\/v2\/types\/post"}],"author":[{"embeddable":true,"href":"https:\/\/www.grieta.org.mx\/index.php\/wp-json\/wp\/v2\/users\/2"}],"replies":[{"embeddable":true,"href":"https:\/\/www.grieta.org.mx\/index.php\/wp-json\/wp\/v2\/comments?post=8588"}],"version-history":[{"count":1,"href":"https:\/\/www.grieta.org.mx\/index.php\/wp-json\/wp\/v2\/posts\/8588\/revisions"}],"predecessor-version":[{"id":8590,"href":"https:\/\/www.grieta.org.mx\/index.php\/wp-json\/wp\/v2\/posts\/8588\/revisions\/8590"}],"wp:featuredmedia":[{"embeddable":true,"href":"https:\/\/www.grieta.org.mx\/index.php\/wp-json\/wp\/v2\/media\/21928"}],"wp:attachment":[{"href":"https:\/\/www.grieta.org.mx\/index.php\/wp-json\/wp\/v2\/media?parent=8588"}],"wp:term":[{"taxonomy":"category","embeddable":true,"href":"https:\/\/www.grieta.org.mx\/index.php\/wp-json\/wp\/v2\/categories?post=8588"},{"taxonomy":"post_tag","embeddable":true,"href":"https:\/\/www.grieta.org.mx\/index.php\/wp-json\/wp\/v2\/tags?post=8588"}],"curies":[{"name":"wp","href":"https:\/\/api.w.org\/{rel}","templated":true}]}}