{"id":8558,"date":"2016-01-25T20:57:05","date_gmt":"2016-01-25T20:57:05","guid":{"rendered":"http:\/\/50.22.11.12\/~grietaor\/?p=8558"},"modified":"2018-09-27T00:11:29","modified_gmt":"2018-09-27T05:11:29","slug":"llega-a-la-uaem-la-caravana-nacional-por-ayotzinapa","status":"publish","type":"post","link":"https:\/\/www.grieta.org.mx\/index.php\/2016\/01\/25\/llega-a-la-uaem-la-caravana-nacional-por-ayotzinapa\/","title":{"rendered":"Llega a la UAEM la Caravana Nacional por Ayotzinapa"},"content":{"rendered":"<p>La Redacci\u00f3n\/ Tlahui Preciado<\/p>\n<p>La Uni\u00f3n de Morelos<\/p>\n<div class=\"itemIntroText letterunion\">\n<p>La tarde de este lunes, cerca de las 14:00 horas, la Caravana Nacional por Ayotzinapa arrib\u00f3 al campus Chamilpa de la Universidad Aut\u00f3noma del Estado de Morelos (UAEM), en donde fue recibida por estudiantes y por el rector Jes\u00fas Alejandro Vera Jim\u00e9nez, acompa\u00f1ado por el activista Javier Sicilia. Dio la bienvenida, a nombre de la comunidad universitaria, a la Caravana y manifest\u00f3 a sus integrantes que se solidariza con ellos: \u201cla solidaridad se ha expresado en muchos espacios\u201d, destac\u00f3.<\/p>\n<\/div>\n<div class=\"itemFullText\">\n<p>En el auditorio de la biblioteca central de la universidad se despleg\u00f3 una manta con un texto que se le\u00eda \u201cVivos los llevaron Vivos los queremos Ayotzinapa vive Amilcingo en apoyo\u201d.<\/p>\n<p>Cabe agregar que los miembros de la Caravana tambi\u00e9n se re\u00fanen a las tres de la tarde con los comuneros de Chamilpa.<\/p>\n<p><a class=\"autohyperlink\" title=\"http:\/\/www.launion.com.mx\/morelos\/avances\/noticias\/84211-llega-a-la-uaem-la-caravana-nacional-por-ayotzinapa.html\" href=\"http:\/\/www.launion.com.mx\/morelos\/avances\/noticias\/84211-llega-a-la-uaem-la-caravana-nacional-por-ayotzinapa.html\" target=\"_blank\">www.launion.com.mx\/morelos\/avances\/noticias\/84211-llega-a-la-uaem-la-caravana-nacional-por-ayotzinapa.html<\/a><\/p>\n<\/div>\n","protected":false},"excerpt":{"rendered":"<p>La Redacci\u00f3n\/ Tlahui Preciado La Uni\u00f3n de Morelos La tarde de este lunes, cerca de las 14:00 horas, la Caravana Nacional por Ayotzinapa arrib\u00f3 al campus Chamilpa de la Universidad &hellip; <a href=\"https:\/\/www.grieta.org.mx\/index.php\/2016\/01\/25\/llega-a-la-uaem-la-caravana-nacional-por-ayotzinapa\/\" class=\"more-link\">Leer m\u00e1s<\/a><\/p>\n","protected":false},"author":2,"featured_media":21928,"comment_status":"closed","ping_status":"open","sticky":false,"template":"","format":"standard","meta":{"ngg_post_thumbnail":0,"_jetpack_newsletter_access":"","_jetpack_dont_email_post_to_subs":false,"_jetpack_newsletter_tier_id":0,"_jetpack_memberships_contains_paywalled_content":false,"_jetpack_memberships_contains_paid_content":false,"footnotes":""},"categories":[80,482,22,1770,2],"tags":[229],"class_list":{"0":"post-8558","1":"post","2":"type-post","3":"status-publish","4":"format-standard","5":"has-post-thumbnail","6":"hentry","7":"category-cintillo","8":"category-morelos","10":"category-movilizaciones-por-ayotzinapa-en-morelos","11":"category-noticias-nacionales","12":"tag-solidaridad-con-ayotzinapa","13":"entry"},"jetpack_featured_media_url":"https:\/\/www.grieta.org.mx\/wp-content\/uploads\/2018\/03\/14524434_1106112876131411_958039263622046936_o.jpg","jetpack_sharing_enabled":true,"jetpack_shortlink":"https:\/\/wp.me\/p7ZJR4-2e2","jetpack_likes_enabled":false,"jetpack-related-posts":[{"id":8560,"url":"https:\/\/www.grieta.org.mx\/index.php\/2016\/03\/26\/movilizaciones-por-ayotzinapa-en-morelos\/","url_meta":{"origin":8558,"position":0},"title":"Movilizaciones por Ayotzinapa en Morelos","author":"grieta","date":"26 marzo, 2016","format":false,"excerpt":"26\/03\/16. Exigen esclarecimiento de desapariciones en Morelos, a 18 meses de Iguala Proceso 25\/01\/16. Llega a la UAEM la Caravana Nacional por Ayotzinapa La uni\u00f3n de Morelos 24\/01\/16. Resguarda la Ronda Comunitaria de Amilcingo, Morelos a los padres de Ayotzinapa El Sur Acapulco 24\/01\/16. Llega a Morelos y a Jalisco\u2026","rel":"","context":"En &quot;Morelos&quot;","block_context":{"text":"Morelos","link":"https:\/\/www.grieta.org.mx\/index.php\/category\/noticias-nacionales\/morelos\/"},"img":{"alt_text":"","src":"https:\/\/i0.wp.com\/www.grieta.org.mx\/wp-content\/uploads\/2018\/03\/14524434_1106112876131411_958039263622046936_o.jpg?resize=350%2C200&ssl=1","width":350,"height":200,"srcset":"https:\/\/i0.wp.com\/www.grieta.org.mx\/wp-content\/uploads\/2018\/03\/14524434_1106112876131411_958039263622046936_o.jpg?resize=350%2C200&ssl=1 1x, https:\/\/i0.wp.com\/www.grieta.org.mx\/wp-content\/uploads\/2018\/03\/14524434_1106112876131411_958039263622046936_o.jpg?resize=525%2C300&ssl=1 1.5x, https:\/\/i0.wp.com\/www.grieta.org.mx\/wp-content\/uploads\/2018\/03\/14524434_1106112876131411_958039263622046936_o.jpg?resize=700%2C400&ssl=1 2x"},"classes":[]},{"id":8570,"url":"https:\/\/www.grieta.org.mx\/index.php\/2016\/01\/24\/resguarda-la-ronda-comunitaria-de-amilcingo-morelos-a-los-padres-de-ayotzinapa\/","url_meta":{"origin":8558,"position":1},"title":"Resguarda la Ronda Comunitaria de Amilcingo, Morelos a los padres de Ayotzinapa","author":"grieta","date":"24 enero, 2016","format":false,"excerpt":"Lourdes Ch\u00e1vez El Sur Acapulco Integrantes de las Rondas Comunitarias resguardan este domingo a los padres de los normalistas de Ayotzinapa que participan en la tercera caravana al sur del pa\u00eds, en una caminata rumbo al acto de bienvenida de la comunidad y la casa de la familia del joven\u2026","rel":"","context":"En &quot;CINTILLO&quot;","block_context":{"text":"CINTILLO","link":"https:\/\/www.grieta.org.mx\/index.php\/category\/cintillo\/"},"img":{"alt_text":"","src":"https:\/\/i0.wp.com\/www.grieta.org.mx\/wp-content\/uploads\/2018\/03\/14524434_1106112876131411_958039263622046936_o.jpg?resize=350%2C200&ssl=1","width":350,"height":200,"srcset":"https:\/\/i0.wp.com\/www.grieta.org.mx\/wp-content\/uploads\/2018\/03\/14524434_1106112876131411_958039263622046936_o.jpg?resize=350%2C200&ssl=1 1x, https:\/\/i0.wp.com\/www.grieta.org.mx\/wp-content\/uploads\/2018\/03\/14524434_1106112876131411_958039263622046936_o.jpg?resize=525%2C300&ssl=1 1.5x, https:\/\/i0.wp.com\/www.grieta.org.mx\/wp-content\/uploads\/2018\/03\/14524434_1106112876131411_958039263622046936_o.jpg?resize=700%2C400&ssl=1 2x"},"classes":[]},{"id":45672,"url":"https:\/\/www.grieta.org.mx\/index.php\/2020\/02\/17\/llega-caravana-de-los-43-a-amilcingo-morelos\/","url_meta":{"origin":8558,"position":2},"title":"Llega caravana de los 43 a Amilcingo (Morelos)","author":"Admin","date":"17 febrero, 2020","format":false,"excerpt":"Emmanuel Ruiz \/ El Sol de Cuautla Los padres de los 43 normalistas de Ayotzinapa, desaparecidos en en septiembre de 2014, visitar\u00e1n este 22 de febrero la localidad de Amilcingo, en el municipio de Temoac, como parte de la \u201cCaravana en busca de los 43\u201d, un recorrido que inici\u00f3 este\u2026","rel":"","context":"En &quot;CINTILLO&quot;","block_context":{"text":"CINTILLO","link":"https:\/\/www.grieta.org.mx\/index.php\/category\/cintillo\/"},"img":{"alt_text":"","src":"https:\/\/i0.wp.com\/www.grieta.org.mx\/wp-content\/uploads\/2020\/03\/Llega-caravana-de-los-43-a-Amilcingo.jpg?resize=350%2C200&ssl=1","width":350,"height":200,"srcset":"https:\/\/i0.wp.com\/www.grieta.org.mx\/wp-content\/uploads\/2020\/03\/Llega-caravana-de-los-43-a-Amilcingo.jpg?resize=350%2C200&ssl=1 1x, https:\/\/i0.wp.com\/www.grieta.org.mx\/wp-content\/uploads\/2020\/03\/Llega-caravana-de-los-43-a-Amilcingo.jpg?resize=525%2C300&ssl=1 1.5x, https:\/\/i0.wp.com\/www.grieta.org.mx\/wp-content\/uploads\/2020\/03\/Llega-caravana-de-los-43-a-Amilcingo.jpg?resize=700%2C400&ssl=1 2x"},"classes":[]},{"id":8585,"url":"https:\/\/www.grieta.org.mx\/index.php\/2015\/09\/25\/flores-por-ayotzinapa-en-morelos\/","url_meta":{"origin":8558,"position":3},"title":"Flores por Ayotzinapa\u2026 en Morelos","author":"grieta","date":"25 septiembre, 2015","format":false,"excerpt":"Proceso CUERNAVACA, Mor. (apro).- Las Comunidades Eclesiales de Base y el grupo denominado J\u00f3venes por la Justicia realizaron en esta ciudad un evento denominado \u201cFlores por Ayotzinapa\u201d, para recordar a los 43 normalistas desaparecidos hace un a\u00f1o en Iguala, Guerrero. En la glorieta de La Paloma de la Paz, en\u2026","rel":"","context":"En &quot;CINTILLO&quot;","block_context":{"text":"CINTILLO","link":"https:\/\/www.grieta.org.mx\/index.php\/category\/cintillo\/"},"img":{"alt_text":"","src":"https:\/\/i0.wp.com\/www.grieta.org.mx\/wp-content\/uploads\/2018\/03\/14524434_1106112876131411_958039263622046936_o.jpg?resize=350%2C200&ssl=1","width":350,"height":200,"srcset":"https:\/\/i0.wp.com\/www.grieta.org.mx\/wp-content\/uploads\/2018\/03\/14524434_1106112876131411_958039263622046936_o.jpg?resize=350%2C200&ssl=1 1x, https:\/\/i0.wp.com\/www.grieta.org.mx\/wp-content\/uploads\/2018\/03\/14524434_1106112876131411_958039263622046936_o.jpg?resize=525%2C300&ssl=1 1.5x, https:\/\/i0.wp.com\/www.grieta.org.mx\/wp-content\/uploads\/2018\/03\/14524434_1106112876131411_958039263622046936_o.jpg?resize=700%2C400&ssl=1 2x"},"classes":[]},{"id":8575,"url":"https:\/\/www.grieta.org.mx\/index.php\/2016\/01\/24\/llega-a-morelos-y-a-jalisco-caravana-nacional-por-ayotzinapa\/","url_meta":{"origin":8558,"position":4},"title":"Llega a Morelos y a Jalisco Caravana Nacional por Ayotzinapa","author":"grieta","date":"24 enero, 2016","format":false,"excerpt":"Jaime Luis Brito Proceso AMILCINGO, Mor. La Caravana Nacional por Ayotzinapa arrib\u00f3 a esta hist\u00f3rica comunidad, de donde es originario Jos\u00e9 Luis Luna Torres, uno de los 43 estudiantes desaparecidos de la Normal Ra\u00fal Isidro Burgos el 26 de septiembre de 2014. Entre gritos de apoyo de las organizaciones sociales\u2026","rel":"","context":"En &quot;CINTILLO&quot;","block_context":{"text":"CINTILLO","link":"https:\/\/www.grieta.org.mx\/index.php\/category\/cintillo\/"},"img":{"alt_text":"","src":"https:\/\/i0.wp.com\/www.grieta.org.mx\/wp-content\/uploads\/2018\/03\/14524434_1106112876131411_958039263622046936_o.jpg?resize=350%2C200&ssl=1","width":350,"height":200,"srcset":"https:\/\/i0.wp.com\/www.grieta.org.mx\/wp-content\/uploads\/2018\/03\/14524434_1106112876131411_958039263622046936_o.jpg?resize=350%2C200&ssl=1 1x, https:\/\/i0.wp.com\/www.grieta.org.mx\/wp-content\/uploads\/2018\/03\/14524434_1106112876131411_958039263622046936_o.jpg?resize=525%2C300&ssl=1 1.5x, https:\/\/i0.wp.com\/www.grieta.org.mx\/wp-content\/uploads\/2018\/03\/14524434_1106112876131411_958039263622046936_o.jpg?resize=700%2C400&ssl=1 2x"},"classes":[]},{"id":7583,"url":"https:\/\/www.grieta.org.mx\/index.php\/2015\/08\/05\/caravana-del-sur-arribo-a-tlaxcala\/","url_meta":{"origin":8558,"position":5},"title":"Caravana del sur arrib\u00f3 a Tlaxcala","author":"grieta","date":"5 agosto, 2015","format":false,"excerpt":"Nancy C\u00e1zares\/La Izquierda Diario El d\u00eda de hoy, padres de los 43 estudiantes desaparecidos en la noche negra de Iguala, arribaron a Huamantla, lugar de origen de uno de los j\u00f3venes normalistas. Los acompa\u00f1aron en el evento, maestros de la Coordinadora Nacional de Trabajadores de la Educaci\u00f3n CNTE, normalistas, telefonistas\u2026","rel":"","context":"En &quot;CINTILLO&quot;","block_context":{"text":"CINTILLO","link":"https:\/\/www.grieta.org.mx\/index.php\/category\/cintillo\/"},"img":{"alt_text":"","src":"https:\/\/i0.wp.com\/www.grieta.org.mx\/wp-content\/uploads\/2018\/03\/14524434_1106112876131411_958039263622046936_o.jpg?resize=350%2C200&ssl=1","width":350,"height":200,"srcset":"https:\/\/i0.wp.com\/www.grieta.org.mx\/wp-content\/uploads\/2018\/03\/14524434_1106112876131411_958039263622046936_o.jpg?resize=350%2C200&ssl=1 1x, https:\/\/i0.wp.com\/www.grieta.org.mx\/wp-content\/uploads\/2018\/03\/14524434_1106112876131411_958039263622046936_o.jpg?resize=525%2C300&ssl=1 1.5x, https:\/\/i0.wp.com\/www.grieta.org.mx\/wp-content\/uploads\/2018\/03\/14524434_1106112876131411_958039263622046936_o.jpg?resize=700%2C400&ssl=1 2x"},"classes":[]}],"_links":{"self":[{"href":"https:\/\/www.grieta.org.mx\/index.php\/wp-json\/wp\/v2\/posts\/8558","targetHints":{"allow":["GET"]}}],"collection":[{"href":"https:\/\/www.grieta.org.mx\/index.php\/wp-json\/wp\/v2\/posts"}],"about":[{"href":"https:\/\/www.grieta.org.mx\/index.php\/wp-json\/wp\/v2\/types\/post"}],"author":[{"embeddable":true,"href":"https:\/\/www.grieta.org.mx\/index.php\/wp-json\/wp\/v2\/users\/2"}],"replies":[{"embeddable":true,"href":"https:\/\/www.grieta.org.mx\/index.php\/wp-json\/wp\/v2\/comments?post=8558"}],"version-history":[{"count":1,"href":"https:\/\/www.grieta.org.mx\/index.php\/wp-json\/wp\/v2\/posts\/8558\/revisions"}],"predecessor-version":[{"id":8565,"href":"https:\/\/www.grieta.org.mx\/index.php\/wp-json\/wp\/v2\/posts\/8558\/revisions\/8565"}],"wp:featuredmedia":[{"embeddable":true,"href":"https:\/\/www.grieta.org.mx\/index.php\/wp-json\/wp\/v2\/media\/21928"}],"wp:attachment":[{"href":"https:\/\/www.grieta.org.mx\/index.php\/wp-json\/wp\/v2\/media?parent=8558"}],"wp:term":[{"taxonomy":"category","embeddable":true,"href":"https:\/\/www.grieta.org.mx\/index.php\/wp-json\/wp\/v2\/categories?post=8558"},{"taxonomy":"post_tag","embeddable":true,"href":"https:\/\/www.grieta.org.mx\/index.php\/wp-json\/wp\/v2\/tags?post=8558"}],"curies":[{"name":"wp","href":"https:\/\/api.w.org\/{rel}","templated":true}]}}