{"id":8537,"date":"2016-02-11T20:48:29","date_gmt":"2016-02-11T20:48:29","guid":{"rendered":"http:\/\/50.22.11.12\/~grietaor\/?p=8537"},"modified":"2016-03-30T21:13:16","modified_gmt":"2016-03-30T21:13:16","slug":"agresiones-a-periodistas-en-morelos","status":"publish","type":"post","link":"https:\/\/www.grieta.org.mx\/index.php\/2016\/02\/11\/agresiones-a-periodistas-en-morelos\/","title":{"rendered":"Agresiones a periodistas en Morelos"},"content":{"rendered":"<p><strong>11\/02\/16. <\/strong><a href=\"http:\/\/grieta.org.mx\/index.php\/2016\/02\/11\/morelos-no-es-la-excepcion-la-labor-informativa-en-riesgo\/\">Morelos no es la excepci\u00f3n: la labor informativa en riesgo<\/a><br \/>\n<em>Morelos Tres punto cero<\/em><br \/>\n<strong>19\/01\/16. <\/strong><a href=\"http:\/\/grieta.org.mx\/index.php\/2016\/01\/19\/inicioinicio-noticias-nacionales-periodistas-de-morelos-denuncian-y-dejan-el-mecanismo-de-proteccion-del-estado\/\">Periodistas de Morelos denuncian y dejan el Mecanismo de Protecci\u00f3n del Estado<\/a><br \/>\n<em>Morelos Tres punto cero<\/em><br \/>\n<strong>05\/08\/15. <\/strong><a href=\"http:\/\/grieta.org.mx\/index.php\/2015\/08\/05\/se-manifiestan-reporteros-contra-gobernador-de-morelos\/\">Se manifiestan reporteros contra Gobernador de Morelos<\/a><br \/>\n<em>Seis punto cero<\/em><\/p>\n","protected":false},"excerpt":{"rendered":"<p>11\/02\/16. Morelos no es la excepci\u00f3n: la labor informativa en riesgo Morelos Tres punto cero 19\/01\/16. Periodistas de Morelos denuncian y dejan el Mecanismo de Protecci\u00f3n del Estado Morelos Tres &hellip; <a href=\"https:\/\/www.grieta.org.mx\/index.php\/2016\/02\/11\/agresiones-a-periodistas-en-morelos\/\" class=\"more-link\">Leer m\u00e1s<\/a><\/p>\n","protected":false},"author":2,"featured_media":21928,"comment_status":"closed","ping_status":"open","sticky":false,"template":"","format":"standard","meta":{"ngg_post_thumbnail":0,"_jetpack_newsletter_access":"","_jetpack_dont_email_post_to_subs":false,"_jetpack_newsletter_tier_id":0,"_jetpack_memberships_contains_paywalled_content":false,"_jetpack_memberships_contains_paid_content":false,"footnotes":""},"categories":[22,88],"tags":[],"class_list":["post-8537","post","type-post","status-publish","format-standard","has-post-thumbnail","hentry","category-morelos","category-violencia-contra-periodistas","entry"],"jetpack_featured_media_url":"https:\/\/www.grieta.org.mx\/wp-content\/uploads\/2018\/03\/14524434_1106112876131411_958039263622046936_o.jpg","jetpack_sharing_enabled":true,"jetpack_shortlink":"https:\/\/wp.me\/p7ZJR4-2dH","jetpack_likes_enabled":false,"jetpack-related-posts":[{"id":8065,"url":"https:\/\/www.grieta.org.mx\/index.php\/2016\/02\/24\/protestas-y-denuncias-contra-el-mando-unico-en-morelos\/","url_meta":{"origin":8537,"position":0},"title":"Protestas y denuncias contra el Mando \u00danico en Morelos","author":"grieta","date":"24 febrero, 2016","format":false,"excerpt":"24\/02\/16. Sin consulta el Mando \u00danico opera en Tepoztl\u00e1n desde el primero de febrero Morelos Tres punto cero 14\/09\/15. Fracasan 95% de quejas vs. Mando \u00danico en Morelos Diario de Morelos 01\/09\/16. Acusan a polic\u00edas de matar a joven en municipio de MorelosLa Jornada","rel":"","context":"En &quot;morelos&quot;","block_context":{"text":"morelos","link":"https:\/\/www.grieta.org.mx\/index.php\/category\/morelos\/"},"img":{"alt_text":"","src":"https:\/\/i0.wp.com\/www.grieta.org.mx\/wp-content\/uploads\/2018\/03\/14524434_1106112876131411_958039263622046936_o.jpg?resize=350%2C200&ssl=1","width":350,"height":200,"srcset":"https:\/\/i0.wp.com\/www.grieta.org.mx\/wp-content\/uploads\/2018\/03\/14524434_1106112876131411_958039263622046936_o.jpg?resize=350%2C200&ssl=1 1x, https:\/\/i0.wp.com\/www.grieta.org.mx\/wp-content\/uploads\/2018\/03\/14524434_1106112876131411_958039263622046936_o.jpg?resize=525%2C300&ssl=1 1.5x, https:\/\/i0.wp.com\/www.grieta.org.mx\/wp-content\/uploads\/2018\/03\/14524434_1106112876131411_958039263622046936_o.jpg?resize=700%2C400&ssl=1 2x"},"classes":[]},{"id":8040,"url":"https:\/\/www.grieta.org.mx\/index.php\/2016\/08\/11\/feminicidios-en-morelos\/","url_meta":{"origin":8537,"position":1},"title":"Feminicidios en Morelos","author":"grieta","date":"11 agosto, 2016","format":false,"excerpt":"11\/08\/16. Feminicidios, imparables a pesar de Alerta de G\u00e9nero en Morelos La Silla Rota 11\/08\/16. Todas las mujeres asesinadas en Morelos estuvieron en cautiverio; quedaron aisladas y violentadas hasta la muerte: CIDHMRevoluci\u00f3n 3.0 25\/07\/16. En Edomex y Morelos: \u201cla alerta de g\u00e9nero naci\u00f3 muerta\u201d; \u201chacen pasar feminicidios como suicidios\u201d: activista\u2026","rel":"","context":"En &quot;Feminicidios&quot;","block_context":{"text":"Feminicidios","link":"https:\/\/www.grieta.org.mx\/index.php\/category\/temas-nacionales\/feminicidios\/"},"img":{"alt_text":"","src":"https:\/\/i0.wp.com\/www.grieta.org.mx\/wp-content\/uploads\/2018\/03\/14524434_1106112876131411_958039263622046936_o.jpg?resize=350%2C200&ssl=1","width":350,"height":200,"srcset":"https:\/\/i0.wp.com\/www.grieta.org.mx\/wp-content\/uploads\/2018\/03\/14524434_1106112876131411_958039263622046936_o.jpg?resize=350%2C200&ssl=1 1x, https:\/\/i0.wp.com\/www.grieta.org.mx\/wp-content\/uploads\/2018\/03\/14524434_1106112876131411_958039263622046936_o.jpg?resize=525%2C300&ssl=1 1.5x, https:\/\/i0.wp.com\/www.grieta.org.mx\/wp-content\/uploads\/2018\/03\/14524434_1106112876131411_958039263622046936_o.jpg?resize=700%2C400&ssl=1 2x"},"classes":[]},{"id":8552,"url":"https:\/\/www.grieta.org.mx\/index.php\/2015\/08\/05\/se-manifiestan-reporteros-contra-gobernador-de-morelos\/","url_meta":{"origin":8537,"position":2},"title":"Se manifiestan reporteros contra Gobernador de Morelos","author":"grieta","date":"5 agosto, 2015","format":false,"excerpt":"Seis punto cero Dulce Maya Cuernavaca, Mor.\u2014Camar\u00f3grafos, fot\u00f3grafos, corresponsales nacionales y reporteros de Morelos, se manifestaron la ma\u00f1ana de este mi\u00e9rcoles, en repudio al gobernador Graco Ram\u00edrez, quien acus\u00f3 a los reporteros de la entidad de no aplaudir sus logros, por no estar en la n\u00f3mina del gobierno estatal. Con\u2026","rel":"","context":"En &quot;Agresiones a periodistas en Morelos&quot;","block_context":{"text":"Agresiones a periodistas en Morelos","link":"https:\/\/www.grieta.org.mx\/index.php\/category\/noticias-nacionales\/morelos\/agresiones-a-periodistas-en-morelos\/"},"img":{"alt_text":"","src":"https:\/\/i0.wp.com\/www.grieta.org.mx\/wp-content\/uploads\/2018\/03\/14524434_1106112876131411_958039263622046936_o.jpg?resize=350%2C200&ssl=1","width":350,"height":200,"srcset":"https:\/\/i0.wp.com\/www.grieta.org.mx\/wp-content\/uploads\/2018\/03\/14524434_1106112876131411_958039263622046936_o.jpg?resize=350%2C200&ssl=1 1x, https:\/\/i0.wp.com\/www.grieta.org.mx\/wp-content\/uploads\/2018\/03\/14524434_1106112876131411_958039263622046936_o.jpg?resize=525%2C300&ssl=1 1.5x, https:\/\/i0.wp.com\/www.grieta.org.mx\/wp-content\/uploads\/2018\/03\/14524434_1106112876131411_958039263622046936_o.jpg?resize=700%2C400&ssl=1 2x"},"classes":[]},{"id":42951,"url":"https:\/\/www.grieta.org.mx\/index.php\/2019\/12\/17\/amenazan-de-muerte-a-periodista-senalan-a-autoridades-de-jojutla-morelos\/","url_meta":{"origin":8537,"position":3},"title":"Amenazan de muerte a periodista; se\u00f1alan a autoridades de Jojutla (Morelos)","author":"grieta","date":"17 diciembre, 2019","format":false,"excerpt":"Estrella Pedroza \/ La Silla Rota La periodista Dulce Rayo fue amenazada de muerte en la zona sur de Morelos , luego de que Joseph Vega Guti\u00e9rrez, director de Servicios P\u00fablicos del municipio de Jojutla, emprendi\u00f3 una campa\u00f1a de hostigamiento y desprestigio en su contra, todo bajo la protecci\u00f3n del\u2026","rel":"","context":"En &quot;Agresiones a periodistas en Morelos&quot;","block_context":{"text":"Agresiones a periodistas en Morelos","link":"https:\/\/www.grieta.org.mx\/index.php\/category\/noticias-nacionales\/morelos\/agresiones-a-periodistas-en-morelos\/"},"img":{"alt_text":"","src":"https:\/\/i0.wp.com\/www.grieta.org.mx\/wp-content\/uploads\/2020\/01\/periodistaamenazada-focus-0.11-0.12-983-557.jpg?resize=350%2C200&ssl=1","width":350,"height":200,"srcset":"https:\/\/i0.wp.com\/www.grieta.org.mx\/wp-content\/uploads\/2020\/01\/periodistaamenazada-focus-0.11-0.12-983-557.jpg?resize=350%2C200&ssl=1 1x, https:\/\/i0.wp.com\/www.grieta.org.mx\/wp-content\/uploads\/2020\/01\/periodistaamenazada-focus-0.11-0.12-983-557.jpg?resize=525%2C300&ssl=1 1.5x, https:\/\/i0.wp.com\/www.grieta.org.mx\/wp-content\/uploads\/2020\/01\/periodistaamenazada-focus-0.11-0.12-983-557.jpg?resize=700%2C400&ssl=1 2x"},"classes":[]},{"id":8538,"url":"https:\/\/www.grieta.org.mx\/index.php\/2016\/02\/11\/morelos-no-es-la-excepcion-la-labor-informativa-en-riesgo\/","url_meta":{"origin":8537,"position":4},"title":"Morelos no es la excepci\u00f3n: la labor informativa en riesgo","author":"grieta","date":"11 febrero, 2016","format":false,"excerpt":"Morelos Tres punto cero El asesinato de Anabel Flores y de 16 periodistas m\u00e1s en Veracruz, muestra el panorama de la terrible realidad que vive el periodismo en nuestro pa\u00eds. En Morelos, es necesario evidenciar las practicas de abuso de aquellos que ostentan el poder, as\u00ed como mostrar la realidad\u2026","rel":"","context":"En &quot;Agresiones a periodistas en Morelos&quot;","block_context":{"text":"Agresiones a periodistas en Morelos","link":"https:\/\/www.grieta.org.mx\/index.php\/category\/noticias-nacionales\/morelos\/agresiones-a-periodistas-en-morelos\/"},"img":{"alt_text":"","src":"https:\/\/i0.wp.com\/www.grieta.org.mx\/wp-content\/uploads\/2018\/03\/14524434_1106112876131411_958039263622046936_o.jpg?resize=350%2C200&ssl=1","width":350,"height":200,"srcset":"https:\/\/i0.wp.com\/www.grieta.org.mx\/wp-content\/uploads\/2018\/03\/14524434_1106112876131411_958039263622046936_o.jpg?resize=350%2C200&ssl=1 1x, https:\/\/i0.wp.com\/www.grieta.org.mx\/wp-content\/uploads\/2018\/03\/14524434_1106112876131411_958039263622046936_o.jpg?resize=525%2C300&ssl=1 1.5x, https:\/\/i0.wp.com\/www.grieta.org.mx\/wp-content\/uploads\/2018\/03\/14524434_1106112876131411_958039263622046936_o.jpg?resize=700%2C400&ssl=1 2x"},"classes":[]},{"id":8546,"url":"https:\/\/www.grieta.org.mx\/index.php\/2016\/01\/19\/inicioinicio-noticias-nacionales-periodistas-de-morelos-denuncian-y-dejan-el-mecanismo-de-proteccion-del-estado\/","url_meta":{"origin":8537,"position":5},"title":"Periodistas de Morelos denuncian y dejan el Mecanismo de Protecci\u00f3n del Estado","author":"grieta","date":"19 enero, 2016","format":false,"excerpt":"Cesar Isaac Morelos Tres punto ceroIntegrantes del Mecanismo de Protecci\u00f3n denuncian faltas del gobierno y anuncian la no cooperaci\u00f3n con el mismo. Se\u00f1alan principalmente al CESP y la Fiscal\u00eda Estatal, encabezadas por Alberto Capella y Javier P\u00e9rez Dur\u00f3n, respectivamente. (19 enero de 2016 MORELOSTRESPUNTOCERO).- El d\u00eda de hoy a las\u2026","rel":"","context":"En &quot;Agresiones a periodistas en Morelos&quot;","block_context":{"text":"Agresiones a periodistas en Morelos","link":"https:\/\/www.grieta.org.mx\/index.php\/category\/noticias-nacionales\/morelos\/agresiones-a-periodistas-en-morelos\/"},"img":{"alt_text":"","src":"https:\/\/i0.wp.com\/www.grieta.org.mx\/wp-content\/uploads\/2018\/03\/14524434_1106112876131411_958039263622046936_o.jpg?resize=350%2C200&ssl=1","width":350,"height":200,"srcset":"https:\/\/i0.wp.com\/www.grieta.org.mx\/wp-content\/uploads\/2018\/03\/14524434_1106112876131411_958039263622046936_o.jpg?resize=350%2C200&ssl=1 1x, https:\/\/i0.wp.com\/www.grieta.org.mx\/wp-content\/uploads\/2018\/03\/14524434_1106112876131411_958039263622046936_o.jpg?resize=525%2C300&ssl=1 1.5x, https:\/\/i0.wp.com\/www.grieta.org.mx\/wp-content\/uploads\/2018\/03\/14524434_1106112876131411_958039263622046936_o.jpg?resize=700%2C400&ssl=1 2x"},"classes":[]}],"_links":{"self":[{"href":"https:\/\/www.grieta.org.mx\/index.php\/wp-json\/wp\/v2\/posts\/8537","targetHints":{"allow":["GET"]}}],"collection":[{"href":"https:\/\/www.grieta.org.mx\/index.php\/wp-json\/wp\/v2\/posts"}],"about":[{"href":"https:\/\/www.grieta.org.mx\/index.php\/wp-json\/wp\/v2\/types\/post"}],"author":[{"embeddable":true,"href":"https:\/\/www.grieta.org.mx\/index.php\/wp-json\/wp\/v2\/users\/2"}],"replies":[{"embeddable":true,"href":"https:\/\/www.grieta.org.mx\/index.php\/wp-json\/wp\/v2\/comments?post=8537"}],"version-history":[{"count":1,"href":"https:\/\/www.grieta.org.mx\/index.php\/wp-json\/wp\/v2\/posts\/8537\/revisions"}],"predecessor-version":[{"id":8600,"href":"https:\/\/www.grieta.org.mx\/index.php\/wp-json\/wp\/v2\/posts\/8537\/revisions\/8600"}],"wp:featuredmedia":[{"embeddable":true,"href":"https:\/\/www.grieta.org.mx\/index.php\/wp-json\/wp\/v2\/media\/21928"}],"wp:attachment":[{"href":"https:\/\/www.grieta.org.mx\/index.php\/wp-json\/wp\/v2\/media?parent=8537"}],"wp:term":[{"taxonomy":"category","embeddable":true,"href":"https:\/\/www.grieta.org.mx\/index.php\/wp-json\/wp\/v2\/categories?post=8537"},{"taxonomy":"post_tag","embeddable":true,"href":"https:\/\/www.grieta.org.mx\/index.php\/wp-json\/wp\/v2\/tags?post=8537"}],"curies":[{"name":"wp","href":"https:\/\/api.w.org\/{rel}","templated":true}]}}