{"id":8532,"date":"2015-06-29T20:46:31","date_gmt":"2015-06-29T20:46:31","guid":{"rendered":"http:\/\/50.22.11.12\/~grietaor\/?p=8532"},"modified":"2016-03-30T20:47:50","modified_gmt":"2016-03-30T20:47:50","slug":"familiares-de-desaparecidos-unen-su-lucha-con-organizaciones-indigenas-del-sur-de-veracruz","status":"publish","type":"post","link":"https:\/\/www.grieta.org.mx\/index.php\/2015\/06\/29\/familiares-de-desaparecidos-unen-su-lucha-con-organizaciones-indigenas-del-sur-de-veracruz\/","title":{"rendered":"Familiares de desaparecidos unen su lucha con organizaciones ind\u00edgenas del sur de Veracruz"},"content":{"rendered":"<p>Una delegaci\u00f3n de los padres de los normalistas de Ayotzinapa llegaron a la Sierra de Santa Martha en Veracruz para dejar su experiencia y solidarizarse con la construcci\u00f3n y las luchas de los pueblos desde abajo. Ante habitantes de la Sierra, comunidades ind\u00edgenas de y otras organizaciones sociales de la zona, los padres de los desaparecidos y asesinados siguen en pie de lucha e invitan a la uni\u00f3n de los pueblos.<\/p>\n<p><a href=\"https:\/\/zapateando.wordpress.com\/2015\/06\/29\/familiares-de-desaparecidos-unen-su-lucha-con-organizaciones-indigenas-del-sur-de-veracrz\/\" target=\"_blank\">https:\/\/zapateando.wordpress.com\/2015\/06\/29\/familiares-de-desaparecidos-unen-su-lucha-con-organizaciones-indigenas-del-sur-de-veracrz\/<\/a><\/p>\n","protected":false},"excerpt":{"rendered":"<p>Una delegaci\u00f3n de los padres de los normalistas de Ayotzinapa llegaron a la Sierra de Santa Martha en Veracruz para dejar su experiencia y solidarizarse con la construcci\u00f3n y las &hellip; <a href=\"https:\/\/www.grieta.org.mx\/index.php\/2015\/06\/29\/familiares-de-desaparecidos-unen-su-lucha-con-organizaciones-indigenas-del-sur-de-veracruz\/\" class=\"more-link\">Leer m\u00e1s<\/a><\/p>\n","protected":false},"author":1,"featured_media":21928,"comment_status":"closed","ping_status":"open","sticky":false,"template":"","format":"standard","meta":{"ngg_post_thumbnail":0,"_jetpack_newsletter_access":"","_jetpack_dont_email_post_to_subs":false,"_jetpack_newsletter_tier_id":0,"_jetpack_memberships_contains_paywalled_content":false,"_jetpack_memberships_contains_paid_content":false,"footnotes":""},"categories":[80,257],"tags":[119,229],"class_list":["post-8532","post","type-post","status-publish","format-standard","has-post-thumbnail","hentry","category-cintillo","category-veracruz","tag-ayotzinapa","tag-solidaridad-con-ayotzinapa","entry"],"jetpack_featured_media_url":"https:\/\/www.grieta.org.mx\/wp-content\/uploads\/2018\/03\/14524434_1106112876131411_958039263622046936_o.jpg","jetpack_sharing_enabled":true,"jetpack_shortlink":"https:\/\/wp.me\/p7ZJR4-2dC","jetpack_likes_enabled":false,"jetpack-related-posts":[{"id":8525,"url":"https:\/\/www.grieta.org.mx\/index.php\/2015\/07\/03\/movilizaciones-por-ayotzinapa-en-veracruz\/","url_meta":{"origin":8532,"position":0},"title":"Movilizaciones por Ayotzinapa en Veracruz","author":"Admin","date":"3 julio, 2015","format":false,"excerpt":"03\/07\/15. Visita comitiva de los padres de los 43 Desaparecidos y 3 Asesinados Sierras de Veracruz y Oaxaca Zapateando 29\/06\/15. Familiares de desaparecidos unen su lucha con organizaciones ind\u00edgenas del sur de Veracruz Zapateando","rel":"","context":"En &quot;Desaparecidos&quot;","block_context":{"text":"Desaparecidos","link":"https:\/\/www.grieta.org.mx\/index.php\/category\/temas-nacionales\/desaparecidos\/"},"img":{"alt_text":"","src":"https:\/\/i0.wp.com\/www.grieta.org.mx\/wp-content\/uploads\/2018\/03\/14524434_1106112876131411_958039263622046936_o.jpg?resize=350%2C200&ssl=1","width":350,"height":200,"srcset":"https:\/\/i0.wp.com\/www.grieta.org.mx\/wp-content\/uploads\/2018\/03\/14524434_1106112876131411_958039263622046936_o.jpg?resize=350%2C200&ssl=1 1x, https:\/\/i0.wp.com\/www.grieta.org.mx\/wp-content\/uploads\/2018\/03\/14524434_1106112876131411_958039263622046936_o.jpg?resize=525%2C300&ssl=1 1.5x, https:\/\/i0.wp.com\/www.grieta.org.mx\/wp-content\/uploads\/2018\/03\/14524434_1106112876131411_958039263622046936_o.jpg?resize=700%2C400&ssl=1 2x"},"classes":[]},{"id":397,"url":"https:\/\/www.grieta.org.mx\/index.php\/2015\/08\/06\/familiares-de-los-desaparecidos-de-ayotzinapa-visitan-pueblos-en-resistencia-en-el-edomex\/","url_meta":{"origin":8532,"position":1},"title":"Familiares de los desaparecidos de Ayotzinapa visitan pueblos en resistencia en el Edomex","author":"grieta","date":"6 agosto, 2015","format":false,"excerpt":"06\/08\/15. Marchan padres de los 43 normalistas en AtencoHoy Estado de M\u00e9xico 29\/07\/15. Ayotzinapa con pueblos originarios del Estado de M\u00e9xico: \u00abLa \u00fanica lucha que se pierde es la que se abandona\u00bbSubversiones 25\/07\/15. Palabra del Movimiento por la Libertad Defensores del Agua y la Vida de San Pedro #TlanixcoKomanilel","rel":"","context":"En &quot;Estado de M\u00e9xico&quot;","block_context":{"text":"Estado de M\u00e9xico","link":"https:\/\/www.grieta.org.mx\/index.php\/category\/noticias-nacionales\/estado-de-mexico\/"},"img":{"alt_text":"","src":"https:\/\/i0.wp.com\/www.grieta.org.mx\/wp-content\/uploads\/2018\/03\/14524434_1106112876131411_958039263622046936_o.jpg?resize=350%2C200&ssl=1","width":350,"height":200,"srcset":"https:\/\/i0.wp.com\/www.grieta.org.mx\/wp-content\/uploads\/2018\/03\/14524434_1106112876131411_958039263622046936_o.jpg?resize=350%2C200&ssl=1 1x, https:\/\/i0.wp.com\/www.grieta.org.mx\/wp-content\/uploads\/2018\/03\/14524434_1106112876131411_958039263622046936_o.jpg?resize=525%2C300&ssl=1 1.5x, https:\/\/i0.wp.com\/www.grieta.org.mx\/wp-content\/uploads\/2018\/03\/14524434_1106112876131411_958039263622046936_o.jpg?resize=700%2C400&ssl=1 2x"},"classes":[]},{"id":5690,"url":"https:\/\/www.grieta.org.mx\/index.php\/2015\/03\/28\/pueblos-indigenas-del-cni-en-jalisco-reciben-a-normalistas-y-madres-de-los-desaparecidos-de-ayotzinapa\/","url_meta":{"origin":8532,"position":2},"title":"Pueblos Ind\u00edgenas del CNI en Jalisco reciben a normalistas y madres de los desaparecidos de Ayotzinapa.","author":"grieta","date":"28 marzo, 2015","format":false,"excerpt":"28\/03\/15. Las madres del los 43 en Ayotitl\u00e1n, Jalisco.Radio Zapote 25\/03\/15. Familiares de normalistas de Ayotzinapa recorren Jalisco M\u00e1s por m\u00e1s GDL-Cr\u00f3nica de Sociales 23\/03\/15. Normalistas y madres de Ayotzinapa marchar\u00e1n en\u00a0GuadalajaraRevista N\u00f3mada","rel":"","context":"En &quot;Jalisco&quot;","block_context":{"text":"Jalisco","link":"https:\/\/www.grieta.org.mx\/index.php\/category\/noticias-nacionales\/jalisco\/"},"img":{"alt_text":"","src":"https:\/\/i0.wp.com\/www.grieta.org.mx\/wp-content\/uploads\/2018\/03\/14524434_1106112876131411_958039263622046936_o.jpg?resize=350%2C200&ssl=1","width":350,"height":200,"srcset":"https:\/\/i0.wp.com\/www.grieta.org.mx\/wp-content\/uploads\/2018\/03\/14524434_1106112876131411_958039263622046936_o.jpg?resize=350%2C200&ssl=1 1x, https:\/\/i0.wp.com\/www.grieta.org.mx\/wp-content\/uploads\/2018\/03\/14524434_1106112876131411_958039263622046936_o.jpg?resize=525%2C300&ssl=1 1.5x, https:\/\/i0.wp.com\/www.grieta.org.mx\/wp-content\/uploads\/2018\/03\/14524434_1106112876131411_958039263622046936_o.jpg?resize=700%2C400&ssl=1 2x"},"classes":[]},{"id":9729,"url":"https:\/\/www.grieta.org.mx\/index.php\/2015\/04\/26\/realizan-en-reforma-evento-cultural-voces-por-ayotzinapa\/","url_meta":{"origin":8532,"position":3},"title":"Realizan en Reforma evento cultural \u201cVoces por Ayotzinapa\u201d","author":"grieta","date":"26 abril, 2015","format":false,"excerpt":"El Universal En el evento participaron grupos musicales, escritores y representantes de la sociedad civil para recordar los hechos que se registraron hace siete meses En apoyo a los padres de familia de los 43 estudiantes desaparecidos de Iguala, Guerrero, se llev\u00f3 a cabo este domingo el evento cultural \"Voces\u2026","rel":"","context":"En &quot;CINTILLO&quot;","block_context":{"text":"CINTILLO","link":"https:\/\/www.grieta.org.mx\/index.php\/category\/cintillo\/"},"img":{"alt_text":"","src":"https:\/\/i0.wp.com\/www.grieta.org.mx\/wp-content\/uploads\/2018\/03\/14524434_1106112876131411_958039263622046936_o.jpg?resize=350%2C200&ssl=1","width":350,"height":200,"srcset":"https:\/\/i0.wp.com\/www.grieta.org.mx\/wp-content\/uploads\/2018\/03\/14524434_1106112876131411_958039263622046936_o.jpg?resize=350%2C200&ssl=1 1x, https:\/\/i0.wp.com\/www.grieta.org.mx\/wp-content\/uploads\/2018\/03\/14524434_1106112876131411_958039263622046936_o.jpg?resize=525%2C300&ssl=1 1.5x, https:\/\/i0.wp.com\/www.grieta.org.mx\/wp-content\/uploads\/2018\/03\/14524434_1106112876131411_958039263622046936_o.jpg?resize=700%2C400&ssl=1 2x"},"classes":[]},{"id":857,"url":"https:\/\/www.grieta.org.mx\/index.php\/2015\/06\/22\/caravana-de-familiares-de-ayotzinapa-digna-lucha-por-la-justicia\/","url_meta":{"origin":8532,"position":4},"title":"Caravana de familiares de Ayotzinapa: digna lucha por la justicia","author":"grieta","date":"22 junio, 2015","format":false,"excerpt":"La tarde de este 22 de junio fue la \u00faltima actividad que la caravana de madres y padres de Ayotzinapa realizaron en el estado de Yucat\u00e1n. La cita fue en la Escuela de Agricultura Ecol\u00f3gica de Man\u00ed \u201cU Yits Ka\u00b4an\u201d. Fue un di\u00e1logo con compa\u00f1eros y compa\u00f1eras de las comunidades\u2026","rel":"","context":"En &quot;CINTILLO&quot;","block_context":{"text":"CINTILLO","link":"https:\/\/www.grieta.org.mx\/index.php\/category\/cintillo\/"},"img":{"alt_text":"","src":"https:\/\/i0.wp.com\/www.grieta.org.mx\/wp-content\/uploads\/2018\/03\/14524434_1106112876131411_958039263622046936_o.jpg?resize=350%2C200&ssl=1","width":350,"height":200,"srcset":"https:\/\/i0.wp.com\/www.grieta.org.mx\/wp-content\/uploads\/2018\/03\/14524434_1106112876131411_958039263622046936_o.jpg?resize=350%2C200&ssl=1 1x, https:\/\/i0.wp.com\/www.grieta.org.mx\/wp-content\/uploads\/2018\/03\/14524434_1106112876131411_958039263622046936_o.jpg?resize=525%2C300&ssl=1 1.5x, https:\/\/i0.wp.com\/www.grieta.org.mx\/wp-content\/uploads\/2018\/03\/14524434_1106112876131411_958039263622046936_o.jpg?resize=700%2C400&ssl=1 2x"},"classes":[]},{"id":8526,"url":"https:\/\/www.grieta.org.mx\/index.php\/2015\/07\/03\/visita-comitiva-de-los-padres-de-los-43-desaparecidos-y-3-asesinados-sierras-de-veracruz-y-oaxaca\/","url_meta":{"origin":8532,"position":5},"title":"Visita comitiva de los padres de los 43 Desaparecidos y 3 Asesinados Sierras de Veracruz y Oaxaca","author":"Admin","date":"3 julio, 2015","format":false,"excerpt":"Una comitiva de los padres de los 43 Normalistas de Ayotzinapa que formada por Bertha Nava Mart\u00ednez, Tom\u00e1s Ram\u00edrez y Cristina Bautista, as\u00ed como el estudiante Omar Garc\u00eda, llegan la sierra de Santa Marta en Veracruz y a la sierra Chinanteca en Oaxaca, procedentes de Campeche y las comunidades ind\u00edgenas\u2026","rel":"","context":"En &quot;CINTILLO&quot;","block_context":{"text":"CINTILLO","link":"https:\/\/www.grieta.org.mx\/index.php\/category\/cintillo\/"},"img":{"alt_text":"","src":"https:\/\/i0.wp.com\/www.grieta.org.mx\/wp-content\/uploads\/2018\/03\/14524434_1106112876131411_958039263622046936_o.jpg?resize=350%2C200&ssl=1","width":350,"height":200,"srcset":"https:\/\/i0.wp.com\/www.grieta.org.mx\/wp-content\/uploads\/2018\/03\/14524434_1106112876131411_958039263622046936_o.jpg?resize=350%2C200&ssl=1 1x, https:\/\/i0.wp.com\/www.grieta.org.mx\/wp-content\/uploads\/2018\/03\/14524434_1106112876131411_958039263622046936_o.jpg?resize=525%2C300&ssl=1 1.5x, https:\/\/i0.wp.com\/www.grieta.org.mx\/wp-content\/uploads\/2018\/03\/14524434_1106112876131411_958039263622046936_o.jpg?resize=700%2C400&ssl=1 2x"},"classes":[]}],"_links":{"self":[{"href":"https:\/\/www.grieta.org.mx\/index.php\/wp-json\/wp\/v2\/posts\/8532","targetHints":{"allow":["GET"]}}],"collection":[{"href":"https:\/\/www.grieta.org.mx\/index.php\/wp-json\/wp\/v2\/posts"}],"about":[{"href":"https:\/\/www.grieta.org.mx\/index.php\/wp-json\/wp\/v2\/types\/post"}],"author":[{"embeddable":true,"href":"https:\/\/www.grieta.org.mx\/index.php\/wp-json\/wp\/v2\/users\/1"}],"replies":[{"embeddable":true,"href":"https:\/\/www.grieta.org.mx\/index.php\/wp-json\/wp\/v2\/comments?post=8532"}],"version-history":[{"count":1,"href":"https:\/\/www.grieta.org.mx\/index.php\/wp-json\/wp\/v2\/posts\/8532\/revisions"}],"predecessor-version":[{"id":8535,"href":"https:\/\/www.grieta.org.mx\/index.php\/wp-json\/wp\/v2\/posts\/8532\/revisions\/8535"}],"wp:featuredmedia":[{"embeddable":true,"href":"https:\/\/www.grieta.org.mx\/index.php\/wp-json\/wp\/v2\/media\/21928"}],"wp:attachment":[{"href":"https:\/\/www.grieta.org.mx\/index.php\/wp-json\/wp\/v2\/media?parent=8532"}],"wp:term":[{"taxonomy":"category","embeddable":true,"href":"https:\/\/www.grieta.org.mx\/index.php\/wp-json\/wp\/v2\/categories?post=8532"},{"taxonomy":"post_tag","embeddable":true,"href":"https:\/\/www.grieta.org.mx\/index.php\/wp-json\/wp\/v2\/tags?post=8532"}],"curies":[{"name":"wp","href":"https:\/\/api.w.org\/{rel}","templated":true}]}}