{"id":852,"date":"2016-02-29T18:45:15","date_gmt":"2016-03-01T00:45:15","guid":{"rendered":"http:\/\/50.22.11.12\/~grietaor\/?p=852"},"modified":"2016-07-10T01:40:32","modified_gmt":"2016-07-10T06:40:32","slug":"oposicion-a-la-presa-las-cruces-en-nayarit","status":"publish","type":"post","link":"https:\/\/www.grieta.org.mx\/index.php\/2016\/02\/29\/oposicion-a-la-presa-las-cruces-en-nayarit\/","title":{"rendered":"Oposici\u00f3n a la presa Las Cruces en Nayarit"},"content":{"rendered":"<p><strong>29\/02\/16. <\/strong><a href=\"http:\/\/www.grieta.org.mx\/index.php\/2016\/02\/29\/se-frena-construccion-de-presa-las-cruces\/\">Se frena construcci\u00f3n de Presa &#8220;Las Cruces&#8221;<\/a><br \/>\n<em><\/em><\/p>\n<p><strong>02\/02\/16. <\/strong><a href=\"http:\/\/grieta.org.mx\/index.php\/2016\/02\/02\/proyecto-hidroelectrico-las-cruces-amenaza-al-humedal-mas-importante-del-pacifico-mexicano\/\"> Proyecto hidroel\u00e9ctrico Las Cruces amenaza al humedal m\u00e1s importante del Pac\u00edfico mexicano<\/a><br \/>\n<em>AIDA<\/em><\/p>\n<p><strong>01\/12\/15. <\/strong><a href=\"http:\/\/grieta.org.mx\/index.php\/2015\/12\/01\/comunidades-de-acaponeta-se-resisten-a-la-expropiacion-de-sus-tierras\/\"> Comunidades de Acaponeta se resisten a la expropiaci\u00f3n de sus tierras<\/a><br \/>\n<em>Nayarit en l\u00ednea<\/em><\/p>\n<p><strong>20\/11\/15. <\/strong><a href=\"http:\/\/grieta.org.mx\/index.php\/2015\/11\/20\/sedatu-expropiara-tierras-para-construir-presa-en-nayarit\/\"> Sedatu expropiar\u00e1 tierras para construir presa en Nayarit<\/a><br \/>\n<em>Sin Embargo<\/em><\/p>\n<p><strong>26\/10\/15. <\/strong><a href=\"http:\/\/grieta.org.mx\/index.php\/2015\/10\/26\/nos-quieren-comprar-para-hacer-las-cruces\/\"> \u201cNos quieren comprar\u201d para hacer Las Cruces<\/a><br \/>\n<em>Sitio de Agust\u00edn Castillo<\/em><\/p>\n<p><strong>10\/08\/15. <\/strong><a href=\"http:\/\/grieta.org.mx\/index.php\/2015\/08\/10\/anuncian-nueva-etapa-en-defensa-del-territorio-wixarika-2\/\"> Anuncian nueva etapa en defensa del territorio wix\u00e1rika<\/a><br \/>\n<em>El Universal<\/em><\/p>\n<p><strong>01\/03\/15. <\/strong><a href=\"http:\/\/grieta.org.mx\/index.php\/2015\/03\/01\/nayarit-registra-tres-quejas-contra-construccion-de-presa-2\/\"> El r\u00edo San Pedro y la naci\u00f3n N\u00e1yeri amenazados por las transnacionales.<\/a><br \/>\n<em>Sin Embargo<\/em><\/p>\n<p><strong>23\/02\/15. <\/strong><a href=\"http:\/\/grieta.org.mx\/index.php\/2015\/02\/23\/el-rio-san-pedro-y-la-nacion-nayeri-amenazados-por-las-transnacionales\/\"> El r\u00edo San Pedro y la naci\u00f3n N\u00e1yeri amenazados por las transnacionales.<\/a><br \/>\n<em>Radio Zapote<\/em><\/p>\n<p><strong>30\/09\/14. <\/strong><a href=\"http:\/\/grieta.org.mx\/index.php\/2014\/09\/30\/los-coras-wirrarikas-mexicaneros-y-la-presa-las-cruces-en-nayarit\/\"> Los Coras, Wirr\u00e1rikas, Mexicaneros y la Presa Las Cruces en Nayarit.<\/a><br \/>\n<em>Hijos de la madre tierra<\/em><\/p>\n<p><strong>06\/08\/14. <\/strong><a href=\"http:\/\/grieta.org.mx\/index.php\/2014\/08\/06\/hidroelectrica-las-cruces-amenaza-comunidades-indigenas-y-area-natural-protegida\/\"> Hidroel\u00e9ctrica Las Cruces amenaza comunidades ind\u00edgenas y \u00c1rea Natural Protegida.<\/a><br \/>\n<em>Contral\u00ednea<\/em><\/p>\n<p><strong>20\/06\/14. <\/strong><a href=\"http:\/\/grieta.org.mx\/index.php\/2014\/06\/20\/presa-las-cruces-amenaza-con-desaparecer-pueblos-indigenas-en-nayarit\/\"> Presa las Cruces amenaza con desaparecer Pueblos Ind\u00edgenas en Nayarit.<\/a><br \/>\n<em>Somos el medio<\/em><\/p>\n","protected":false},"excerpt":{"rendered":"<p>29\/02\/16. Se frena construcci\u00f3n de Presa &#8220;Las Cruces&#8221; 02\/02\/16. Proyecto hidroel\u00e9ctrico Las Cruces amenaza al humedal m\u00e1s importante del Pac\u00edfico mexicano AIDA 01\/12\/15. Comunidades de Acaponeta se resisten a la &hellip; <a href=\"https:\/\/www.grieta.org.mx\/index.php\/2016\/02\/29\/oposicion-a-la-presa-las-cruces-en-nayarit\/\" class=\"more-link\">Leer m\u00e1s<\/a><\/p>\n","protected":false},"author":2,"featured_media":21928,"comment_status":"closed","ping_status":"open","sticky":false,"template":"","format":"standard","meta":{"ngg_post_thumbnail":0,"_jetpack_newsletter_access":"","_jetpack_dont_email_post_to_subs":false,"_jetpack_newsletter_tier_id":0,"_jetpack_memberships_contains_paywalled_content":false,"_jetpack_memberships_contains_paid_content":false,"footnotes":""},"categories":[66,43,80,145,23,38],"tags":[154,155],"class_list":{"0":"post-852","1":"post","2":"type-post","3":"status-publish","4":"format-standard","5":"has-post-thumbnail","6":"hentry","7":"category-22-nayeris","8":"category-areas-naturales-protegidas","9":"category-cintillo","10":"category-nayarit","12":"category-proyectos-hidricos","13":"tag-areas-naturales-protegidas","14":"tag-proyectos-hidricos","15":"entry"},"jetpack_featured_media_url":"https:\/\/www.grieta.org.mx\/wp-content\/uploads\/2018\/03\/14524434_1106112876131411_958039263622046936_o.jpg","jetpack_sharing_enabled":true,"jetpack_shortlink":"https:\/\/wp.me\/p7ZJR4-dK","jetpack_likes_enabled":false,"jetpack-related-posts":[{"id":863,"url":"https:\/\/www.grieta.org.mx\/index.php\/2015\/12\/01\/comunidades-de-acaponeta-se-resisten-a-la-expropiacion-de-sus-tierras\/","url_meta":{"origin":852,"position":0},"title":"Comunidades de Acaponeta se resisten a la expropiaci\u00f3n de sus tierras","author":"grieta","date":"1 diciembre, 2015","format":false,"excerpt":"Denisse Rivera\/ Nayarit en Linea Tepic.- Dos de las cinco localidades que se ver\u00e1n afectadas por la construcci\u00f3n de la presa \u201cLas Cruces\u201d a\u00fan se niegan a aceptar la expropiaci\u00f3n de sus tierras; Saicota y San Blasito, ambos ubicados en Acaponeta, no han aceptado la obra. El Delegado SEDATU Nayarit,\u2026","rel":"","context":"En &quot;CINTILLO&quot;","block_context":{"text":"CINTILLO","link":"https:\/\/www.grieta.org.mx\/index.php\/category\/cintillo\/"},"img":{"alt_text":"","src":"https:\/\/i0.wp.com\/www.grieta.org.mx\/wp-content\/uploads\/2018\/03\/14524434_1106112876131411_958039263622046936_o.jpg?resize=350%2C200&ssl=1","width":350,"height":200,"srcset":"https:\/\/i0.wp.com\/www.grieta.org.mx\/wp-content\/uploads\/2018\/03\/14524434_1106112876131411_958039263622046936_o.jpg?resize=350%2C200&ssl=1 1x, https:\/\/i0.wp.com\/www.grieta.org.mx\/wp-content\/uploads\/2018\/03\/14524434_1106112876131411_958039263622046936_o.jpg?resize=525%2C300&ssl=1 1.5x, https:\/\/i0.wp.com\/www.grieta.org.mx\/wp-content\/uploads\/2018\/03\/14524434_1106112876131411_958039263622046936_o.jpg?resize=700%2C400&ssl=1 2x"},"classes":[]},{"id":3731,"url":"https:\/\/www.grieta.org.mx\/index.php\/2015\/03\/01\/nayarit-registra-tres-quejas-contra-construccion-de-presa-2\/","url_meta":{"origin":852,"position":1},"title":"Nayarit registra tres quejas contra construcci\u00f3n de presa","author":"grieta","date":"1 marzo, 2015","format":false,"excerpt":"Por Redacci\u00f3n \/Sin Embargo Tepic, 1 Mar (Notimex).- El presidente de la Comisi\u00f3n de Defensa de los Derechos Humanos para el Estado de Nayarit (CDDH), Guillermo Huicot Rivas \u00c1lvarez, inform\u00f3 que el organismo recibi\u00f3 tres denuncias de organizaciones civiles e ind\u00edgenas contra la construcci\u00f3n de la Presa Las Cruces. En\u2026","rel":"","context":"En &quot;CINTILLO&quot;","block_context":{"text":"CINTILLO","link":"https:\/\/www.grieta.org.mx\/index.php\/category\/cintillo\/"},"img":{"alt_text":"","src":"https:\/\/i0.wp.com\/www.grieta.org.mx\/wp-content\/uploads\/2018\/03\/14524434_1106112876131411_958039263622046936_o.jpg?resize=350%2C200&ssl=1","width":350,"height":200,"srcset":"https:\/\/i0.wp.com\/www.grieta.org.mx\/wp-content\/uploads\/2018\/03\/14524434_1106112876131411_958039263622046936_o.jpg?resize=350%2C200&ssl=1 1x, https:\/\/i0.wp.com\/www.grieta.org.mx\/wp-content\/uploads\/2018\/03\/14524434_1106112876131411_958039263622046936_o.jpg?resize=525%2C300&ssl=1 1.5x, https:\/\/i0.wp.com\/www.grieta.org.mx\/wp-content\/uploads\/2018\/03\/14524434_1106112876131411_958039263622046936_o.jpg?resize=700%2C400&ssl=1 2x"},"classes":[]},{"id":3740,"url":"https:\/\/www.grieta.org.mx\/index.php\/2014\/06\/20\/presa-las-cruces-amenaza-con-desaparecer-pueblos-indigenas-en-nayarit\/","url_meta":{"origin":852,"position":2},"title":"Presa las Cruces amenaza con desaparecer Pueblos Ind\u00edgenas en Nayarit","author":"grieta","date":"20 junio, 2014","format":false,"excerpt":"Fabiola Guti\u00e9rrez\/Somos el Medio El Consejo Intercomunitario del r\u00edo San Pedro de Nayarit, denunci\u00f3 que la construcci\u00f3n de la presa Las Cruces en el r\u00edo San Pedro, impulsada por la Comisi\u00f3n Federal de Electricidad (CFE), afectar\u00e1 30 mil hect\u00e1reas de manglar, donde se encuentran las lagunas costeras m\u00e1s productivas en\u2026","rel":"","context":"En &quot;CINTILLO&quot;","block_context":{"text":"CINTILLO","link":"https:\/\/www.grieta.org.mx\/index.php\/category\/cintillo\/"},"img":{"alt_text":"","src":"https:\/\/i0.wp.com\/www.grieta.org.mx\/wp-content\/uploads\/2018\/03\/14524434_1106112876131411_958039263622046936_o.jpg?resize=350%2C200&ssl=1","width":350,"height":200,"srcset":"https:\/\/i0.wp.com\/www.grieta.org.mx\/wp-content\/uploads\/2018\/03\/14524434_1106112876131411_958039263622046936_o.jpg?resize=350%2C200&ssl=1 1x, https:\/\/i0.wp.com\/www.grieta.org.mx\/wp-content\/uploads\/2018\/03\/14524434_1106112876131411_958039263622046936_o.jpg?resize=525%2C300&ssl=1 1.5x, https:\/\/i0.wp.com\/www.grieta.org.mx\/wp-content\/uploads\/2018\/03\/14524434_1106112876131411_958039263622046936_o.jpg?resize=700%2C400&ssl=1 2x"},"classes":[]},{"id":3734,"url":"https:\/\/www.grieta.org.mx\/index.php\/2014\/09\/30\/los-coras-wirrarikas-mexicaneros-y-la-presa-las-cruces-en-nayarit\/","url_meta":{"origin":852,"position":3},"title":"Los Coras, Wirr\u00e1rikas, Mexicaneros y la Presa Las Cruces en Nayarit","author":"grieta","date":"30 septiembre, 2014","format":false,"excerpt":"Guadalupe Espinoza Sauceda\/Hijos de la Tierra Lo que se ven\u00eda anunciando, que la presa Las Cruces sobre el r\u00edo San Pedro en Nayarit era inminente su construcci\u00f3n y a pesar de las voces de reclamo y de inconformidad, de la opini\u00f3n de los acad\u00e9micos y de distintos sectores de la\u2026","rel":"","context":"En &quot;CINTILLO&quot;","block_context":{"text":"CINTILLO","link":"https:\/\/www.grieta.org.mx\/index.php\/category\/cintillo\/"},"img":{"alt_text":"","src":"https:\/\/i0.wp.com\/www.grieta.org.mx\/wp-content\/uploads\/2018\/03\/14524434_1106112876131411_958039263622046936_o.jpg?resize=350%2C200&ssl=1","width":350,"height":200,"srcset":"https:\/\/i0.wp.com\/www.grieta.org.mx\/wp-content\/uploads\/2018\/03\/14524434_1106112876131411_958039263622046936_o.jpg?resize=350%2C200&ssl=1 1x, https:\/\/i0.wp.com\/www.grieta.org.mx\/wp-content\/uploads\/2018\/03\/14524434_1106112876131411_958039263622046936_o.jpg?resize=525%2C300&ssl=1 1.5x, https:\/\/i0.wp.com\/www.grieta.org.mx\/wp-content\/uploads\/2018\/03\/14524434_1106112876131411_958039263622046936_o.jpg?resize=700%2C400&ssl=1 2x"},"classes":[]},{"id":1797,"url":"https:\/\/www.grieta.org.mx\/index.php\/2016\/02\/02\/proyecto-hidroelectrico-las-cruces-amenaza-al-humedal-mas-importante-del-pacifico-mexicano\/","url_meta":{"origin":852,"position":4},"title":"Proyecto hidroel\u00e9ctrico Las Cruces amenaza al humedal m\u00e1s importante del Pac\u00edfico mexicano","author":"grieta","date":"2 febrero, 2016","format":false,"excerpt":"Carlos Lic\u00f3n\/AIDA En el D\u00eda Mundial de los Humedales, comunidades ind\u00edgenas piden a Semarnat no seguir autorizando proyectos que est\u00e1n destruyendo los manglares. El proyecto pretende represar el \u00faltimo r\u00edo libre de la regi\u00f3n, y fuente principal de agua dulce del sistema de Marismas Nacionales, por lo que debe ser\u2026","rel":"","context":"En &quot;CINTILLO&quot;","block_context":{"text":"CINTILLO","link":"https:\/\/www.grieta.org.mx\/index.php\/category\/cintillo\/"},"img":{"alt_text":"","src":"https:\/\/i0.wp.com\/www.grieta.org.mx\/wp-content\/uploads\/2018\/03\/14524434_1106112876131411_958039263622046936_o.jpg?resize=350%2C200&ssl=1","width":350,"height":200,"srcset":"https:\/\/i0.wp.com\/www.grieta.org.mx\/wp-content\/uploads\/2018\/03\/14524434_1106112876131411_958039263622046936_o.jpg?resize=350%2C200&ssl=1 1x, https:\/\/i0.wp.com\/www.grieta.org.mx\/wp-content\/uploads\/2018\/03\/14524434_1106112876131411_958039263622046936_o.jpg?resize=525%2C300&ssl=1 1.5x, https:\/\/i0.wp.com\/www.grieta.org.mx\/wp-content\/uploads\/2018\/03\/14524434_1106112876131411_958039263622046936_o.jpg?resize=700%2C400&ssl=1 2x"},"classes":[]},{"id":16378,"url":"https:\/\/www.grieta.org.mx\/index.php\/2016\/02\/29\/se-frena-construccion-de-presa-las-cruces\/","url_meta":{"origin":852,"position":5},"title":"Se frena construcci\u00f3n de Presa &#8220;Las Cruces&#8221;","author":"grieta","date":"29 febrero, 2016","format":false,"excerpt":"Juan Carlos Carvajal\/Partido de los Comunistas Tepic, Nayarit; 29 de febrero de 2016. \u201cLas grillas y los mitotes de algunos actores pol\u00edticos han complicado los grandes proyectos que Nayarit tiene para salir adelante\u201d, dijo el Gobernador Roberto Sandoval, visiblemente molesto a medios de comunicaci\u00f3n, sobre la posible cancelaci\u00f3n, que es\u2026","rel":"","context":"En &quot;CINTILLO&quot;","block_context":{"text":"CINTILLO","link":"https:\/\/www.grieta.org.mx\/index.php\/category\/cintillo\/"},"img":{"alt_text":"","src":"https:\/\/i0.wp.com\/www.grieta.org.mx\/wp-content\/uploads\/2018\/03\/14524434_1106112876131411_958039263622046936_o.jpg?resize=350%2C200&ssl=1","width":350,"height":200,"srcset":"https:\/\/i0.wp.com\/www.grieta.org.mx\/wp-content\/uploads\/2018\/03\/14524434_1106112876131411_958039263622046936_o.jpg?resize=350%2C200&ssl=1 1x, https:\/\/i0.wp.com\/www.grieta.org.mx\/wp-content\/uploads\/2018\/03\/14524434_1106112876131411_958039263622046936_o.jpg?resize=525%2C300&ssl=1 1.5x, https:\/\/i0.wp.com\/www.grieta.org.mx\/wp-content\/uploads\/2018\/03\/14524434_1106112876131411_958039263622046936_o.jpg?resize=700%2C400&ssl=1 2x"},"classes":[]}],"_links":{"self":[{"href":"https:\/\/www.grieta.org.mx\/index.php\/wp-json\/wp\/v2\/posts\/852","targetHints":{"allow":["GET"]}}],"collection":[{"href":"https:\/\/www.grieta.org.mx\/index.php\/wp-json\/wp\/v2\/posts"}],"about":[{"href":"https:\/\/www.grieta.org.mx\/index.php\/wp-json\/wp\/v2\/types\/post"}],"author":[{"embeddable":true,"href":"https:\/\/www.grieta.org.mx\/index.php\/wp-json\/wp\/v2\/users\/2"}],"replies":[{"embeddable":true,"href":"https:\/\/www.grieta.org.mx\/index.php\/wp-json\/wp\/v2\/comments?post=852"}],"version-history":[{"count":1,"href":"https:\/\/www.grieta.org.mx\/index.php\/wp-json\/wp\/v2\/posts\/852\/revisions"}],"predecessor-version":[{"id":16381,"href":"https:\/\/www.grieta.org.mx\/index.php\/wp-json\/wp\/v2\/posts\/852\/revisions\/16381"}],"wp:featuredmedia":[{"embeddable":true,"href":"https:\/\/www.grieta.org.mx\/index.php\/wp-json\/wp\/v2\/media\/21928"}],"wp:attachment":[{"href":"https:\/\/www.grieta.org.mx\/index.php\/wp-json\/wp\/v2\/media?parent=852"}],"wp:term":[{"taxonomy":"category","embeddable":true,"href":"https:\/\/www.grieta.org.mx\/index.php\/wp-json\/wp\/v2\/categories?post=852"},{"taxonomy":"post_tag","embeddable":true,"href":"https:\/\/www.grieta.org.mx\/index.php\/wp-json\/wp\/v2\/tags?post=852"}],"curies":[{"name":"wp","href":"https:\/\/api.w.org\/{rel}","templated":true}]}}