{"id":8480,"date":"2015-05-21T20:20:08","date_gmt":"2015-05-21T20:20:08","guid":{"rendered":"http:\/\/50.22.11.12\/~grietaor\/?p=8480"},"modified":"2018-09-27T00:31:43","modified_gmt":"2018-09-27T05:31:43","slug":"trabajadores-de-la-universidad-autonoma-de-morelos-inician-paro","status":"publish","type":"post","link":"https:\/\/www.grieta.org.mx\/index.php\/2015\/05\/21\/trabajadores-de-la-universidad-autonoma-de-morelos-inician-paro\/","title":{"rendered":"Trabajadores de la Universidad Aut\u00f3noma de Morelos inician paro"},"content":{"rendered":"<p>El Financiero<\/p>\n<p>&nbsp;<\/p>\n<p>Edmundo Salgado\/Corresponsal<\/p>\n<p>CUERNAVACA. M\u00e1s de 40 mil estudiantes universitarios se quedaron sin clases a partir de la ma\u00f1ana de este jueves, debido al paro laboral impulsado los dos sindicatos que existen en la Universidad Aut\u00f3noma del Estado de Morelos (UAEM).<\/p>\n<p>El paro, apoyado por el Sindicato de Trabajadores Administrativos y del Sindicato Independiente de Acad\u00e9micos, se debe a que la Junta de Gobierno de la UAEM cancel\u00f3 los pagos a maestros jubilados y pensionados como medida de austeridad ante el recorte al presupuesto de la universidad de Morelos por parte del gobierno federal.<\/p>\n<p>Desde la seis de la ma\u00f1ana, en todos los campus de la m\u00e1xima casa de estudios ubicados en Cuernavaca, Jonacatepec, Tetela del Volc\u00e1n, Jojutla y otros municipios m\u00e1s, se colocaron las banderas roji negras y autobuses en los accesos a dichas instalaciones para cerrar las puertas y evitar el paso de los estudiantes.<\/p>\n<p>En d\u00edas pasados se inform\u00f3 que son m\u00e1s de 500 trabajadores jubilados que se ver\u00e1n afectados, si se concreta lo establecido en el oficio DP\/705\/2015 en el que la Direcci\u00f3n de Personal de la UAEM.<\/p>\n<p>En el documento informa que a partir del 3 de junio, los trabajadores jubilados dejar\u00e1n de recibir su dinero, adem\u00e1s de que se suspenden pagos y prestaciones consagradas en las cl\u00e1usulas 86 y 87 de su Contrato Colectivo de Trabajo.<\/p>\n<p>Es por ello que los dos sindicatos determinaron proteger a los maestros jubilados y presionar a las autoridades de la m\u00e1xima casa de estudios para no llevar a cabo la suspensi\u00f3n de los pagos.<\/p>\n<p>De acuerdo con el secretario general del Sindicato Independiente de Acad\u00e9micos, Mario Cort\u00e9s Montes, esta suspensi\u00f3n de pago viola el contrato colectivo de trabajo por lo que se podr\u00eda integrar el emplazamiento a huelga en contra de la UAEM, procedimiento que se realizar\u00e1 ante la Junta Local de Conciliaci\u00f3n y Arbitraje.<\/p>\n<p>Mientras tanto, se\u00f1al\u00f3 que el paro ser\u00e1 de forma indefinida hasta que sean atendidos por el rector de la universidad, Alejandro Vera Jim\u00e9nez.<\/p>\n<p><a class=\"autohyperlink\" title=\"http:\/\/www.elfinanciero.com.mx\/nacional\/trabajadores-de-la-universidad-autonoma.html\" href=\"http:\/\/www.elfinanciero.com.mx\/nacional\/trabajadores-de-la-universidad-autonoma.html\" target=\"_blank\">www.elfinanciero.com.mx\/nacional\/trabajadores-de-la-universidad-autonoma.html<\/a><\/p>\n","protected":false},"excerpt":{"rendered":"<p>El Financiero &nbsp; Edmundo Salgado\/Corresponsal CUERNAVACA. M\u00e1s de 40 mil estudiantes universitarios se quedaron sin clases a partir de la ma\u00f1ana de este jueves, debido al paro laboral impulsado los &hellip; <a href=\"https:\/\/www.grieta.org.mx\/index.php\/2015\/05\/21\/trabajadores-de-la-universidad-autonoma-de-morelos-inician-paro\/\" class=\"more-link\">Leer m\u00e1s<\/a><\/p>\n","protected":false},"author":2,"featured_media":21928,"comment_status":"closed","ping_status":"open","sticky":false,"template":"","format":"standard","meta":{"ngg_post_thumbnail":0,"_jetpack_newsletter_access":"","_jetpack_dont_email_post_to_subs":false,"_jetpack_newsletter_tier_id":0,"_jetpack_memberships_contains_paywalled_content":false,"_jetpack_memberships_contains_paid_content":false,"footnotes":""},"categories":[80,22,482,1774,2],"tags":[113,494],"class_list":{"0":"post-8480","1":"post","2":"type-post","3":"status-publish","4":"format-standard","5":"has-post-thumbnail","6":"hentry","7":"category-cintillo","8":"category-morelos","10":"category-movilizaciones-de-la-uaem","11":"category-noticias-nacionales","12":"tag-conflictos-laborales","13":"tag-universidad-autonoma-del-estado-de-morelos","14":"entry"},"jetpack_featured_media_url":"https:\/\/www.grieta.org.mx\/wp-content\/uploads\/2018\/03\/14524434_1106112876131411_958039263622046936_o.jpg","jetpack_sharing_enabled":true,"jetpack_shortlink":"https:\/\/wp.me\/p7ZJR4-2cM","jetpack_likes_enabled":false,"jetpack-related-posts":[{"id":8421,"url":"https:\/\/www.grieta.org.mx\/index.php\/2016\/02\/14\/movilizaciones-de-la-uaem\/","url_meta":{"origin":8480,"position":0},"title":"Movilizaciones de la UAEM","author":"grieta","date":"14 febrero, 2016","format":false,"excerpt":"09\/02\/16. Se suma la APPM al plant\u00f3n de la UAEM Morelos Diario 09\/02\/16. Consejo Universitario de UAEM exige a Graco Ram\u00edrez cumpla las demandas La Jornada 04\/02\/16. \u00bfCu\u00e1les son las exigencias de la Uaem? Aqu\u00ed los 13 puntos Morelos Diario 08\/07\/15. Estudiantes de la UAEM pasan la noche en el\u2026","rel":"","context":"En &quot;Morelos&quot;","block_context":{"text":"Morelos","link":"https:\/\/www.grieta.org.mx\/index.php\/category\/noticias-nacionales\/morelos\/"},"img":{"alt_text":"","src":"https:\/\/i0.wp.com\/www.grieta.org.mx\/wp-content\/uploads\/2018\/03\/14524434_1106112876131411_958039263622046936_o.jpg?resize=350%2C200&ssl=1","width":350,"height":200,"srcset":"https:\/\/i0.wp.com\/www.grieta.org.mx\/wp-content\/uploads\/2018\/03\/14524434_1106112876131411_958039263622046936_o.jpg?resize=350%2C200&ssl=1 1x, https:\/\/i0.wp.com\/www.grieta.org.mx\/wp-content\/uploads\/2018\/03\/14524434_1106112876131411_958039263622046936_o.jpg?resize=525%2C300&ssl=1 1.5x, https:\/\/i0.wp.com\/www.grieta.org.mx\/wp-content\/uploads\/2018\/03\/14524434_1106112876131411_958039263622046936_o.jpg?resize=700%2C400&ssl=1 2x"},"classes":[]},{"id":26769,"url":"https:\/\/www.grieta.org.mx\/index.php\/2018\/09\/24\/la-uaem-cumple-cinco-dias-en-huelga-por-insolvencia-economica\/","url_meta":{"origin":8480,"position":1},"title":"La UAEM cumple cinco d\u00edas en huelga por insolvencia econ\u00f3mica","author":"grieta","date":"24 septiembre, 2018","format":false,"excerpt":"Jaime Luis Brito \/ Proceso El sindicato de la universidad exige que se blinde el pago de salarios hasta diciembre. CUERNAVACA, Mor. (apro).- La Universidad Aut\u00f3noma del Estado de Morelos (UAEM) cumpli\u00f3 cinco d\u00edas en huelga debido a la insolvencia econ\u00f3mica, que ha impedido el pago de la segunda catorcena\u2026","rel":"","context":"En &quot;CINTILLO&quot;","block_context":{"text":"CINTILLO","link":"https:\/\/www.grieta.org.mx\/index.php\/category\/cintillo\/"},"img":{"alt_text":"","src":"https:\/\/i0.wp.com\/www.grieta.org.mx\/wp-content\/uploads\/2018\/09\/uaem-huelga.jpg?resize=350%2C200&ssl=1","width":350,"height":200,"srcset":"https:\/\/i0.wp.com\/www.grieta.org.mx\/wp-content\/uploads\/2018\/09\/uaem-huelga.jpg?resize=350%2C200&ssl=1 1x, https:\/\/i0.wp.com\/www.grieta.org.mx\/wp-content\/uploads\/2018\/09\/uaem-huelga.jpg?resize=525%2C300&ssl=1 1.5x, https:\/\/i0.wp.com\/www.grieta.org.mx\/wp-content\/uploads\/2018\/09\/uaem-huelga.jpg?resize=700%2C400&ssl=1 2x, https:\/\/i0.wp.com\/www.grieta.org.mx\/wp-content\/uploads\/2018\/09\/uaem-huelga.jpg?resize=1050%2C600&ssl=1 3x"},"classes":[]},{"id":8441,"url":"https:\/\/www.grieta.org.mx\/index.php\/2016\/02\/09\/consejo-universitario-de-uaem-exige-a-graco-ramirez-cumpla-las-demandas\/","url_meta":{"origin":8480,"position":2},"title":"Consejo Universitario de UAEM exige a Graco Ram\u00edrez cumpla las demandas","author":"grieta","date":"9 febrero, 2016","format":false,"excerpt":"La Jornada El Consejo Universitario se reuni\u00f3 esta ma\u00f1ana en la explanada del Z\u00f3calo de la ciudad y se declar\u00f3 en sesi\u00f3n permanente, en espera de que el gobierno de Graco Ram\u00edrez cumpla con la entrega de recursos econ\u00f3micos que le corresponden a la casa de estudios, y que el\u2026","rel":"","context":"En &quot;CINTILLO&quot;","block_context":{"text":"CINTILLO","link":"https:\/\/www.grieta.org.mx\/index.php\/category\/cintillo\/"},"img":{"alt_text":"","src":"https:\/\/i0.wp.com\/www.grieta.org.mx\/wp-content\/uploads\/2018\/03\/14524434_1106112876131411_958039263622046936_o.jpg?resize=350%2C200&ssl=1","width":350,"height":200,"srcset":"https:\/\/i0.wp.com\/www.grieta.org.mx\/wp-content\/uploads\/2018\/03\/14524434_1106112876131411_958039263622046936_o.jpg?resize=350%2C200&ssl=1 1x, https:\/\/i0.wp.com\/www.grieta.org.mx\/wp-content\/uploads\/2018\/03\/14524434_1106112876131411_958039263622046936_o.jpg?resize=525%2C300&ssl=1 1.5x, https:\/\/i0.wp.com\/www.grieta.org.mx\/wp-content\/uploads\/2018\/03\/14524434_1106112876131411_958039263622046936_o.jpg?resize=700%2C400&ssl=1 2x"},"classes":[]},{"id":27916,"url":"https:\/\/www.grieta.org.mx\/index.php\/2018\/12\/18\/bloquean-trabajadores-de-la-uaem-accesos-a-cuernavaca\/","url_meta":{"origin":8480,"position":3},"title":"Bloquean trabajadores de la UAEM accesos a Cuernavaca","author":"grieta","date":"18 diciembre, 2018","format":false,"excerpt":"Estrella Pedroza \/ Aristegui Noticias Los trabajadores del Sindicato Administrativo de la Universidad Aut\u00f3noma del Estado de Morelos (UAEM) bloquearon los principales accesos a Cuernavaca en v\u00edas internas y en el Paso Expr\u00e9s, al norte y al sur de la ciudad, para exigir el pago de sus salarios atrasados y\u2026","rel":"","context":"En &quot;CINTILLO&quot;","block_context":{"text":"CINTILLO","link":"https:\/\/www.grieta.org.mx\/index.php\/category\/cintillo\/"},"img":{"alt_text":"","src":"https:\/\/i0.wp.com\/www.grieta.org.mx\/wp-content\/uploads\/2018\/12\/cuernavaca1812-768x350.jpg?resize=350%2C200&ssl=1","width":350,"height":200,"srcset":"https:\/\/i0.wp.com\/www.grieta.org.mx\/wp-content\/uploads\/2018\/12\/cuernavaca1812-768x350.jpg?resize=350%2C200&ssl=1 1x, https:\/\/i0.wp.com\/www.grieta.org.mx\/wp-content\/uploads\/2018\/12\/cuernavaca1812-768x350.jpg?resize=525%2C300&ssl=1 1.5x, https:\/\/i0.wp.com\/www.grieta.org.mx\/wp-content\/uploads\/2018\/12\/cuernavaca1812-768x350.jpg?resize=700%2C400&ssl=1 2x"},"classes":[]},{"id":72528,"url":"https:\/\/www.grieta.org.mx\/index.php\/2026\/03\/09\/incursion-militar-en-la-uaem-morelos-durante-paro-estudiantil-por-feminicidios\/","url_meta":{"origin":8480,"position":4},"title":"Incursi\u00f3n militar en la UAEM (Morelos) durante paro estudiantil por feminicidios","author":"Admin","date":"9 marzo, 2026","format":false,"excerpt":"Colectivo Grieta 9 de marzo de 2026 El d\u00eda de ayer, 8 de marzo de 2026, un veh\u00edculo del Ejercito mexicano y una patrulla de la Guardia Nacional ingresaron al Campus Chamilpa en Cuernavaca de la Universidad Aut\u00f3noma del Estado de Morelos (UAEM). Al acercarse al punto de guardia que\u2026","rel":"","context":"En &quot;CINTILLO&quot;","block_context":{"text":"CINTILLO","link":"https:\/\/www.grieta.org.mx\/index.php\/category\/cintillo\/"},"img":{"alt_text":"","src":"https:\/\/i0.wp.com\/www.grieta.org.mx\/wp-content\/uploads\/2026\/03\/WhatsApp-Image-2026-03-09-at-00.16.13.jpg?resize=350%2C200&ssl=1","width":350,"height":200,"srcset":"https:\/\/i0.wp.com\/www.grieta.org.mx\/wp-content\/uploads\/2026\/03\/WhatsApp-Image-2026-03-09-at-00.16.13.jpg?resize=350%2C200&ssl=1 1x, https:\/\/i0.wp.com\/www.grieta.org.mx\/wp-content\/uploads\/2026\/03\/WhatsApp-Image-2026-03-09-at-00.16.13.jpg?resize=525%2C300&ssl=1 1.5x, https:\/\/i0.wp.com\/www.grieta.org.mx\/wp-content\/uploads\/2026\/03\/WhatsApp-Image-2026-03-09-at-00.16.13.jpg?resize=700%2C400&ssl=1 2x"},"classes":[]},{"id":8458,"url":"https:\/\/www.grieta.org.mx\/index.php\/2015\/07\/08\/estudiantes-de-la-uaem-pasan-la-noche-en-el-congreso-de-morelos\/","url_meta":{"origin":8480,"position":5},"title":"Estudiantes de la UAEM pasan la noche en el Congreso de Morelos","author":"grieta","date":"8 julio, 2015","format":false,"excerpt":"El Financiero Edmundo Salgado Aunque diputados pidieron al rector de la UAEM desalojen las instalaciones, s\u00f3lo se retiraron la mayor\u00eda de los manifestantes y se quedaron unas 100 personas, entre maestros, alumnos, directivos, as\u00ed como el l\u00edder del Movimiento por la Paz con Justicia y Dignidad, Javier Sicilia. CUERNAVACA. Tras\u2026","rel":"","context":"En &quot;CINTILLO&quot;","block_context":{"text":"CINTILLO","link":"https:\/\/www.grieta.org.mx\/index.php\/category\/cintillo\/"},"img":{"alt_text":"","src":"https:\/\/i0.wp.com\/www.grieta.org.mx\/wp-content\/uploads\/2018\/03\/14524434_1106112876131411_958039263622046936_o.jpg?resize=350%2C200&ssl=1","width":350,"height":200,"srcset":"https:\/\/i0.wp.com\/www.grieta.org.mx\/wp-content\/uploads\/2018\/03\/14524434_1106112876131411_958039263622046936_o.jpg?resize=350%2C200&ssl=1 1x, https:\/\/i0.wp.com\/www.grieta.org.mx\/wp-content\/uploads\/2018\/03\/14524434_1106112876131411_958039263622046936_o.jpg?resize=525%2C300&ssl=1 1.5x, https:\/\/i0.wp.com\/www.grieta.org.mx\/wp-content\/uploads\/2018\/03\/14524434_1106112876131411_958039263622046936_o.jpg?resize=700%2C400&ssl=1 2x"},"classes":[]}],"_links":{"self":[{"href":"https:\/\/www.grieta.org.mx\/index.php\/wp-json\/wp\/v2\/posts\/8480","targetHints":{"allow":["GET"]}}],"collection":[{"href":"https:\/\/www.grieta.org.mx\/index.php\/wp-json\/wp\/v2\/posts"}],"about":[{"href":"https:\/\/www.grieta.org.mx\/index.php\/wp-json\/wp\/v2\/types\/post"}],"author":[{"embeddable":true,"href":"https:\/\/www.grieta.org.mx\/index.php\/wp-json\/wp\/v2\/users\/2"}],"replies":[{"embeddable":true,"href":"https:\/\/www.grieta.org.mx\/index.php\/wp-json\/wp\/v2\/comments?post=8480"}],"version-history":[{"count":1,"href":"https:\/\/www.grieta.org.mx\/index.php\/wp-json\/wp\/v2\/posts\/8480\/revisions"}],"predecessor-version":[{"id":8528,"href":"https:\/\/www.grieta.org.mx\/index.php\/wp-json\/wp\/v2\/posts\/8480\/revisions\/8528"}],"wp:featuredmedia":[{"embeddable":true,"href":"https:\/\/www.grieta.org.mx\/index.php\/wp-json\/wp\/v2\/media\/21928"}],"wp:attachment":[{"href":"https:\/\/www.grieta.org.mx\/index.php\/wp-json\/wp\/v2\/media?parent=8480"}],"wp:term":[{"taxonomy":"category","embeddable":true,"href":"https:\/\/www.grieta.org.mx\/index.php\/wp-json\/wp\/v2\/categories?post=8480"},{"taxonomy":"post_tag","embeddable":true,"href":"https:\/\/www.grieta.org.mx\/index.php\/wp-json\/wp\/v2\/tags?post=8480"}],"curies":[{"name":"wp","href":"https:\/\/api.w.org\/{rel}","templated":true}]}}