{"id":847,"date":"2015-06-25T18:35:57","date_gmt":"2015-06-25T18:35:57","guid":{"rendered":"http:\/\/50.22.11.12\/~grietaor\/?p=847"},"modified":"2016-03-02T18:41:27","modified_gmt":"2016-03-02T18:41:27","slug":"la-voz-de-justicia-de-ayotzinapa-llega-a-campeche","status":"publish","type":"post","link":"https:\/\/www.grieta.org.mx\/index.php\/2015\/06\/25\/la-voz-de-justicia-de-ayotzinapa-llega-a-campeche\/","title":{"rendered":"La voz de justicia de Ayotzinapa llega a Campeche"},"content":{"rendered":"<p>Por Kaos. M\u00e9xico<br \/>\nLa Caravana de madres y padres de Ayotzinapa recorri\u00f3 en d\u00edas pasados los estados de Quintana Roo y Yucat\u00e1n, acompa\u00f1ados por el Congreso Nacional Ind\u00edgena, y por fin lleg\u00f3 el momento de dar su testimonio en Campeche.Las actividades comenzaron el 23 de junio por la ma\u00f1ana en la Plaza de Hopelch\u00e9n, ah\u00ed se reunieron cerca de 100 personas para escuchar los testimonios de Tom\u00e1s Ram\u00edrez y Berta Nava, cuyo hijo Julio C\u00e9sar Ram\u00edrez Nava cay\u00f3 abatido la noche del 26 de septiembre de 2014; Cristina Bautista Salvador, madre de Benjam\u00edn Ascencio Bautista, quien se encuentra desaparecido por el Estado, y Omar Garc\u00eda, sobreviviente de la agresi\u00f3n que sufrieron los normalistas de Ayotzinapa.<\/p>\n<p>\u201cNo parimos hijos para que no los robe el gobierno, sino para que tengan una vida libre\u201d<\/p>\n<p>Posteriormente se trasladaron a la ciudad de Campeche donde realizaron una marcha, al rededor de las 18 horas, por las calles de la capital campechana para exigir justicia ante el crimen que sufrieron los estudiantes de la Normal Rural de Ayotzinapa, y que permanece impune despu\u00e9s de 9 meses. La marcha concluy\u00f3 con un mitin en el parque principal de Campeche, donde fueron cobijados por normalistas, maestros e integrantes del CNI.<\/p>\n<p>La ma\u00f1ana del 24 de junio se realiz\u00f3 la actividad en el poblado de Xpujil, este acto intent\u00f3 ser boicoteado por las autoridades, sin embargo, le foro pudo llevarse a cabo y los padres, madres y compa\u00f1eros de los desaparecidos compartieron su palabra y escucharon a las comunidades que los recibieron manifestar su solidaridad. \u00a1Ayotzinapa, no est\u00e1n solos!<\/p>\n<p>Las actividades para el estado de Campeche cerrar\u00e1n con un mitin en Candelaria. La caravana continuar\u00e1 su recorrido por Veracruz y Oaxaca.<\/p>\n<p>(Con informaci\u00f3n e im\u00e1genes de Colectivo ProDerechos Humanos \u201cEl Caracol\u201d A.C.)<\/p>\n<p><a href=\"http:\/\/apia-virtual.com\/2015\/06\/25\/la-voz-de-justicia-de-ayotzinapa-llega-a-campeche\/\" target=\"_blank\">apia-virtual.com\/2015\/06\/25\/la-voz-de-justicia-de-ayotzinapa-llega-a-campeche\/<\/a><\/p>\n","protected":false},"excerpt":{"rendered":"<p>Por Kaos. M\u00e9xico La Caravana de madres y padres de Ayotzinapa recorri\u00f3 en d\u00edas pasados los estados de Quintana Roo y Yucat\u00e1n, acompa\u00f1ados por el Congreso Nacional Ind\u00edgena, y por &hellip; <a href=\"https:\/\/www.grieta.org.mx\/index.php\/2015\/06\/25\/la-voz-de-justicia-de-ayotzinapa-llega-a-campeche\/\" class=\"more-link\">Leer m\u00e1s<\/a><\/p>\n","protected":false},"author":2,"featured_media":21928,"comment_status":"closed","ping_status":"open","sticky":false,"template":"","format":"standard","meta":{"ngg_post_thumbnail":0,"_jetpack_newsletter_access":"","_jetpack_dont_email_post_to_subs":false,"_jetpack_newsletter_tier_id":0,"_jetpack_memberships_contains_paywalled_content":false,"_jetpack_memberships_contains_paid_content":false,"footnotes":""},"categories":[123,80],"tags":[119,152,95],"class_list":["post-847","post","type-post","status-publish","format-standard","has-post-thumbnail","hentry","category-campeche","category-cintillo","tag-ayotzinapa","tag-caravana","tag-cni","entry"],"jetpack_featured_media_url":"https:\/\/www.grieta.org.mx\/wp-content\/uploads\/2018\/03\/14524434_1106112876131411_958039263622046936_o.jpg","jetpack_sharing_enabled":true,"jetpack_shortlink":"https:\/\/wp.me\/p7ZJR4-dF","jetpack_likes_enabled":false,"jetpack-related-posts":[{"id":857,"url":"https:\/\/www.grieta.org.mx\/index.php\/2015\/06\/22\/caravana-de-familiares-de-ayotzinapa-digna-lucha-por-la-justicia\/","url_meta":{"origin":847,"position":0},"title":"Caravana de familiares de Ayotzinapa: digna lucha por la justicia","author":"grieta","date":"22 junio, 2015","format":false,"excerpt":"La tarde de este 22 de junio fue la \u00faltima actividad que la caravana de madres y padres de Ayotzinapa realizaron en el estado de Yucat\u00e1n. La cita fue en la Escuela de Agricultura Ecol\u00f3gica de Man\u00ed \u201cU Yits Ka\u00b4an\u201d. Fue un di\u00e1logo con compa\u00f1eros y compa\u00f1eras de las comunidades\u2026","rel":"","context":"En &quot;CINTILLO&quot;","block_context":{"text":"CINTILLO","link":"https:\/\/www.grieta.org.mx\/index.php\/category\/cintillo\/"},"img":{"alt_text":"","src":"https:\/\/i0.wp.com\/www.grieta.org.mx\/wp-content\/uploads\/2018\/03\/14524434_1106112876131411_958039263622046936_o.jpg?resize=350%2C200&ssl=1","width":350,"height":200,"srcset":"https:\/\/i0.wp.com\/www.grieta.org.mx\/wp-content\/uploads\/2018\/03\/14524434_1106112876131411_958039263622046936_o.jpg?resize=350%2C200&ssl=1 1x, https:\/\/i0.wp.com\/www.grieta.org.mx\/wp-content\/uploads\/2018\/03\/14524434_1106112876131411_958039263622046936_o.jpg?resize=525%2C300&ssl=1 1.5x, https:\/\/i0.wp.com\/www.grieta.org.mx\/wp-content\/uploads\/2018\/03\/14524434_1106112876131411_958039263622046936_o.jpg?resize=700%2C400&ssl=1 2x"},"classes":[]},{"id":813,"url":"https:\/\/www.grieta.org.mx\/index.php\/2015\/12\/25\/movilizaciones-por-ayotzinapa-en-la-peninsula-de-yucatan\/","url_meta":{"origin":847,"position":1},"title":"Movilizaciones por Ayotzinapa en la Pen\u00ednsula de Yucat\u00e1n","author":"grieta","date":"25 diciembre, 2015","format":false,"excerpt":"25\/12\/15. Alcalde de Canc\u00fan roba pancarta de AyotzinapaPedro Canch\u00e9 Noticias 26\/09\/15. Canc\u00fan: protestan a un a\u00f1o de la desaparici\u00f3n de normalistasEl Universal 25\/06\/15. La voz de justicia de Ayotzinapa llega a Campeche APIA 23\/06\/15. Encuentro en Man\u00ed, Yucat\u00e1n, con padres de los j\u00f3venes desaparecidos de Ayotzinapa. Centro de Medios Libres\u2026","rel":"","context":"En &quot;Campeche&quot;","block_context":{"text":"Campeche","link":"https:\/\/www.grieta.org.mx\/index.php\/category\/noticias-nacionales\/campeche\/"},"img":{"alt_text":"","src":"https:\/\/i0.wp.com\/www.grieta.org.mx\/wp-content\/uploads\/2018\/03\/14524434_1106112876131411_958039263622046936_o.jpg?resize=350%2C200&ssl=1","width":350,"height":200,"srcset":"https:\/\/i0.wp.com\/www.grieta.org.mx\/wp-content\/uploads\/2018\/03\/14524434_1106112876131411_958039263622046936_o.jpg?resize=350%2C200&ssl=1 1x, https:\/\/i0.wp.com\/www.grieta.org.mx\/wp-content\/uploads\/2018\/03\/14524434_1106112876131411_958039263622046936_o.jpg?resize=525%2C300&ssl=1 1.5x, https:\/\/i0.wp.com\/www.grieta.org.mx\/wp-content\/uploads\/2018\/03\/14524434_1106112876131411_958039263622046936_o.jpg?resize=700%2C400&ssl=1 2x"},"classes":[]},{"id":14006,"url":"https:\/\/www.grieta.org.mx\/index.php\/2016\/05\/03\/semillero-el-pensamiento-critico-frente-a-la-hidra-capitalista\/","url_meta":{"origin":847,"position":2},"title":"Palabra de familiares de Ayotzinapa en el Semillero","author":"grieta","date":"3 mayo, 2016","format":false,"excerpt":"Primer d\u00eda Semillero \u201cEl Pensamiento Cr\u00edtico Frente a La Hidra Capitalista\u201d Seminarios CIDECI (http:\/\/seminarioscideci.org) Caracol de Ovetik, 3 de mayo de 2015. Palabra de los familiares de los estudiantes de la Normal Rural \u201cRa\u00fal Isidro Burgos\u201d de Ayotzinapa, desaparecidos y asesinados en Iguala el 26 de septiembre de 2014. Palabras\u2026","rel":"","context":"En &quot;CINTILLO&quot;","block_context":{"text":"CINTILLO","link":"https:\/\/www.grieta.org.mx\/index.php\/category\/cintillo\/"},"img":{"alt_text":"","src":"https:\/\/i0.wp.com\/www.grieta.org.mx\/wp-content\/uploads\/2018\/03\/14524434_1106112876131411_958039263622046936_o.jpg?resize=350%2C200&ssl=1","width":350,"height":200,"srcset":"https:\/\/i0.wp.com\/www.grieta.org.mx\/wp-content\/uploads\/2018\/03\/14524434_1106112876131411_958039263622046936_o.jpg?resize=350%2C200&ssl=1 1x, https:\/\/i0.wp.com\/www.grieta.org.mx\/wp-content\/uploads\/2018\/03\/14524434_1106112876131411_958039263622046936_o.jpg?resize=525%2C300&ssl=1 1.5x, https:\/\/i0.wp.com\/www.grieta.org.mx\/wp-content\/uploads\/2018\/03\/14524434_1106112876131411_958039263622046936_o.jpg?resize=700%2C400&ssl=1 2x"},"classes":[]},{"id":861,"url":"https:\/\/www.grieta.org.mx\/index.php\/2015\/06\/18\/llega-la-caravana-43-de-ayotzinapa-a-la-peninsula-de-yucatan\/","url_meta":{"origin":847,"position":3},"title":"Llega la Caravana 43 de Ayotzinapa a la pen\u00ednsula de Yucat\u00e1n","author":"grieta","date":"18 junio, 2015","format":false,"excerpt":"Ciudad de Jo\u2019, Yucat\u00e1n, a 18 de junio de 2015. Una representaci\u00f3n de madres y padres de los 46 estudiantes de la Escuela Normal Rural \u201cRa\u00fal Isidro Burgos\u201d ausentes desde el 26 de septiembre de 2014 (43 por desaparici\u00f3n forzada y 3 por ejecuci\u00f3n extrajudicial), y el estudiante normalista Omar\u2026","rel":"","context":"En &quot;CINTILLO&quot;","block_context":{"text":"CINTILLO","link":"https:\/\/www.grieta.org.mx\/index.php\/category\/cintillo\/"},"img":{"alt_text":"","src":"https:\/\/i0.wp.com\/www.grieta.org.mx\/wp-content\/uploads\/2018\/03\/14524434_1106112876131411_958039263622046936_o.jpg?resize=350%2C200&ssl=1","width":350,"height":200,"srcset":"https:\/\/i0.wp.com\/www.grieta.org.mx\/wp-content\/uploads\/2018\/03\/14524434_1106112876131411_958039263622046936_o.jpg?resize=350%2C200&ssl=1 1x, https:\/\/i0.wp.com\/www.grieta.org.mx\/wp-content\/uploads\/2018\/03\/14524434_1106112876131411_958039263622046936_o.jpg?resize=525%2C300&ssl=1 1.5x, https:\/\/i0.wp.com\/www.grieta.org.mx\/wp-content\/uploads\/2018\/03\/14524434_1106112876131411_958039263622046936_o.jpg?resize=700%2C400&ssl=1 2x"},"classes":[]},{"id":6006,"url":"https:\/\/www.grieta.org.mx\/index.php\/2015\/10\/12\/advierten-padres-y-estudiantes-de-ayotzinapa-no-pararemos-hasta-encontrarlos\/","url_meta":{"origin":847,"position":4},"title":"Advierten padres y estudiantes de Ayotzinapa: \u2018no pararemos hasta encontrarlos\u2019","author":"grieta","date":"12 octubre, 2015","format":false,"excerpt":"Denisse Hern\u00e1ndez, Le\u00f3n, Gto. El 26 y 27 de septiembre de 2014, en Iguala, Guerrero, m\u00e1s de 180 personas fueron v\u00edctimas de diferentes violaciones de derechos humanos***. Seis de ellas fueron ejecutadas de manera extrajudicial y 43 estudiantes desaparecidos. Entre las quienes perdieron la vida se encuentra Julio C\u00e9sar Ram\u00edrez\u2026","rel":"","context":"En &quot;CINTILLO&quot;","block_context":{"text":"CINTILLO","link":"https:\/\/www.grieta.org.mx\/index.php\/category\/cintillo\/"},"img":{"alt_text":"","src":"https:\/\/i0.wp.com\/www.grieta.org.mx\/wp-content\/uploads\/2018\/03\/14524434_1106112876131411_958039263622046936_o.jpg?resize=350%2C200&ssl=1","width":350,"height":200,"srcset":"https:\/\/i0.wp.com\/www.grieta.org.mx\/wp-content\/uploads\/2018\/03\/14524434_1106112876131411_958039263622046936_o.jpg?resize=350%2C200&ssl=1 1x, https:\/\/i0.wp.com\/www.grieta.org.mx\/wp-content\/uploads\/2018\/03\/14524434_1106112876131411_958039263622046936_o.jpg?resize=525%2C300&ssl=1 1.5x, https:\/\/i0.wp.com\/www.grieta.org.mx\/wp-content\/uploads\/2018\/03\/14524434_1106112876131411_958039263622046936_o.jpg?resize=700%2C400&ssl=1 2x"},"classes":[]},{"id":38553,"url":"https:\/\/www.grieta.org.mx\/index.php\/2019\/08\/27\/padres-de-los-43-marchan-en-iguala-a-59-meses-del-caso-ayotzinapa\/","url_meta":{"origin":847,"position":5},"title":"Padres de los 43 marchan en Iguala a 59 meses del caso Ayotzinapa","author":"Admin","date":"27 agosto, 2019","format":false,"excerpt":"Eduardo Albarr\u00e1n Orozco\/ Quadrat\u00edn IGUALA, Gro., 27 de agosto de 2019.- Padres de los 43 normalistas desaparecidos de Ayotzinapa marcharon en este municipio al cumplirse 59 meses del caso, y colocaron ofrendas florales en las estelas colocadas en los lugares donde fueron acribillados los estudiantes Julio Cesar Mondrag\u00f3n Fontes, Daniel\u2026","rel":"","context":"En &quot;Caso Ayotzinapa&quot;","block_context":{"text":"Caso Ayotzinapa","link":"https:\/\/www.grieta.org.mx\/index.php\/category\/noticias-nacionales\/guerrero\/caso-ayotzinapa\/"},"img":{"alt_text":"","src":"https:\/\/i0.wp.com\/www.grieta.org.mx\/wp-content\/uploads\/2019\/08\/Ayotzinapa-270819-5-1160x700.jpg?resize=350%2C200&ssl=1","width":350,"height":200,"srcset":"https:\/\/i0.wp.com\/www.grieta.org.mx\/wp-content\/uploads\/2019\/08\/Ayotzinapa-270819-5-1160x700.jpg?resize=350%2C200&ssl=1 1x, https:\/\/i0.wp.com\/www.grieta.org.mx\/wp-content\/uploads\/2019\/08\/Ayotzinapa-270819-5-1160x700.jpg?resize=525%2C300&ssl=1 1.5x, https:\/\/i0.wp.com\/www.grieta.org.mx\/wp-content\/uploads\/2019\/08\/Ayotzinapa-270819-5-1160x700.jpg?resize=700%2C400&ssl=1 2x, https:\/\/i0.wp.com\/www.grieta.org.mx\/wp-content\/uploads\/2019\/08\/Ayotzinapa-270819-5-1160x700.jpg?resize=1050%2C600&ssl=1 3x"},"classes":[]}],"_links":{"self":[{"href":"https:\/\/www.grieta.org.mx\/index.php\/wp-json\/wp\/v2\/posts\/847","targetHints":{"allow":["GET"]}}],"collection":[{"href":"https:\/\/www.grieta.org.mx\/index.php\/wp-json\/wp\/v2\/posts"}],"about":[{"href":"https:\/\/www.grieta.org.mx\/index.php\/wp-json\/wp\/v2\/types\/post"}],"author":[{"embeddable":true,"href":"https:\/\/www.grieta.org.mx\/index.php\/wp-json\/wp\/v2\/users\/2"}],"replies":[{"embeddable":true,"href":"https:\/\/www.grieta.org.mx\/index.php\/wp-json\/wp\/v2\/comments?post=847"}],"version-history":[{"count":1,"href":"https:\/\/www.grieta.org.mx\/index.php\/wp-json\/wp\/v2\/posts\/847\/revisions"}],"predecessor-version":[{"id":850,"href":"https:\/\/www.grieta.org.mx\/index.php\/wp-json\/wp\/v2\/posts\/847\/revisions\/850"}],"wp:featuredmedia":[{"embeddable":true,"href":"https:\/\/www.grieta.org.mx\/index.php\/wp-json\/wp\/v2\/media\/21928"}],"wp:attachment":[{"href":"https:\/\/www.grieta.org.mx\/index.php\/wp-json\/wp\/v2\/media?parent=847"}],"wp:term":[{"taxonomy":"category","embeddable":true,"href":"https:\/\/www.grieta.org.mx\/index.php\/wp-json\/wp\/v2\/categories?post=847"},{"taxonomy":"post_tag","embeddable":true,"href":"https:\/\/www.grieta.org.mx\/index.php\/wp-json\/wp\/v2\/tags?post=847"}],"curies":[{"name":"wp","href":"https:\/\/api.w.org\/{rel}","templated":true}]}}