{"id":8450,"date":"2016-02-04T20:10:46","date_gmt":"2016-02-04T20:10:46","guid":{"rendered":"http:\/\/50.22.11.12\/~grietaor\/?p=8450"},"modified":"2018-09-27T00:28:24","modified_gmt":"2018-09-27T05:28:24","slug":"cuales-son-las-exigencias-de-la-uaem-aqui-los-13-puntos","status":"publish","type":"post","link":"https:\/\/www.grieta.org.mx\/index.php\/2016\/02\/04\/cuales-son-las-exigencias-de-la-uaem-aqui-los-13-puntos\/","title":{"rendered":"\u00bfCu\u00e1les son las exigencias de la Uaem? Aqu\u00ed los 13 puntos"},"content":{"rendered":"<p>Morelos Diario<\/p>\n<p>Estos son los 13 puntos de exigencias de la Uaem y por los que este jueves march\u00f3 la comunidad universitaria, as\u00ed como diversas organizaciones sociales:<\/p>\n<p>1.- La construcci\u00f3n del Hospital Universitario y de la Preparatoria de Cuautla, a lo cual se comprometi\u00f3 el actual gobernador desde el inicio de su campa\u00f1a.<\/p>\n<p>2.- La entrega de la Torre de Laboratorios y la construcci\u00f3n del edificio del Centro de Investigaci\u00f3n en Biotecnolog\u00eda y del edificio de la Facultad de Humanidades, toda vez que el recurso de dichas obras fue autorizado por la federaci\u00f3n a la universidad desde hace tiempo. Adem\u00e1s de la entrega de los recursos, tambi\u00e9n autorizados por la federaci\u00f3n, para rehabilitar el edificio de la Biblioteca Miguel Salinas, que es un reclamo de la ciudadan\u00eda.<\/p>\n<p>3.- El inicio de las gestiones requeridas para la aplicaci\u00f3n programada de los 391.7 millones de pesos en las diversas obras de infraestructura que requiere la UAEM para el desarrollo de sus actividades sustantivas. De conformidad con los convenios suscritos, en el mes de octubre de 2015, con el gobierno federal en materia de infraestructura educativa.<\/p>\n<p>4.- El restablecimiento de la obligaci\u00f3n del impuesto municipal del 5% Pro Universidad, que fue derogada en la iniciativa de egresos 2016 enviada al Congreso por el Ejecutivo.<\/p>\n<p>5.- El respeto irrestricto a la autonom\u00eda universitaria, ya que en diversas ocasiones ha intentado vulnerarla con iniciativas y acciones diversas.<\/p>\n<p>6.- La inmediata asignaci\u00f3n de los 10 millones de pesos, ya en poder del Ejecutivo, que la UAEM gestion\u00f3 por concepto de devoluci\u00f3n del Impuesto sobre la Renta por un monto de 120 millones de pesos.<\/p>\n<p>7.- La entrega de los 100 millones de pesos que comprometi\u00f3 en diciembre pasado para el pago de aguinaldos de los trabajadores de la UAEM, adicionales a los 100 millones de pesos otorgados por la federaci\u00f3n.<\/p>\n<p>8.- La firma oportuna de los Convenios de Subsidios Ordinarios y Extraordinarios 2016 y subsecuentes y la entrega de las concurrencias respectivas, para que la Universidad tenga disponibilidad y solvencia financiera.<\/p>\n<p>9.- El pago de pensiones y jubilaciones, ya que \u00e9stas son una deuda de Estado. Antes de que se nos diera el estatus de organismo p\u00fablico aut\u00f3nomo en la ley de 2009, la UAEM era un organismo descentralizado del gobierno del estado y dichas pensiones y jubilaciones fueron otorgadas por el Congreso del estado.<\/p>\n<p>10.- El pago de la diferencia de aguinaldos toda vez que la Federaci\u00f3n s\u00f3lo otorga 40 d\u00edas y en el estado se conceden 90. Los universitarios no tenemos por qu\u00e9 ser la excepci\u00f3n en Morelos.<\/p>\n<p>11.- Un presupuesto especial para la UAEM con el prop\u00f3sito de atender las siguientes necesidades estudiantiles: ampliaci\u00f3n y diversificaci\u00f3n de la oferta educativa en las regiones donde no hay presencia de la UAEM, comedores estudiantiles, casa del estudiante, espacios culturales y deportivos, y estancias infantiles para hijos de estudiantes que sean madres o padres solteros.<\/p>\n<p>12.- La definici\u00f3n y aplicaci\u00f3n de pol\u00edticas y programas con presupuesto que garanticen, no s\u00f3lo a los estudiantes, sino a las y los j\u00f3venes del estado: cobertura universal en materia de educaci\u00f3n, salud, trabajo digno y seguridad. Adem\u00e1s, de una pol\u00edtica integral, con presupuesto, en materia de adicciones para las y los j\u00f3venes de todo el estado.<\/p>\n<p>13.- La garant\u00eda de la integridad f\u00edsica de los miembros de la comunidad universitaria, toda vez que varios de ellos han sido amenazados y violentados, y cuyas denuncias se encuentran bajo investigaci\u00f3n en la Procuradur\u00eda General de la Rep\u00fablica (PGR).<\/p>\n<p><a class=\"autohyperlink\" title=\"http:\/\/morelosdiario.com\/cuales-son-las-exigencias-de-la-uaem-aqui-los-13-puntos\/\" href=\"http:\/\/morelosdiario.com\/cuales-son-las-exigencias-de-la-uaem-aqui-los-13-puntos\/\" target=\"_blank\" rel=\"noopener\">morelosdiario.com\/cuales-son-las-exigencias-de-la-uaem-aqui-los-13-puntos\/<\/a><\/p>\n<p>&nbsp;<\/p>\n","protected":false},"excerpt":{"rendered":"<p>Morelos Diario Estos son los 13 puntos de exigencias de la Uaem y por los que este jueves march\u00f3 la comunidad universitaria, as\u00ed como diversas organizaciones sociales: 1.- La construcci\u00f3n &hellip; <a href=\"https:\/\/www.grieta.org.mx\/index.php\/2016\/02\/04\/cuales-son-las-exigencias-de-la-uaem-aqui-los-13-puntos\/\" class=\"more-link\">Leer m\u00e1s<\/a><\/p>\n","protected":false},"author":2,"featured_media":21928,"comment_status":"closed","ping_status":"open","sticky":false,"template":"","format":"standard","meta":{"ngg_post_thumbnail":0,"_jetpack_newsletter_access":"","_jetpack_dont_email_post_to_subs":false,"_jetpack_newsletter_tier_id":0,"_jetpack_memberships_contains_paywalled_content":false,"_jetpack_memberships_contains_paid_content":false,"footnotes":""},"categories":[80,482,22,1774,2],"tags":[494],"class_list":{"0":"post-8450","1":"post","2":"type-post","3":"status-publish","4":"format-standard","5":"has-post-thumbnail","6":"hentry","7":"category-cintillo","8":"category-morelos","10":"category-movilizaciones-de-la-uaem","11":"category-noticias-nacionales","12":"tag-universidad-autonoma-del-estado-de-morelos","13":"entry"},"jetpack_featured_media_url":"https:\/\/www.grieta.org.mx\/wp-content\/uploads\/2018\/03\/14524434_1106112876131411_958039263622046936_o.jpg","jetpack_sharing_enabled":true,"jetpack_shortlink":"https:\/\/wp.me\/p7ZJR4-2ci","jetpack_likes_enabled":false,"jetpack-related-posts":[{"id":8421,"url":"https:\/\/www.grieta.org.mx\/index.php\/2016\/02\/14\/movilizaciones-de-la-uaem\/","url_meta":{"origin":8450,"position":0},"title":"Movilizaciones de la UAEM","author":"grieta","date":"14 febrero, 2016","format":false,"excerpt":"09\/02\/16. Se suma la APPM al plant\u00f3n de la UAEM Morelos Diario 09\/02\/16. Consejo Universitario de UAEM exige a Graco Ram\u00edrez cumpla las demandas La Jornada 04\/02\/16. \u00bfCu\u00e1les son las exigencias de la Uaem? Aqu\u00ed los 13 puntos Morelos Diario 08\/07\/15. Estudiantes de la UAEM pasan la noche en el\u2026","rel":"","context":"En &quot;Morelos&quot;","block_context":{"text":"Morelos","link":"https:\/\/www.grieta.org.mx\/index.php\/category\/noticias-nacionales\/morelos\/"},"img":{"alt_text":"","src":"https:\/\/i0.wp.com\/www.grieta.org.mx\/wp-content\/uploads\/2018\/03\/14524434_1106112876131411_958039263622046936_o.jpg?resize=350%2C200&ssl=1","width":350,"height":200,"srcset":"https:\/\/i0.wp.com\/www.grieta.org.mx\/wp-content\/uploads\/2018\/03\/14524434_1106112876131411_958039263622046936_o.jpg?resize=350%2C200&ssl=1 1x, https:\/\/i0.wp.com\/www.grieta.org.mx\/wp-content\/uploads\/2018\/03\/14524434_1106112876131411_958039263622046936_o.jpg?resize=525%2C300&ssl=1 1.5x, https:\/\/i0.wp.com\/www.grieta.org.mx\/wp-content\/uploads\/2018\/03\/14524434_1106112876131411_958039263622046936_o.jpg?resize=700%2C400&ssl=1 2x"},"classes":[]},{"id":34591,"url":"https:\/\/www.grieta.org.mx\/index.php\/2019\/05\/27\/exigen-en-la-uaem-justicia-para-mariana-morelos\/","url_meta":{"origin":8450,"position":1},"title":"Exigen en la UAEM, justicia para Mariana (Morelos)","author":"grieta","date":"27 mayo, 2019","format":false,"excerpt":"Redacci\u00f3n\/Quadrat\u00edn Morelos CUERNAVACA, Mor., 27 de mayo 2019.- En demanda de justicia para Mariana, activistas, estudiantes y catedr\u00e1ticas de la Universidad Aut\u00f3noma del Estado de Morelos (UAEM) protestaron en el edificio principal de la M\u00e1xima Casa de Estudios y exigieron al rector, Gustavo Urquiza Beltr\u00e1n, que deje de defender a\u2026","rel":"","context":"En &quot;CINTILLO&quot;","block_context":{"text":"CINTILLO","link":"https:\/\/www.grieta.org.mx\/index.php\/category\/cintillo\/"},"img":{"alt_text":"","src":"https:\/\/i0.wp.com\/www.grieta.org.mx\/wp-content\/uploads\/2019\/06\/05D0870F-3A75-4D1C-9C97-F8B11EFD80E1-1160x700.jpeg?resize=350%2C200&ssl=1","width":350,"height":200,"srcset":"https:\/\/i0.wp.com\/www.grieta.org.mx\/wp-content\/uploads\/2019\/06\/05D0870F-3A75-4D1C-9C97-F8B11EFD80E1-1160x700.jpeg?resize=350%2C200&ssl=1 1x, https:\/\/i0.wp.com\/www.grieta.org.mx\/wp-content\/uploads\/2019\/06\/05D0870F-3A75-4D1C-9C97-F8B11EFD80E1-1160x700.jpeg?resize=525%2C300&ssl=1 1.5x, https:\/\/i0.wp.com\/www.grieta.org.mx\/wp-content\/uploads\/2019\/06\/05D0870F-3A75-4D1C-9C97-F8B11EFD80E1-1160x700.jpeg?resize=700%2C400&ssl=1 2x, https:\/\/i0.wp.com\/www.grieta.org.mx\/wp-content\/uploads\/2019\/06\/05D0870F-3A75-4D1C-9C97-F8B11EFD80E1-1160x700.jpeg?resize=1050%2C600&ssl=1 3x"},"classes":[]},{"id":8418,"url":"https:\/\/www.grieta.org.mx\/index.php\/2016\/02\/09\/se-suma-la-appm-al-planton-de-la-uaem\/","url_meta":{"origin":8450,"position":2},"title":"Se suma la APPM al plant\u00f3n de la UAEM","author":"grieta","date":"9 febrero, 2016","format":false,"excerpt":"Morelos Diario Pronunciamiento de la Asamblea Permanente de los Pueblos de Morelos en apoyo a la Universidad Aut\u00f3noma del Estado de Morelos A LA COMUNIDAD UNIVERSITARIA, A LOS MEDIOS DE COMUNICACI\u00d3N, A LOS PUEBLOS DE MORELOS, A LA SOCIEDAD EN GENERAL, Las comunidades que integramos la Asamblea Permanente de los\u2026","rel":"","context":"En &quot;CINTILLO&quot;","block_context":{"text":"CINTILLO","link":"https:\/\/www.grieta.org.mx\/index.php\/category\/cintillo\/"},"img":{"alt_text":"","src":"https:\/\/i0.wp.com\/www.grieta.org.mx\/wp-content\/uploads\/2018\/03\/14524434_1106112876131411_958039263622046936_o.jpg?resize=350%2C200&ssl=1","width":350,"height":200,"srcset":"https:\/\/i0.wp.com\/www.grieta.org.mx\/wp-content\/uploads\/2018\/03\/14524434_1106112876131411_958039263622046936_o.jpg?resize=350%2C200&ssl=1 1x, https:\/\/i0.wp.com\/www.grieta.org.mx\/wp-content\/uploads\/2018\/03\/14524434_1106112876131411_958039263622046936_o.jpg?resize=525%2C300&ssl=1 1.5x, https:\/\/i0.wp.com\/www.grieta.org.mx\/wp-content\/uploads\/2018\/03\/14524434_1106112876131411_958039263622046936_o.jpg?resize=700%2C400&ssl=1 2x"},"classes":[]},{"id":8441,"url":"https:\/\/www.grieta.org.mx\/index.php\/2016\/02\/09\/consejo-universitario-de-uaem-exige-a-graco-ramirez-cumpla-las-demandas\/","url_meta":{"origin":8450,"position":3},"title":"Consejo Universitario de UAEM exige a Graco Ram\u00edrez cumpla las demandas","author":"grieta","date":"9 febrero, 2016","format":false,"excerpt":"La Jornada El Consejo Universitario se reuni\u00f3 esta ma\u00f1ana en la explanada del Z\u00f3calo de la ciudad y se declar\u00f3 en sesi\u00f3n permanente, en espera de que el gobierno de Graco Ram\u00edrez cumpla con la entrega de recursos econ\u00f3micos que le corresponden a la casa de estudios, y que el\u2026","rel":"","context":"En &quot;CINTILLO&quot;","block_context":{"text":"CINTILLO","link":"https:\/\/www.grieta.org.mx\/index.php\/category\/cintillo\/"},"img":{"alt_text":"","src":"https:\/\/i0.wp.com\/www.grieta.org.mx\/wp-content\/uploads\/2018\/03\/14524434_1106112876131411_958039263622046936_o.jpg?resize=350%2C200&ssl=1","width":350,"height":200,"srcset":"https:\/\/i0.wp.com\/www.grieta.org.mx\/wp-content\/uploads\/2018\/03\/14524434_1106112876131411_958039263622046936_o.jpg?resize=350%2C200&ssl=1 1x, https:\/\/i0.wp.com\/www.grieta.org.mx\/wp-content\/uploads\/2018\/03\/14524434_1106112876131411_958039263622046936_o.jpg?resize=525%2C300&ssl=1 1.5x, https:\/\/i0.wp.com\/www.grieta.org.mx\/wp-content\/uploads\/2018\/03\/14524434_1106112876131411_958039263622046936_o.jpg?resize=700%2C400&ssl=1 2x"},"classes":[]},{"id":8558,"url":"https:\/\/www.grieta.org.mx\/index.php\/2016\/01\/25\/llega-a-la-uaem-la-caravana-nacional-por-ayotzinapa\/","url_meta":{"origin":8450,"position":4},"title":"Llega a la UAEM la Caravana Nacional por Ayotzinapa","author":"grieta","date":"25 enero, 2016","format":false,"excerpt":"La Redacci\u00f3n\/ Tlahui Preciado La Uni\u00f3n de Morelos La tarde de este lunes, cerca de las 14:00 horas, la Caravana Nacional por Ayotzinapa arrib\u00f3 al campus Chamilpa de la Universidad Aut\u00f3noma del Estado de Morelos (UAEM), en donde fue recibida por estudiantes y por el rector Jes\u00fas Alejandro Vera Jim\u00e9nez,\u2026","rel":"","context":"En &quot;CINTILLO&quot;","block_context":{"text":"CINTILLO","link":"https:\/\/www.grieta.org.mx\/index.php\/category\/cintillo\/"},"img":{"alt_text":"","src":"https:\/\/i0.wp.com\/www.grieta.org.mx\/wp-content\/uploads\/2018\/03\/14524434_1106112876131411_958039263622046936_o.jpg?resize=350%2C200&ssl=1","width":350,"height":200,"srcset":"https:\/\/i0.wp.com\/www.grieta.org.mx\/wp-content\/uploads\/2018\/03\/14524434_1106112876131411_958039263622046936_o.jpg?resize=350%2C200&ssl=1 1x, https:\/\/i0.wp.com\/www.grieta.org.mx\/wp-content\/uploads\/2018\/03\/14524434_1106112876131411_958039263622046936_o.jpg?resize=525%2C300&ssl=1 1.5x, https:\/\/i0.wp.com\/www.grieta.org.mx\/wp-content\/uploads\/2018\/03\/14524434_1106112876131411_958039263622046936_o.jpg?resize=700%2C400&ssl=1 2x"},"classes":[]},{"id":8480,"url":"https:\/\/www.grieta.org.mx\/index.php\/2015\/05\/21\/trabajadores-de-la-universidad-autonoma-de-morelos-inician-paro\/","url_meta":{"origin":8450,"position":5},"title":"Trabajadores de la Universidad Aut\u00f3noma de Morelos inician paro","author":"grieta","date":"21 mayo, 2015","format":false,"excerpt":"El Financiero \u00a0 Edmundo Salgado\/Corresponsal CUERNAVACA. M\u00e1s de 40 mil estudiantes universitarios se quedaron sin clases a partir de la ma\u00f1ana de este jueves, debido al paro laboral impulsado los dos sindicatos que existen en la Universidad Aut\u00f3noma del Estado de Morelos (UAEM). El paro, apoyado por el Sindicato de\u2026","rel":"","context":"En &quot;CINTILLO&quot;","block_context":{"text":"CINTILLO","link":"https:\/\/www.grieta.org.mx\/index.php\/category\/cintillo\/"},"img":{"alt_text":"","src":"https:\/\/i0.wp.com\/www.grieta.org.mx\/wp-content\/uploads\/2018\/03\/14524434_1106112876131411_958039263622046936_o.jpg?resize=350%2C200&ssl=1","width":350,"height":200,"srcset":"https:\/\/i0.wp.com\/www.grieta.org.mx\/wp-content\/uploads\/2018\/03\/14524434_1106112876131411_958039263622046936_o.jpg?resize=350%2C200&ssl=1 1x, https:\/\/i0.wp.com\/www.grieta.org.mx\/wp-content\/uploads\/2018\/03\/14524434_1106112876131411_958039263622046936_o.jpg?resize=525%2C300&ssl=1 1.5x, https:\/\/i0.wp.com\/www.grieta.org.mx\/wp-content\/uploads\/2018\/03\/14524434_1106112876131411_958039263622046936_o.jpg?resize=700%2C400&ssl=1 2x"},"classes":[]}],"_links":{"self":[{"href":"https:\/\/www.grieta.org.mx\/index.php\/wp-json\/wp\/v2\/posts\/8450","targetHints":{"allow":["GET"]}}],"collection":[{"href":"https:\/\/www.grieta.org.mx\/index.php\/wp-json\/wp\/v2\/posts"}],"about":[{"href":"https:\/\/www.grieta.org.mx\/index.php\/wp-json\/wp\/v2\/types\/post"}],"author":[{"embeddable":true,"href":"https:\/\/www.grieta.org.mx\/index.php\/wp-json\/wp\/v2\/users\/2"}],"replies":[{"embeddable":true,"href":"https:\/\/www.grieta.org.mx\/index.php\/wp-json\/wp\/v2\/comments?post=8450"}],"version-history":[{"count":1,"href":"https:\/\/www.grieta.org.mx\/index.php\/wp-json\/wp\/v2\/posts\/8450\/revisions"}],"predecessor-version":[{"id":26803,"href":"https:\/\/www.grieta.org.mx\/index.php\/wp-json\/wp\/v2\/posts\/8450\/revisions\/26803"}],"wp:featuredmedia":[{"embeddable":true,"href":"https:\/\/www.grieta.org.mx\/index.php\/wp-json\/wp\/v2\/media\/21928"}],"wp:attachment":[{"href":"https:\/\/www.grieta.org.mx\/index.php\/wp-json\/wp\/v2\/media?parent=8450"}],"wp:term":[{"taxonomy":"category","embeddable":true,"href":"https:\/\/www.grieta.org.mx\/index.php\/wp-json\/wp\/v2\/categories?post=8450"},{"taxonomy":"post_tag","embeddable":true,"href":"https:\/\/www.grieta.org.mx\/index.php\/wp-json\/wp\/v2\/tags?post=8450"}],"curies":[{"name":"wp","href":"https:\/\/api.w.org\/{rel}","templated":true}]}}