{"id":8447,"date":"2015-05-12T20:10:19","date_gmt":"2015-05-12T20:10:19","guid":{"rendered":"http:\/\/50.22.11.12\/~grietaor\/?p=8447"},"modified":"2016-05-06T03:59:12","modified_gmt":"2016-05-06T03:59:12","slug":"minera-derramo-70-mil-litros-de-cianuro-en-sonora-profepa","status":"publish","type":"post","link":"https:\/\/www.grieta.org.mx\/index.php\/2015\/05\/12\/minera-derramo-70-mil-litros-de-cianuro-en-sonora-profepa\/","title":{"rendered":"Minera derram\u00f3 70 mil litros de cianuro en Sonora: Profepa"},"content":{"rendered":"<p>El Informador<\/p>\n<p>HERMOSILLO, SONORA (12\/MAY\/2015).- La Procuradur\u00eda Federal de Protecci\u00f3n al Ambiente (Profepa) determin\u00f3 que la empresa \u201cMinera Merril Crowe\u201d de Minera Penmont, S. de R.L. de C.V., Unidad La Herradura, ubicada en el municipio de Caborca, Sonora, derram\u00f3 el pasado 6 de mayo aproximadamente 70 metros c\u00fabicos de soluci\u00f3n con baja concentraci\u00f3n de cianuro.<\/p>\n<p>En un comunicado de prensa, la dependencia federal inform\u00f3 que el derrame se origin\u00f3 en una falla de una geo membrana, evento que fue reportado de manera inmediata por la empresa a la Delegaci\u00f3n de la Profepa en Sonora.<\/p>\n<p>A fin de atender el derrame reportado, los d\u00edas 7 y 8 de mayo de 2015, la Procuradur\u00eda realiz\u00f3 visitas de inspecci\u00f3n en materia de contaminaci\u00f3n de suelo, corroborando que la cantidad de soluci\u00f3n derramada fue de aproximadamente 70 metros c\u00fabicos.<\/p>\n<p>La superficie afectada a\u00fan no se determina toda vez que la soluci\u00f3n se encuentra depositada entre la geo membrana y la capa de arcilla, debajo del \u00e1rea de las piletas. Este derrame no rebas\u00f3 los l\u00edmites del predio que ocupa la empresa.<\/p>\n<p>Las observaciones preliminares a cargo de inspectores indican que no hay afectaci\u00f3n a alg\u00fan cuerpo de agua superficial. No obstante, la empresa est\u00e1 realizando un monitoreo permanente en su pozo de observaci\u00f3n No. 1 localizado a 150 metros debajo del derrame.<\/p>\n<p>Destac\u00f3 que se est\u00e1n valorando los hechos asentados en el acta de inspecci\u00f3n para emitir el Acuerdo de Emplazamiento correspondiente y continuar\u00e1 con la atenci\u00f3n de la emergencia hasta que se garantice la no afectaci\u00f3n al medio ambiente en el futuro, as\u00ed como el regreso a las condiciones originales del sitio afectado, en su caso.<\/p>\n<p><a href=\"http:\/\/www.informador.com.mx\/mexico\/2015\/591624\/6\/minera-derramo-70-mil-litros-de-cianuro-en-sonora-profepa.htm\" target=\"_blank\">http:\/\/www.informador.com.mx\/mexico\/2015\/591624\/6\/minera-derramo-70-mil-litros-de-cianuro-en-sonora-profepa.htm<\/a><\/p>\n","protected":false},"excerpt":{"rendered":"<p>El Informador HERMOSILLO, SONORA (12\/MAY\/2015).- La Procuradur\u00eda Federal de Protecci\u00f3n al Ambiente (Profepa) determin\u00f3 que la empresa \u201cMinera Merril Crowe\u201d de Minera Penmont, S. de R.L. de C.V., Unidad La &hellip; <a href=\"https:\/\/www.grieta.org.mx\/index.php\/2015\/05\/12\/minera-derramo-70-mil-litros-de-cianuro-en-sonora-profepa\/\" class=\"more-link\">Leer m\u00e1s<\/a><\/p>\n","protected":false},"author":2,"featured_media":21928,"comment_status":"closed","ping_status":"open","sticky":false,"template":"","format":"standard","meta":{"ngg_post_thumbnail":0,"_jetpack_newsletter_access":"","_jetpack_dont_email_post_to_subs":false,"_jetpack_newsletter_tier_id":0,"_jetpack_memberships_contains_paywalled_content":false,"_jetpack_memberships_contains_paid_content":false,"footnotes":""},"categories":[80,456],"tags":[394],"class_list":["post-8447","post","type-post","status-publish","format-standard","has-post-thumbnail","hentry","category-cintillo","category-sonora","tag-contaminacion-por-mineria","entry"],"jetpack_featured_media_url":"https:\/\/www.grieta.org.mx\/wp-content\/uploads\/2018\/03\/14524434_1106112876131411_958039263622046936_o.jpg","jetpack_sharing_enabled":true,"jetpack_shortlink":"https:\/\/wp.me\/p7ZJR4-2cf","jetpack_likes_enabled":false,"jetpack-related-posts":[{"id":9067,"url":"https:\/\/www.grieta.org.mx\/index.php\/2016\/08\/22\/contaminacion-y-danos-a-la-salud-por-mineria-en-sonora\/","url_meta":{"origin":8447,"position":0},"title":"Contaminaci\u00f3n y da\u00f1os a la salud por miner\u00eda en Sonora","author":"Admin","date":"22 agosto, 2016","format":false,"excerpt":"Denuncian contaminaci\u00f3n del R\u00edo Sonora provocada por miner\u00eda 22\/08\/16. Contaminaci\u00f3n, despojo y negligencia: las acusaciones contra Grupo M\u00e9xico en Sonora Animal Pol\u00edtico 08\/08\/16. A 2 a\u00f1os del derrame contaminante en el R\u00edo Sonora, una 'mancha' que no se borra Expansi\u00f3n 01\/08\/16. A dos a\u00f1os de la contaminaci\u00f3n en R\u00edo Sonora:\u2026","rel":"","context":"En &quot;Miner\u00eda&quot;","block_context":{"text":"Miner\u00eda","link":"https:\/\/www.grieta.org.mx\/index.php\/category\/megaproyectos\/mineria\/"},"img":{"alt_text":"","src":"https:\/\/i0.wp.com\/www.grieta.org.mx\/wp-content\/uploads\/2018\/03\/14524434_1106112876131411_958039263622046936_o.jpg?resize=350%2C200&ssl=1","width":350,"height":200,"srcset":"https:\/\/i0.wp.com\/www.grieta.org.mx\/wp-content\/uploads\/2018\/03\/14524434_1106112876131411_958039263622046936_o.jpg?resize=350%2C200&ssl=1 1x, https:\/\/i0.wp.com\/www.grieta.org.mx\/wp-content\/uploads\/2018\/03\/14524434_1106112876131411_958039263622046936_o.jpg?resize=525%2C300&ssl=1 1.5x, https:\/\/i0.wp.com\/www.grieta.org.mx\/wp-content\/uploads\/2018\/03\/14524434_1106112876131411_958039263622046936_o.jpg?resize=700%2C400&ssl=1 2x"},"classes":[]},{"id":8290,"url":"https:\/\/www.grieta.org.mx\/index.php\/2015\/03\/10\/profepa-confirma-nuevo-derrame-de-minera-en-cananea-sonora\/","url_meta":{"origin":8447,"position":1},"title":"Profepa confirma nuevo derrame de minera en Cananea, Sonora","author":"grieta","date":"10 marzo, 2015","format":false,"excerpt":"La Jornada Por Jos\u00e9 Antonio Rom\u00e1n M\u00e9xico, DF. En un nuevo cap\u00edtulo de derrames t\u00f3xicos en el pa\u00eds, se confirm\u00f3 que la empresa \u201cMinera Mar\u00eda\u201d, en Cananea, Sonora, derram\u00f3 180 metros c\u00fabicos de soluci\u00f3n gastada de cobre, como resultado de una falla en el sistema de bombeo. El vertimiento, ocurrido\u2026","rel":"","context":"En &quot;CINTILLO&quot;","block_context":{"text":"CINTILLO","link":"https:\/\/www.grieta.org.mx\/index.php\/category\/cintillo\/"},"img":{"alt_text":"","src":"https:\/\/i0.wp.com\/www.grieta.org.mx\/wp-content\/uploads\/2018\/03\/14524434_1106112876131411_958039263622046936_o.jpg?resize=350%2C200&ssl=1","width":350,"height":200,"srcset":"https:\/\/i0.wp.com\/www.grieta.org.mx\/wp-content\/uploads\/2018\/03\/14524434_1106112876131411_958039263622046936_o.jpg?resize=350%2C200&ssl=1 1x, https:\/\/i0.wp.com\/www.grieta.org.mx\/wp-content\/uploads\/2018\/03\/14524434_1106112876131411_958039263622046936_o.jpg?resize=525%2C300&ssl=1 1.5x, https:\/\/i0.wp.com\/www.grieta.org.mx\/wp-content\/uploads\/2018\/03\/14524434_1106112876131411_958039263622046936_o.jpg?resize=700%2C400&ssl=1 2x"},"classes":[]},{"id":8271,"url":"https:\/\/www.grieta.org.mx\/index.php\/2015\/03\/17\/minera-maria-no-presenta-aun-estudio-de-caracterizacion-del-derrame-profepa\/","url_meta":{"origin":8447,"position":2},"title":"Minera Mar\u00eda no presenta a\u00fan estudio de caracterizaci\u00f3n del derrame: Profepa","author":"grieta","date":"17 marzo, 2015","format":false,"excerpt":"De la Redacci\u00f3n Peri\u00f3dico La Jornada Martes 17 de marzo de 2015, p. 34 La Procuradur\u00eda Federal de Protecci\u00f3n al Ambiente (Profepa) inform\u00f3 que la Minera Mar\u00eda, ubicada en Cananea, Sonora, hasta el fin de semana no hab\u00eda presentado la elaboraci\u00f3n de un estudio de caracterizaci\u00f3n del derrame de 180\u2026","rel":"","context":"En &quot;CINTILLO&quot;","block_context":{"text":"CINTILLO","link":"https:\/\/www.grieta.org.mx\/index.php\/category\/cintillo\/"},"img":{"alt_text":"","src":"https:\/\/i0.wp.com\/www.grieta.org.mx\/wp-content\/uploads\/2018\/03\/14524434_1106112876131411_958039263622046936_o.jpg?resize=350%2C200&ssl=1","width":350,"height":200,"srcset":"https:\/\/i0.wp.com\/www.grieta.org.mx\/wp-content\/uploads\/2018\/03\/14524434_1106112876131411_958039263622046936_o.jpg?resize=350%2C200&ssl=1 1x, https:\/\/i0.wp.com\/www.grieta.org.mx\/wp-content\/uploads\/2018\/03\/14524434_1106112876131411_958039263622046936_o.jpg?resize=525%2C300&ssl=1 1.5x, https:\/\/i0.wp.com\/www.grieta.org.mx\/wp-content\/uploads\/2018\/03\/14524434_1106112876131411_958039263622046936_o.jpg?resize=700%2C400&ssl=1 2x"},"classes":[]},{"id":11792,"url":"https:\/\/www.grieta.org.mx\/index.php\/2016\/05\/03\/minera-derrama-400-mil-litros-de-solucion-de-cianuro-en-altar-sonora\/","url_meta":{"origin":8447,"position":3},"title":"Minera derrama 400 mil litros de soluci\u00f3n de cianuro en Altar, Sonora","author":"grieta","date":"3 mayo, 2016","format":false,"excerpt":"La fisura en un ducto de la mina El Chanate, de la empresa Santa Rita \u2013subsidiaria del grupo canadiense Aurico Gold Inc\u2013, provoc\u00f3 un derrame de 400 metros c\u00fabicos de soluci\u00f3n rica en cianuro que contamin\u00f3 una zona aleda\u00f1a en el municipio de Altar, en la zona des\u00e9rtica del norte\u2026","rel":"","context":"En &quot;CINTILLO&quot;","block_context":{"text":"CINTILLO","link":"https:\/\/www.grieta.org.mx\/index.php\/category\/cintillo\/"},"img":{"alt_text":"","src":"https:\/\/i0.wp.com\/www.grieta.org.mx\/wp-content\/uploads\/2018\/03\/14524434_1106112876131411_958039263622046936_o.jpg?resize=350%2C200&ssl=1","width":350,"height":200,"srcset":"https:\/\/i0.wp.com\/www.grieta.org.mx\/wp-content\/uploads\/2018\/03\/14524434_1106112876131411_958039263622046936_o.jpg?resize=350%2C200&ssl=1 1x, https:\/\/i0.wp.com\/www.grieta.org.mx\/wp-content\/uploads\/2018\/03\/14524434_1106112876131411_958039263622046936_o.jpg?resize=525%2C300&ssl=1 1.5x, https:\/\/i0.wp.com\/www.grieta.org.mx\/wp-content\/uploads\/2018\/03\/14524434_1106112876131411_958039263622046936_o.jpg?resize=700%2C400&ssl=1 2x"},"classes":[]},{"id":11787,"url":"https:\/\/www.grieta.org.mx\/index.php\/2016\/05\/03\/derrame-de-400-metros-cubicos-de-cianuro-en-mina-de-sonora-empleados-habian-advertido-alerta-de-falla\/","url_meta":{"origin":8447,"position":4},"title":"Derrame de 400 metros c\u00fabicos de cianuro en mina de Sonora, empleados hab\u00edan advertido \u201calerta de falla\u201d","author":"grieta","date":"3 mayo, 2016","format":false,"excerpt":"El estado de Sonora ha sido v\u00edctima de un derrame m\u00e1s causado por la miner\u00eda, esta vez fue causado por una fisura en un ducto de la mina El Chanate, de la empresa Santa Rita que provoc\u00f3 un derrame de 400 metros c\u00fabicos de \u201csoluci\u00f3n rica en cianuro\u201d que contamin\u00f3\u2026","rel":"","context":"En &quot;CINTILLO&quot;","block_context":{"text":"CINTILLO","link":"https:\/\/www.grieta.org.mx\/index.php\/category\/cintillo\/"},"img":{"alt_text":"","src":"https:\/\/i0.wp.com\/www.grieta.org.mx\/wp-content\/uploads\/2018\/03\/14524434_1106112876131411_958039263622046936_o.jpg?resize=350%2C200&ssl=1","width":350,"height":200,"srcset":"https:\/\/i0.wp.com\/www.grieta.org.mx\/wp-content\/uploads\/2018\/03\/14524434_1106112876131411_958039263622046936_o.jpg?resize=350%2C200&ssl=1 1x, https:\/\/i0.wp.com\/www.grieta.org.mx\/wp-content\/uploads\/2018\/03\/14524434_1106112876131411_958039263622046936_o.jpg?resize=525%2C300&ssl=1 1.5x, https:\/\/i0.wp.com\/www.grieta.org.mx\/wp-content\/uploads\/2018\/03\/14524434_1106112876131411_958039263622046936_o.jpg?resize=700%2C400&ssl=1 2x"},"classes":[]},{"id":30064,"url":"https:\/\/www.grieta.org.mx\/index.php\/2016\/08\/22\/en-mexico-el-mayor-numero-de-conflictos-mineros-de-al-80-socio-ambientales-y-22-laborales\/","url_meta":{"origin":8447,"position":5},"title":"En M\u00e9xico, el mayor n\u00famero de conflictos mineros de AL: 80 socio-ambientales y 22 laborales","author":"grieta","date":"22 agosto, 2016","format":false,"excerpt":"Sonora ha sido una de las entidades m\u00e1s afectadas por la contaminaci\u00f3n de las mineras. En 2014, siete municipios aleda\u00f1os al R\u00edo Sonora se vieron afectados por el mayor desastre ecol\u00f3gico de la miner\u00eda en la historia reciente; ese a\u00f1o, la mina\u00a0Buenavista de Cobre, de Grupo M\u00e9xico, derram\u00f3 en el\u2026","rel":"","context":"En &quot;CINTILLO&quot;","block_context":{"text":"CINTILLO","link":"https:\/\/www.grieta.org.mx\/index.php\/category\/cintillo\/"},"img":{"alt_text":"","src":"https:\/\/i0.wp.com\/www.grieta.org.mx\/wp-content\/uploads\/2019\/03\/conta-minera.jpg?resize=350%2C200&ssl=1","width":350,"height":200,"srcset":"https:\/\/i0.wp.com\/www.grieta.org.mx\/wp-content\/uploads\/2019\/03\/conta-minera.jpg?resize=350%2C200&ssl=1 1x, https:\/\/i0.wp.com\/www.grieta.org.mx\/wp-content\/uploads\/2019\/03\/conta-minera.jpg?resize=525%2C300&ssl=1 1.5x, https:\/\/i0.wp.com\/www.grieta.org.mx\/wp-content\/uploads\/2019\/03\/conta-minera.jpg?resize=700%2C400&ssl=1 2x, https:\/\/i0.wp.com\/www.grieta.org.mx\/wp-content\/uploads\/2019\/03\/conta-minera.jpg?resize=1050%2C600&ssl=1 3x"},"classes":[]}],"_links":{"self":[{"href":"https:\/\/www.grieta.org.mx\/index.php\/wp-json\/wp\/v2\/posts\/8447","targetHints":{"allow":["GET"]}}],"collection":[{"href":"https:\/\/www.grieta.org.mx\/index.php\/wp-json\/wp\/v2\/posts"}],"about":[{"href":"https:\/\/www.grieta.org.mx\/index.php\/wp-json\/wp\/v2\/types\/post"}],"author":[{"embeddable":true,"href":"https:\/\/www.grieta.org.mx\/index.php\/wp-json\/wp\/v2\/users\/2"}],"replies":[{"embeddable":true,"href":"https:\/\/www.grieta.org.mx\/index.php\/wp-json\/wp\/v2\/comments?post=8447"}],"version-history":[{"count":1,"href":"https:\/\/www.grieta.org.mx\/index.php\/wp-json\/wp\/v2\/posts\/8447\/revisions"}],"predecessor-version":[{"id":11790,"href":"https:\/\/www.grieta.org.mx\/index.php\/wp-json\/wp\/v2\/posts\/8447\/revisions\/11790"}],"wp:featuredmedia":[{"embeddable":true,"href":"https:\/\/www.grieta.org.mx\/index.php\/wp-json\/wp\/v2\/media\/21928"}],"wp:attachment":[{"href":"https:\/\/www.grieta.org.mx\/index.php\/wp-json\/wp\/v2\/media?parent=8447"}],"wp:term":[{"taxonomy":"category","embeddable":true,"href":"https:\/\/www.grieta.org.mx\/index.php\/wp-json\/wp\/v2\/categories?post=8447"},{"taxonomy":"post_tag","embeddable":true,"href":"https:\/\/www.grieta.org.mx\/index.php\/wp-json\/wp\/v2\/tags?post=8447"}],"curies":[{"name":"wp","href":"https:\/\/api.w.org\/{rel}","templated":true}]}}