{"id":8414,"date":"2015-06-05T20:01:39","date_gmt":"2015-06-05T20:01:39","guid":{"rendered":"http:\/\/50.22.11.12\/~grietaor\/?p=8414"},"modified":"2016-03-30T20:03:22","modified_gmt":"2016-03-30T20:03:22","slug":"pronunciamiento-de-movimiento-5-de-junio-a-c","status":"publish","type":"post","link":"https:\/\/www.grieta.org.mx\/index.php\/2015\/06\/05\/pronunciamiento-de-movimiento-5-de-junio-a-c\/","title":{"rendered":"Pronunciamiento de Movimiento 5 de Junio A.C."},"content":{"rendered":"<p>Movimiento Ciudadano por la Justicia Cinco de Junio, Asociaci\u00f3n Civil Hermosillo, Sonora<\/p>\n<p>M\u00e9xico a 05 de Junio del 2015<\/p>\n<p>MANIFIESTO A LA NACION A 6 A\u00d1OS DE IMPUNIDAD Y SIMULACI\u00d3N<\/p>\n<p>Hoy al igual que hace 6 a\u00f1os, su ausencia, llena de dolor e indignaci\u00f3n nuestras vidas y la de todo un pa\u00eds. 25 ni\u00f1as y 24 ni\u00f1os fallecidos y m\u00e1s de setenta con distintos grados de lesiones, es un crimen imposible de olvidar. Ante ustedes lanzamos el siguiente manifiesto a la naci\u00f3n:<\/p>\n<p>El viernes 5 de junio de 2009, era un viernes com\u00fan y corriente, s\u00f3lo con la excepci\u00f3n de vivir un proceso electoral. Se preparaba el debate entre los candidatos a la gubernatura del estado. Se acercaban al momento culminante de las campa\u00f1as pol\u00edticas.<br \/>\nLos candidatos punteros se atribu\u00edan cada quien la delantera. Entre algunos ciudadanos permeaba la idea que llegara quien llegara, era lo mismo, primos al fin de cuentas, todo quedar\u00eda en familia.<br \/>\nPor la ma\u00f1ana en conocido hotel de la ciudad se presentaba un libro que denunciaba los nexos del gobernador con los c\u00e1rteles del narcotr\u00e1fico. M\u00e1s tarde se dar\u00eda un enfrentamiento entre polic\u00edas y supuestos sicarios.<\/p>\n<p>Esa ma\u00f1ana llegaron como cada viernes, llenos de j\u00fabilo, muchos ni\u00f1os, usuarios de la guarder\u00eda ABC, dispuestos a gozar de la funci\u00f3n de cine y sus palomitas. Se despidieron con un adi\u00f3s papito, adi\u00f3s mamita. Con la certeza del reencuentro por la tarde para contar los pormenores de las actividades en la escuelita.<\/p>\n<p>No falt\u00f3 quien quisiera, no ir esa ma\u00f1ana, y contra su voluntad, arribara a la guarder\u00eda para que su mam\u00e1 y su pap\u00e1 pudieran estar tranquilos mientras trabajaban, para eso se cre\u00f3 el servicio de estancias infantiles.<br \/>\nEl verano hermosillense se aproximaba con calurosa desesperaci\u00f3n. Los 40\u00b0 se hac\u00edan presentes desde hac\u00eda ya varios d\u00edas. Ese viernes, era especialmente caliente, en todos los sentidos.<\/p>\n<p>Despu\u00e9s del mediod\u00eda, se escribir\u00eda la historia que ya todos conocemos, la historia que puso a Hermosillo en todos los noticiarios de televisi\u00f3n de todo el mundo; la historia que marc\u00f3 a Hermosillo como la capital de la impunidad; la historia del dolor de ver la justicia negada; la historia de la burla de los responsables exonerados; la historia del peregrinar de padres y madres de las v\u00edctimas buscando respuesta de las autoridades, la historia de padres, madres y ciudadanos, empujando leyes que garanticen la no repetici\u00f3n de un hecho similar.<br \/>\nSeis a\u00f1os se cumplen hoy de marchar con ustedes. Seis a\u00f1os, durante los cuales, lejos de conseguir la justicia, se han acumulado m\u00e1s agravios con asesinatos, ejecuciones sumarias, violaciones, desapariciones forzadas, feminicidios, despojos de tierras para su explotaci\u00f3n por compa\u00f1\u00edas extranjeras, que contaminan y dejan un rastro de destrucci\u00f3n y muerte con la complacencia de las autoridades, y en algunos casos con la participaci\u00f3n directa de servidores p\u00fablicos, polic\u00edas y ej\u00e9rcito, como los casos de Tlatlaya y Ayotzinapa, solo por citar a dos.<\/p>\n<p>Seis a\u00f1os acompa\u00f1ados de ciudadanos consientes, que la justicia no llegar\u00e1 sola, que no ser\u00e1 otorgada como una d\u00e1diva, como acostumbra hacerlo el gobierno, que la justicia se la arrebataremos, unidos codo con codo, porque es nuestro derecho. Viernes 5 de junio, literalmente se grab\u00f3 con fuego en la memoria de los ciudadanos de Hermosillo, Sonora, M\u00e9xico y el mundo.<\/p>\n<p>A 6 a\u00f1os Justicia tardada igual a Justicia Negada.<\/p>\n<p>Son 6 a\u00f1os ya de simulaciones de parte del estado mexicano, por parte de PGR en 2013 el Procurador Jes\u00fas Murillo Karam, ordena \u201cinvestigar la investigaci\u00f3n\u201d, rehacer la investigaci\u00f3n ir de principio a fin y menciona la \u201csolidaridad institucional\u201d con los familiares de las 49 v\u00edctimas. En otra de muchas declaraciones dice es un tema sensible que interesa al gobierno de la Rep\u00fablica por ser un asunto paradigm\u00e1tico y de justicia fundamental.<br \/>\nEl pasado 26 de mayo un grupo de madres y padres afectados y su abogado fueron recibidos por la titular de la PGR, Arely G\u00f3mez Gonz\u00e1lez y otros funcionarios, con la finalidad de acordar las l\u00edneas de acci\u00f3n. Seg\u00fan comunicados recientes la procuradora se comprometi\u00f3 a profundizar en todas las l\u00edneas de investigaci\u00f3n, con el fin de conocer la verdad de lo sucedido y deslindar responsabilidades.<\/p>\n<p>Sin embargo, cuando madres y padres integrantes del movimiento 5 de junio solicitaron reuni\u00f3n solo estuvo presente el subprocurador Gilberto Higuera, ya que por cuestiones de trabajo dijeron no estuvo presente la procuradora, siendo la quinta titular de PGR desde 2009 y que a la fecha a\u00fan tiene inconclusas sus investigaciones tanto la de oficio de 2009, como la abierta en 2013, esta \u00faltima teniendo como base la intencionalidad del origen del incendio y restando importancia a el resto de elementos que hemos denunciado reiteradamente y que se mencion\u00f3 en el informe preliminar de la investigaci\u00f3n de violaciones graves de garant\u00edas individuales (previstas en el entonces vigente art\u00edculo 97 de nuestra carta magna), rendido por magistrados ante la suprema Corte de Justicia de la Naci\u00f3n.<\/p>\n<p>A la fecha no tenemos informaci\u00f3n que PGR haya ampliado la acci\u00f3n de investigar a esas personas, algunos hoy candidatos o senadores.<br \/>\nSeguimos exigiendo a las autoridades nacionales que realicen su trabajo y a la par estamos denunciando denegaci\u00f3n de justicia en instancias internacionales.<\/p>\n<p>A 6 a\u00f1os el juez sigue considerando la clasificaci\u00f3n de los delitos Homicidio y Lesiones culposas, es decir la muerte de 25 ni\u00f1as y 24 ni\u00f1os, \u201cdelitos no graves\u201d. Y por tanto los responsables dentro de ellos los due\u00f1os de ABC: Marcia Matilde Altagracia G\u00f3mez del campo Tonella, Gildardo Urquidez Serrano, Antonio Salido Suarez y Sandra Lucia T\u00e9llez Nieves, los dos primeros mencionados ya exonerados de la justicia mexicana.<\/p>\n<p>A Guillermo Padres lo \u00fanico que tenemos que decirle: \u00a1Complice! por que durante su mandato hizo caso omiso dentro de su competencia por lograr justicia ABC.<\/p>\n<p>Al gobernador entrante le informamos que aqu\u00ed seguiremos luchando por justicia.<\/p>\n<p>A Enrique Pe\u00f1a Nieto, le exigimos nuestro derecho de audiencia previsto en el art\u00edculo 8 de nuestra constituci\u00f3n, el cu\u00e1l a la fecha ha sido vulnerado ya que desde 2013 se realiz\u00f3 esta solicitud por escrito y se entreg\u00f3 en los Pinos.<\/p>\n<p>A seis a\u00f1os de Luto y Lucha y conocedores de lo que implica luchar contra un estado fallido y asesino, les extendemos desde Hermosillo sonora, nuestra solidaridad a todas esas madres y padres que han perdido a sus hijos en estancias infantiles, a padres y madres de los j\u00f3venes normalistas de Ayotzinapa que viven terriblemente la incertidumbre de no saber d\u00f3nde est\u00e1n sus hijos, a todos los habitantes afectados del Ecocidio del rio sonora nuestro apoyo, a los mineros de cananea les pedimos resistencia ante la situaci\u00f3n de su lucha\u2026tienen nuestro apoyo, a los trabajadores jornaleros de San Quint\u00edn BajaCalifornia y a todos los casos emblem\u00e1ticos que a pesar del tiempo permanecen presentes aunque el estado mexicano busque lo contrario.<\/p>\n<p>A 4 a\u00f1os de publicada y vigente la Ley General de Servicios de Atenci\u00f3n, Cuidado y Desarrollo Integral Infantil, mejor conocida como Ley 5 de Junio, seguimos teniendo falta de compromiso del estado para su difusi\u00f3n e Implementaci\u00f3n. Pero seguimos adelante impulsando esta importante Ley en beneficio de toda nuestra primera infancia. Por lo anterior en octubre de 2014 acudimos ante la Comisi\u00f3n Interamericana de Derechos Humanos (CIDH), a denunciar al Estado Mexicano por denegaci\u00f3n de Justicia.<\/p>\n<p>Seis a\u00f1os se cumplen hoy; seis a\u00f1os durante los cuales hemos escuchados voces que nos conminan a dejar descansar en paz a nuestros hijos, voces que pretenden que dejemos de luchar, que no lograremos nada con marchar. Por otro lado, voces firmes y solidarias como la del obispo de Saltillo, Don Ra\u00fal Vera, nos conminan a continuar en esta lucha con la fuerza que nos infunden nuestros hijos, que con su muerte est\u00e1n generando vida, cuando con el impulso de la Ley 5 de junio que es en su memoria se pretende proteger a todos los ni\u00f1os del pa\u00eds y nos invita a no dejar de luchar.<\/p>\n<p>A 6 a\u00f1os, en esta emblem\u00e1tica plaza agradecemos su apoyo y acompa\u00f1amiento, que nos motiva y fortalece para continuar en el camino de la b\u00fasqueda de justicia. Frente a ustedes y con el coraz\u00f3n en la mano reafirmamos nuestro solemne juramento en todos los idiomas y en todas las lenguas; que resuene por todos los pa\u00edses y por todos los rincones del planeta.<\/p>\n<p style=\"text-align: center;\">\u201cAunque nuestros cuerpos se derrumben y nuestra alma decaiga, No descansaremos hasta ver juzgados y condenados por este horrendo crimen a todos los culpables\u201d<br \/>\n\u201c5 DE JUNIO NI PERD\u00d3N NI OLVIDO\u201d<br \/>\n\u201cABC NUNCA M\u00c1S\u201d<br \/>\nMADRES, PADRES Y CIUDADANOS INTEGRANTES DEL MOVIMIENTO CIUDADANO POR LA JUSTICIA 5 DE JUNIO A.C www.movimiento5dejunio.org<\/p>\n<p><a href=\"http:\/\/www.movimiento5dejunio.org\/abc\/2015\/06\/06\/manifiesto-a-la-nacion-de-movimiento-5-de-junio-a-c-a-6-anos\/\" target=\"_blank\">http:\/\/www.movimiento5dejunio.org\/abc\/2015\/06\/06\/manifiesto-a-la-nacion-de-movimiento-5-de-junio-a-c-a-6-anos\/<\/a><\/p>\n","protected":false},"excerpt":{"rendered":"<p>Movimiento Ciudadano por la Justicia Cinco de Junio, Asociaci\u00f3n Civil Hermosillo, Sonora M\u00e9xico a 05 de Junio del 2015 MANIFIESTO A LA NACION A 6 A\u00d1OS DE IMPUNIDAD Y SIMULACI\u00d3N &hellip; <a href=\"https:\/\/www.grieta.org.mx\/index.php\/2015\/06\/05\/pronunciamiento-de-movimiento-5-de-junio-a-c\/\" class=\"more-link\">Leer m\u00e1s<\/a><\/p>\n","protected":false},"author":2,"featured_media":21928,"comment_status":"closed","ping_status":"open","sticky":false,"template":"","format":"standard","meta":{"ngg_post_thumbnail":0,"_jetpack_newsletter_access":"","_jetpack_dont_email_post_to_subs":false,"_jetpack_newsletter_tier_id":0,"_jetpack_memberships_contains_paywalled_content":false,"_jetpack_memberships_contains_paid_content":false,"footnotes":""},"categories":[80,456],"tags":[491],"class_list":["post-8414","post","type-post","status-publish","format-standard","has-post-thumbnail","hentry","category-cintillo","category-sonora","tag-guarderia-abc","entry"],"jetpack_featured_media_url":"https:\/\/www.grieta.org.mx\/wp-content\/uploads\/2018\/03\/14524434_1106112876131411_958039263622046936_o.jpg","jetpack_sharing_enabled":true,"jetpack_shortlink":"https:\/\/wp.me\/p7ZJR4-2bI","jetpack_likes_enabled":false,"jetpack-related-posts":[{"id":8426,"url":"https:\/\/www.grieta.org.mx\/index.php\/2015\/05\/05\/comunicado-a-71-meses-de-lucha-por-49-razones-justicia-abc\/","url_meta":{"origin":8414,"position":0},"title":"Comunicado a 71 meses de lucha por 49 Razones. Justicia ABC","author":"grieta","date":"5 mayo, 2015","format":false,"excerpt":"Movimiento Ciudadano por la Justicia 5 de junio MAY 5, 2015 A 71 MESES DE LUCHA POR 49 RAZONES Hoy por este medio, familiares de los bebes v\u00edctimas en el incendio de la Guarder\u00eda ABC, y ciudadan@s integrados en el Movimiento 5 de Junio A.C., hacemos p\u00fablico lo siguiente. I.\u2026","rel":"","context":"En &quot;CINTILLO&quot;","block_context":{"text":"CINTILLO","link":"https:\/\/www.grieta.org.mx\/index.php\/category\/cintillo\/"},"img":{"alt_text":"","src":"https:\/\/i0.wp.com\/www.grieta.org.mx\/wp-content\/uploads\/2018\/03\/14524434_1106112876131411_958039263622046936_o.jpg?resize=350%2C200&ssl=1","width":350,"height":200,"srcset":"https:\/\/i0.wp.com\/www.grieta.org.mx\/wp-content\/uploads\/2018\/03\/14524434_1106112876131411_958039263622046936_o.jpg?resize=350%2C200&ssl=1 1x, https:\/\/i0.wp.com\/www.grieta.org.mx\/wp-content\/uploads\/2018\/03\/14524434_1106112876131411_958039263622046936_o.jpg?resize=525%2C300&ssl=1 1.5x, https:\/\/i0.wp.com\/www.grieta.org.mx\/wp-content\/uploads\/2018\/03\/14524434_1106112876131411_958039263622046936_o.jpg?resize=700%2C400&ssl=1 2x"},"classes":[]},{"id":9076,"url":"https:\/\/www.grieta.org.mx\/index.php\/2016\/09\/11\/caso-guarderia-abc\/","url_meta":{"origin":8414,"position":1},"title":"Caso Guarder\u00eda ABC","author":"Admin","date":"11 septiembre, 2016","format":false,"excerpt":"Se exige verdad y justicia para las v\u00edctimas de la guarder\u00eda ABC a siete a\u00f1os de luto y lucha 11\/09\/15. No buscan la verdad \u201csino la impunidad para los verdaderos responsables de la muerte de nuestros hijos\u201d: padres ABC Revoluci\u00f3n 3.0 05\/06\/15. 7 a\u00f1os de dolor y sin justicia: guarder\u00eda\u2026","rel":"","context":"En &quot;NOTICIAS NACIONALES&quot;","block_context":{"text":"NOTICIAS NACIONALES","link":"https:\/\/www.grieta.org.mx\/index.php\/category\/noticias-nacionales\/"},"img":{"alt_text":"","src":"https:\/\/i0.wp.com\/www.grieta.org.mx\/wp-content\/uploads\/2018\/03\/14524434_1106112876131411_958039263622046936_o.jpg?resize=350%2C200&ssl=1","width":350,"height":200,"srcset":"https:\/\/i0.wp.com\/www.grieta.org.mx\/wp-content\/uploads\/2018\/03\/14524434_1106112876131411_958039263622046936_o.jpg?resize=350%2C200&ssl=1 1x, https:\/\/i0.wp.com\/www.grieta.org.mx\/wp-content\/uploads\/2018\/03\/14524434_1106112876131411_958039263622046936_o.jpg?resize=525%2C300&ssl=1 1.5x, https:\/\/i0.wp.com\/www.grieta.org.mx\/wp-content\/uploads\/2018\/03\/14524434_1106112876131411_958039263622046936_o.jpg?resize=700%2C400&ssl=1 2x"},"classes":[]},{"id":34391,"url":"https:\/\/www.grieta.org.mx\/index.php\/2019\/06\/04\/los-padres-de-los-49-ninos-del-abc-reclaman-10-anos-de-impunidad-nadie-ha-pisado-la-carcel-acusan-sonora\/","url_meta":{"origin":8414,"position":2},"title":"Los padres de los 49 ni\u00f1os del ABC reclaman 10 a\u00f1os de impunidad; nadie ha pisado la c\u00e1rcel, acusan (Sonora)","author":"grieta","date":"4 junio, 2019","format":false,"excerpt":"Daniel S\u00e1nchez\/ EFE\/ SIN EMBARGO El 5 de junio del 2009 una bodega de la Secretar\u00eda de Hacienda en Hermosillo, capital del estado de Sonora, se incendi\u00f3 y el fuego se propag\u00f3 a la guarder\u00eda ABC, donde hab\u00eda un centenar de ni\u00f1os con sus cuidadoras y el personal. Hoy las\u2026","rel":"","context":"En &quot;CINTILLO&quot;","block_context":{"text":"CINTILLO","link":"https:\/\/www.grieta.org.mx\/index.php\/category\/cintillo\/"},"img":{"alt_text":"","src":"https:\/\/i0.wp.com\/www.grieta.org.mx\/wp-content\/uploads\/2019\/06\/frases-1100-templates.jpg?resize=350%2C200&ssl=1","width":350,"height":200,"srcset":"https:\/\/i0.wp.com\/www.grieta.org.mx\/wp-content\/uploads\/2019\/06\/frases-1100-templates.jpg?resize=350%2C200&ssl=1 1x, https:\/\/i0.wp.com\/www.grieta.org.mx\/wp-content\/uploads\/2019\/06\/frases-1100-templates.jpg?resize=525%2C300&ssl=1 1.5x, https:\/\/i0.wp.com\/www.grieta.org.mx\/wp-content\/uploads\/2019\/06\/frases-1100-templates.jpg?resize=700%2C400&ssl=1 2x, https:\/\/i0.wp.com\/www.grieta.org.mx\/wp-content\/uploads\/2019\/06\/frases-1100-templates.jpg?resize=1050%2C600&ssl=1 3x"},"classes":[]},{"id":13664,"url":"https:\/\/www.grieta.org.mx\/index.php\/2015\/08\/18\/los-5-pendientes-del-caso-abc-averiguacion-juicio-amparos-altos-funcionarios-y-ley-5-de-junio\/","url_meta":{"origin":8414,"position":3},"title":"Los 5 pendientes del caso ABC: averiguaci\u00f3n, juicio, amparos, altos funcionarios y Ley 5 de Junio","author":"grieta","date":"18 agosto, 2015","format":false,"excerpt":"La mayor tragedia infantil de la historia moderna en M\u00e9xico acumula m\u00e1s cabos sueltos que resultados. No hay sentencias y en consecuencia, tampoco reparaci\u00f3n del da\u00f1o. La ley creada para que un caso como este no se repita, es letra muerta en la mitad del pa\u00eds. M\u00c9XICO, D.F., 05MAYO2015.- Familiares\u2026","rel":"","context":"En &quot;CINTILLO&quot;","block_context":{"text":"CINTILLO","link":"https:\/\/www.grieta.org.mx\/index.php\/category\/cintillo\/"},"img":{"alt_text":"","src":"https:\/\/i0.wp.com\/www.grieta.org.mx\/wp-content\/uploads\/2018\/03\/14524434_1106112876131411_958039263622046936_o.jpg?resize=350%2C200&ssl=1","width":350,"height":200,"srcset":"https:\/\/i0.wp.com\/www.grieta.org.mx\/wp-content\/uploads\/2018\/03\/14524434_1106112876131411_958039263622046936_o.jpg?resize=350%2C200&ssl=1 1x, https:\/\/i0.wp.com\/www.grieta.org.mx\/wp-content\/uploads\/2018\/03\/14524434_1106112876131411_958039263622046936_o.jpg?resize=525%2C300&ssl=1 1.5x, https:\/\/i0.wp.com\/www.grieta.org.mx\/wp-content\/uploads\/2018\/03\/14524434_1106112876131411_958039263622046936_o.jpg?resize=700%2C400&ssl=1 2x"},"classes":[]},{"id":13683,"url":"https:\/\/www.grieta.org.mx\/index.php\/2016\/06\/05\/7-anos-de-dolor-y-sin-justicia-guarderia-abc\/","url_meta":{"origin":8414,"position":4},"title":"7 a\u00f1os de dolor y sin justicia: guarder\u00eda ABC","author":"grieta","date":"5 junio, 2016","format":false,"excerpt":"SARA GONZ\u00c1LEZ EDUARDO BLAS COVARRUBIAS Este 5 de junio, volvieron a marchar en la Ciudad de M\u00e9xico los padres de los 49 ni\u00f1os fallecidos en el incendio de la guarder\u00eda ABC en Hermosillo, Sonora. Despu\u00e9s de 7 a\u00f1os, la impunidad sigue presente. La marcha, encabezada por Abraham Fraijo, padre de\u2026","rel":"","context":"En &quot;CINTILLO&quot;","block_context":{"text":"CINTILLO","link":"https:\/\/www.grieta.org.mx\/index.php\/category\/cintillo\/"},"img":{"alt_text":"","src":"https:\/\/i0.wp.com\/www.grieta.org.mx\/wp-content\/uploads\/2018\/03\/14524434_1106112876131411_958039263622046936_o.jpg?resize=350%2C200&ssl=1","width":350,"height":200,"srcset":"https:\/\/i0.wp.com\/www.grieta.org.mx\/wp-content\/uploads\/2018\/03\/14524434_1106112876131411_958039263622046936_o.jpg?resize=350%2C200&ssl=1 1x, https:\/\/i0.wp.com\/www.grieta.org.mx\/wp-content\/uploads\/2018\/03\/14524434_1106112876131411_958039263622046936_o.jpg?resize=525%2C300&ssl=1 1.5x, https:\/\/i0.wp.com\/www.grieta.org.mx\/wp-content\/uploads\/2018\/03\/14524434_1106112876131411_958039263622046936_o.jpg?resize=700%2C400&ssl=1 2x"},"classes":[]},{"id":23486,"url":"https:\/\/www.grieta.org.mx\/index.php\/2018\/06\/05\/padres-de-las-victimas-de-la-guarderia-abc-denuncian-represalias-de-funcionarios-por-reclamos-de-corrupcion-sonora\/","url_meta":{"origin":8414,"position":5},"title":"Padres de las v\u00edctimas de la Guarder\u00eda ABC denuncian represalias de funcionarios por reclamos de corrupci\u00f3n (Sonora)","author":"grieta","date":"5 junio, 2018","format":false,"excerpt":"Redacci\u00f3n\/ Sin Embargo Los familiares de los menores fallecidos subrayaron que ni el IMSS, ni el gobierno de Sonora, ni el municipio de Hermosillo han atendido la queja que emiti\u00f3 la Comisi\u00f3n Nacional de los Derechos Humanos (CNDH) el pasado 30 de junio de 2009. Ciudad de M\u00e9xico, 5 de\u2026","rel":"","context":"En &quot;CINTILLO&quot;","block_context":{"text":"CINTILLO","link":"https:\/\/www.grieta.org.mx\/index.php\/category\/cintillo\/"},"img":{"alt_text":"","src":"https:\/\/i0.wp.com\/www.grieta.org.mx\/wp-content\/uploads\/2018\/06\/padres-abc.jpg?resize=350%2C200&ssl=1","width":350,"height":200,"srcset":"https:\/\/i0.wp.com\/www.grieta.org.mx\/wp-content\/uploads\/2018\/06\/padres-abc.jpg?resize=350%2C200&ssl=1 1x, https:\/\/i0.wp.com\/www.grieta.org.mx\/wp-content\/uploads\/2018\/06\/padres-abc.jpg?resize=525%2C300&ssl=1 1.5x, https:\/\/i0.wp.com\/www.grieta.org.mx\/wp-content\/uploads\/2018\/06\/padres-abc.jpg?resize=700%2C400&ssl=1 2x, https:\/\/i0.wp.com\/www.grieta.org.mx\/wp-content\/uploads\/2018\/06\/padres-abc.jpg?resize=1050%2C600&ssl=1 3x"},"classes":[]}],"_links":{"self":[{"href":"https:\/\/www.grieta.org.mx\/index.php\/wp-json\/wp\/v2\/posts\/8414","targetHints":{"allow":["GET"]}}],"collection":[{"href":"https:\/\/www.grieta.org.mx\/index.php\/wp-json\/wp\/v2\/posts"}],"about":[{"href":"https:\/\/www.grieta.org.mx\/index.php\/wp-json\/wp\/v2\/types\/post"}],"author":[{"embeddable":true,"href":"https:\/\/www.grieta.org.mx\/index.php\/wp-json\/wp\/v2\/users\/2"}],"replies":[{"embeddable":true,"href":"https:\/\/www.grieta.org.mx\/index.php\/wp-json\/wp\/v2\/comments?post=8414"}],"version-history":[{"count":1,"href":"https:\/\/www.grieta.org.mx\/index.php\/wp-json\/wp\/v2\/posts\/8414\/revisions"}],"predecessor-version":[{"id":8422,"href":"https:\/\/www.grieta.org.mx\/index.php\/wp-json\/wp\/v2\/posts\/8414\/revisions\/8422"}],"wp:featuredmedia":[{"embeddable":true,"href":"https:\/\/www.grieta.org.mx\/index.php\/wp-json\/wp\/v2\/media\/21928"}],"wp:attachment":[{"href":"https:\/\/www.grieta.org.mx\/index.php\/wp-json\/wp\/v2\/media?parent=8414"}],"wp:term":[{"taxonomy":"category","embeddable":true,"href":"https:\/\/www.grieta.org.mx\/index.php\/wp-json\/wp\/v2\/categories?post=8414"},{"taxonomy":"post_tag","embeddable":true,"href":"https:\/\/www.grieta.org.mx\/index.php\/wp-json\/wp\/v2\/tags?post=8414"}],"curies":[{"name":"wp","href":"https:\/\/api.w.org\/{rel}","templated":true}]}}