{"id":8383,"date":"2015-06-12T19:55:33","date_gmt":"2015-06-12T19:55:33","guid":{"rendered":"http:\/\/50.22.11.12\/~grietaor\/?p=8383"},"modified":"2016-03-30T20:01:14","modified_gmt":"2016-03-30T20:01:14","slug":"abc-y-ayotzinapa-continua-la-exigencia-de-verdad-y-justicia","status":"publish","type":"post","link":"https:\/\/www.grieta.org.mx\/index.php\/2015\/06\/12\/abc-y-ayotzinapa-continua-la-exigencia-de-verdad-y-justicia\/","title":{"rendered":"ABC y Ayotzinapa: contin\u00faa la exigencia de verdad y justicia"},"content":{"rendered":"<p>Subversiones<\/p>\n<p>Por Amaranta Marentes Orozco<br \/>\n12 junio, 2015<br \/>\nFotograf\u00edas por Amaranta Marentes<\/p>\n<p><img loading=\"lazy\" decoding=\"async\" data-attachment-id=\"8391\" data-permalink=\"https:\/\/www.grieta.org.mx\/index.php\/2015\/06\/12\/abc-y-ayotzinapa-continua-la-exigencia-de-verdad-y-justicia\/seleccioin-11-300x199\/\" data-orig-file=\"https:\/\/www.grieta.org.mx\/wp-content\/uploads\/2016\/03\/seleccio\u00ecn-11-300x199.jpg\" data-orig-size=\"300,199\" data-comments-opened=\"0\" data-image-meta=\"{&quot;aperture&quot;:&quot;0&quot;,&quot;credit&quot;:&quot;&quot;,&quot;camera&quot;:&quot;&quot;,&quot;caption&quot;:&quot;&quot;,&quot;created_timestamp&quot;:&quot;0&quot;,&quot;copyright&quot;:&quot;&quot;,&quot;focal_length&quot;:&quot;0&quot;,&quot;iso&quot;:&quot;0&quot;,&quot;shutter_speed&quot;:&quot;0&quot;,&quot;title&quot;:&quot;&quot;,&quot;orientation&quot;:&quot;0&quot;}\" data-image-title=\"seleccio\u00ecn-11-300&amp;#215;199\" data-image-description=\"\" data-image-caption=\"\" data-medium-file=\"https:\/\/www.grieta.org.mx\/wp-content\/uploads\/2016\/03\/seleccio\u00ecn-11-300x199-300x199.jpg\" data-large-file=\"https:\/\/www.grieta.org.mx\/wp-content\/uploads\/2016\/03\/seleccio\u00ecn-11-300x199.jpg\" class=\"alignnone wp-image-8391 aligncenter\" src=\"http:\/\/grieta.org.mx\/wp-content\/uploads\/2016\/03\/seleccio\u00ecn-11-300x199.jpg\" alt=\"seleccio\u00ecn-11-300x199\" width=\"464\" height=\"308\" \/><span style=\"line-height: 1.5;\">\u00a0<\/span><br \/>\n<img loading=\"lazy\" decoding=\"async\" data-attachment-id=\"8394\" data-permalink=\"https:\/\/www.grieta.org.mx\/index.php\/2015\/06\/12\/abc-y-ayotzinapa-continua-la-exigencia-de-verdad-y-justicia\/seleccioin-18-198x300\/\" data-orig-file=\"https:\/\/www.grieta.org.mx\/wp-content\/uploads\/2016\/03\/seleccio\u00ecn-18-198x300.jpg\" data-orig-size=\"198,300\" data-comments-opened=\"0\" data-image-meta=\"{&quot;aperture&quot;:&quot;0&quot;,&quot;credit&quot;:&quot;&quot;,&quot;camera&quot;:&quot;&quot;,&quot;caption&quot;:&quot;&quot;,&quot;created_timestamp&quot;:&quot;0&quot;,&quot;copyright&quot;:&quot;&quot;,&quot;focal_length&quot;:&quot;0&quot;,&quot;iso&quot;:&quot;0&quot;,&quot;shutter_speed&quot;:&quot;0&quot;,&quot;title&quot;:&quot;&quot;,&quot;orientation&quot;:&quot;0&quot;}\" data-image-title=\"seleccio\u00ecn-18-198&amp;#215;300\" data-image-description=\"\" data-image-caption=\"\" data-medium-file=\"https:\/\/www.grieta.org.mx\/wp-content\/uploads\/2016\/03\/seleccio\u00ecn-18-198x300-198x300.jpg\" data-large-file=\"https:\/\/www.grieta.org.mx\/wp-content\/uploads\/2016\/03\/seleccio\u00ecn-18-198x300.jpg\" class=\"alignnone wp-image-8394 aligncenter\" src=\"http:\/\/grieta.org.mx\/wp-content\/uploads\/2016\/03\/seleccio\u00ecn-18-198x300.jpg\" alt=\"seleccio\u00ecn-18-198x300\" width=\"201\" height=\"304\" \/><\/p>\n<p>El 5 de junio de 2015, a seis a\u00f1os del incendio en la guarder\u00eda ABC en el que fallecieron 49 ni\u00f1os y 106 resultaron heridos (en Hermosillo, Sonora) y a 8 meses de Ayotzinapa, madres de los estudiantes desaparecidos en Iguala se reunieron con padres de la guarder\u00eda en el plant\u00f3n X los 43, en el contexto de la conferencia de prensa en donde se extern\u00f3 la solidaridad de las luchas. Aqu\u00ed compartimos una breve memoria gr\u00e1fica.<\/p>\n<p>La sociedad muestra su apoyo a las familias de la Guarder\u00eda ABC en su b\u00fasqueda nacional e internacional de justicia<\/p>\n<p>A 6 a\u00f1os del incendio, no hay verdad y justicia<br \/>\nAcci\u00f3n en l\u00ednea suma m\u00e1s de 8 mil personas en apoyo a las familias<br \/>\nEl caso se encuentra ante la Comisi\u00f3n Interamericana<\/p>\n<p>Ciudad de M\u00e9xico, 02 de junio de 2015. A 6 a\u00f1os del incendio en la Guarder\u00eda ABC en Hermosillo, Sonora, en que fallecieron 25 ni\u00f1as y 24 ni\u00f1os debido a que el Estado mexicano no hizo cumplir los requisitos m\u00ednimos de seguridad para una estancia infantil, las familias de las v\u00edctimas no se cansan en su lucha por la verdad y la justicia y la sociedad mexicana no olvida la tragedia.<br \/>\nEn una acci\u00f3n en l\u00ednea coordinada por la plataforma de activismo Avaaz.org, en menos de 6 d\u00edas ya firmaron casi 20 mil personas uniendo sus voces al llamado por justicia a 6 a\u00f1os de esta tragedia.<br \/>\nLa exigencia de familias y ciudadanos no se limita al esclarecimiento y sanci\u00f3n de las graves violaciones cometidas en contra de las 49 v\u00edctimas de la Guarder\u00eda ABC, sino que busca poner fin a situaciones de riesgo para ni\u00f1os y ni\u00f1as en las miles de estancias infantiles del pa\u00eds. Lo anterior es urgente a la luz de tragedias recientes como el fallecimiento de ni\u00f1os y ni\u00f1as en 2014 y 2015 en estancias infantiles en Coahuila, Sonora, Quer\u00e9taro y Chiapas.<\/p>\n<p>Recordamos que gracias a la lucha incansable de los padres y madres de la Guarder\u00eda ABC, el 24 de octubre de 2011 fue publicada en el Diario Oficial de la Federaci\u00f3n la Ley General de Prestaci\u00f3n de Servicios para la Atenci\u00f3n, Cuidado y Desarrollo Integral Infantil, conocida como la Ley 5 de Junio.<\/p>\n<p>El objetivo de la Ley es garantizar el respeto a los derechos humanos de las y los ni\u00f1os, incluyendo el derecho a un entorno seguro y a la protecci\u00f3n de su integridad f\u00edsica. Sin embargo, a m\u00e1s de tres a\u00f1os de la promulgaci\u00f3n de la Ley 5 de Junio, \u00e9sta no se cumple plenamente y diversos estados ni siquiera han promulgado o armonizado sus leyes estatales para incorporar estos est\u00e1ndares de cuidado infantil.<br \/>\nEn relaci\u00f3n a las investigaciones federales abiertas en relaci\u00f3n a la Guarder\u00eda ABC, en una reuni\u00f3n sostenida ayer entre representantes de las familias, el Centro Prodh y el Lic. Gilberto Higuera Bernal, Subprocurador de Control Regional, Procedimientos Penales y Amparo la Procuradur\u00eda General de la Rep\u00fablica (PGR), dicha Subprocuradur\u00eda se comprometi\u00f3 a presentar un plan de investigaci\u00f3n a las familias en Sonora, detallando las diligencias por practicarse en las averiguaciones iniciadas tanto en 2009 como en 2013 (en el caso de esta \u00faltima, dirigidas a indagar la posibilidad de que servidores p\u00fablicos del Estado de Sonora provocaron el incendio con el fin de destruir documentos oficiales).<\/p>\n<p>En relaci\u00f3n al proceso penal 126\/2009 y sus acumulados, en curso en el Juzgado Primero de Distrito con sede en Hermosillo, Sonora, el mismo ya consta de 168 tomos.<\/p>\n<p>En resumen, a 6 a\u00f1os de la tragedia, sigue transcurriendo el tiempo y acumul\u00e1ndose diligencias, peritajes y documentos, sin que lo anterior haya significado el acceso a la verdad y la justicia para las familias de la Guarder\u00eda ABC. Tampoco las autoridades federales o estatales han podido proporcionar alguna fecha para cuando esperan contar con toda la informaci\u00f3n necesaria para hacer justicia.<br \/>\nEn este contexto y ante la falta de avances significativos en M\u00e9xico, en octubre de 2014 un grupo de padres y madres de ni\u00f1os fallecidos en la Guarder\u00eda ABC viajaron a Washington DC y presentaron una petici\u00f3n ante la Comisi\u00f3n Interamericana de Derechos Humanos (CIDH), misma que se encuentra pendiente de estudio para su admisi\u00f3n.<\/p>\n<p>Por otro lado, adem\u00e1s de la acci\u00f3n en l\u00ednea, la sociedad civil ha expresado su apoyo en este sexto aniversario mediante la difusi\u00f3n de dos videos, uno producido por la organizaci\u00f3n New Media Advocacy Project vimeo.com\/129309784 y otro en el que artistas mexicanos recrean testimonios de las v\u00edctimas www.youtube.com\/watch?v=fkPcLf-kKfc.<\/p>\n<p>Adicionalmente, este mismo martes en el Museo de la Memoria y Tolerancia se presentar\u00e1 el libro de Lourdes Encinas \u201c49 razones para no olvidar\u201d. El jueves 4 se realizar\u00e1 una vigilia frente a la Guarder\u00eda ABC en Hermosillo y el viernes se han convocado a marchas simult\u00e1neas en el Distrito Federal y en Hermosillo, Sonora.<\/p>\n<p>A 6 a\u00f1os de los hechos, exigimos justicia: que nunca m\u00e1s ocurra otra tragedia en las estancias infantiles del pa\u00eds.<br \/>\nSi desean sumarse al llamado ABC Nunca M\u00e1s, pueden firmar la acci\u00f3n en l\u00ednea en secure.avaaz.org\/es\/juntosporjusticiaabc\/<\/p>\n<p>Atentamente:<br \/>\nCentro de Derechos Humanos Miguel Agust\u00edn Pro Ju\u00e1rez<br \/>\nFamilias de la Guarder\u00eda ABC<br \/>\nNew Media Advocacy Project<br \/>\nContingente MX<\/p>\n<p><a href=\"http:\/\/subversiones.org\/archivos\/116485\" target=\"_blank\">http:\/\/subversiones.org\/archivos\/116485<\/a><\/p>\n","protected":false},"excerpt":{"rendered":"<p>Subversiones Por Amaranta Marentes Orozco 12 junio, 2015 Fotograf\u00edas por Amaranta Marentes \u00a0 El 5 de junio de 2015, a seis a\u00f1os del incendio en la guarder\u00eda ABC en el &hellip; <a href=\"https:\/\/www.grieta.org.mx\/index.php\/2015\/06\/12\/abc-y-ayotzinapa-continua-la-exigencia-de-verdad-y-justicia\/\" class=\"more-link\">Leer m\u00e1s<\/a><\/p>\n","protected":false},"author":2,"featured_media":21928,"comment_status":"closed","ping_status":"open","sticky":false,"template":"","format":"standard","meta":{"ngg_post_thumbnail":0,"_jetpack_newsletter_access":"","_jetpack_dont_email_post_to_subs":false,"_jetpack_newsletter_tier_id":0,"_jetpack_memberships_contains_paywalled_content":false,"_jetpack_memberships_contains_paid_content":false,"footnotes":""},"categories":[80,456],"tags":[491],"class_list":["post-8383","post","type-post","status-publish","format-standard","has-post-thumbnail","hentry","category-cintillo","category-sonora","tag-guarderia-abc","entry"],"jetpack_featured_media_url":"https:\/\/www.grieta.org.mx\/wp-content\/uploads\/2018\/03\/14524434_1106112876131411_958039263622046936_o.jpg","jetpack_sharing_enabled":true,"jetpack_shortlink":"https:\/\/wp.me\/p7ZJR4-2bd","jetpack_likes_enabled":false,"jetpack-related-posts":[{"id":9076,"url":"https:\/\/www.grieta.org.mx\/index.php\/2016\/09\/11\/caso-guarderia-abc\/","url_meta":{"origin":8383,"position":0},"title":"Caso Guarder\u00eda ABC","author":"Admin","date":"11 septiembre, 2016","format":false,"excerpt":"Se exige verdad y justicia para las v\u00edctimas de la guarder\u00eda ABC a siete a\u00f1os de luto y lucha 11\/09\/15. No buscan la verdad \u201csino la impunidad para los verdaderos responsables de la muerte de nuestros hijos\u201d: padres ABC Revoluci\u00f3n 3.0 05\/06\/15. 7 a\u00f1os de dolor y sin justicia: guarder\u00eda\u2026","rel":"","context":"En &quot;NOTICIAS NACIONALES&quot;","block_context":{"text":"NOTICIAS NACIONALES","link":"https:\/\/www.grieta.org.mx\/index.php\/category\/noticias-nacionales\/"},"img":{"alt_text":"","src":"https:\/\/i0.wp.com\/www.grieta.org.mx\/wp-content\/uploads\/2018\/03\/14524434_1106112876131411_958039263622046936_o.jpg?resize=350%2C200&ssl=1","width":350,"height":200,"srcset":"https:\/\/i0.wp.com\/www.grieta.org.mx\/wp-content\/uploads\/2018\/03\/14524434_1106112876131411_958039263622046936_o.jpg?resize=350%2C200&ssl=1 1x, https:\/\/i0.wp.com\/www.grieta.org.mx\/wp-content\/uploads\/2018\/03\/14524434_1106112876131411_958039263622046936_o.jpg?resize=525%2C300&ssl=1 1.5x, https:\/\/i0.wp.com\/www.grieta.org.mx\/wp-content\/uploads\/2018\/03\/14524434_1106112876131411_958039263622046936_o.jpg?resize=700%2C400&ssl=1 2x"},"classes":[]},{"id":13781,"url":"https:\/\/www.grieta.org.mx\/index.php\/2016\/06\/06\/4943-el-abrazo-entre-ayotzinapa-y-las-familias-de-la-guarderia-abc\/","url_meta":{"origin":8383,"position":1},"title":"49+43, el abrazo entre Ayotzinapa y las familias de la Guarder\u00eda ABC","author":"grieta","date":"6 junio, 2016","format":false,"excerpt":"Texto: D\u00e9bora Poo Soto Fotograf\u00edas: Ignacio Rosaslanda y D\u00e9bora Poo Soto En las calles durante la marcha por el s\u00e9ptimo aniversario de aquel triste 5 de junio, los gritos reclamaron que la tragedia de la guarder\u00eda ABC no se repita \u201cnunca m\u00e1s\u201d, y tambi\u00e9n se exigi\u00f3 presentaci\u00f3n con vida de\u2026","rel":"","context":"En &quot;cdmx&quot;","block_context":{"text":"cdmx","link":"https:\/\/www.grieta.org.mx\/index.php\/category\/cdmx\/"},"img":{"alt_text":"","src":"https:\/\/i0.wp.com\/www.grieta.org.mx\/wp-content\/uploads\/2018\/03\/14524434_1106112876131411_958039263622046936_o.jpg?resize=350%2C200&ssl=1","width":350,"height":200,"srcset":"https:\/\/i0.wp.com\/www.grieta.org.mx\/wp-content\/uploads\/2018\/03\/14524434_1106112876131411_958039263622046936_o.jpg?resize=350%2C200&ssl=1 1x, https:\/\/i0.wp.com\/www.grieta.org.mx\/wp-content\/uploads\/2018\/03\/14524434_1106112876131411_958039263622046936_o.jpg?resize=525%2C300&ssl=1 1.5x, https:\/\/i0.wp.com\/www.grieta.org.mx\/wp-content\/uploads\/2018\/03\/14524434_1106112876131411_958039263622046936_o.jpg?resize=700%2C400&ssl=1 2x"},"classes":[]},{"id":23483,"url":"https:\/\/www.grieta.org.mx\/index.php\/2018\/06\/06\/marchan-en-sonora-y-cdmx-por-victimas-de-guarderia-abc\/","url_meta":{"origin":8383,"position":2},"title":"Marchan en Sonora y CDMX por v\u00edctimas de guarder\u00eda ABC","author":"grieta","date":"6 junio, 2018","format":false,"excerpt":"Redacci\u00f3n\/ El Diario \u00a1ABC, nunca m\u00e1s! gritaron sobre Paseo de la Reforma y hasta el Z\u00f3calo los padres de los ni\u00f1os que murieron el 5 de junio de 2009 en la Guarder\u00eda ABC, de Hermosillo, Sonora. A nueve a\u00f1os del incendio, los pap\u00e1s exigieron a la Suprema Corte de Justicia\u2026","rel":"","context":"En &quot;CINTILLO&quot;","block_context":{"text":"CINTILLO","link":"https:\/\/www.grieta.org.mx\/index.php\/category\/cintillo\/"},"img":{"alt_text":"","src":"https:\/\/i0.wp.com\/www.grieta.org.mx\/wp-content\/uploads\/2018\/06\/conmemoracion_abc_-1023x570.jpg?resize=350%2C200&ssl=1","width":350,"height":200,"srcset":"https:\/\/i0.wp.com\/www.grieta.org.mx\/wp-content\/uploads\/2018\/06\/conmemoracion_abc_-1023x570.jpg?resize=350%2C200&ssl=1 1x, https:\/\/i0.wp.com\/www.grieta.org.mx\/wp-content\/uploads\/2018\/06\/conmemoracion_abc_-1023x570.jpg?resize=525%2C300&ssl=1 1.5x, https:\/\/i0.wp.com\/www.grieta.org.mx\/wp-content\/uploads\/2018\/06\/conmemoracion_abc_-1023x570.jpg?resize=700%2C400&ssl=1 2x"},"classes":[]},{"id":13683,"url":"https:\/\/www.grieta.org.mx\/index.php\/2016\/06\/05\/7-anos-de-dolor-y-sin-justicia-guarderia-abc\/","url_meta":{"origin":8383,"position":3},"title":"7 a\u00f1os de dolor y sin justicia: guarder\u00eda ABC","author":"grieta","date":"5 junio, 2016","format":false,"excerpt":"SARA GONZ\u00c1LEZ EDUARDO BLAS COVARRUBIAS Este 5 de junio, volvieron a marchar en la Ciudad de M\u00e9xico los padres de los 49 ni\u00f1os fallecidos en el incendio de la guarder\u00eda ABC en Hermosillo, Sonora. Despu\u00e9s de 7 a\u00f1os, la impunidad sigue presente. La marcha, encabezada por Abraham Fraijo, padre de\u2026","rel":"","context":"En &quot;CINTILLO&quot;","block_context":{"text":"CINTILLO","link":"https:\/\/www.grieta.org.mx\/index.php\/category\/cintillo\/"},"img":{"alt_text":"","src":"https:\/\/i0.wp.com\/www.grieta.org.mx\/wp-content\/uploads\/2018\/03\/14524434_1106112876131411_958039263622046936_o.jpg?resize=350%2C200&ssl=1","width":350,"height":200,"srcset":"https:\/\/i0.wp.com\/www.grieta.org.mx\/wp-content\/uploads\/2018\/03\/14524434_1106112876131411_958039263622046936_o.jpg?resize=350%2C200&ssl=1 1x, https:\/\/i0.wp.com\/www.grieta.org.mx\/wp-content\/uploads\/2018\/03\/14524434_1106112876131411_958039263622046936_o.jpg?resize=525%2C300&ssl=1 1.5x, https:\/\/i0.wp.com\/www.grieta.org.mx\/wp-content\/uploads\/2018\/03\/14524434_1106112876131411_958039263622046936_o.jpg?resize=700%2C400&ssl=1 2x"},"classes":[]},{"id":34386,"url":"https:\/\/www.grieta.org.mx\/index.php\/2019\/06\/06\/alexia-de-11-anos-vive-con-asma-desde-el-incendio-en-la-guarderia-abc-es-feliz-pero-exige-justicia-sonora\/","url_meta":{"origin":8383,"position":4},"title":"Alexia, de 11 a\u00f1os, vive con asma desde el incendio en la Guarder\u00eda ABC; es feliz, pero exige justicia (Sonora)","author":"grieta","date":"6 junio, 2019","format":false,"excerpt":"Redacci\u00f3n\/ SIN EMBARGO\/ PROYECTO PUENTE \u201cLa ni\u00f1a se hizo como asm\u00e1tica, hubo una afectaci\u00f3n en los pulmones, en el izquierdo m\u00e1s que en el derecho, el 30 por ciento en el izquierdo, hace dos a\u00f1os le quitaron la ves\u00edcula, mil medicamentos ha tomado estos 10 a\u00f1os\u2026\u201d, coment\u00f3 su mam\u00e1. Sonora,\u2026","rel":"","context":"En &quot;CINTILLO&quot;","block_context":{"text":"CINTILLO","link":"https:\/\/www.grieta.org.mx\/index.php\/category\/cintillo\/"},"img":{"alt_text":"","src":"https:\/\/i0.wp.com\/www.grieta.org.mx\/wp-content\/uploads\/2019\/06\/Alexia-ABC.jpg?resize=350%2C200&ssl=1","width":350,"height":200,"srcset":"https:\/\/i0.wp.com\/www.grieta.org.mx\/wp-content\/uploads\/2019\/06\/Alexia-ABC.jpg?resize=350%2C200&ssl=1 1x, https:\/\/i0.wp.com\/www.grieta.org.mx\/wp-content\/uploads\/2019\/06\/Alexia-ABC.jpg?resize=525%2C300&ssl=1 1.5x, https:\/\/i0.wp.com\/www.grieta.org.mx\/wp-content\/uploads\/2019\/06\/Alexia-ABC.jpg?resize=700%2C400&ssl=1 2x, https:\/\/i0.wp.com\/www.grieta.org.mx\/wp-content\/uploads\/2019\/06\/Alexia-ABC.jpg?resize=1050%2C600&ssl=1 3x"},"classes":[]},{"id":8349,"url":"https:\/\/www.grieta.org.mx\/index.php\/2015\/08\/12\/la-pgr-pide-girar-22-ordenes-de-aprehension-por-incendio-de-guarderia-abc\/","url_meta":{"origin":8383,"position":5},"title":"La PGR pide girar 22 \u00f3rdenes de aprehensi\u00f3n por incendio de guarder\u00eda ABC","author":"grieta","date":"12 agosto, 2015","format":false,"excerpt":"Las \u00f3rdenes son contra maestras, personal de intendencia y directora; el abogado de padres de las v\u00edctimas dice que es una medida err\u00f3nea (CNNM\u00e9xico) \u2014 La delegaci\u00f3n de la Procuradur\u00eda General de la Rep\u00fablica (PGR) en Sonora pidi\u00f3 este mi\u00e9rcoles a un juez girar 22 \u00f3rdenes de aprehensi\u00f3n contra trabajadores\u2026","rel":"","context":"En &quot;CINTILLO&quot;","block_context":{"text":"CINTILLO","link":"https:\/\/www.grieta.org.mx\/index.php\/category\/cintillo\/"},"img":{"alt_text":"","src":"https:\/\/i0.wp.com\/www.grieta.org.mx\/wp-content\/uploads\/2018\/03\/14524434_1106112876131411_958039263622046936_o.jpg?resize=350%2C200&ssl=1","width":350,"height":200,"srcset":"https:\/\/i0.wp.com\/www.grieta.org.mx\/wp-content\/uploads\/2018\/03\/14524434_1106112876131411_958039263622046936_o.jpg?resize=350%2C200&ssl=1 1x, https:\/\/i0.wp.com\/www.grieta.org.mx\/wp-content\/uploads\/2018\/03\/14524434_1106112876131411_958039263622046936_o.jpg?resize=525%2C300&ssl=1 1.5x, https:\/\/i0.wp.com\/www.grieta.org.mx\/wp-content\/uploads\/2018\/03\/14524434_1106112876131411_958039263622046936_o.jpg?resize=700%2C400&ssl=1 2x"},"classes":[]}],"_links":{"self":[{"href":"https:\/\/www.grieta.org.mx\/index.php\/wp-json\/wp\/v2\/posts\/8383","targetHints":{"allow":["GET"]}}],"collection":[{"href":"https:\/\/www.grieta.org.mx\/index.php\/wp-json\/wp\/v2\/posts"}],"about":[{"href":"https:\/\/www.grieta.org.mx\/index.php\/wp-json\/wp\/v2\/types\/post"}],"author":[{"embeddable":true,"href":"https:\/\/www.grieta.org.mx\/index.php\/wp-json\/wp\/v2\/users\/2"}],"replies":[{"embeddable":true,"href":"https:\/\/www.grieta.org.mx\/index.php\/wp-json\/wp\/v2\/comments?post=8383"}],"version-history":[{"count":1,"href":"https:\/\/www.grieta.org.mx\/index.php\/wp-json\/wp\/v2\/posts\/8383\/revisions"}],"predecessor-version":[{"id":8407,"href":"https:\/\/www.grieta.org.mx\/index.php\/wp-json\/wp\/v2\/posts\/8383\/revisions\/8407"}],"wp:featuredmedia":[{"embeddable":true,"href":"https:\/\/www.grieta.org.mx\/index.php\/wp-json\/wp\/v2\/media\/21928"}],"wp:attachment":[{"href":"https:\/\/www.grieta.org.mx\/index.php\/wp-json\/wp\/v2\/media?parent=8383"}],"wp:term":[{"taxonomy":"category","embeddable":true,"href":"https:\/\/www.grieta.org.mx\/index.php\/wp-json\/wp\/v2\/categories?post=8383"},{"taxonomy":"post_tag","embeddable":true,"href":"https:\/\/www.grieta.org.mx\/index.php\/wp-json\/wp\/v2\/tags?post=8383"}],"curies":[{"name":"wp","href":"https:\/\/api.w.org\/{rel}","templated":true}]}}