{"id":8355,"date":"2015-03-26T19:45:51","date_gmt":"2015-03-26T19:45:51","guid":{"rendered":"http:\/\/50.22.11.12\/~grietaor\/?p=8355"},"modified":"2016-03-30T19:46:54","modified_gmt":"2016-03-30T19:46:54","slug":"ilegal-la-construccion-de-la-hidroelectrica-el-naranjal-lavida","status":"publish","type":"post","link":"https:\/\/www.grieta.org.mx\/index.php\/2015\/03\/26\/ilegal-la-construccion-de-la-hidroelectrica-el-naranjal-lavida\/","title":{"rendered":"Ilegal, la construcci\u00f3n de la hidroel\u00e9ctrica El Naranjal: Lavida"},"content":{"rendered":"<p>A pesar de tener una Manifestaci\u00f3n de Impacto Ambiental (MIA) vencida y estar ubicada en una zona natural protegida, la hidroel\u00e9ctrica El Naranjal sigue en proceso de construcci\u00f3n, ante la omisi\u00f3n de autoridades ambientales y estatales, denunci\u00f3 la activista Beatriz Torres Beristain, integrante de Lavida.<\/p>\n<p>Advirti\u00f3 que ejidatarios y activistas han sido amenazados y hostigados para ceder a la construcci\u00f3n de esta hidroel\u00e9ctrica que ser\u00eda la m\u00e1s grande de estado.<\/p>\n<p>Revel\u00f3 que han acudido ante la Suprema Corte de Justicia de la Naci\u00f3n (SCJN), para interponer un amparo en contra de este proyecto ilegal que ha violentado la normatividad vigente al ubicarse en la zona natural protegida estatal Metlac-R\u00edo Blanco- Cuichapa.<\/p>\n<p>Detall\u00f3 que la MIA para la hidroel\u00e9ctrica fue ingresada a Semarnat en 2009, y se venci\u00f3 en 2012, y se han realizado cambios sustanciales al proyecto basados en la misma manifestaci\u00f3n, lo cual es irregular: \u201cNo sabemos cu\u00e1l ser\u00e1 el trazo real porque hay muchas modificaciones a la MIA, lo cual es totalmente irregular, deber\u00edan hacer otra MIA\u201d.<\/p>\n<p>Explic\u00f3 que el colectivo Defensa Verde interpuso un amparo en contra de la MIA, y de la construcci\u00f3n, pero a ra\u00edz de eso hay presi\u00f3n para evitar que el proceso jur\u00eddico contin\u00fae.<\/p>\n<p>Record\u00f3 que en 2013, el activista No\u00e9 V\u00e1zquez fue asesinado en el marco del X aniversario del movimiento contra represas, y a ra\u00edz de ah\u00ed el hostigamiento y las amenazas contra ejidatarios no han cesado para que vendan sus tierras.<\/p>\n<p>\u201cSe estila el rumor de que ya todos vendieron, menos t\u00fa, y con eso presionan, a pesar de que se conoce que apenas han comprado el 30 por ciento de la tierra, hay un doble discurso\u201d, dijo.<\/p>\n<p>Entrevistada durante el II Coloquio \u201cAgua para Todos y todas siempre\u201d, lament\u00f3 que el gobierno estatal y federal no haya atendido los se\u00f1alamientos de las irregularidades en la compra de terrenos y las amenazas.<\/p>\n<p>http:\/\/formato7.com\/2015\/03\/26\/ilegal-la-construccion-de-la-hidroelectrica-el-naranjal-lavida\/<\/p>\n","protected":false},"excerpt":{"rendered":"<p>A pesar de tener una Manifestaci\u00f3n de Impacto Ambiental (MIA) vencida y estar ubicada en una zona natural protegida, la hidroel\u00e9ctrica El Naranjal sigue en proceso de construcci\u00f3n, ante la &hellip; <a href=\"https:\/\/www.grieta.org.mx\/index.php\/2015\/03\/26\/ilegal-la-construccion-de-la-hidroelectrica-el-naranjal-lavida\/\" class=\"more-link\">Leer m\u00e1s<\/a><\/p>\n","protected":false},"author":1,"featured_media":21928,"comment_status":"closed","ping_status":"open","sticky":false,"template":"","format":"standard","meta":{"ngg_post_thumbnail":0,"_jetpack_newsletter_access":"","_jetpack_dont_email_post_to_subs":false,"_jetpack_newsletter_tier_id":0,"_jetpack_memberships_contains_paywalled_content":false,"_jetpack_memberships_contains_paid_content":false,"footnotes":""},"categories":[80,257],"tags":[490],"class_list":["post-8355","post","type-post","status-publish","format-standard","has-post-thumbnail","hentry","category-cintillo","category-veracruz","tag-hidroelectrica-el-naranjal","entry"],"jetpack_featured_media_url":"https:\/\/www.grieta.org.mx\/wp-content\/uploads\/2018\/03\/14524434_1106112876131411_958039263622046936_o.jpg","jetpack_sharing_enabled":true,"jetpack_shortlink":"https:\/\/wp.me\/p7ZJR4-2aL","jetpack_likes_enabled":false,"jetpack-related-posts":[{"id":8301,"url":"https:\/\/www.grieta.org.mx\/index.php\/2016\/03\/14\/hidroelectrica-el-naranjal-despojo-y-represion\/","url_meta":{"origin":8355,"position":0},"title":"Hidroel\u00e9ctrica El Naranjal, despojo y represi\u00f3n","author":"Admin","date":"14 marzo, 2016","format":false,"excerpt":"14\/03\/16. Hidroel\u00e9ctrica El Naranjal pone en riesgo tres manantiales","rel":"","context":"En &quot;Hidroel\u00e9ctrica El Naranjal&quot;","block_context":{"text":"Hidroel\u00e9ctrica El Naranjal","link":"https:\/\/www.grieta.org.mx\/index.php\/category\/megaproyectos\/proyectos-hidricos\/hidroelectrica-el-naranjal\/"},"img":{"alt_text":"","src":"https:\/\/i0.wp.com\/www.grieta.org.mx\/wp-content\/uploads\/2018\/03\/14524434_1106112876131411_958039263622046936_o.jpg?resize=350%2C200&ssl=1","width":350,"height":200,"srcset":"https:\/\/i0.wp.com\/www.grieta.org.mx\/wp-content\/uploads\/2018\/03\/14524434_1106112876131411_958039263622046936_o.jpg?resize=350%2C200&ssl=1 1x, https:\/\/i0.wp.com\/www.grieta.org.mx\/wp-content\/uploads\/2018\/03\/14524434_1106112876131411_958039263622046936_o.jpg?resize=525%2C300&ssl=1 1.5x, https:\/\/i0.wp.com\/www.grieta.org.mx\/wp-content\/uploads\/2018\/03\/14524434_1106112876131411_958039263622046936_o.jpg?resize=700%2C400&ssl=1 2x"},"classes":[]},{"id":8330,"url":"https:\/\/www.grieta.org.mx\/index.php\/2015\/05\/25\/infringe-hidroelectrica-zona-protegida-y-viola-derechos-continua-resistencia-de-el-naranjal\/","url_meta":{"origin":8355,"position":1},"title":"Infringe hidroel\u00e9ctrica zona protegida y viola derechos; contin\u00faa resistencia de El Naranjal","author":"Admin","date":"25 mayo, 2015","format":false,"excerpt":"Infringe hidroel\u00e9ctrica zona protegida y viola derechos; contin\u00faa resistencia de El Naranjal Xalapa, Ver.- Tras el cambio del proyecto de la hidroel\u00e9ctrica \u201cEl Naranjal\u201d, impulsado por la empresa Agroetanol de Veracruz SA de CV, pas\u00f3 de cielo abierto a tuber\u00eda subterr\u00e1nea, en donde 98 por ciento del r\u00edo Blanco se\u2026","rel":"","context":"En &quot;CINTILLO&quot;","block_context":{"text":"CINTILLO","link":"https:\/\/www.grieta.org.mx\/index.php\/category\/cintillo\/"},"img":{"alt_text":"","src":"https:\/\/i0.wp.com\/www.grieta.org.mx\/wp-content\/uploads\/2018\/03\/14524434_1106112876131411_958039263622046936_o.jpg?resize=350%2C200&ssl=1","width":350,"height":200,"srcset":"https:\/\/i0.wp.com\/www.grieta.org.mx\/wp-content\/uploads\/2018\/03\/14524434_1106112876131411_958039263622046936_o.jpg?resize=350%2C200&ssl=1 1x, https:\/\/i0.wp.com\/www.grieta.org.mx\/wp-content\/uploads\/2018\/03\/14524434_1106112876131411_958039263622046936_o.jpg?resize=525%2C300&ssl=1 1.5x, https:\/\/i0.wp.com\/www.grieta.org.mx\/wp-content\/uploads\/2018\/03\/14524434_1106112876131411_958039263622046936_o.jpg?resize=700%2C400&ssl=1 2x"},"classes":[]},{"id":8367,"url":"https:\/\/www.grieta.org.mx\/index.php\/2014\/02\/07\/afirman-que-slim-adquirio-los-derechos-de-la-hidroelectrica-naranjal\/","url_meta":{"origin":8355,"position":2},"title":"Afirman que Slim adquiri\u00f3 los derechos de la hidroel\u00e9ctrica Naranjal","author":"Admin","date":"7 febrero, 2014","format":false,"excerpt":"El empresario Claudio X. Gonz\u00e1lez y su hijo cedieron a Grupo Carso y a Carlos Slim, el proyecto hidroel\u00e9ctrico de El Naranjal, dijo en entrevista Guillermo Rodr\u00edguez Curiel, de La Asamblea Veracruzana de Iniciativas en Defensa Ambiental (LAVIDA). El ambientalista explic\u00f3 que la manifestaci\u00f3n de Impacto Ambiental (MIA) que present\u00f3\u2026","rel":"","context":"En &quot;CINTILLO&quot;","block_context":{"text":"CINTILLO","link":"https:\/\/www.grieta.org.mx\/index.php\/category\/cintillo\/"},"img":{"alt_text":"","src":"https:\/\/i0.wp.com\/www.grieta.org.mx\/wp-content\/uploads\/2018\/03\/14524434_1106112876131411_958039263622046936_o.jpg?resize=350%2C200&ssl=1","width":350,"height":200,"srcset":"https:\/\/i0.wp.com\/www.grieta.org.mx\/wp-content\/uploads\/2018\/03\/14524434_1106112876131411_958039263622046936_o.jpg?resize=350%2C200&ssl=1 1x, https:\/\/i0.wp.com\/www.grieta.org.mx\/wp-content\/uploads\/2018\/03\/14524434_1106112876131411_958039263622046936_o.jpg?resize=525%2C300&ssl=1 1.5x, https:\/\/i0.wp.com\/www.grieta.org.mx\/wp-content\/uploads\/2018\/03\/14524434_1106112876131411_958039263622046936_o.jpg?resize=700%2C400&ssl=1 2x"},"classes":[]},{"id":8343,"url":"https:\/\/www.grieta.org.mx\/index.php\/2015\/04\/22\/rentas-irrisorias-de-centavos-ofrece-hidroelectrica-naranjal\/","url_meta":{"origin":8355,"position":3},"title":"Rentas irrisorias de centavos, ofrece Hidroel\u00e9ctrica Naranjal","author":"Admin","date":"22 abril, 2015","format":false,"excerpt":"C\u00f3rdoba, Ver.- (AVC) La empresa Hidroel\u00e9ctrica Naranjal formaliz\u00f3 30 contratos de compra-venta y arrendamiento de parcelas verdaderamente \u201cleoninos\u201d, al enga\u00f1ar a los campesinos y obligarlos a aceptar rentas anuales de mil pesos hasta por 15 hect\u00e1reas, violaciones a los derechos de los pueblos que son solapados por el gobernador Javier\u2026","rel":"","context":"En &quot;CINTILLO&quot;","block_context":{"text":"CINTILLO","link":"https:\/\/www.grieta.org.mx\/index.php\/category\/cintillo\/"},"img":{"alt_text":"","src":"https:\/\/i0.wp.com\/www.grieta.org.mx\/wp-content\/uploads\/2018\/03\/14524434_1106112876131411_958039263622046936_o.jpg?resize=350%2C200&ssl=1","width":350,"height":200,"srcset":"https:\/\/i0.wp.com\/www.grieta.org.mx\/wp-content\/uploads\/2018\/03\/14524434_1106112876131411_958039263622046936_o.jpg?resize=350%2C200&ssl=1 1x, https:\/\/i0.wp.com\/www.grieta.org.mx\/wp-content\/uploads\/2018\/03\/14524434_1106112876131411_958039263622046936_o.jpg?resize=525%2C300&ssl=1 1.5x, https:\/\/i0.wp.com\/www.grieta.org.mx\/wp-content\/uploads\/2018\/03\/14524434_1106112876131411_958039263622046936_o.jpg?resize=700%2C400&ssl=1 2x"},"classes":[]},{"id":8363,"url":"https:\/\/www.grieta.org.mx\/index.php\/2015\/01\/25\/amenazan-a-ejidatarios-por-no-vender-sus-tierras-para-hidroelectrica-en-el-naranjal\/","url_meta":{"origin":8355,"position":4},"title":"Amenazan a ejidatarios por no vender sus tierras para Hidroel\u00e9ctrica en El Naranjal","author":"Admin","date":"25 enero, 2015","format":false,"excerpt":"El sacerdote Juli\u00e1n Ver\u00f3nica reconoci\u00f3 que las amenazas hacia los ejidatarios y comuneros que se han negado en vender sus tierras para que se sienten las hidroel\u00e9ctricas, contin\u00faa, pues los empresarios no han podido comprar ni el 15 por ciento de los terrenos de los ejidos de los municipios de\u2026","rel":"","context":"En &quot;CINTILLO&quot;","block_context":{"text":"CINTILLO","link":"https:\/\/www.grieta.org.mx\/index.php\/category\/cintillo\/"},"img":{"alt_text":"","src":"https:\/\/i0.wp.com\/www.grieta.org.mx\/wp-content\/uploads\/2018\/03\/14524434_1106112876131411_958039263622046936_o.jpg?resize=350%2C200&ssl=1","width":350,"height":200,"srcset":"https:\/\/i0.wp.com\/www.grieta.org.mx\/wp-content\/uploads\/2018\/03\/14524434_1106112876131411_958039263622046936_o.jpg?resize=350%2C200&ssl=1 1x, https:\/\/i0.wp.com\/www.grieta.org.mx\/wp-content\/uploads\/2018\/03\/14524434_1106112876131411_958039263622046936_o.jpg?resize=525%2C300&ssl=1 1.5x, https:\/\/i0.wp.com\/www.grieta.org.mx\/wp-content\/uploads\/2018\/03\/14524434_1106112876131411_958039263622046936_o.jpg?resize=700%2C400&ssl=1 2x"},"classes":[]},{"id":8312,"url":"https:\/\/www.grieta.org.mx\/index.php\/2016\/03\/14\/hidroelectrica-el-naranjal-pone-en-riesgo-tres-manantiales\/","url_meta":{"origin":8355,"position":5},"title":"Hidroel\u00e9ctrica El Naranjal pone en riesgo tres manantiales","author":"Admin","date":"14 marzo, 2016","format":false,"excerpt":"Afectar\u00e1n abasto a 10 municipios y a miles de familias, denunci\u00f3 el Colectivo Regional Defensa Verde Naturaleza para Siempre Amatl\u00e1n, Ver.- El proyecto de la hidroel\u00e9ctrica El Naranjal amenaza la subsistencia de tres cuerpos de agua subterr\u00e1neos que abastecen a ocho municipios, a m\u00e1s de 10 localidades y a miles\u2026","rel":"","context":"En &quot;CINTILLO&quot;","block_context":{"text":"CINTILLO","link":"https:\/\/www.grieta.org.mx\/index.php\/category\/cintillo\/"},"img":{"alt_text":"","src":"https:\/\/i0.wp.com\/www.grieta.org.mx\/wp-content\/uploads\/2018\/03\/14524434_1106112876131411_958039263622046936_o.jpg?resize=350%2C200&ssl=1","width":350,"height":200,"srcset":"https:\/\/i0.wp.com\/www.grieta.org.mx\/wp-content\/uploads\/2018\/03\/14524434_1106112876131411_958039263622046936_o.jpg?resize=350%2C200&ssl=1 1x, https:\/\/i0.wp.com\/www.grieta.org.mx\/wp-content\/uploads\/2018\/03\/14524434_1106112876131411_958039263622046936_o.jpg?resize=525%2C300&ssl=1 1.5x, https:\/\/i0.wp.com\/www.grieta.org.mx\/wp-content\/uploads\/2018\/03\/14524434_1106112876131411_958039263622046936_o.jpg?resize=700%2C400&ssl=1 2x"},"classes":[]}],"_links":{"self":[{"href":"https:\/\/www.grieta.org.mx\/index.php\/wp-json\/wp\/v2\/posts\/8355","targetHints":{"allow":["GET"]}}],"collection":[{"href":"https:\/\/www.grieta.org.mx\/index.php\/wp-json\/wp\/v2\/posts"}],"about":[{"href":"https:\/\/www.grieta.org.mx\/index.php\/wp-json\/wp\/v2\/types\/post"}],"author":[{"embeddable":true,"href":"https:\/\/www.grieta.org.mx\/index.php\/wp-json\/wp\/v2\/users\/1"}],"replies":[{"embeddable":true,"href":"https:\/\/www.grieta.org.mx\/index.php\/wp-json\/wp\/v2\/comments?post=8355"}],"version-history":[{"count":1,"href":"https:\/\/www.grieta.org.mx\/index.php\/wp-json\/wp\/v2\/posts\/8355\/revisions"}],"predecessor-version":[{"id":8357,"href":"https:\/\/www.grieta.org.mx\/index.php\/wp-json\/wp\/v2\/posts\/8355\/revisions\/8357"}],"wp:featuredmedia":[{"embeddable":true,"href":"https:\/\/www.grieta.org.mx\/index.php\/wp-json\/wp\/v2\/media\/21928"}],"wp:attachment":[{"href":"https:\/\/www.grieta.org.mx\/index.php\/wp-json\/wp\/v2\/media?parent=8355"}],"wp:term":[{"taxonomy":"category","embeddable":true,"href":"https:\/\/www.grieta.org.mx\/index.php\/wp-json\/wp\/v2\/categories?post=8355"},{"taxonomy":"post_tag","embeddable":true,"href":"https:\/\/www.grieta.org.mx\/index.php\/wp-json\/wp\/v2\/tags?post=8355"}],"curies":[{"name":"wp","href":"https:\/\/api.w.org\/{rel}","templated":true}]}}