{"id":8347,"date":"2015-04-06T19:43:22","date_gmt":"2015-04-06T19:43:22","guid":{"rendered":"http:\/\/50.22.11.12\/~grietaor\/?p=8347"},"modified":"2016-03-30T19:44:35","modified_gmt":"2016-03-30T19:44:35","slug":"hidroelectrica-de-naranjal-solo-traera-contaminacion-al-agua-tinam","status":"publish","type":"post","link":"https:\/\/www.grieta.org.mx\/index.php\/2015\/04\/06\/hidroelectrica-de-naranjal-solo-traera-contaminacion-al-agua-tinam\/","title":{"rendered":"Hidroel\u00e9ctrica de Naranjal solo traer\u00e1 contaminaci\u00f3n al agua; TINAM"},"content":{"rendered":"<p>Por espacio de tres horas integrantes de la Uni\u00f3n de Todos los Pueblos Pobres (TINAM), bloquearon la calle oriente 10, justo afuera de la Delegaci\u00f3n de Pol\u00edtica Regional para exigir frenar las amenazas del gobierno para despojar a los ejidatarios de sus tierras y concretar el proyecto de la Hidroel\u00e9ctrica de Naranjal, que para ellos solo traer\u00e1 contaminaci\u00f3n al agua.<\/p>\n<p>\u201cM\u00e1s de 10 mil familias estar\u00e1n siendo afectadas con este proyecto de la Hidroel\u00e9ctrica, que a toda costa quieren construir, en Zapoapan (Ixtaczoquitl\u00e1n) ya llevan el 70 por ciento de los terrenos adquiridos, quieren construir la presa a toda costa sin importarles la contaminaci\u00f3n que provocan a los manantiales de agua\u201d, se\u00f1alo, Ignacio Romero Carrera, integrante del TINAM<br \/>\nPuntualizo que dicho proyecto afectara a las comunidades de Zapoapan y Fresnal, como a todo el municipio de Naranjal, afectando principalmente al manantial Ameyal, del cual se abastece el 80 por ciento de la poblaci\u00f3n.<\/p>\n<p>Por otra parte los integrantes del Frente Nacional de Lucha por el Socialismo, mencionaron que entregaran un pliego petitorio al delegado de Pol\u00edtica Regional, Marcelo Cervantes Huerta, para que sea conducto y los entregue a las dependencias de la SEDESOL y la CDI, ya que est\u00e1n pendientes algunos proyectos productivos para la poblaci\u00f3n.<\/p>\n<p>\u201cQueremos que la Secretar\u00eda de Desarrollo Social (SEDESOL) y la Comisi\u00f3n Nacional para el Desarrollo de Pueblos Ind\u00edgenas (CDI) cumplan con los proyectos productivos que ya hemos solicitado con anticipaci\u00f3n y que hasta la fecha no hay nada claro\u201d, se\u00f1alaron.<\/p>\n<p><a href=\"http:\/\/latiajusta.com.mx\/hidroelectrica-de-naranjal-solo-traera-contaminacion-al-agua.tinam\/\" target=\"_blank\">http:\/\/latiajusta.com.mx\/hidroelectrica-de-naranjal-solo-traera-contaminacion-al-agua.tinam\/<\/a><\/p>\n","protected":false},"excerpt":{"rendered":"<p>Por espacio de tres horas integrantes de la Uni\u00f3n de Todos los Pueblos Pobres (TINAM), bloquearon la calle oriente 10, justo afuera de la Delegaci\u00f3n de Pol\u00edtica Regional para exigir &hellip; <a href=\"https:\/\/www.grieta.org.mx\/index.php\/2015\/04\/06\/hidroelectrica-de-naranjal-solo-traera-contaminacion-al-agua-tinam\/\" class=\"more-link\">Leer m\u00e1s<\/a><\/p>\n","protected":false},"author":1,"featured_media":21928,"comment_status":"closed","ping_status":"open","sticky":false,"template":"","format":"standard","meta":{"ngg_post_thumbnail":0,"_jetpack_newsletter_access":"","_jetpack_dont_email_post_to_subs":false,"_jetpack_newsletter_tier_id":0,"_jetpack_memberships_contains_paywalled_content":false,"_jetpack_memberships_contains_paid_content":false,"footnotes":""},"categories":[80,257],"tags":[490],"class_list":["post-8347","post","type-post","status-publish","format-standard","has-post-thumbnail","hentry","category-cintillo","category-veracruz","tag-hidroelectrica-el-naranjal","entry"],"jetpack_featured_media_url":"https:\/\/www.grieta.org.mx\/wp-content\/uploads\/2018\/03\/14524434_1106112876131411_958039263622046936_o.jpg","jetpack_sharing_enabled":true,"jetpack_shortlink":"https:\/\/wp.me\/p7ZJR4-2aD","jetpack_likes_enabled":false,"jetpack-related-posts":[{"id":8318,"url":"https:\/\/www.grieta.org.mx\/index.php\/2015\/08\/17\/proyecto-hidroelectrico-el-naranjal-seria-amenaza-a-medio-ambiente\/","url_meta":{"origin":8347,"position":0},"title":"Proyecto hidroel\u00e9ctrico \u201cEl Naranjal\u201d , seria amenaza a medio ambiente","author":"Admin","date":"17 agosto, 2015","format":false,"excerpt":"Naranjal, Ver.\u00ad Porque representa una seria amenaza contra la naturaleza, trece comuneros del poblado de Zapoapan, en el municipio de Ixtaczoquitl\u00e1n rechazaron la oferta de los empresarios que pretenden construir la hidroel\u00e9ctrica m\u00e1s grande del Estado, en este municipio. Y es que el proyecto hidroel\u00e9ctrico \u201cEl Naranjal\u201d pretende construir 21\u2026","rel":"","context":"En &quot;CINTILLO&quot;","block_context":{"text":"CINTILLO","link":"https:\/\/www.grieta.org.mx\/index.php\/category\/cintillo\/"},"img":{"alt_text":"","src":"https:\/\/i0.wp.com\/www.grieta.org.mx\/wp-content\/uploads\/2018\/03\/14524434_1106112876131411_958039263622046936_o.jpg?resize=350%2C200&ssl=1","width":350,"height":200,"srcset":"https:\/\/i0.wp.com\/www.grieta.org.mx\/wp-content\/uploads\/2018\/03\/14524434_1106112876131411_958039263622046936_o.jpg?resize=350%2C200&ssl=1 1x, https:\/\/i0.wp.com\/www.grieta.org.mx\/wp-content\/uploads\/2018\/03\/14524434_1106112876131411_958039263622046936_o.jpg?resize=525%2C300&ssl=1 1.5x, https:\/\/i0.wp.com\/www.grieta.org.mx\/wp-content\/uploads\/2018\/03\/14524434_1106112876131411_958039263622046936_o.jpg?resize=700%2C400&ssl=1 2x"},"classes":[]},{"id":8301,"url":"https:\/\/www.grieta.org.mx\/index.php\/2016\/03\/14\/hidroelectrica-el-naranjal-despojo-y-represion\/","url_meta":{"origin":8347,"position":1},"title":"Hidroel\u00e9ctrica El Naranjal, despojo y represi\u00f3n","author":"Admin","date":"14 marzo, 2016","format":false,"excerpt":"14\/03\/16. Hidroel\u00e9ctrica El Naranjal pone en riesgo tres manantiales","rel":"","context":"En &quot;Hidroel\u00e9ctrica El Naranjal&quot;","block_context":{"text":"Hidroel\u00e9ctrica El Naranjal","link":"https:\/\/www.grieta.org.mx\/index.php\/category\/megaproyectos\/proyectos-hidricos\/hidroelectrica-el-naranjal\/"},"img":{"alt_text":"","src":"https:\/\/i0.wp.com\/www.grieta.org.mx\/wp-content\/uploads\/2018\/03\/14524434_1106112876131411_958039263622046936_o.jpg?resize=350%2C200&ssl=1","width":350,"height":200,"srcset":"https:\/\/i0.wp.com\/www.grieta.org.mx\/wp-content\/uploads\/2018\/03\/14524434_1106112876131411_958039263622046936_o.jpg?resize=350%2C200&ssl=1 1x, https:\/\/i0.wp.com\/www.grieta.org.mx\/wp-content\/uploads\/2018\/03\/14524434_1106112876131411_958039263622046936_o.jpg?resize=525%2C300&ssl=1 1.5x, https:\/\/i0.wp.com\/www.grieta.org.mx\/wp-content\/uploads\/2018\/03\/14524434_1106112876131411_958039263622046936_o.jpg?resize=700%2C400&ssl=1 2x"},"classes":[]},{"id":8312,"url":"https:\/\/www.grieta.org.mx\/index.php\/2016\/03\/14\/hidroelectrica-el-naranjal-pone-en-riesgo-tres-manantiales\/","url_meta":{"origin":8347,"position":2},"title":"Hidroel\u00e9ctrica El Naranjal pone en riesgo tres manantiales","author":"Admin","date":"14 marzo, 2016","format":false,"excerpt":"Afectar\u00e1n abasto a 10 municipios y a miles de familias, denunci\u00f3 el Colectivo Regional Defensa Verde Naturaleza para Siempre Amatl\u00e1n, Ver.- El proyecto de la hidroel\u00e9ctrica El Naranjal amenaza la subsistencia de tres cuerpos de agua subterr\u00e1neos que abastecen a ocho municipios, a m\u00e1s de 10 localidades y a miles\u2026","rel":"","context":"En &quot;CINTILLO&quot;","block_context":{"text":"CINTILLO","link":"https:\/\/www.grieta.org.mx\/index.php\/category\/cintillo\/"},"img":{"alt_text":"","src":"https:\/\/i0.wp.com\/www.grieta.org.mx\/wp-content\/uploads\/2018\/03\/14524434_1106112876131411_958039263622046936_o.jpg?resize=350%2C200&ssl=1","width":350,"height":200,"srcset":"https:\/\/i0.wp.com\/www.grieta.org.mx\/wp-content\/uploads\/2018\/03\/14524434_1106112876131411_958039263622046936_o.jpg?resize=350%2C200&ssl=1 1x, https:\/\/i0.wp.com\/www.grieta.org.mx\/wp-content\/uploads\/2018\/03\/14524434_1106112876131411_958039263622046936_o.jpg?resize=525%2C300&ssl=1 1.5x, https:\/\/i0.wp.com\/www.grieta.org.mx\/wp-content\/uploads\/2018\/03\/14524434_1106112876131411_958039263622046936_o.jpg?resize=700%2C400&ssl=1 2x"},"classes":[]},{"id":8355,"url":"https:\/\/www.grieta.org.mx\/index.php\/2015\/03\/26\/ilegal-la-construccion-de-la-hidroelectrica-el-naranjal-lavida\/","url_meta":{"origin":8347,"position":3},"title":"Ilegal, la construcci\u00f3n de la hidroel\u00e9ctrica El Naranjal: Lavida","author":"Admin","date":"26 marzo, 2015","format":false,"excerpt":"A pesar de tener una Manifestaci\u00f3n de Impacto Ambiental (MIA) vencida y estar ubicada en una zona natural protegida, la hidroel\u00e9ctrica El Naranjal sigue en proceso de construcci\u00f3n, ante la omisi\u00f3n de autoridades ambientales y estatales, denunci\u00f3 la activista Beatriz Torres Beristain, integrante de Lavida. Advirti\u00f3 que ejidatarios y activistas\u2026","rel":"","context":"En &quot;CINTILLO&quot;","block_context":{"text":"CINTILLO","link":"https:\/\/www.grieta.org.mx\/index.php\/category\/cintillo\/"},"img":{"alt_text":"","src":"https:\/\/i0.wp.com\/www.grieta.org.mx\/wp-content\/uploads\/2018\/03\/14524434_1106112876131411_958039263622046936_o.jpg?resize=350%2C200&ssl=1","width":350,"height":200,"srcset":"https:\/\/i0.wp.com\/www.grieta.org.mx\/wp-content\/uploads\/2018\/03\/14524434_1106112876131411_958039263622046936_o.jpg?resize=350%2C200&ssl=1 1x, https:\/\/i0.wp.com\/www.grieta.org.mx\/wp-content\/uploads\/2018\/03\/14524434_1106112876131411_958039263622046936_o.jpg?resize=525%2C300&ssl=1 1.5x, https:\/\/i0.wp.com\/www.grieta.org.mx\/wp-content\/uploads\/2018\/03\/14524434_1106112876131411_958039263622046936_o.jpg?resize=700%2C400&ssl=1 2x"},"classes":[]},{"id":8343,"url":"https:\/\/www.grieta.org.mx\/index.php\/2015\/04\/22\/rentas-irrisorias-de-centavos-ofrece-hidroelectrica-naranjal\/","url_meta":{"origin":8347,"position":4},"title":"Rentas irrisorias de centavos, ofrece Hidroel\u00e9ctrica Naranjal","author":"Admin","date":"22 abril, 2015","format":false,"excerpt":"C\u00f3rdoba, Ver.- (AVC) La empresa Hidroel\u00e9ctrica Naranjal formaliz\u00f3 30 contratos de compra-venta y arrendamiento de parcelas verdaderamente \u201cleoninos\u201d, al enga\u00f1ar a los campesinos y obligarlos a aceptar rentas anuales de mil pesos hasta por 15 hect\u00e1reas, violaciones a los derechos de los pueblos que son solapados por el gobernador Javier\u2026","rel":"","context":"En &quot;CINTILLO&quot;","block_context":{"text":"CINTILLO","link":"https:\/\/www.grieta.org.mx\/index.php\/category\/cintillo\/"},"img":{"alt_text":"","src":"https:\/\/i0.wp.com\/www.grieta.org.mx\/wp-content\/uploads\/2018\/03\/14524434_1106112876131411_958039263622046936_o.jpg?resize=350%2C200&ssl=1","width":350,"height":200,"srcset":"https:\/\/i0.wp.com\/www.grieta.org.mx\/wp-content\/uploads\/2018\/03\/14524434_1106112876131411_958039263622046936_o.jpg?resize=350%2C200&ssl=1 1x, https:\/\/i0.wp.com\/www.grieta.org.mx\/wp-content\/uploads\/2018\/03\/14524434_1106112876131411_958039263622046936_o.jpg?resize=525%2C300&ssl=1 1.5x, https:\/\/i0.wp.com\/www.grieta.org.mx\/wp-content\/uploads\/2018\/03\/14524434_1106112876131411_958039263622046936_o.jpg?resize=700%2C400&ssl=1 2x"},"classes":[]},{"id":8367,"url":"https:\/\/www.grieta.org.mx\/index.php\/2014\/02\/07\/afirman-que-slim-adquirio-los-derechos-de-la-hidroelectrica-naranjal\/","url_meta":{"origin":8347,"position":5},"title":"Afirman que Slim adquiri\u00f3 los derechos de la hidroel\u00e9ctrica Naranjal","author":"Admin","date":"7 febrero, 2014","format":false,"excerpt":"El empresario Claudio X. Gonz\u00e1lez y su hijo cedieron a Grupo Carso y a Carlos Slim, el proyecto hidroel\u00e9ctrico de El Naranjal, dijo en entrevista Guillermo Rodr\u00edguez Curiel, de La Asamblea Veracruzana de Iniciativas en Defensa Ambiental (LAVIDA). El ambientalista explic\u00f3 que la manifestaci\u00f3n de Impacto Ambiental (MIA) que present\u00f3\u2026","rel":"","context":"En &quot;CINTILLO&quot;","block_context":{"text":"CINTILLO","link":"https:\/\/www.grieta.org.mx\/index.php\/category\/cintillo\/"},"img":{"alt_text":"","src":"https:\/\/i0.wp.com\/www.grieta.org.mx\/wp-content\/uploads\/2018\/03\/14524434_1106112876131411_958039263622046936_o.jpg?resize=350%2C200&ssl=1","width":350,"height":200,"srcset":"https:\/\/i0.wp.com\/www.grieta.org.mx\/wp-content\/uploads\/2018\/03\/14524434_1106112876131411_958039263622046936_o.jpg?resize=350%2C200&ssl=1 1x, https:\/\/i0.wp.com\/www.grieta.org.mx\/wp-content\/uploads\/2018\/03\/14524434_1106112876131411_958039263622046936_o.jpg?resize=525%2C300&ssl=1 1.5x, https:\/\/i0.wp.com\/www.grieta.org.mx\/wp-content\/uploads\/2018\/03\/14524434_1106112876131411_958039263622046936_o.jpg?resize=700%2C400&ssl=1 2x"},"classes":[]}],"_links":{"self":[{"href":"https:\/\/www.grieta.org.mx\/index.php\/wp-json\/wp\/v2\/posts\/8347","targetHints":{"allow":["GET"]}}],"collection":[{"href":"https:\/\/www.grieta.org.mx\/index.php\/wp-json\/wp\/v2\/posts"}],"about":[{"href":"https:\/\/www.grieta.org.mx\/index.php\/wp-json\/wp\/v2\/types\/post"}],"author":[{"embeddable":true,"href":"https:\/\/www.grieta.org.mx\/index.php\/wp-json\/wp\/v2\/users\/1"}],"replies":[{"embeddable":true,"href":"https:\/\/www.grieta.org.mx\/index.php\/wp-json\/wp\/v2\/comments?post=8347"}],"version-history":[{"count":1,"href":"https:\/\/www.grieta.org.mx\/index.php\/wp-json\/wp\/v2\/posts\/8347\/revisions"}],"predecessor-version":[{"id":8350,"href":"https:\/\/www.grieta.org.mx\/index.php\/wp-json\/wp\/v2\/posts\/8347\/revisions\/8350"}],"wp:featuredmedia":[{"embeddable":true,"href":"https:\/\/www.grieta.org.mx\/index.php\/wp-json\/wp\/v2\/media\/21928"}],"wp:attachment":[{"href":"https:\/\/www.grieta.org.mx\/index.php\/wp-json\/wp\/v2\/media?parent=8347"}],"wp:term":[{"taxonomy":"category","embeddable":true,"href":"https:\/\/www.grieta.org.mx\/index.php\/wp-json\/wp\/v2\/categories?post=8347"},{"taxonomy":"post_tag","embeddable":true,"href":"https:\/\/www.grieta.org.mx\/index.php\/wp-json\/wp\/v2\/tags?post=8347"}],"curies":[{"name":"wp","href":"https:\/\/api.w.org\/{rel}","templated":true}]}}