{"id":8342,"date":"2015-08-17T19:39:59","date_gmt":"2015-08-17T19:39:59","guid":{"rendered":"http:\/\/50.22.11.12\/~grietaor\/?p=8342"},"modified":"2016-03-30T19:41:12","modified_gmt":"2016-03-30T19:41:12","slug":"en-la-guarderia-abc-habia-sobrecupo-pero-no-ninos-sin-cuidado-responde-maestra-consignada-por-la-pgr","status":"publish","type":"post","link":"https:\/\/www.grieta.org.mx\/index.php\/2015\/08\/17\/en-la-guarderia-abc-habia-sobrecupo-pero-no-ninos-sin-cuidado-responde-maestra-consignada-por-la-pgr\/","title":{"rendered":"En la Guarder\u00eda ABC hab\u00eda sobrecupo pero no ni\u00f1os sin cuidado, responde maestra consignada por la PGR"},"content":{"rendered":"<p>Arturo Angel<\/p>\n<p>Aracely dice que arriesg\u00f3 su vida la tarde del incendio de la Guarder\u00eda ABC. En lugar de salir corriendo, recuerda que se qued\u00f3 en una estancia con 35 reci\u00e9n nacidos, mientras ped\u00eda perd\u00f3n en silencio a sus hijos si es que no sobreviv\u00eda. Cuenta que, gracias a que grit\u00f3 por auxilio en una ventila del ba\u00f1o, consigui\u00f3 sacar a los bebes por un ducto del aire acondicionado.<br \/>\nHoy la PGR la acusa de haberlos abandonado, despu\u00e9s de un largo proceso, que ha sido apoyado por los padres de los ni\u00f1os fallecidos.<\/p>\n<p>\u201cSi no fuera por las maestras nadie en esa guarder\u00eda habr\u00eda sobrevivido. Nosotras tambi\u00e9n fuimos v\u00edctimas y ahora resulta que nos consideran crim\u00ednales \u201d dice la pedagoga.<\/p>\n<p>Aracely Moroyoqui es una de las 22 maestras y trabajadoras a las que la Procuradur\u00eda General de la Rep\u00fablica (PGR) consign\u00f3 el pasado 4 de agosto por los delitos de homicidio y lesiones culposas tras considerar, a juicio del Ministerio P\u00fablico, que abandonaron a los 49 ni\u00f1os que murieron. El martes un juez definir\u00e1 si concede o no las \u00f3rdenes de aprehensi\u00f3n en su contra.<\/p>\n<p>Las 22 consignadas son maestras, cocineras, personal de intendencia y enfermeras.<\/p>\n<p>Los padres de los ni\u00f1os respaldaron la determinaci\u00f3n de la Procuradur\u00eda al considerar que si hubo maestros que no hicieron lo suficiente y que los ni\u00f1os estaban sin cuidado. Dicen, como ejemplo, que los 22 ni\u00f1os que estaban en uno de los salones fallecieron porque estaban solos, que no se cuid\u00f3 que hubiera extintores o que las salidas de emergencia funcionaran.<\/p>\n<p>\u201cQue un juez determine el grado de responsabilidad de cada una\u201d, ha dicho Julio Cesar M\u00e1rquez, padre de Yey\u00e9, uno de los beb\u00e9s fallecidos.<\/p>\n<p>Pero la maestra, con m\u00e1s de seis a\u00f1os de experiencia de trabajo en la guarder\u00eda ABC, asegura en una entrevista concedida a Animal Pol\u00edtico que en la guarder\u00eda no hab\u00eda ni\u00f1os sin cuidado ni estancias abandonadas, pero s\u00ed ten\u00edan un sobrecupo por la alta demanda de un establecimiento que gozaba de una reputaci\u00f3n exitosa.<\/p>\n<p>Lamenta que ahora nadie se pregunte c\u00f3mo es que m\u00e1s de 150 ni\u00f1os consiguieron salir del local inundado en humo y en cambio, las acusan por no \u201chaber hecho lo suficiente\u201d.<\/p>\n<p>La consignaci\u00f3n hecha por la Procuradur\u00eda es, seg\u00fan Aracely, el \u00faltimo cap\u00edtulo de una \u201chistoria de injusticias\u201d que inici\u00f3 desde el mismo d\u00eda del incendio cuando fueron obligadas a declarar, y que luego sigui\u00f3 con la falta de reconocimiento incluso de su estatus de v\u00edctimas por el gobierno y por el Instituto Mexicano del Seguro Social.<\/p>\n<p>\u201cAcusar a las maestras y a las trabajadoras es una justicia torcida\u201d se\u00f1al\u00f3 Gabriel Alvarado, abogado de la organizaci\u00f3n manos Unidos por la Justicia ABC. De acuerdo con el litigante, la PGR opt\u00f3 por dar \u201ccarpetazo\u201d al caso \u201ccortando el hilo por lo m\u00e1s delgado\u201d y dejando sin proceso a altos funcionarios como el ex gobernador de Sonora Eduardo Bours.<\/p>\n<p>Sin embargo sostuvo que esta no es una batalla legal terminada, pues en breve vendr\u00e1n nuevos recursos en lo que dijo es una \u201cb\u00fasqueda de aut\u00e9ntica justicia\u201d.<\/p>\n<p>Llena pero funcionando<\/p>\n<p>La Guarder\u00eda ABC, subrogada por el Instituto Mexicano del Seguro Social (IMSS) comenz\u00f3 a funcionar en Hermosillo desde el 2001. Aracely Moroyoqui entr\u00f3 a trabajar en ella en el 2003 como asesora pedag\u00f3gica y de higiene para la sala de maternales, es decir, ni\u00f1os de dos a tres a\u00f1os en promedio.<\/p>\n<p>Seg\u00fan Moroyoqui la guarder\u00eda era por dem\u00e1s exitosa, al punto en que hab\u00eda lista de espera para el momento en que se abrieran espacios. El establecimiento ten\u00eda muy buena fama pues no hab\u00eda ninguna queja en cuanto al cuidado de los ni\u00f1os.<\/p>\n<p>Hasta el \u00faltimo d\u00eda en que funcion\u00f3 la Guarder\u00eda ABC hab\u00eda una matr\u00edcula de casi 220 ni\u00f1os, aunque originalmente la capacidad era para 180 menores de edad.<\/p>\n<p>\u201cDe que hab\u00eda una sobrepoblaci\u00f3n de ni\u00f1os s\u00ed la hab\u00eda por tanta demanda que ten\u00eda la guarder\u00eda y porque estaba muy bien recomendada, (\u2026)lleg\u00f3 un momento en que nosotros si nos pregunt\u00e1bamos que se nos hac\u00edan muchos ni\u00f1os para dos maestras pero en realidad cuando a uno le gusta y estudio para maestra de k\u00ednder y educadora pues se nos hacia un trabajo apasionante\u201d dijo.<\/p>\n<p>En promedio, eran 35 ni\u00f1os en cada una de las dos salas maternales y cada una contaba con dos maestras responsables. El funcionamiento era similar en las otras salas. Seg\u00fan Moroyoqui, no hab\u00eda escasez de personal y la plantilla estaba completa.<\/p>\n<p>\u201cLa verdad cada maestra estaba en su sala. Siempre se recib\u00eda a los ni\u00f1os del filtro a la sala de las maestras. No sepor qu\u00e9 ahora dicen eso\u201d dijo.<\/p>\n<p>De acuerdo con la maestra, no hab\u00eda tiempos muertos en el ABC y todo funcionaba seg\u00fan horarios fijos y bien establecidos. Hab\u00eda horas precisas para las comidas para las actividades de higiene, para las clases, para dormir. Todo el personal estaba dividido en tres turnos sin espacios vac\u00edos.<\/p>\n<p>Las maestras si ten\u00edan un horario de comida como cualquier trabajador y el de ella coincidi\u00f3 casi al mismo tiempo que con el incendio, sin embargo, niega que esto significara un descuido,<\/p>\n<p>\u201cAhora en los medios nos han dicho muertas de hambre porque nosotros declaramos que algunas com\u00edamos pero no saben en realidad c\u00f3mo funcionaba la guarder\u00eda. Los ni\u00f1os no estaban solos por eso y en cuanto todo sucedi\u00f3 nosotros hicimos lo que pudimos\u201d dice Aracely.<\/p>\n<p>Incendio y escape<\/p>\n<p>Minutos antes de las tres de la tarde el humo provocado por un incendio en una bodega contigua comenz\u00f3 a inundar el interior de la Guarder\u00eda ABC tomando por sorpresa pr\u00e1cticamente a todos.<\/p>\n<p>Araceli Moroyoqui no recuerda si faltaban extintores o hab\u00eda puertas cerradas, como se ha dicho tambi\u00e9n, pero de lo que si tiene memoria ni siquiera es del fuego sino del denso humo oscureciendo todo el interior de la guarder\u00eda.<\/p>\n<p>Narra que ella ingres\u00f3 a una de las salas de lactantes que era la que ten\u00eda cercana y ah\u00ed permaneci\u00f3 por momentos paralizada, y reflexionando si sal\u00eda o no corriendo, si se llevaba a cuatro o cinco ni\u00f1os consigo o si mejor, como al final ocurri\u00f3, se quedaba en ese sitio.<\/p>\n<p>\u201cYo conoc\u00eda todas las \u00e1reas de la guarder\u00eda y sab\u00eda que con los ojos cerrados podr\u00eda salir yo con tres o cuatro ni\u00f1os pero entend\u00ed que no iba a poder volver por ese humo tan terrible que no lo entiende quien no lo ha respirado (\u2026)leped\u00ed perdon con la mente a mis hijos que dejar\u00eda hu\u00e9rfanos pero decid\u00ed que no me irpia, que ah\u00ed me iba a quedar con esos ni\u00f1os\u201d dijo,<\/p>\n<p>En alg\u00fan momento, recuerda Araceli, se le ocurri\u00f3 dirigirse aun cuarto de higiene en donde hab\u00eda una peque\u00f1a ventana y por ah\u00ed comenz\u00f3 a pedir a gritos auxilio pues hab\u00eda ni\u00f1os atrapados. Gente que estaba afuera le pregunt\u00f3 que hac\u00edan y ella les dijo que por el ducto del aire acondicionado pod\u00edan salir.<\/p>\n<p>Mientras las personas trataban de sacar el aparato del aire la maestra recuerda que tuvo que humedecer a algunos ni\u00f1os pues el calor era casi \u201cinsoportable\u201d y a otros los trataba de despertar pues estaban adormecidos por el humo. Finalmente, con la ayuda de las personas de fuera, pudieron sacar a decenas de bebes y ella tambi\u00e9n pudo salir.<\/p>\n<p>\u201cYo entiendo los papas ahora y su dolor y lo que nos reclaman porque yo tambi\u00e9n soy madre. Pero yo y las maestras hicimos todo lo que pudimos, todo lo que pudimos hacer y reaccionar en ese momento tan terrible. Esos ni\u00f1os los quer\u00edamos tanto, ellos nos dec\u00edan mam\u00e1s a nosotras tambi\u00e9n\u201d recuerda con voz entrecortada.<\/p>\n<p>Justicia torcida: abogado<\/p>\n<p>La PGR inform\u00f3 la semana pasado que procedi\u00f3 en contra de las maestras en cumplimiento a una sentencia de amparo que le oblig\u00f3 a pronunciarse en torno al caso. Los padres del movimiento 5 de junio aseguraron que este era un \u201cprimer paquete\u201d de acusaciones y que despu\u00e9s vendr\u00eda el seguimiento de altos funcionarios.<\/p>\n<p>Pero el abogado Gabriel Alvarado Serrano, quien promovi\u00f3 el referido ampro a nombre de la organizaci\u00f3n Manos Unidas Justica ABC dijo en entrevista con Animal Pol\u00edtico que la realidad es distinta.<\/p>\n<p>\u201cLa respuesta de la PGR luego de que el juez le tuvo que insistir varias veces para que se pronunciara es reservar toda la averiguaci\u00f3n, es decir mandarle al archivo y solo proceder en contra de las 22 maestras y profesoras. Eso no es hacer justicia, es torcer a la justicia\u201d dijo el litigante.<\/p>\n<p>Alvarado record\u00f3 que en el 2012 la PGR decidi\u00f3 no proceder penalmente en contra del ex gobernador de Sonora Eduardo Bours, al ex secretario de Hacienda del estado Eduardo Vargas y al ex director del IMSS Juan Molinar Horcasitas, raz\u00f3n por la cual decidieron promover un primer amparo que les dio la raz\u00f3n y oblig\u00f3 a la Procuradur\u00eda a reabrir la averiguaci\u00f3n.<\/p>\n<p>Fue en ese contexto que se interpuso una nueva demanda de amparo con el objetivo de impulsar un pronunciamiento en torno a los altos funcionarios, no respecto a los empleados. El enviar a la reserva el caso, dice el litigante, es darle \u201ccarpetazo\u201d \u2013 otra vez \u2013 a todo lo relacionado con Bours y los dem\u00e1s hasta que \u201chaya nuevas pruebas\u201d.<\/p>\n<p>El representante legal de Manos Unidos subray\u00f3 que preparan distintas acciones legales para los pr\u00f3ximos d\u00edas. De entrada, ya interpusieron una queja en el Juzgado D\u00e9cimo de Distrito por lo que consideran no fue un cumplimiento de la ejecuci\u00f3n del amparo por parte de la PGR.<\/p>\n<p>\u201cLe estamos haciendo ver (al juez) que con esta determinaci\u00f3n de manera alguna est\u00e1 cumpliendo con la ejecutoria del amparo pero adem\u00e1s para los otros efectos se est\u00e1 torciendo el brazo de la justicia\u2026 estas personas (maestras y trabajadoras) en su mayor\u00eda fueron v\u00edctimas de la tragedia y ahora parecen como culpables de la misma lo cual es inconcebible\u201d dijo el litigante.<\/p>\n<p>**<\/p>\n<p>Las 22 consignadas por la PGR<\/p>\n<p>Directora: Diana Judith Jaime Peralta.<\/p>\n<p>Maestras\/pedagogas: Aracely Moroyoqui Contreras ,Mar\u00eda Guadalupe Castillo Acu\u00f1a, Olga Lidia Ochoa Barreras, Mar\u00eda Denise Elsa Guadalupe Mesa Ruiz, Marina Isabel Flores Loera, Elo\u00edsa Orozco Barajas, Reyna Anah\u00ed CamouRam\u00edrez, Mar\u00eda Adriana Gasca Sandoval, Mar\u00eda del Carmen Le\u00f3n Pati\u00f1o, Fernanda Paco Meza, Margarita Z\u00fa\u00f1iga Colchado, Maribel Hern\u00e1ndez Jaime, Lyz EsthelaCastillo Gurrola y Ana Dignora Valenzuela Nieblas<\/p>\n<p>Cocineras: Mar\u00eda Guadalupe Torres Grijalva y Gilda Barcel\u00f3 Garc\u00eda<\/p>\n<p>Intendencia: Elia Guadalupe Gonz\u00e1lez Carrizosa, Yolanda Rafaela Garc\u00eda Villalba y Jazm\u00edn Julieta Miranda.<\/p>\n<p>Enfermera: Aracely Valencia Gracia<\/p>\n<p>Seguridad: Guadalupe Dora Socorro Huerta Soto<\/p>\n<p><a href=\"http:\/\/www.animalpolitico.com\/2015\/08\/en-guarderia-abc-habia-sobrecupo-pero-no-ninos-sin-cuidado-responde-maestra-acusada\/\" target=\"_blank\">http:\/\/www.animalpolitico.com\/2015\/08\/en-guarderia-abc-habia-sobrecupo-pero-no-ninos-sin-cuidado-responde-maestra-acusada\/<\/a><\/p>\n","protected":false},"excerpt":{"rendered":"<p>Arturo Angel Aracely dice que arriesg\u00f3 su vida la tarde del incendio de la Guarder\u00eda ABC. En lugar de salir corriendo, recuerda que se qued\u00f3 en una estancia con 35 &hellip; <a href=\"https:\/\/www.grieta.org.mx\/index.php\/2015\/08\/17\/en-la-guarderia-abc-habia-sobrecupo-pero-no-ninos-sin-cuidado-responde-maestra-consignada-por-la-pgr\/\" class=\"more-link\">Leer m\u00e1s<\/a><\/p>\n","protected":false},"author":2,"featured_media":21928,"comment_status":"closed","ping_status":"open","sticky":false,"template":"","format":"standard","meta":{"ngg_post_thumbnail":0,"_jetpack_newsletter_access":"","_jetpack_dont_email_post_to_subs":false,"_jetpack_newsletter_tier_id":0,"_jetpack_memberships_contains_paywalled_content":false,"_jetpack_memberships_contains_paid_content":false,"footnotes":""},"categories":[80,456],"tags":[491],"class_list":["post-8342","post","type-post","status-publish","format-standard","has-post-thumbnail","hentry","category-cintillo","category-sonora","tag-guarderia-abc","entry"],"jetpack_featured_media_url":"https:\/\/www.grieta.org.mx\/wp-content\/uploads\/2018\/03\/14524434_1106112876131411_958039263622046936_o.jpg","jetpack_sharing_enabled":true,"jetpack_shortlink":"https:\/\/wp.me\/p7ZJR4-2ay","jetpack_likes_enabled":false,"jetpack-related-posts":[{"id":8349,"url":"https:\/\/www.grieta.org.mx\/index.php\/2015\/08\/12\/la-pgr-pide-girar-22-ordenes-de-aprehension-por-incendio-de-guarderia-abc\/","url_meta":{"origin":8342,"position":0},"title":"La PGR pide girar 22 \u00f3rdenes de aprehensi\u00f3n por incendio de guarder\u00eda ABC","author":"grieta","date":"12 agosto, 2015","format":false,"excerpt":"Las \u00f3rdenes son contra maestras, personal de intendencia y directora; el abogado de padres de las v\u00edctimas dice que es una medida err\u00f3nea (CNNM\u00e9xico) \u2014 La delegaci\u00f3n de la Procuradur\u00eda General de la Rep\u00fablica (PGR) en Sonora pidi\u00f3 este mi\u00e9rcoles a un juez girar 22 \u00f3rdenes de aprehensi\u00f3n contra trabajadores\u2026","rel":"","context":"En &quot;CINTILLO&quot;","block_context":{"text":"CINTILLO","link":"https:\/\/www.grieta.org.mx\/index.php\/category\/cintillo\/"},"img":{"alt_text":"","src":"https:\/\/i0.wp.com\/www.grieta.org.mx\/wp-content\/uploads\/2018\/03\/14524434_1106112876131411_958039263622046936_o.jpg?resize=350%2C200&ssl=1","width":350,"height":200,"srcset":"https:\/\/i0.wp.com\/www.grieta.org.mx\/wp-content\/uploads\/2018\/03\/14524434_1106112876131411_958039263622046936_o.jpg?resize=350%2C200&ssl=1 1x, https:\/\/i0.wp.com\/www.grieta.org.mx\/wp-content\/uploads\/2018\/03\/14524434_1106112876131411_958039263622046936_o.jpg?resize=525%2C300&ssl=1 1.5x, https:\/\/i0.wp.com\/www.grieta.org.mx\/wp-content\/uploads\/2018\/03\/14524434_1106112876131411_958039263622046936_o.jpg?resize=700%2C400&ssl=1 2x"},"classes":[]},{"id":9076,"url":"https:\/\/www.grieta.org.mx\/index.php\/2016\/09\/11\/caso-guarderia-abc\/","url_meta":{"origin":8342,"position":1},"title":"Caso Guarder\u00eda ABC","author":"Admin","date":"11 septiembre, 2016","format":false,"excerpt":"Se exige verdad y justicia para las v\u00edctimas de la guarder\u00eda ABC a siete a\u00f1os de luto y lucha 11\/09\/15. No buscan la verdad \u201csino la impunidad para los verdaderos responsables de la muerte de nuestros hijos\u201d: padres ABC Revoluci\u00f3n 3.0 05\/06\/15. 7 a\u00f1os de dolor y sin justicia: guarder\u00eda\u2026","rel":"","context":"En &quot;NOTICIAS NACIONALES&quot;","block_context":{"text":"NOTICIAS NACIONALES","link":"https:\/\/www.grieta.org.mx\/index.php\/category\/noticias-nacionales\/"},"img":{"alt_text":"","src":"https:\/\/i0.wp.com\/www.grieta.org.mx\/wp-content\/uploads\/2018\/03\/14524434_1106112876131411_958039263622046936_o.jpg?resize=350%2C200&ssl=1","width":350,"height":200,"srcset":"https:\/\/i0.wp.com\/www.grieta.org.mx\/wp-content\/uploads\/2018\/03\/14524434_1106112876131411_958039263622046936_o.jpg?resize=350%2C200&ssl=1 1x, https:\/\/i0.wp.com\/www.grieta.org.mx\/wp-content\/uploads\/2018\/03\/14524434_1106112876131411_958039263622046936_o.jpg?resize=525%2C300&ssl=1 1.5x, https:\/\/i0.wp.com\/www.grieta.org.mx\/wp-content\/uploads\/2018\/03\/14524434_1106112876131411_958039263622046936_o.jpg?resize=700%2C400&ssl=1 2x"},"classes":[]},{"id":8338,"url":"https:\/\/www.grieta.org.mx\/index.php\/2015\/08\/19\/guarderia-abc-y-los-otros\/","url_meta":{"origin":8342,"position":2},"title":"Guarder\u00eda ABC: \u00bfY los otros?","author":"grieta","date":"19 agosto, 2015","format":false,"excerpt":"La PGR busca consignar a 22 trabajadoras por el incendio en la Guarder\u00eda ABC, mientras personajes p\u00fablicos que fueron se\u00f1alados por estar involucrados con la tragedia no han sido tocados ESPECIAL, ago. 19 (RI\/NPN).- La Procuradur\u00eda General de la Rep\u00fablica (PGR) inform\u00f3 que buscar\u00e1 consignar a 22 trabajadoras de la\u2026","rel":"","context":"En &quot;CINTILLO&quot;","block_context":{"text":"CINTILLO","link":"https:\/\/www.grieta.org.mx\/index.php\/category\/cintillo\/"},"img":{"alt_text":"","src":"https:\/\/i0.wp.com\/www.grieta.org.mx\/wp-content\/uploads\/2018\/03\/14524434_1106112876131411_958039263622046936_o.jpg?resize=350%2C200&ssl=1","width":350,"height":200,"srcset":"https:\/\/i0.wp.com\/www.grieta.org.mx\/wp-content\/uploads\/2018\/03\/14524434_1106112876131411_958039263622046936_o.jpg?resize=350%2C200&ssl=1 1x, https:\/\/i0.wp.com\/www.grieta.org.mx\/wp-content\/uploads\/2018\/03\/14524434_1106112876131411_958039263622046936_o.jpg?resize=525%2C300&ssl=1 1.5x, https:\/\/i0.wp.com\/www.grieta.org.mx\/wp-content\/uploads\/2018\/03\/14524434_1106112876131411_958039263622046936_o.jpg?resize=700%2C400&ssl=1 2x"},"classes":[]},{"id":8317,"url":"https:\/\/www.grieta.org.mx\/index.php\/2015\/08\/22\/trabajadoras-de-la-guarderia-abc-no-seran-encarceladas-y-a-pesar-de-todo-su-vida-es-un-infierno\/","url_meta":{"origin":8342,"position":3},"title":"Trabajadoras de la Guarder\u00eda ABC no ser\u00e1n encarceladas y a pesar de todo, su vida es un infierno","author":"grieta","date":"22 agosto, 2015","format":false,"excerpt":"22 de agosto de 2015. El Juez Tercero de Distrito, Ricardo Ruiz de Hoyo, con sede en Hermosillo, Sonora, rechaz\u00f3 emitir las \u00f3rdenes de aprehensi\u00f3n en contra de las 22 trabajadoras de la Guarder\u00eda ABC. El 6 de agosto pasado, la Procuradur\u00eda General de la Rep\u00fablica (PGR) las acus\u00f3 de\u2026","rel":"","context":"En &quot;CINTILLO&quot;","block_context":{"text":"CINTILLO","link":"https:\/\/www.grieta.org.mx\/index.php\/category\/cintillo\/"},"img":{"alt_text":"","src":"https:\/\/i0.wp.com\/www.grieta.org.mx\/wp-content\/uploads\/2018\/03\/14524434_1106112876131411_958039263622046936_o.jpg?resize=350%2C200&ssl=1","width":350,"height":200,"srcset":"https:\/\/i0.wp.com\/www.grieta.org.mx\/wp-content\/uploads\/2018\/03\/14524434_1106112876131411_958039263622046936_o.jpg?resize=350%2C200&ssl=1 1x, https:\/\/i0.wp.com\/www.grieta.org.mx\/wp-content\/uploads\/2018\/03\/14524434_1106112876131411_958039263622046936_o.jpg?resize=525%2C300&ssl=1 1.5x, https:\/\/i0.wp.com\/www.grieta.org.mx\/wp-content\/uploads\/2018\/03\/14524434_1106112876131411_958039263622046936_o.jpg?resize=700%2C400&ssl=1 2x"},"classes":[]},{"id":8345,"url":"https:\/\/www.grieta.org.mx\/index.php\/2015\/08\/14\/padres-de-la-guarderia-abc-rechazan-ordenes-de-aprehension-a-trabajadoras\/","url_meta":{"origin":8342,"position":4},"title":"Padres de la Guarder\u00eda ABC rechazan \u00f3rdenes de aprehensi\u00f3n a trabajadoras","author":"grieta","date":"14 agosto, 2015","format":false,"excerpt":"14 de agosto. La organizaci\u00f3n Manos unidas por nuestros ni\u00f1os, que re\u00fane a los padres de las v\u00edctimas de la Guarder\u00eda ABC, critic\u00f3 las 22 \u00f3rdenes de aprehensi\u00f3n giradas contra profesoras, personal de intendencia y la directora de la estancia infantil por el incendio del 5 de junio de 2009.\u2026","rel":"","context":"En &quot;CINTILLO&quot;","block_context":{"text":"CINTILLO","link":"https:\/\/www.grieta.org.mx\/index.php\/category\/cintillo\/"},"img":{"alt_text":"","src":"https:\/\/i0.wp.com\/www.grieta.org.mx\/wp-content\/uploads\/2018\/03\/14524434_1106112876131411_958039263622046936_o.jpg?resize=350%2C200&ssl=1","width":350,"height":200,"srcset":"https:\/\/i0.wp.com\/www.grieta.org.mx\/wp-content\/uploads\/2018\/03\/14524434_1106112876131411_958039263622046936_o.jpg?resize=350%2C200&ssl=1 1x, https:\/\/i0.wp.com\/www.grieta.org.mx\/wp-content\/uploads\/2018\/03\/14524434_1106112876131411_958039263622046936_o.jpg?resize=525%2C300&ssl=1 1.5x, https:\/\/i0.wp.com\/www.grieta.org.mx\/wp-content\/uploads\/2018\/03\/14524434_1106112876131411_958039263622046936_o.jpg?resize=700%2C400&ssl=1 2x"},"classes":[]},{"id":23486,"url":"https:\/\/www.grieta.org.mx\/index.php\/2018\/06\/05\/padres-de-las-victimas-de-la-guarderia-abc-denuncian-represalias-de-funcionarios-por-reclamos-de-corrupcion-sonora\/","url_meta":{"origin":8342,"position":5},"title":"Padres de las v\u00edctimas de la Guarder\u00eda ABC denuncian represalias de funcionarios por reclamos de corrupci\u00f3n (Sonora)","author":"grieta","date":"5 junio, 2018","format":false,"excerpt":"Redacci\u00f3n\/ Sin Embargo Los familiares de los menores fallecidos subrayaron que ni el IMSS, ni el gobierno de Sonora, ni el municipio de Hermosillo han atendido la queja que emiti\u00f3 la Comisi\u00f3n Nacional de los Derechos Humanos (CNDH) el pasado 30 de junio de 2009. Ciudad de M\u00e9xico, 5 de\u2026","rel":"","context":"En &quot;CINTILLO&quot;","block_context":{"text":"CINTILLO","link":"https:\/\/www.grieta.org.mx\/index.php\/category\/cintillo\/"},"img":{"alt_text":"","src":"https:\/\/i0.wp.com\/www.grieta.org.mx\/wp-content\/uploads\/2018\/06\/padres-abc.jpg?resize=350%2C200&ssl=1","width":350,"height":200,"srcset":"https:\/\/i0.wp.com\/www.grieta.org.mx\/wp-content\/uploads\/2018\/06\/padres-abc.jpg?resize=350%2C200&ssl=1 1x, https:\/\/i0.wp.com\/www.grieta.org.mx\/wp-content\/uploads\/2018\/06\/padres-abc.jpg?resize=525%2C300&ssl=1 1.5x, https:\/\/i0.wp.com\/www.grieta.org.mx\/wp-content\/uploads\/2018\/06\/padres-abc.jpg?resize=700%2C400&ssl=1 2x, https:\/\/i0.wp.com\/www.grieta.org.mx\/wp-content\/uploads\/2018\/06\/padres-abc.jpg?resize=1050%2C600&ssl=1 3x"},"classes":[]}],"_links":{"self":[{"href":"https:\/\/www.grieta.org.mx\/index.php\/wp-json\/wp\/v2\/posts\/8342","targetHints":{"allow":["GET"]}}],"collection":[{"href":"https:\/\/www.grieta.org.mx\/index.php\/wp-json\/wp\/v2\/posts"}],"about":[{"href":"https:\/\/www.grieta.org.mx\/index.php\/wp-json\/wp\/v2\/types\/post"}],"author":[{"embeddable":true,"href":"https:\/\/www.grieta.org.mx\/index.php\/wp-json\/wp\/v2\/users\/2"}],"replies":[{"embeddable":true,"href":"https:\/\/www.grieta.org.mx\/index.php\/wp-json\/wp\/v2\/comments?post=8342"}],"version-history":[{"count":1,"href":"https:\/\/www.grieta.org.mx\/index.php\/wp-json\/wp\/v2\/posts\/8342\/revisions"}],"predecessor-version":[{"id":8344,"href":"https:\/\/www.grieta.org.mx\/index.php\/wp-json\/wp\/v2\/posts\/8342\/revisions\/8344"}],"wp:featuredmedia":[{"embeddable":true,"href":"https:\/\/www.grieta.org.mx\/index.php\/wp-json\/wp\/v2\/media\/21928"}],"wp:attachment":[{"href":"https:\/\/www.grieta.org.mx\/index.php\/wp-json\/wp\/v2\/media?parent=8342"}],"wp:term":[{"taxonomy":"category","embeddable":true,"href":"https:\/\/www.grieta.org.mx\/index.php\/wp-json\/wp\/v2\/categories?post=8342"},{"taxonomy":"post_tag","embeddable":true,"href":"https:\/\/www.grieta.org.mx\/index.php\/wp-json\/wp\/v2\/tags?post=8342"}],"curies":[{"name":"wp","href":"https:\/\/api.w.org\/{rel}","templated":true}]}}