{"id":8338,"date":"2015-08-19T19:38:05","date_gmt":"2015-08-19T19:38:05","guid":{"rendered":"http:\/\/50.22.11.12\/~grietaor\/?p=8338"},"modified":"2016-03-30T19:39:41","modified_gmt":"2016-03-30T19:39:41","slug":"guarderia-abc-y-los-otros","status":"publish","type":"post","link":"https:\/\/www.grieta.org.mx\/index.php\/2015\/08\/19\/guarderia-abc-y-los-otros\/","title":{"rendered":"Guarder\u00eda ABC: \u00bfY los otros?"},"content":{"rendered":"<p>La PGR busca consignar a 22 trabajadoras por el incendio en la Guarder\u00eda ABC, mientras personajes p\u00fablicos que fueron se\u00f1alados por estar involucrados con la tragedia no han sido tocados<\/p>\n<p>ESPECIAL, ago. 19 (RI\/NPN).- La Procuradur\u00eda General de la Rep\u00fablica (PGR) inform\u00f3 que buscar\u00e1 consignar a 22 trabajadoras de la Guarder\u00eda ABC por su presunta responsabilidad en el incendio del 2009, sin embargo, pol\u00edticos y funcionarios que fueron se\u00f1alados por Arturo Zald\u00edvar Lelo de Larrea, ministro de la Suprema Corte de Justicia de la Naci\u00f3n (SCJN), como responsables de violaciones graves a los derechos humanos de los menores fallecidos no han sido tocados.<\/p>\n<p>Eduardo Bours, exgobernador de Sonora; Daniel Karam y Juan Molinar Horcasitas (finado), exdirectores del Instituto Mexicano del Seguro Social (IMSS); y Ernesto G\u00e1ndara Camou, exalcalde de Hermosillo, entre otros, han permanecido intocados por la justicia.<\/p>\n<p>En el 2010, apenas un a\u00f1o despu\u00e9s del incendio, el ministro Zald\u00edvar present\u00f3 un proyecto de dictamen para investigar los hechos ocurridos en la Guarder\u00eda ABC.<\/p>\n<p>En su ponencia, el ministro acus\u00f3 que un total de 14 funcionarios de primer y segundo nivel ten\u00edan responsabilidad sobre los hechos que cobraron la vida de 49 ni\u00f1os el 5 de junio del 2009.<\/p>\n<p>\u201cNo puede m\u00e1s que concluirse que el cumplimiento de las obligaciones y deberes encargados a las autoridades involucradas, pudo haber evitado no solo la actualizaci\u00f3n del tr\u00e1gico suceso, sino sus alcances posteriores, pudieron preservarse o disminuirse la dimensi\u00f3n de las afectaciones a la vida e integridad de los menores\u201d, expuso el proyecto.<\/p>\n<p>Junto con esos funcionarios, otros 10 fueron se\u00f1alados por haber cometido, por omisi\u00f3n, violaciones graves a los derechos de los menores.<br \/>\nabc<br \/>\nEl proyecto del ministro fue rechazado en el pleno de la SCJN por mayor\u00eda de votos. Se dijo que hubo un intenso cabildeo de los exfuncionarios con algunos ministros para no ser se\u00f1alados como culpables.<\/p>\n<p>A ellos deben sumarse otros exfuncionarios p\u00fablicos que tambi\u00e9n podr\u00edan tener cierto grado de responsabilidad.<\/p>\n<p>Se trata, por ejemplo, de Carlos Lam F\u00e9lix, secretario t\u00e9cnico del entonces gobernador, Eduardo Bours.<\/p>\n<p>En septiembre del 2014, Reporte \u00cdndigo public\u00f3 que la PGR contaba desde inicios del a\u00f1o pasado con testimonios que lo se\u00f1alaban como el hombre que solicit\u00f3 quemar la bodega contigua a la Guarder\u00eda ABC para desaparecer documentos de la administraci\u00f3n de Bours en los que habr\u00eda pruebas de un presunto desv\u00edo de recursos.<\/p>\n<p>Hasta hoy, ninguno de los funcionarios de mayor nivel ha sido sancionado.<\/p>\n<p>La atenci\u00f3n de los \u00f3rganos de justicia se centr\u00f3 en el papel que tuvieron las maestras y trabajadoras de la Guarder\u00eda que no pudieron sacar a los ni\u00f1os y rescatarlos del incendio.<\/p>\n<p>Las culpan de homicidio culposo, lesiones culposas, omisi\u00f3n y abandono de los ni\u00f1os de la Guarder\u00eda ABC.<\/p>\n<p>\u00bfY los funcionarios?<\/p>\n<p>Desde el 5 de agosto pasado, d\u00eda que la PGR decidi\u00f3 solicitar \u00f3rdenes de aprehensi\u00f3n contra 22 maestras y trabajadoras de la Guarder\u00eda ABC, la pregunta inund\u00f3 las redes sociales: \u00bfy por qu\u00e9 no castigan a los funcionarios?<\/p>\n<p>De acuerdo a los abogados de las trabajadoras de la Guarder\u00eda, en la lista de las personas que la PGR busca consignar se encuentran solo mujeres que fueron empleadas de la estancia infantil. Ning\u00fan funcionario p\u00fablico. Ning\u00fan socio o due\u00f1o de ABC.<\/p>\n<p>Hace cinco a\u00f1os, la responsabilidad de los 14 servidores p\u00fablicos fue plenamente argumentada por el ministro Zald\u00edvar y, aunque el proyecto se rechaz\u00f3, el juicio p\u00fablico los contin\u00faa considerando responsables de la tragedia.<\/p>\n<p>Adem\u00e1s de Bours, Karam, Horcasitas y G\u00e1ndara, el ministro Zald\u00edvar se\u00f1al\u00f3 como personas con responsabilidad por los hechos a Sergio Antonio Salazar, director de Prestaciones Econ\u00f3micas y Sociales; Carla Roch\u00edn Nieto, coordinadora de Guarder\u00edas; Arturo Leyva, delegado del IMSS en Sonora; y a Noem\u00ed L\u00f3pez S\u00e1nchez, titular del departamento delegacional de Guarder\u00edas.<\/p>\n<p>En aquella lista estaban tambi\u00e9n Wilebaldo Alatriste, titular de la Unidad Estatal de Protecci\u00f3n Civil; Ernesto Vargas, secretario de Hacienda; Fausto Salazar G\u00f3mez, director de Recaudaci\u00f3n de la Secretar\u00eda de Hacienda; y Jorge Luis Melchor, subdirector de Control Vehicular de la Secretar\u00eda de Hacienda.<\/p>\n<p>Asimismo, se se\u00f1al\u00f3 a Jes\u00fas Davis, director de Inspecci\u00f3n y Vigilancia Municipal de Hermosillo; y a Roberto Copado, director de la Unidad de Protecci\u00f3n Civil de ese municipio.<\/p>\n<p>Aunque algunos s\u00ed fueron consignados y llevados ante la justicia, el pago de fianzas les permiti\u00f3 seguir el proceso penal en libertad.<\/p>\n<p>As\u00ed fueron los casos de Jes\u00fas Davis, quien pag\u00f3 una fianza de m\u00e1s de dos millones de pesos para evitar ser aprehendido.<\/p>\n<p>Fausto Salazar fue detenido y obtuvo su libertad en el 2011, despu\u00e9s de pagar una fianza de 2 millones y medio de pesos.<\/p>\n<p>Las autoridades tambi\u00e9n arrestaron a Irma Crescencia D\u00edaz, excoordinadora de zona de estancias infantiles del IMSS. El a\u00f1o pasado, fue exonerada; aunque para evitar la prisi\u00f3n pag\u00f3 m\u00e1s de 2 millones de pesos.<\/p>\n<p>Tambi\u00e9n fue encarcelada Delia Irene Botello, quien trabajaba en la Coordinaci\u00f3n de Guarder\u00edas del IMSS. Sali\u00f3 de prisi\u00f3n en el 2014.<\/p>\n<p>Otros funcionarios de segundo nivel fueron sancionados con su inhabilitaci\u00f3n para ocupar puestos p\u00fablicos. De los altos c\u00edrculos del poder, nadie fue castigado.<\/p>\n<p>\u2018No somos culpables\u2019<\/p>\n<p>Ayer, Reporte \u00cdndigo public\u00f3 los testimonios de cinco maestras y trabajadoras de la Guarder\u00eda ABC que se encuentran en la lista de 22 personas que la PGR quiere enviar a prisi\u00f3n.<\/p>\n<p>Hoy, en esta segunda parte, presentamos los testimonios de cuatro empleadas de la Guarder\u00eda que estuvieron presentes el d\u00eda de la tragedia. Relataron lo que les toc\u00f3 vivir y el repudio p\u00fablico que recibieron, a pesar de haber salvado a decenas de ni\u00f1os.<\/p>\n<p>Entre ellas, el sentimiento es de indignaci\u00f3n. La justicia, dicen, no toca a los verdaderos culpables. Se rompe por el hilo m\u00e1s delgado.<\/p>\n<p>No se ha tocado a los funcionarios de entonces. Tampoco a Marcia Matilde Altagracia G\u00f3mez del Campo Tonella, Jos\u00e9 Antonio Salido Su\u00e1rez, Sandra Luc\u00eda T\u00e9llez Nueves, Gildardo Francisco Urqu\u00eddez Serrano y Alfonso Escalante Hoeffer, los due\u00f1os de la Guarder\u00eda ABC.<\/p>\n<p>Incluso, G\u00f3mez del Campo Tonella, quien es prima de Margarita Zavala, la exprimera dama del pa\u00eds, obtuvo la absoluci\u00f3n del caso en enero del 2012. Fue declarada inocente.<\/p>\n<p>A las trabajadoras de la Guarder\u00eda ABC tambi\u00e9n les entristece pensar que los padres del Movimiento 5 de Junio, que han sido los m\u00e1s combativos desde el d\u00eda del incendio, quieran castigarlas por una acci\u00f3n que ellas no provocaron y en la que reaccionaron lo mejor que pudieron.<\/p>\n<p>No solo ellos fueron afectados.<\/p>\n<p>Todas ellas cargan con secuelas psicol\u00f3gicas y emocionales hasta ahora, seis a\u00f1os despu\u00e9s.<\/p>\n<p>Ahora, aunque sobre ellas no pesa una orden de aprehensi\u00f3n, se muestran preocupadas por sus compa\u00f1eras; detestan la idea de que la pesadilla que todas han vivido desde entonces, pueda durar varios a\u00f1os m\u00e1s en un encierro sin sentido, en prisi\u00f3n.<\/p>\n<p>\u2018Ten\u00eda un presentimiento\u2019<\/p>\n<p>Alma Dinorah Lucero era la maestra con m\u00e1s trayectoria en la Guarder\u00eda ABC. Al d\u00eda del incendio, ten\u00eda ocho a\u00f1os trabajando ah\u00ed. Sab\u00eda de memoria todos los recovecos y pasillos de la estancia infantil. Pero no le toc\u00f3 estar ah\u00ed al momento del fuego. Eso la consume.<\/p>\n<p>Ese d\u00eda, Dinorah ten\u00eda una cita en el IMSS; ten\u00edan que hacerle un estudio. As\u00ed que la dejaron salir un rato, aunque ella ten\u00eda un presentimiento horrible en el pecho.<\/p>\n<p>\u201cYo sent\u00eda algo, sent\u00eda algo muy raro. De hecho, ese d\u00eda ni siquiera llev\u00e9 a mi hija a la Guarder\u00eda (tambi\u00e9n era alumna). La directora me dijo que me fuera al Seguro, pero la verdad yo no quer\u00eda ir. Ten\u00eda un presentimiento. Sent\u00eda que algo me iba a pasar, que me iba a morir\u201d, narr\u00f3.<\/p>\n<p>Horas despu\u00e9s, Dinorah entendi\u00f3 lo que sent\u00eda.<\/p>\n<p>Regresaba en cami\u00f3n de la cl\u00ednica del Seguro Social hacia la Guarder\u00eda, cuando recibi\u00f3 la llamada de uno de sus familiares, preocupado por el incendio de la estancia.<\/p>\n<p>En el transporte iba la mam\u00e1 de uno de los ni\u00f1os. Le dijo del incendio y ambas se bajaron, desesperadas. Quer\u00edan tomar un taxi pero no tra\u00edan dinero. Pararon a uno y las llev\u00f3 gratis. La madre se baj\u00f3 en un hospital. Calles antes de la Guarder\u00eda, el taxi ya no pudo pasar. Ella se quit\u00f3 los zapatos y, corriendo, lleg\u00f3 hasta el infierno.<\/p>\n<p>Intent\u00f3 entrar, pero no la dejaron. Corri\u00f3 a la \u201ccasa verde\u201d, pero tampoco pudo pasar. Regres\u00f3 a la Guarder\u00eda y encontr\u00f3 a las maestras y empleadas en shock, algunas sin habla, otras gritando o llorando. Las maestras que ten\u00edan hijos en la Guarder\u00eda, los buscaban con desesperaci\u00f3n. Vio que una se\u00f1ora que trabajaba en intendencia todav\u00eda estaba sacando una cuna con ni\u00f1os. Era el caos.<\/p>\n<p>Lleg\u00f3 entonces Sandra T\u00e9llez, una de las due\u00f1as de la Guarder\u00eda, a darle \u00f3rdenes a ella y a otras maestras de que se movieran a los hospitales para identificar a los ni\u00f1os.<\/p>\n<p>Al entrar a los pasillos del hospital, empeor\u00f3 el horror. El olor a quemado hab\u00eda impregnado todo. La llamaron a una peque\u00f1a sala para identificar ni\u00f1os. Jam\u00e1s imagin\u00f3 lo que iba a ver.<\/p>\n<p>\u201cYo nada m\u00e1s dije: \u2018Dame valor, Dios m\u00edo\u2019. Yo no sab\u00eda qu\u00e9 iba a ver. Yo pens\u00e9 que les iba a cantar, para que se calmen y se pongan bien. Yo no sab\u00eda que los ni\u00f1os estaban muertos. Nadie nos dijo que estaban muertos. Lo primero que vi fueron los zapatitos. Los ni\u00f1os estaban tapados. Ah\u00ed hab\u00eda 25, m\u00e1s o menos.<\/p>\n<p>\u201cYo le ped\u00ed fuerza a Dios porque no estuve adentro (de la Guarder\u00eda) para ayudar. \u2018Ay\u00fadame a reconocer a los ni\u00f1os\u2019, dec\u00eda yo, \u2018no me quiero equivocar\u2019. Yo no quer\u00eda que los pap\u00e1s vieran as\u00ed a sus hijos. Quer\u00edamos ayudar para que supieran d\u00f3nde estaban\u201d, relat\u00f3 Dinorah.<\/p>\n<p>A ella se uni\u00f3 la maestra Ana Sughey. Entra las dos hicieron la primera identificaci\u00f3n de los ni\u00f1os.<\/p>\n<p>El momento m\u00e1s duro fue cuando escrib\u00edan el nombre de cada ni\u00f1o en un pedazo de masking y lo pon\u00edan en sus pies. Algunos estaban irreconocibles. Solo supo qui\u00e9nes eran por la ropa o los zapatos que tra\u00edan.<\/p>\n<p>A las maestras las llevaron por varios pasillos y quir\u00f3fanos, reconociendo ni\u00f1os.<\/p>\n<p>Una vez que terminaron, las retuvieron en una sala para evitar que dieran informaci\u00f3n a los familiares. Las amenazaron con llevarlas a prisi\u00f3n si dec\u00edan algo sobre los ni\u00f1os que estaban en el hospital.<\/p>\n<p>Una vez que termin\u00f3 su labor, la maestra busc\u00f3 a Jimena, una ni\u00f1a con la que ten\u00eda un lazo m\u00e1s fuerte y hasta la llamaba \u201cMam\u00e1\u201d. La encontr\u00f3 en terapia intensiva, al d\u00eda siguiente. Y aunque nadie quer\u00eda dar informaci\u00f3n, a Dinorah la ayud\u00f3 a pasar una enfermera que hab\u00eda tenido a su hijo en la Guarder\u00eda ABC a\u00f1os atr\u00e1s y que nunca olvid\u00f3 la atenci\u00f3n que la docente le dio al peque\u00f1o.<\/p>\n<p>Cuando la vio, la maestra perdi\u00f3 el piso. Trat\u00f3 de despertarla en vano. Le cant\u00f3 canciones, la arrull\u00f3. Fue en vano. En la madrugada, la ni\u00f1a falleci\u00f3.<\/p>\n<p>La madre de otra ni\u00f1a, que fue internada en un hospital de Estados Unidos, le llamaba varias veces al d\u00eda para que Dinorah le cantara canciones a la peque\u00f1a, por tel\u00e9fono. Su mam\u00e1 le pon\u00eda el auricular en el o\u00eddo, para que escuchara.<\/p>\n<p>\u201c\u00bfC\u00f3mo es que ahora algunos pap\u00e1s nos quieren meter a la c\u00e1rcel? No se acuerdan que para nosotras, ellos tambi\u00e9n eran nuestros hijos\u201d, dijo, sollozando.<\/p>\n<p>A Alma Dinorah todav\u00eda le duele el coraz\u00f3n cuando piensa que no estuvo en el lugar para ayudar a m\u00e1s ni\u00f1os.<\/p>\n<p>Pero luego piensa en su hija, a la que ese d\u00eda no llev\u00f3 a la Guarder\u00eda. Y agradece haber hecho caso a su presentimiento<\/p>\n<p>\u201cQu\u00e9 m\u00e1s di\u00e9ramos que haber estado en ese momento ah\u00ed, que no se pudo. Yo digo, si hubi\u00e9ramos estado todas, las que ya hab\u00edan salido, a lo mejor hubi\u00e9ramos sacado a m\u00e1s ni\u00f1os. No s\u00e9, me pongo a imaginar muchas cosas; pero no existe el hubiera\u201d, coment\u00f3.<\/p>\n<p>A partir de ese d\u00eda, su vida cambi\u00f3 totalmente. Alma Dinorah sabe que jam\u00e1s volver\u00e1 a ser la misma, haga lo que haga.<\/p>\n<p>\u2018Nos marc\u00f3 para siempre\u2019<\/p>\n<p>Ana Sughey Hern\u00e1ndez era maestra de la Guarder\u00eda. Tambi\u00e9n era madre de familia de la Guarder\u00eda, pues su hija acud\u00eda ah\u00ed desde muy peque\u00f1a.<\/p>\n<p>Esa tarde, sali\u00f3 de su turno minutos antes de que comenzara el incendio. Lleg\u00f3 a su casa y cuando estaba ah\u00ed recibi\u00f3 una llamada: la estancia se estaba quemando.<\/p>\n<p>De inmediato, subi\u00f3 a su auto y volvi\u00f3, desesperada, para intentar ayudar y buscar a Jonathan, su sobrino, que tambi\u00e9n era alumno de la Guarder\u00eda.<\/p>\n<p>En la estancia infantil se encontraba Sandra T\u00e9llez, una de las socias de la estancia infantil, indicando a las maestras que hab\u00edan salido y regresaron, o que ya estaban fuera del incendio, que deb\u00edan ir a identificar a los ni\u00f1os a los hospitales y al Servicio M\u00e9dico Forense.<\/p>\n<p>Al llegar a un hospital, una enfermera le advirti\u00f3 a ellas y a otras trabajadoras que estaban ah\u00ed, que iban a ver cosas muy feas. Les pidi\u00f3 prepararse para lo peor.<\/p>\n<p>Le toc\u00f3 entrar a reconocer los cuerpos de los ni\u00f1os fallecidos. El horror de verlos la impresion\u00f3. Aun as\u00ed, no quiso tomar ning\u00fan medicamento, para estar en sus cinco sentidos y poder reconocerlos.<\/p>\n<p>Al terminar, la retuvieron adentro del hospital, como a las otras maestras.<\/p>\n<p>En una de las salas encontr\u00f3 a Jonathan, su sobrino. Le pidi\u00f3 a alguien que le informara a su familia que \u00e9l estaba ah\u00ed. Nadie dijo nada.<\/p>\n<p>\u201cNo sabe uno c\u00f3mo pedirle perd\u00f3n, hasta a un familiar, porque yo ofrec\u00ed que la Guarder\u00eda era buena. \u2018Porque yo te dije, es buena Guarder\u00eda, yo lo voy a estar viendo, yo lo voy a cuidar\u2019. Y no se lo cuid\u00e9\u201d, dijo Sughey, entre l\u00e1grimas.<\/p>\n<p>En una de las camillas encontraron a Olga Lidia Ochoa, otra de las maestras de la Guarder\u00eda que hab\u00eda sufrido quemaduras y solo pidi\u00f3 una cosa: \u2018Encuentren a mi hija, busquen a mi ni\u00f1a\u2019. En ese momento cay\u00f3 inconsciente. Su peque\u00f1a tambi\u00e9n asist\u00eda a la Guarder\u00eda ABC.<\/p>\n<p>En el hospital se encontraron a un padre de familia de la estancia infantil que trabajaba como enfermero. Las cuestion\u00f3 sobre lo que estaban haciendo al momento del incendio. Se les fue a los golpes, pero alguien lo detuvo.<\/p>\n<p>M\u00e1s tarde se fue a otro hospital a donde hab\u00edan llevado a su sobrino. Estuvo ah\u00ed, ayudando.<\/p>\n<p>Ahora, Ana Sughey dice que la vida ya no es igual. Ha estado en tratamiento psiqui\u00e1trico, igual que todas sus compa\u00f1eras, y aunque trata de salir adelante, a veces le cuesta mucho trabajo.<\/p>\n<p>\u201cYa pasaron seis a\u00f1os y haz de cuenta que fue ayer, que es ahorita. Para nosotros, eso fue algo que nos marc\u00f3 nuestras vidas, marc\u00f3 nuestra existencia y nos marc\u00f3 para siempre\u201d, reflexion\u00f3.<\/p>\n<p>El sobrino de Sughey falleci\u00f3. Ten\u00eda la misma edad que su hija, quien ahora tiene ya 9 a\u00f1os de edad. Y cada vez que la ve, recuerda que su sobrino tendr\u00eda la misma edad y compartir\u00eda cosas con su peque\u00f1a, tal como lo hac\u00eda cuando eran compa\u00f1eros en la Guarder\u00eda ABC.<\/p>\n<p>\u2018No lo pod\u00eda creer\u2019<\/p>\n<p>Silvia Torres era la encargada de la cocina de la Guarder\u00eda ABC. A las 14:45 era su hora de salida. Ese d\u00eda, fue al reloj checador a registrar su salida, tom\u00f3 su bolsa y sali\u00f3 del inmueble.<\/p>\n<p>Fue a hacer compras en un s\u00faper cercano. Estaban en la caja cuando ella y la compa\u00f1era con la que iba se percataron que mucha gente estaba en la puerta del mercado. Una se\u00f1ora le grit\u00f3 a otras que se estaba quemando la Guarder\u00eda. Se paralizaron.<\/p>\n<p>Aventaron la mercanc\u00eda que tra\u00edan en las manos y corrieron de regreso. Cuando llegaron ya hab\u00eda cunas afuera, llenas de ni\u00f1os. Los polic\u00edas no las dejaron pasar.<\/p>\n<p>Comenzaron a llevar las cunas a la \u201ccasa verde\u201d. Le quitaron la ropa a los ni\u00f1os, les echaron aire y agua y as\u00ed los pudieron estabilizar.<\/p>\n<p>Silvia recuerda que, d\u00edas m\u00e1s tarde, en fotograf\u00edas y videos, ella y otras de sus compa\u00f1eras que hab\u00edan terminado su turno antes de las 15:00 horas aparecieron en las fotos cargando sus bolsas de mano.<\/p>\n<p>Fueron criticadas porque se pens\u00f3 que hab\u00edan preferido sacar sus pertenencias que a los ni\u00f1os. No fue as\u00ed. Las bolsas estaban resguardadas en un \u00e1rea cerrada con llave. Solo quienes ya no estaban en turno, llevaban sus pertenencias. A Silvia, junto a otras de sus compa\u00f1eras, la subieron a una patrulla y la llevaron a declarar a la PGR. Pasadas las 21:00 horas, sali\u00f3 de ah\u00ed. Regres\u00f3 a la Guarder\u00eda. No pod\u00eda creer lo que sus ojos ve\u00edan.<\/p>\n<p>\u201cNo lo pod\u00eda creer porque los ni\u00f1os pasaban mucho tiempo con nosotras; eran nuestros esos ni\u00f1os. Eran nuestros (\u2026) Lo que yo no puedo entender es por qu\u00e9 los pap\u00e1s nos tratan as\u00ed. Si vieran ellos c\u00f3mo quer\u00edamos a los ni\u00f1os. Eran parte de nuestra familia.<\/p>\n<p>\u201cTodos los d\u00edas estaban con nosotros. Ah\u00ed las muchachas los ense\u00f1aron a comer, a ir al ba\u00f1o, a hacer sus primeras letras. Todo lo que la mam\u00e1 debe de hacer, lo hac\u00edamos nosotras (\u2026) Nosotros d\u00e1bamos la vida por los ni\u00f1os. Si los ni\u00f1os que est\u00e1n vivos es porque las compa\u00f1eras los sacaron\u201d.<\/p>\n<p>La vida de Silvia tambi\u00e9n cambi\u00f3 radicalmente. Le cost\u00f3 dos a\u00f1os encontrar otro trabajo. El gobierno de Guillermo Padr\u00e9s les ofreci\u00f3 empleo. Pero durante meses las tuvieron en ascuas. Nunca se concret\u00f3 la oferta.<\/p>\n<p>\u201cMuchas cosas han hecho con nosotras. Nosotras nunca hab\u00edamos hablado as\u00ed, hasta ahora. Siempre calladas, siempre escondi\u00e9ndonos.<\/p>\n<p>\u201cEn mi casa yo ten\u00eda alteros de peri\u00f3dicos, diario los compraba para ver qu\u00e9 pasaba. Debajo de mi colch\u00f3n yo ten\u00eda un peri\u00f3dico donde estaban todos los ni\u00f1os. Me lo tiraron, el peri\u00f3dico. Mi car\u00e1cter cambi\u00f3, en mi casa. Y yo s\u00e9 que mi familia lo siente\u201d, narr\u00f3 Silvia.<\/p>\n<p>A ella, como a muchas otras, le quitaron el servicio m\u00e9dico. Ahora debe vivir con las secuelas del incendio en su d\u00eda a d\u00eda.<\/p>\n<p>El maltrato<\/p>\n<p>Dulce Mar\u00eda Valdez era maestra de la Guarder\u00eda ABC. Aquel fat\u00eddico 5 de junio era su primer d\u00eda de vacaciones. Estaba en su casa descansando cuando un vecino toc\u00f3 a su puerta y le dijo que se estaba quemando la estancia infantil.<\/p>\n<p>Todav\u00eda en pijama, la maestra sali\u00f3 hacia la escuela. Cuando lleg\u00f3 ya no encontr\u00f3 a los ni\u00f1os o a las maestras. Se las hab\u00edan llevado en las patrullas a declarar. Fue a la PGR.<\/p>\n<p>\u201cLas hall\u00e9 en una forma deplorable, como si fueran unas asesinas. Estaban en la banqueta, sentadas en el suelo. A la primera que vi fue a Araceli Moroyoqui. Le pregunt\u00e9 qu\u00e9 les hab\u00eda pasado. La vi muy mal, mojada, llena de cenizas\u201d, narr\u00f3.<\/p>\n<p>Estando ah\u00ed, un oficial le orden\u00f3 que se subiera a una patrulla porque la iba a llevar a los hospitales a identificar ni\u00f1os.<\/p>\n<p>En uno de los hospitales se encontr\u00f3 con una de las due\u00f1as. Tambi\u00e9n le orden\u00f3 que ten\u00eda que ayudar en la identificaci\u00f3n. Pero ella estaba ah\u00ed por voluntad propia y amor a los ni\u00f1os.<\/p>\n<p>Desde ah\u00ed comenz\u00f3 el maltrato. Cuando le toc\u00f3 llegar a la morgue del Hospital General para identificar a los menores, se sinti\u00f3 la falta de empat\u00eda hacia las maestras.<\/p>\n<p>En la sala donde estaba identificando a los ni\u00f1os, un oficial de la polic\u00eda la acompa\u00f1aba. La presionaba para que no se fuera a equivocar y diera un testimonio falso.<\/p>\n<p>\u201cEn un pasillo, recuerdo bien que le dije a un oficial que me dol\u00eda la cabeza, que me sent\u00eda mal. Ya hab\u00eda visto mucho. Pas\u00f3 una enfermera y pregunt\u00f3: \u2018\u00bfQu\u00e9 es ella?\u2019, cuando le pidi\u00f3 una pastilla para m\u00ed. \u2018Es maestra, anda identificando ni\u00f1os\u2019, le dijo. \u2018Ah no, nosotros no les podemos dar medicamentos a las maestras. Les estamos dando calmantes y medicamento a los pap\u00e1s.<\/p>\n<p>\u201cDesde ese momento, a nosotras como maestras, ya nos estaban negando un derecho. Desde ese momento, ya nos empez\u00f3 a hacer a un lado la misma sociedad. Y nosotros, por respeto a los pap\u00e1s, por respeto a todos, empezamos a hacernos a un lado, a callarnos\u201d, rememor\u00f3 Dulce.<\/p>\n<p>Cuando la maestra ya no pod\u00eda m\u00e1s por el impacto emocional de lo que estaba viviendo, pidi\u00f3 retirarse del hospital, pero no la dejaron irse. Como ya no aguantaba, aprovech\u00f3 un descuido del polic\u00eda y se escap\u00f3 a su casa en un taxi.<\/p>\n<p>La maestra recuerda que los meses posteriores fueron un martirio. Le daba miedo salir a la calle.<\/p>\n<p><a href=\"http:\/\/nopasanada.mx\/web\/guarderia-abc-y-los-otros\/\" target=\"_blank\">http:\/\/nopasanada.mx\/web\/guarderia-abc-y-los-otros\/<\/a><\/p>\n","protected":false},"excerpt":{"rendered":"<p>La PGR busca consignar a 22 trabajadoras por el incendio en la Guarder\u00eda ABC, mientras personajes p\u00fablicos que fueron se\u00f1alados por estar involucrados con la tragedia no han sido tocados &hellip; <a href=\"https:\/\/www.grieta.org.mx\/index.php\/2015\/08\/19\/guarderia-abc-y-los-otros\/\" class=\"more-link\">Leer m\u00e1s<\/a><\/p>\n","protected":false},"author":2,"featured_media":21928,"comment_status":"closed","ping_status":"open","sticky":false,"template":"","format":"standard","meta":{"ngg_post_thumbnail":0,"_jetpack_newsletter_access":"","_jetpack_dont_email_post_to_subs":false,"_jetpack_newsletter_tier_id":0,"_jetpack_memberships_contains_paywalled_content":false,"_jetpack_memberships_contains_paid_content":false,"footnotes":""},"categories":[80,456],"tags":[491],"class_list":["post-8338","post","type-post","status-publish","format-standard","has-post-thumbnail","hentry","category-cintillo","category-sonora","tag-guarderia-abc","entry"],"jetpack_featured_media_url":"https:\/\/www.grieta.org.mx\/wp-content\/uploads\/2018\/03\/14524434_1106112876131411_958039263622046936_o.jpg","jetpack_sharing_enabled":true,"jetpack_shortlink":"https:\/\/wp.me\/p7ZJR4-2au","jetpack_likes_enabled":false,"jetpack-related-posts":[{"id":9076,"url":"https:\/\/www.grieta.org.mx\/index.php\/2016\/09\/11\/caso-guarderia-abc\/","url_meta":{"origin":8338,"position":0},"title":"Caso Guarder\u00eda ABC","author":"Admin","date":"11 septiembre, 2016","format":false,"excerpt":"Se exige verdad y justicia para las v\u00edctimas de la guarder\u00eda ABC a siete a\u00f1os de luto y lucha 11\/09\/15. No buscan la verdad \u201csino la impunidad para los verdaderos responsables de la muerte de nuestros hijos\u201d: padres ABC Revoluci\u00f3n 3.0 05\/06\/15. 7 a\u00f1os de dolor y sin justicia: guarder\u00eda\u2026","rel":"","context":"En &quot;NOTICIAS NACIONALES&quot;","block_context":{"text":"NOTICIAS NACIONALES","link":"https:\/\/www.grieta.org.mx\/index.php\/category\/noticias-nacionales\/"},"img":{"alt_text":"","src":"https:\/\/i0.wp.com\/www.grieta.org.mx\/wp-content\/uploads\/2018\/03\/14524434_1106112876131411_958039263622046936_o.jpg?resize=350%2C200&ssl=1","width":350,"height":200,"srcset":"https:\/\/i0.wp.com\/www.grieta.org.mx\/wp-content\/uploads\/2018\/03\/14524434_1106112876131411_958039263622046936_o.jpg?resize=350%2C200&ssl=1 1x, https:\/\/i0.wp.com\/www.grieta.org.mx\/wp-content\/uploads\/2018\/03\/14524434_1106112876131411_958039263622046936_o.jpg?resize=525%2C300&ssl=1 1.5x, https:\/\/i0.wp.com\/www.grieta.org.mx\/wp-content\/uploads\/2018\/03\/14524434_1106112876131411_958039263622046936_o.jpg?resize=700%2C400&ssl=1 2x"},"classes":[]},{"id":8349,"url":"https:\/\/www.grieta.org.mx\/index.php\/2015\/08\/12\/la-pgr-pide-girar-22-ordenes-de-aprehension-por-incendio-de-guarderia-abc\/","url_meta":{"origin":8338,"position":1},"title":"La PGR pide girar 22 \u00f3rdenes de aprehensi\u00f3n por incendio de guarder\u00eda ABC","author":"grieta","date":"12 agosto, 2015","format":false,"excerpt":"Las \u00f3rdenes son contra maestras, personal de intendencia y directora; el abogado de padres de las v\u00edctimas dice que es una medida err\u00f3nea (CNNM\u00e9xico) \u2014 La delegaci\u00f3n de la Procuradur\u00eda General de la Rep\u00fablica (PGR) en Sonora pidi\u00f3 este mi\u00e9rcoles a un juez girar 22 \u00f3rdenes de aprehensi\u00f3n contra trabajadores\u2026","rel":"","context":"En &quot;CINTILLO&quot;","block_context":{"text":"CINTILLO","link":"https:\/\/www.grieta.org.mx\/index.php\/category\/cintillo\/"},"img":{"alt_text":"","src":"https:\/\/i0.wp.com\/www.grieta.org.mx\/wp-content\/uploads\/2018\/03\/14524434_1106112876131411_958039263622046936_o.jpg?resize=350%2C200&ssl=1","width":350,"height":200,"srcset":"https:\/\/i0.wp.com\/www.grieta.org.mx\/wp-content\/uploads\/2018\/03\/14524434_1106112876131411_958039263622046936_o.jpg?resize=350%2C200&ssl=1 1x, https:\/\/i0.wp.com\/www.grieta.org.mx\/wp-content\/uploads\/2018\/03\/14524434_1106112876131411_958039263622046936_o.jpg?resize=525%2C300&ssl=1 1.5x, https:\/\/i0.wp.com\/www.grieta.org.mx\/wp-content\/uploads\/2018\/03\/14524434_1106112876131411_958039263622046936_o.jpg?resize=700%2C400&ssl=1 2x"},"classes":[]},{"id":8345,"url":"https:\/\/www.grieta.org.mx\/index.php\/2015\/08\/14\/padres-de-la-guarderia-abc-rechazan-ordenes-de-aprehension-a-trabajadoras\/","url_meta":{"origin":8338,"position":2},"title":"Padres de la Guarder\u00eda ABC rechazan \u00f3rdenes de aprehensi\u00f3n a trabajadoras","author":"grieta","date":"14 agosto, 2015","format":false,"excerpt":"14 de agosto. La organizaci\u00f3n Manos unidas por nuestros ni\u00f1os, que re\u00fane a los padres de las v\u00edctimas de la Guarder\u00eda ABC, critic\u00f3 las 22 \u00f3rdenes de aprehensi\u00f3n giradas contra profesoras, personal de intendencia y la directora de la estancia infantil por el incendio del 5 de junio de 2009.\u2026","rel":"","context":"En &quot;CINTILLO&quot;","block_context":{"text":"CINTILLO","link":"https:\/\/www.grieta.org.mx\/index.php\/category\/cintillo\/"},"img":{"alt_text":"","src":"https:\/\/i0.wp.com\/www.grieta.org.mx\/wp-content\/uploads\/2018\/03\/14524434_1106112876131411_958039263622046936_o.jpg?resize=350%2C200&ssl=1","width":350,"height":200,"srcset":"https:\/\/i0.wp.com\/www.grieta.org.mx\/wp-content\/uploads\/2018\/03\/14524434_1106112876131411_958039263622046936_o.jpg?resize=350%2C200&ssl=1 1x, https:\/\/i0.wp.com\/www.grieta.org.mx\/wp-content\/uploads\/2018\/03\/14524434_1106112876131411_958039263622046936_o.jpg?resize=525%2C300&ssl=1 1.5x, https:\/\/i0.wp.com\/www.grieta.org.mx\/wp-content\/uploads\/2018\/03\/14524434_1106112876131411_958039263622046936_o.jpg?resize=700%2C400&ssl=1 2x"},"classes":[]},{"id":8317,"url":"https:\/\/www.grieta.org.mx\/index.php\/2015\/08\/22\/trabajadoras-de-la-guarderia-abc-no-seran-encarceladas-y-a-pesar-de-todo-su-vida-es-un-infierno\/","url_meta":{"origin":8338,"position":3},"title":"Trabajadoras de la Guarder\u00eda ABC no ser\u00e1n encarceladas y a pesar de todo, su vida es un infierno","author":"grieta","date":"22 agosto, 2015","format":false,"excerpt":"22 de agosto de 2015. El Juez Tercero de Distrito, Ricardo Ruiz de Hoyo, con sede en Hermosillo, Sonora, rechaz\u00f3 emitir las \u00f3rdenes de aprehensi\u00f3n en contra de las 22 trabajadoras de la Guarder\u00eda ABC. El 6 de agosto pasado, la Procuradur\u00eda General de la Rep\u00fablica (PGR) las acus\u00f3 de\u2026","rel":"","context":"En &quot;CINTILLO&quot;","block_context":{"text":"CINTILLO","link":"https:\/\/www.grieta.org.mx\/index.php\/category\/cintillo\/"},"img":{"alt_text":"","src":"https:\/\/i0.wp.com\/www.grieta.org.mx\/wp-content\/uploads\/2018\/03\/14524434_1106112876131411_958039263622046936_o.jpg?resize=350%2C200&ssl=1","width":350,"height":200,"srcset":"https:\/\/i0.wp.com\/www.grieta.org.mx\/wp-content\/uploads\/2018\/03\/14524434_1106112876131411_958039263622046936_o.jpg?resize=350%2C200&ssl=1 1x, https:\/\/i0.wp.com\/www.grieta.org.mx\/wp-content\/uploads\/2018\/03\/14524434_1106112876131411_958039263622046936_o.jpg?resize=525%2C300&ssl=1 1.5x, https:\/\/i0.wp.com\/www.grieta.org.mx\/wp-content\/uploads\/2018\/03\/14524434_1106112876131411_958039263622046936_o.jpg?resize=700%2C400&ssl=1 2x"},"classes":[]},{"id":23486,"url":"https:\/\/www.grieta.org.mx\/index.php\/2018\/06\/05\/padres-de-las-victimas-de-la-guarderia-abc-denuncian-represalias-de-funcionarios-por-reclamos-de-corrupcion-sonora\/","url_meta":{"origin":8338,"position":4},"title":"Padres de las v\u00edctimas de la Guarder\u00eda ABC denuncian represalias de funcionarios por reclamos de corrupci\u00f3n (Sonora)","author":"grieta","date":"5 junio, 2018","format":false,"excerpt":"Redacci\u00f3n\/ Sin Embargo Los familiares de los menores fallecidos subrayaron que ni el IMSS, ni el gobierno de Sonora, ni el municipio de Hermosillo han atendido la queja que emiti\u00f3 la Comisi\u00f3n Nacional de los Derechos Humanos (CNDH) el pasado 30 de junio de 2009. Ciudad de M\u00e9xico, 5 de\u2026","rel":"","context":"En &quot;CINTILLO&quot;","block_context":{"text":"CINTILLO","link":"https:\/\/www.grieta.org.mx\/index.php\/category\/cintillo\/"},"img":{"alt_text":"","src":"https:\/\/i0.wp.com\/www.grieta.org.mx\/wp-content\/uploads\/2018\/06\/padres-abc.jpg?resize=350%2C200&ssl=1","width":350,"height":200,"srcset":"https:\/\/i0.wp.com\/www.grieta.org.mx\/wp-content\/uploads\/2018\/06\/padres-abc.jpg?resize=350%2C200&ssl=1 1x, https:\/\/i0.wp.com\/www.grieta.org.mx\/wp-content\/uploads\/2018\/06\/padres-abc.jpg?resize=525%2C300&ssl=1 1.5x, https:\/\/i0.wp.com\/www.grieta.org.mx\/wp-content\/uploads\/2018\/06\/padres-abc.jpg?resize=700%2C400&ssl=1 2x, https:\/\/i0.wp.com\/www.grieta.org.mx\/wp-content\/uploads\/2018\/06\/padres-abc.jpg?resize=1050%2C600&ssl=1 3x"},"classes":[]},{"id":34989,"url":"https:\/\/www.grieta.org.mx\/index.php\/2019\/06\/17\/roban-zapatos-de-bronce-colocados-por-los-padres-de-la-guarderia-abc-en-el-antimonumento-ciudad-de-mexico\/","url_meta":{"origin":8338,"position":5},"title":"Roban zapatos de bronce colocados por los padres de la Guarder\u00eda ABC en el Antimonumento (Ciudad de M\u00e9xico)","author":"grieta","date":"17 junio, 2019","format":false,"excerpt":"Los zapatos de bronce hab\u00edan sido colocados por padres y familiares de los 49 menores fallecidos en el incendio de 2009, eran r\u00e9plicas de los que usaban las ni\u00f1as y ni\u00f1os el d\u00eda del percance. Redacci\u00f3n\/ ANIMAL POL\u00cdTICO Siete de los pares de zapatos de bronce colocados en el Antimonumento\u2026","rel":"","context":"En &quot;CINTILLO&quot;","block_context":{"text":"CINTILLO","link":"https:\/\/www.grieta.org.mx\/index.php\/category\/cintillo\/"},"img":{"alt_text":"","src":"https:\/\/i0.wp.com\/www.grieta.org.mx\/wp-content\/uploads\/2019\/06\/zapatitos-ABC.jpg?resize=350%2C200&ssl=1","width":350,"height":200,"srcset":"https:\/\/i0.wp.com\/www.grieta.org.mx\/wp-content\/uploads\/2019\/06\/zapatitos-ABC.jpg?resize=350%2C200&ssl=1 1x, https:\/\/i0.wp.com\/www.grieta.org.mx\/wp-content\/uploads\/2019\/06\/zapatitos-ABC.jpg?resize=525%2C300&ssl=1 1.5x"},"classes":[]}],"_links":{"self":[{"href":"https:\/\/www.grieta.org.mx\/index.php\/wp-json\/wp\/v2\/posts\/8338","targetHints":{"allow":["GET"]}}],"collection":[{"href":"https:\/\/www.grieta.org.mx\/index.php\/wp-json\/wp\/v2\/posts"}],"about":[{"href":"https:\/\/www.grieta.org.mx\/index.php\/wp-json\/wp\/v2\/types\/post"}],"author":[{"embeddable":true,"href":"https:\/\/www.grieta.org.mx\/index.php\/wp-json\/wp\/v2\/users\/2"}],"replies":[{"embeddable":true,"href":"https:\/\/www.grieta.org.mx\/index.php\/wp-json\/wp\/v2\/comments?post=8338"}],"version-history":[{"count":1,"href":"https:\/\/www.grieta.org.mx\/index.php\/wp-json\/wp\/v2\/posts\/8338\/revisions"}],"predecessor-version":[{"id":8340,"href":"https:\/\/www.grieta.org.mx\/index.php\/wp-json\/wp\/v2\/posts\/8338\/revisions\/8340"}],"wp:featuredmedia":[{"embeddable":true,"href":"https:\/\/www.grieta.org.mx\/index.php\/wp-json\/wp\/v2\/media\/21928"}],"wp:attachment":[{"href":"https:\/\/www.grieta.org.mx\/index.php\/wp-json\/wp\/v2\/media?parent=8338"}],"wp:term":[{"taxonomy":"category","embeddable":true,"href":"https:\/\/www.grieta.org.mx\/index.php\/wp-json\/wp\/v2\/categories?post=8338"},{"taxonomy":"post_tag","embeddable":true,"href":"https:\/\/www.grieta.org.mx\/index.php\/wp-json\/wp\/v2\/tags?post=8338"}],"curies":[{"name":"wp","href":"https:\/\/api.w.org\/{rel}","templated":true}]}}