{"id":8287,"date":"2015-03-17T18:57:17","date_gmt":"2015-03-17T18:57:17","guid":{"rendered":"http:\/\/50.22.11.12\/~grietaor\/?p=8287"},"modified":"2016-03-30T18:58:57","modified_gmt":"2016-03-30T18:58:57","slug":"los-ninos-enfermaron-de-agua-contaminada-del-rio-sonora-no-nos-vamos-dicen-colonos","status":"publish","type":"post","link":"https:\/\/www.grieta.org.mx\/index.php\/2015\/03\/17\/los-ninos-enfermaron-de-agua-contaminada-del-rio-sonora-no-nos-vamos-dicen-colonos\/","title":{"rendered":"Los ni\u00f1os enfermaron de agua contaminada del R\u00edo Sonora, no nos vamos, dicen colonos"},"content":{"rendered":"<p>SinEmbargo<\/p>\n<p>Por Shaila Rosagel marzo 17, 2015<\/p>\n<p>Ayer un contingente de alrededor de mil 500 personas tom\u00f3 las instalaciones de la Planta de Bombeo de la Minera Buena Vista del Cobre.<\/p>\n<p>Ciudad de M\u00e9xico, 17 de marzo (SinEmbargo).\u2013 Los habitantes del R\u00edo Sonora, v\u00edctimas del derrame de 40 mil metros c\u00fabicos de \u00e1cido sulf\u00farico de la mina Buenavista del Cobre de Grupo M\u00e9xico, aseguraron que hay ni\u00f1os enfermos en los siete municipios afectados por beber agua contaminada.<\/p>\n<p>Ayer un contingente de alrededor de mil 500 personas, entre habitantes del r\u00edo y mineros de la Secci\u00f3n 65 del Sindicato Minero Nacional, se congreg\u00f3 y tom\u00f3 las instalaciones de la Planta de Bombeo de la Empresa Minera Buena Vista del Cobre, ubicada en la Carretera Cananea a Agua Prieta y conocida como \u201cLos Patos\u201d, en Sonora, en protesta por la falta de atenci\u00f3n a sus demandas tras el derrame del a\u00f1o pasado.<\/p>\n<p>La toma de la mina se dio despu\u00e9s de que el gobierno asegur\u00f3 que resarci\u00f3 los da\u00f1os de todos los afectados. Sin embargo, no se sabe a qui\u00e9n entreg\u00f3 el dinero del Fideicomiso R\u00edo Sonora, porque la informaci\u00f3n fue congelada por 12 meses. Los pobladores afirman que fue un reparto entre pol\u00edticos.<\/p>\n<p>\u201cEn Aconchi hay ni\u00f1os afectados, algunos los est\u00e1n atendiendo, pero cada d\u00eda salen m\u00e1s ni\u00f1os con ampollas en la piel, dolor de estomago, de hueso, irritaci\u00f3n en los ojos, dolor de cabeza, porque toman agua de la llave en la escuela\u201d, dijo Francisca Garc\u00eda, una habitante de Aconchi, quien se encuentra en protesta en Cananea.<\/p>\n<p>En su localidad, record\u00f3 Garc\u00eda, los padecimientos habituales desde hace a\u00f1os son el c\u00e1ncer y la enfermedades de la gl\u00e1ndula tiroides. Pero a ra\u00edz del derrame el problema de tiroides en la poblaci\u00f3n se agrav\u00f3, aunado a las escoreaciones en la piel.<\/p>\n<p>\u201cLa contaminaci\u00f3n siempre ha estado ah\u00ed, porque hay derrames constantes, de muchos que no nos enteramos. Luego nos dijeron que nos iban a reubicar los pozos y que a los ni\u00f1os no les iba a faltar el agua embotellada y no cumplieron con nada. Las madres la tienen que comprar y eso ha disparado el gasto\u201d, reclam\u00f3 Garc\u00eda.<\/p>\n<p>Carla Duarte, habitantes de Topahue, una comunidad que pertenece al municipio de Hermosillo, ubicada muy cerca de la presa El Molinito, afectada por la contaminaci\u00f3n del r\u00edo, dijo que el gobierno encendi\u00f3 los pozos, sin avisarle a la poblaci\u00f3n de los riesgos que traer\u00eda en la salud por utilizar el l\u00edquido.<\/p>\n<p>\u201cNo tuvieron la decencia de preguntarnos si est\u00e1bamos de acuerdo. La presa El Molinito est\u00e1 muy contaminada y hay muchas enfermedades: salen ronchas en los brazos, el cuello, comez\u00f3n en la espalda y hay mucho dolor de est\u00f3mago entre la gente\u201d, indic\u00f3.<\/p>\n<p>No es la primera vez que los habitantes del R\u00edo Sonora se quejan no s\u00f3lo de que el recurso del fideicomiso no lleg\u00f3, sino de problemas de salud.<\/p>\n<p>El 17 de febrero Gloria Guadalupe P\u00e9rez, originaria de Ures, dijo que adem\u00e1s de la falta de claridad en la entrega de recursos del Fideicomiso R\u00edo Sonora, hace unos meses las autoridades informaron que el agua ya era potable y se pod\u00eda utilizar para beber y para el uso dom\u00e9stico.<\/p>\n<p>Pero, de acuerdo con Gloria, la poblaci\u00f3n est\u00e1 enfermando de severos dolores de est\u00f3mago a partir de que se empez\u00f3 a consumir el agua de la llave.<\/p>\n<p>\u201cYo empec\u00e9 con unos dolores muy fuertes en la boca del est\u00f3mago y fui con la doctora, me hicieron an\u00e1lisis y me dijo que tomara agua purificada. Desde que empec\u00e9 a tomar agua de garraf\u00f3n, me alivi\u00e9. Como yo hay mucha gente que se est\u00e1 enfermando; a unos les da diarrea\u201d, dijo.<\/p>\n<p>IRREGULARIDADES EN EL FIDEICOMISO<\/p>\n<p>Los pobladores tambi\u00e9n denunciaron irregularidades en la entrega del fideicomiso como la firma de cheques en blanco.<\/p>\n<p>\u201cYo soy herrero y me dieron 28 mil pesos en un pago y cuando ibas a firmar, te atravesaban una cartulina en forma de escuadra y no te dejaban ver lo que firmabas. Por m\u00e1s que le jal\u00e9 al papel, no pude ver la cantidad. Cuando salimos nos juntamos unas ocho gentes y dijeron que les hab\u00edan hecho lo mismo\u201d, asegur\u00f3 en entrevista con SinEmbargo Eleazar Favela, originario de Ures.<\/p>\n<p>Favela asegur\u00f3 que la clase pol\u00edtica de Ures y sus familiares que viven incluso en Hermosillo, aprovecharon la tragedia del derrame para cobrar recursos del fideicomiso.<\/p>\n<p>Guadalupe P\u00e9rez a\u00f1adi\u00f3 que s\u00f3lo recibi\u00f3 dos cheques por 14 mil pesos cada uno, por tres meses de p\u00e9rdidas como vendedora de queso.<\/p>\n<p>\u201cHay gente que agarr\u00f3 de 350 mil pesos para arriba, gente que no tiene los negocios que dice. Gente que viene de Hermosillo con cartas poder, que ni es de aqu\u00ed y cobra dinero\u201d, dijo.<\/p>\n<p>Ambos pobladores, entrevistados por separado, aseguraron que los pol\u00edticos del pueblo tienen veh\u00edculos nuevos y tierras cultivadas que asemejan a los \u201ccultivos de California [Estados Unidos], e incluso hay uno que adquiri\u00f3 un \u201ctrenesito\u201d para pasear a los visitantes de los fines de semana.<\/p>\n<p>\u201cNo hay claridad en la entrega de los recursos. Ahorita dicen que est\u00e1n suspendidos los pagos. Aqu\u00ed nom\u00e1s se est\u00e1n beneficiando los parientes de los pol\u00edticos, por los apellidos se da uno cuenta, adem\u00e1s de mucha gente que no es de la regi\u00f3n\u201d, indic\u00f3 Gloria.<\/p>\n<p>En febrero la Secretar\u00eda del Medio Ambiente y Recursos Naturales (Semarnat) se neg\u00f3 a revelar el padr\u00f3n de los beneficiados del Fideicomiso R\u00edo Sonora y el monto otorgado a cada uno de ellos. Reserv\u00f3 la informaci\u00f3n hasta por un a\u00f1o.<\/p>\n<p>La dependencia neg\u00f3 la informaci\u00f3n a una solicitud realizada a trav\u00e9s de transparencia \u2013con el n\u00famero de folio 0001600005015\u2013, argumentando que los datos se encuentran reservados hasta por 12 meses, debido a que a\u00fan no se concluye con el proceso de entrega de los recursos.<\/p>\n<p>\u201cEn respuesta a su solicitud, la Subsecretar\u00eda de Planeaci\u00f3n y Pol\u00edtica Ambiental, le informa que despu\u00e9s de haber realizado una minuciosa b\u00fasqueda en sus expedientes encontr\u00f3 que a\u00fan no se terminan de entregar los montos a todos los beneficiarios y los montos que ya fueron entregados est\u00e1n en proceso de revisi\u00f3n, raz\u00f3n por la cual a\u00fan no se tiene un listado definitivo de beneficiarios ni el monto global aplicado, por lo que la informaci\u00f3n se encuentra reservada por un periodo de un a\u00f1o, o antes si se concluye el proceso de revisi\u00f3n por encontrarse en proceso deliberativo\u201d, respondi\u00f3 la dependencia.<\/p>\n<p>El caso involucra varios posibles conflictos de inter\u00e9s. Durante la crisis, por ejemplo, se dio a conocer que el Gobernador de Sonora, Guillermo Padr\u00e9s El\u00edas, hab\u00eda construido una presa personal sin permisos como el de impacto de da\u00f1o ambiental. Grupo M\u00e9xico es un consorcio vinculado a ex funcionarios y funcionarios federales mexicanos.<\/p>\n<p>La negativa firmada por Jorge Legorreta Ordorica, quien en el pasado ha sido coordinador en el Senado de la fracci\u00f3n del Partido Verde Ecologista de M\u00e9xico (PVEM), se fundamenta, seg\u00fan precis\u00f3 la Semarnat, en los art\u00edculos 14 fracci\u00f3n VI de la Ley Federal de Transparencia y Acceso a la informaci\u00f3n P\u00fablica Gubernamental que refiere a la informaci\u00f3n reservada.<\/p>\n<p>La Semarnat neg\u00f3, adem\u00e1s, el monto total otorgado a los beneficiarios hasta el momento, a pesar de que un informe publicado en su p\u00e1gina web desglosa a de forma general los recursos entregados hasta diciembre de 2015, sin presentar padr\u00f3n de beneficiarios.<\/p>\n<p>El Fideicomiso es por 2 mil millones de pesos y lo suscribieron las empresas de Grupo M\u00e9xico, Buenavista del Cobre y Operadora de Minas e Instalaciones Mineras, para remediar el derrame de 40 mil metros c\u00fabicos de sulfuro de cobre acidulado en el R\u00edo Sonora y Bacanuchi.<\/p>\n<p>De acuerdo con la p\u00e1gina electr\u00f3nica de la Semarnat, entre septiembre y diciembre se entregaron 483.6 millones de pesos a la poblaci\u00f3n y 768 millones en instalaci\u00f3n de tinacos, nuevos pozos y reparto de agua en pipas.<\/p>\n<p>La dependencia afirm\u00f3 que los pagos del Fideicomiso equivalen a 10 veces el Producto Interno Bruto (PIB) de la regi\u00f3n del R\u00edo Sonora, correspondiente a enero-septiembre.<\/p>\n<p>En total se han realizado 27 mil 522 apoyos econ\u00f3micos \u201cdirectos e individuales\u201d, en efectivo, cheque o tarjeta de d\u00e9bito a una poblaci\u00f3n estimada de 22,878 personas en los siente municipios afectados.<\/p>\n<p>\u201cSI EL R\u00cdO NO TIENE AGUA, LARREA TAMPOCO\u201d<\/p>\n<p>Antonio Navarrete Aguirre, del Sindicato Minero Secci\u00f3n 65 de Cananea, dijo que la toma de las instalaciones de rebombeo \u201cLos Patos\u201d es indefinida.<\/p>\n<p>\u201cLlegaron unas 800 personas de los distintos pueblos afectados por el derrame en el r\u00edo Sonora y aqu\u00ed se unieron otras mil. La gente dice que aqu\u00ed se van a quedar, que si no hay agua para la gente del r\u00edo, tampoco hay para la Miner\u00eda, para Germ\u00e1n Larrea que est\u00e1 protegido por el gobierno federal\u201d, dijo.<\/p>\n<p>Navarrete Aguirre indic\u00f3 que el principal problema es el incumplimiento de la entrega del Fideicomiso R\u00edo Sonora.<\/p>\n<p>\u201cEl gobierno federal y estatal abandonaron a su suerte a la gente y se est\u00e1n llevando la vida de sus hijos. El gobierno federal en lugar de dar una soluci\u00f3n a los afectados, protege a Larrea\u201d, asegur\u00f3.<\/p>\n<p>Antonio detall\u00f3 que un cierre de las instalaciones de rebombeo, significa que se dejen de enviar 12 mil litros por segundo, lo que significa una p\u00e9rdida de cinco millones de d\u00f3lares diarios para Grupo M\u00e9xico.<\/p>\n<p>\u201cGrupo M\u00e9xico pierde, pero a\u00fan as\u00ed no le interesa resolver el conflicto de forma civilizada, sino provocar m\u00e1s problemas entre las personas\u201d, dijo.<\/p>\n<p>Ayer llegaron en caravana alrededor de 13 camiones y 80 carros particulares provenientes de la zona de el r\u00edo de Sonora con mineros, as\u00ed como representantes de sindicatos como el STAUS de la Universidad de Sonora, Telefonistas, y mineros de Nacozari de Garc\u00eda, entre otros grupos de apoyo y se postraron en las instalaciones de bombeo, donde desalojaron por la fuerza a los trabajadores de esa \u00e1rea as\u00ed como a alrededor de 20 elementos de Seguridad Federal, a quienes replegaron suscit\u00e1ndose por un momento, una situaci\u00f3n tensa.<\/p>\n<p>Una vez tomadas las instalaciones, los l\u00edderes, tanto mineros como representantes de cada uno de los municipios del r\u00edo exigieron la reparaci\u00f3n de da\u00f1o que sufrieron luego del derrame de t\u00f3xicos ocurrido de la mina Buena Vista del Cobre en agosto pasado.<\/p>\n<p>Los l\u00edderes llamaron a que la empresa se comprometa a resarcir el da\u00f1o ocasionado en el entendido dicen, de que el fideicomiso no ha cumplido con el objetivo para el que fue creado.<\/p>\n<p>Indicaron que a casi ocho meses del derrame siguen sin agua, no se han concretado los nuevos pozos, ni las plantas potabilizadoras. Adem\u00e1s, cada vez hay m\u00e1s problemas de salud se generan entre la poblaci\u00f3n que ha tenido contacto de una u otra manera con el agua contaminada.<\/p>\n<p>Tambi\u00e9n denunciaron que los recursos econ\u00f3micos han llegado dicen de manera desigual, tard\u00eda e inequitativa.<\/p>\n<p>Los pobladores denunciaron que las producciones de todo tipo que antes sosten\u00edan la econom\u00eda de los pobladores del r\u00edo, hoy se han visto afectadas hasta en un 95 por ciento.<\/p>\n<p><a href=\"http:\/\/www.sinembargo.mx\/17-03-2015\/1284369\" target=\"_blank\">http:\/\/www.sinembargo.mx\/17-03-2015\/1284369<\/a><\/p>\n","protected":false},"excerpt":{"rendered":"<p>SinEmbargo Por Shaila Rosagel marzo 17, 2015 Ayer un contingente de alrededor de mil 500 personas tom\u00f3 las instalaciones de la Planta de Bombeo de la Minera Buena Vista del &hellip; <a href=\"https:\/\/www.grieta.org.mx\/index.php\/2015\/03\/17\/los-ninos-enfermaron-de-agua-contaminada-del-rio-sonora-no-nos-vamos-dicen-colonos\/\" class=\"more-link\">Leer m\u00e1s<\/a><\/p>\n","protected":false},"author":2,"featured_media":21928,"comment_status":"closed","ping_status":"open","sticky":false,"template":"","format":"standard","meta":{"ngg_post_thumbnail":0,"_jetpack_newsletter_access":"","_jetpack_dont_email_post_to_subs":false,"_jetpack_newsletter_tier_id":0,"_jetpack_memberships_contains_paywalled_content":false,"_jetpack_memberships_contains_paid_content":false,"footnotes":""},"categories":[80,456],"tags":[109],"class_list":["post-8287","post","type-post","status-publish","format-standard","has-post-thumbnail","hentry","category-cintillo","category-sonora","tag-mineria","entry"],"jetpack_featured_media_url":"https:\/\/www.grieta.org.mx\/wp-content\/uploads\/2018\/03\/14524434_1106112876131411_958039263622046936_o.jpg","jetpack_sharing_enabled":true,"jetpack_shortlink":"https:\/\/wp.me\/p7ZJR4-29F","jetpack_likes_enabled":false,"jetpack-related-posts":[{"id":8257,"url":"https:\/\/www.grieta.org.mx\/index.php\/2015\/04\/02\/mineras-hacen-de-sonora-su-drenaje-ejidatarios-penoles-contamina-rio-santa-cruz-dicen\/","url_meta":{"origin":8287,"position":0},"title":"Mineras hacen de Sonora su drenaje: ejidatarios; Pe\u00f1oles contamina R\u00edo Santa Cruz, dicen","author":"grieta","date":"2 abril, 2015","format":false,"excerpt":"Por Shaila Rosagel abril 2, 2015 Ciudad de M\u00e9xico, 2 de abril (SinEmbargo).\u2013 No s\u00f3lo se trata de Grupo M\u00e9xico: en Sonora, Grupo Pe\u00f1oles tambi\u00e9n contamina el afluente de un r\u00edo y una presa en total impunidad desde hace a\u00f1os y sin que ninguna autoridad haga algo, denunciaron ejidatarios de\u2026","rel":"","context":"En &quot;CINTILLO&quot;","block_context":{"text":"CINTILLO","link":"https:\/\/www.grieta.org.mx\/index.php\/category\/cintillo\/"},"img":{"alt_text":"","src":"https:\/\/i0.wp.com\/www.grieta.org.mx\/wp-content\/uploads\/2018\/03\/14524434_1106112876131411_958039263622046936_o.jpg?resize=350%2C200&ssl=1","width":350,"height":200,"srcset":"https:\/\/i0.wp.com\/www.grieta.org.mx\/wp-content\/uploads\/2018\/03\/14524434_1106112876131411_958039263622046936_o.jpg?resize=350%2C200&ssl=1 1x, https:\/\/i0.wp.com\/www.grieta.org.mx\/wp-content\/uploads\/2018\/03\/14524434_1106112876131411_958039263622046936_o.jpg?resize=525%2C300&ssl=1 1.5x, https:\/\/i0.wp.com\/www.grieta.org.mx\/wp-content\/uploads\/2018\/03\/14524434_1106112876131411_958039263622046936_o.jpg?resize=700%2C400&ssl=1 2x"},"classes":[]},{"id":9067,"url":"https:\/\/www.grieta.org.mx\/index.php\/2016\/08\/22\/contaminacion-y-danos-a-la-salud-por-mineria-en-sonora\/","url_meta":{"origin":8287,"position":1},"title":"Contaminaci\u00f3n y da\u00f1os a la salud por miner\u00eda en Sonora","author":"Admin","date":"22 agosto, 2016","format":false,"excerpt":"Denuncian contaminaci\u00f3n del R\u00edo Sonora provocada por miner\u00eda 22\/08\/16. Contaminaci\u00f3n, despojo y negligencia: las acusaciones contra Grupo M\u00e9xico en Sonora Animal Pol\u00edtico 08\/08\/16. A 2 a\u00f1os del derrame contaminante en el R\u00edo Sonora, una 'mancha' que no se borra Expansi\u00f3n 01\/08\/16. A dos a\u00f1os de la contaminaci\u00f3n en R\u00edo Sonora:\u2026","rel":"","context":"En &quot;Miner\u00eda&quot;","block_context":{"text":"Miner\u00eda","link":"https:\/\/www.grieta.org.mx\/index.php\/category\/megaproyectos\/mineria\/"},"img":{"alt_text":"","src":"https:\/\/i0.wp.com\/www.grieta.org.mx\/wp-content\/uploads\/2018\/03\/14524434_1106112876131411_958039263622046936_o.jpg?resize=350%2C200&ssl=1","width":350,"height":200,"srcset":"https:\/\/i0.wp.com\/www.grieta.org.mx\/wp-content\/uploads\/2018\/03\/14524434_1106112876131411_958039263622046936_o.jpg?resize=350%2C200&ssl=1 1x, https:\/\/i0.wp.com\/www.grieta.org.mx\/wp-content\/uploads\/2018\/03\/14524434_1106112876131411_958039263622046936_o.jpg?resize=525%2C300&ssl=1 1.5x, https:\/\/i0.wp.com\/www.grieta.org.mx\/wp-content\/uploads\/2018\/03\/14524434_1106112876131411_958039263622046936_o.jpg?resize=700%2C400&ssl=1 2x"},"classes":[]},{"id":8295,"url":"https:\/\/www.grieta.org.mx\/index.php\/2015\/03\/02\/profepa-multa-con-22-mdp-a-minera-que-causo-derrame-en-sonora-y-ordena-levantar-clausura\/","url_meta":{"origin":8287,"position":2},"title":"Profepa multa con 22 mdp a minera que caus\u00f3 derrame en Sonora y ordena levantar clausura","author":"grieta","date":"2 marzo, 2015","format":false,"excerpt":"SinEmbargo Redacci\u00f3n Ciudad de M\u00e9xico, 2 de marzo (SinEmbargo).\u2013 La Procuradur\u00eda Federal de Protecci\u00f3n al Ambiente (Profepa) mult\u00f3 por un total de 22 millones 959 mil 386 pesos a la empresa minera Buenavista del Cobre, por el derrame de 40 mil metros c\u00fabicos de una soluci\u00f3n de sulfato de cobre\u2026","rel":"","context":"En &quot;CINTILLO&quot;","block_context":{"text":"CINTILLO","link":"https:\/\/www.grieta.org.mx\/index.php\/category\/cintillo\/"},"img":{"alt_text":"","src":"https:\/\/i0.wp.com\/www.grieta.org.mx\/wp-content\/uploads\/2018\/03\/14524434_1106112876131411_958039263622046936_o.jpg?resize=350%2C200&ssl=1","width":350,"height":200,"srcset":"https:\/\/i0.wp.com\/www.grieta.org.mx\/wp-content\/uploads\/2018\/03\/14524434_1106112876131411_958039263622046936_o.jpg?resize=350%2C200&ssl=1 1x, https:\/\/i0.wp.com\/www.grieta.org.mx\/wp-content\/uploads\/2018\/03\/14524434_1106112876131411_958039263622046936_o.jpg?resize=525%2C300&ssl=1 1.5x, https:\/\/i0.wp.com\/www.grieta.org.mx\/wp-content\/uploads\/2018\/03\/14524434_1106112876131411_958039263622046936_o.jpg?resize=700%2C400&ssl=1 2x"},"classes":[]},{"id":8276,"url":"https:\/\/www.grieta.org.mx\/index.php\/2015\/03\/17\/sonora-exigen-reparar-danos-por-derrame\/","url_meta":{"origin":8287,"position":3},"title":"Sonora: exigen reparar da\u00f1os por derrame","author":"grieta","date":"17 marzo, 2015","format":false,"excerpt":"Ulises Guti\u00e9rrez Ruelas y Diana Manzo Corresponsales Peri\u00f3dico La Jornada Martes 17 de marzo de 2015, p. 29 M\u00e1s de mil habitantes de los pueblos asentados en los alrededores del r\u00edo Sonora e integrantes de la secci\u00f3n 65 del Sindicato Nacional de Trabajadores Mineros, Metal\u00fargicos y Similares de la Rep\u00fablica\u2026","rel":"","context":"En &quot;CINTILLO&quot;","block_context":{"text":"CINTILLO","link":"https:\/\/www.grieta.org.mx\/index.php\/category\/cintillo\/"},"img":{"alt_text":"","src":"https:\/\/i0.wp.com\/www.grieta.org.mx\/wp-content\/uploads\/2018\/03\/14524434_1106112876131411_958039263622046936_o.jpg?resize=350%2C200&ssl=1","width":350,"height":200,"srcset":"https:\/\/i0.wp.com\/www.grieta.org.mx\/wp-content\/uploads\/2018\/03\/14524434_1106112876131411_958039263622046936_o.jpg?resize=350%2C200&ssl=1 1x, https:\/\/i0.wp.com\/www.grieta.org.mx\/wp-content\/uploads\/2018\/03\/14524434_1106112876131411_958039263622046936_o.jpg?resize=525%2C300&ssl=1 1.5x, https:\/\/i0.wp.com\/www.grieta.org.mx\/wp-content\/uploads\/2018\/03\/14524434_1106112876131411_958039263622046936_o.jpg?resize=700%2C400&ssl=1 2x"},"classes":[]},{"id":11792,"url":"https:\/\/www.grieta.org.mx\/index.php\/2016\/05\/03\/minera-derrama-400-mil-litros-de-solucion-de-cianuro-en-altar-sonora\/","url_meta":{"origin":8287,"position":4},"title":"Minera derrama 400 mil litros de soluci\u00f3n de cianuro en Altar, Sonora","author":"grieta","date":"3 mayo, 2016","format":false,"excerpt":"La fisura en un ducto de la mina El Chanate, de la empresa Santa Rita \u2013subsidiaria del grupo canadiense Aurico Gold Inc\u2013, provoc\u00f3 un derrame de 400 metros c\u00fabicos de soluci\u00f3n rica en cianuro que contamin\u00f3 una zona aleda\u00f1a en el municipio de Altar, en la zona des\u00e9rtica del norte\u2026","rel":"","context":"En &quot;CINTILLO&quot;","block_context":{"text":"CINTILLO","link":"https:\/\/www.grieta.org.mx\/index.php\/category\/cintillo\/"},"img":{"alt_text":"","src":"https:\/\/i0.wp.com\/www.grieta.org.mx\/wp-content\/uploads\/2018\/03\/14524434_1106112876131411_958039263622046936_o.jpg?resize=350%2C200&ssl=1","width":350,"height":200,"srcset":"https:\/\/i0.wp.com\/www.grieta.org.mx\/wp-content\/uploads\/2018\/03\/14524434_1106112876131411_958039263622046936_o.jpg?resize=350%2C200&ssl=1 1x, https:\/\/i0.wp.com\/www.grieta.org.mx\/wp-content\/uploads\/2018\/03\/14524434_1106112876131411_958039263622046936_o.jpg?resize=525%2C300&ssl=1 1.5x, https:\/\/i0.wp.com\/www.grieta.org.mx\/wp-content\/uploads\/2018\/03\/14524434_1106112876131411_958039263622046936_o.jpg?resize=700%2C400&ssl=1 2x"},"classes":[]},{"id":8265,"url":"https:\/\/www.grieta.org.mx\/index.php\/2015\/03\/20\/cortan-mujeres-suministro-de-agua-a-la-mina-buena-vista-de-cananea\/","url_meta":{"origin":8287,"position":5},"title":"Cortan mujeres suministro de agua a la mina Buena Vista de Cananea","author":"grieta","date":"20 marzo, 2015","format":false,"excerpt":"OCMAL Mujeres de todas las edades se unieron a la caravana ciudadana de habitantes de los pueblos aleda\u00f1os al r\u00edo Sonora, contaminado por el derrame de metales pesados el 6 de agosto de 2014. De madrugada, ayer inici\u00f3 en Hermosillo, capital del estado, la procesi\u00f3n de veh\u00edculos particulares que se\u2026","rel":"","context":"En &quot;CINTILLO&quot;","block_context":{"text":"CINTILLO","link":"https:\/\/www.grieta.org.mx\/index.php\/category\/cintillo\/"},"img":{"alt_text":"","src":"https:\/\/i0.wp.com\/www.grieta.org.mx\/wp-content\/uploads\/2018\/03\/14524434_1106112876131411_958039263622046936_o.jpg?resize=350%2C200&ssl=1","width":350,"height":200,"srcset":"https:\/\/i0.wp.com\/www.grieta.org.mx\/wp-content\/uploads\/2018\/03\/14524434_1106112876131411_958039263622046936_o.jpg?resize=350%2C200&ssl=1 1x, https:\/\/i0.wp.com\/www.grieta.org.mx\/wp-content\/uploads\/2018\/03\/14524434_1106112876131411_958039263622046936_o.jpg?resize=525%2C300&ssl=1 1.5x, https:\/\/i0.wp.com\/www.grieta.org.mx\/wp-content\/uploads\/2018\/03\/14524434_1106112876131411_958039263622046936_o.jpg?resize=700%2C400&ssl=1 2x"},"classes":[]}],"_links":{"self":[{"href":"https:\/\/www.grieta.org.mx\/index.php\/wp-json\/wp\/v2\/posts\/8287","targetHints":{"allow":["GET"]}}],"collection":[{"href":"https:\/\/www.grieta.org.mx\/index.php\/wp-json\/wp\/v2\/posts"}],"about":[{"href":"https:\/\/www.grieta.org.mx\/index.php\/wp-json\/wp\/v2\/types\/post"}],"author":[{"embeddable":true,"href":"https:\/\/www.grieta.org.mx\/index.php\/wp-json\/wp\/v2\/users\/2"}],"replies":[{"embeddable":true,"href":"https:\/\/www.grieta.org.mx\/index.php\/wp-json\/wp\/v2\/comments?post=8287"}],"version-history":[{"count":1,"href":"https:\/\/www.grieta.org.mx\/index.php\/wp-json\/wp\/v2\/posts\/8287\/revisions"}],"predecessor-version":[{"id":8289,"href":"https:\/\/www.grieta.org.mx\/index.php\/wp-json\/wp\/v2\/posts\/8287\/revisions\/8289"}],"wp:featuredmedia":[{"embeddable":true,"href":"https:\/\/www.grieta.org.mx\/index.php\/wp-json\/wp\/v2\/media\/21928"}],"wp:attachment":[{"href":"https:\/\/www.grieta.org.mx\/index.php\/wp-json\/wp\/v2\/media?parent=8287"}],"wp:term":[{"taxonomy":"category","embeddable":true,"href":"https:\/\/www.grieta.org.mx\/index.php\/wp-json\/wp\/v2\/categories?post=8287"},{"taxonomy":"post_tag","embeddable":true,"href":"https:\/\/www.grieta.org.mx\/index.php\/wp-json\/wp\/v2\/tags?post=8287"}],"curies":[{"name":"wp","href":"https:\/\/api.w.org\/{rel}","templated":true}]}}