{"id":8284,"date":"2015-03-17T18:55:55","date_gmt":"2015-03-17T18:55:55","guid":{"rendered":"http:\/\/50.22.11.12\/~grietaor\/?p=8284"},"modified":"2016-03-30T18:57:00","modified_gmt":"2016-03-30T18:57:00","slug":"grupo-mexico-denuncia-a-damnificados-por-danos-robos-y-despojo","status":"publish","type":"post","link":"https:\/\/www.grieta.org.mx\/index.php\/2015\/03\/17\/grupo-mexico-denuncia-a-damnificados-por-danos-robos-y-despojo\/","title":{"rendered":"Grupo M\u00e9xico denuncia a damnificados por da\u00f1os, robos y despojo"},"content":{"rendered":"<p>PROCESO<\/p>\n<p>MILTON MART\u00cdNEZ<br \/>\n17 DE MARZO DE 2015<\/p>\n<p>CANANEA, Son. (apro).- La empresa Grupo M\u00e9xico interpuso una denuncia penal contra los damnificados de los r\u00edos Sonora y Bacanuchi, y mineros de la Secci\u00f3n 65, por los delitos de da\u00f1os, robos y despojo.<\/p>\n<p>Una fuente al interior de la Procuradur\u00eda General de Justicia del estado (PGJ) inform\u00f3 que el representante del consorcio interpuso la denuncia luego de que los inconformes tomaron e inhabilitaron el centro de abastecimiento de agua a la mina Buenavista del Cobre.<\/p>\n<p>\u201cLa demanda se integr\u00f3 ayer (lunes) unas horas despu\u00e9s de los acontecimientos y ah\u00ed mismo fue ratificada porque se entreg\u00f3 la queja por escrito\u201d, puntualiz\u00f3.<\/p>\n<p>En las pr\u00f3ximas horas, dijo, agentes investigadores realizar\u00e1n las diligencias correspondientes para integrar la averiguaci\u00f3n previa y establecer qui\u00e9nes son los responsables.<\/p>\n<p>De acuerdo con el delegado nacional del sindicato minero de la Secci\u00f3n 65, Heriberto Verdugo, el cierre de la principal fuente de agua a la mina provoca a Grupo M\u00e9xico p\u00e9rdidas diarias superiores a los 4 millones de d\u00f3lares.<br \/>\nLuego solt\u00f3: \u201cLos sonorenses estamos hartos que pisoteen nuestra dignidad; Grupo M\u00e9xico act\u00faa con ganas de desaparecernos\u201d.<\/p>\n<p>A 24 horas de la inhabilitaci\u00f3n del centro de abastecimiento h\u00eddrico \u201cLos Patos\u201d, que tiene una capacidad de bombeo de mil 200 metros por segundo, los inconformes s\u00f3lo han dialogado con el delegado estatal de la Polic\u00eda Federal Preventiva (PFP), quien promovi\u00f3 un acuerdo con los directivos de la mina, pero la propuesta no prosper\u00f3.<\/p>\n<p>Cerca de la 1 de la tarde de este martes, los integrantes del llamado \u201cFrente ciudadano contra Grupo M\u00e9xico\u201d bloquearon por 120 minutos el kil\u00f3metro 6 de la carretera Cananea-Agua Prieta, a fin de ejercer presi\u00f3n para entablar una mesa de di\u00e1logo con representantes de las secretar\u00edas de Gobernaci\u00f3n (Segob) y del Trabajo y Previsi\u00f3n Social (STPS).<\/p>\n<p>Los afectados por el derrame de m\u00e1s de 40 millones de litros de cobre, en agosto pasado, exigen la creaci\u00f3n de pozos, atenci\u00f3n m\u00e9dica especializada y pago inmediato de indemnizaciones.<\/p>\n<p>En tanto, los mineros demandan respetar el contrato colectivo de trabajo, reconocimiento oficial de los integrantes de la secci\u00f3n 65 y una mesa de di\u00e1logo para resolver los conflictos laborales que iniciaron con el estallido de huelga, el 28 de julio de 2007.<\/p>\n<p><a href=\"http:\/\/www.proceso.com.mx\/?p=398691\" target=\"_blank\">http:\/\/www.proceso.com.mx\/?p=398691<\/a><\/p>\n","protected":false},"excerpt":{"rendered":"<p>PROCESO MILTON MART\u00cdNEZ 17 DE MARZO DE 2015 CANANEA, Son. (apro).- La empresa Grupo M\u00e9xico interpuso una denuncia penal contra los damnificados de los r\u00edos Sonora y Bacanuchi, y mineros &hellip; <a href=\"https:\/\/www.grieta.org.mx\/index.php\/2015\/03\/17\/grupo-mexico-denuncia-a-damnificados-por-danos-robos-y-despojo\/\" class=\"more-link\">Leer m\u00e1s<\/a><\/p>\n","protected":false},"author":2,"featured_media":21928,"comment_status":"closed","ping_status":"open","sticky":false,"template":"","format":"standard","meta":{"ngg_post_thumbnail":0,"_jetpack_newsletter_access":"","_jetpack_dont_email_post_to_subs":false,"_jetpack_newsletter_tier_id":0,"_jetpack_memberships_contains_paywalled_content":false,"_jetpack_memberships_contains_paid_content":false,"footnotes":""},"categories":[80,456],"tags":[184,485,109],"class_list":["post-8284","post","type-post","status-publish","format-standard","has-post-thumbnail","hentry","category-cintillo","category-sonora","tag-despojo","tag-grupo-mexico","tag-mineria","entry"],"jetpack_featured_media_url":"https:\/\/www.grieta.org.mx\/wp-content\/uploads\/2018\/03\/14524434_1106112876131411_958039263622046936_o.jpg","jetpack_sharing_enabled":true,"jetpack_shortlink":"https:\/\/wp.me\/p7ZJR4-29C","jetpack_likes_enabled":false,"jetpack-related-posts":[{"id":9067,"url":"https:\/\/www.grieta.org.mx\/index.php\/2016\/08\/22\/contaminacion-y-danos-a-la-salud-por-mineria-en-sonora\/","url_meta":{"origin":8284,"position":0},"title":"Contaminaci\u00f3n y da\u00f1os a la salud por miner\u00eda en Sonora","author":"Admin","date":"22 agosto, 2016","format":false,"excerpt":"Denuncian contaminaci\u00f3n del R\u00edo Sonora provocada por miner\u00eda 22\/08\/16. Contaminaci\u00f3n, despojo y negligencia: las acusaciones contra Grupo M\u00e9xico en Sonora Animal Pol\u00edtico 08\/08\/16. A 2 a\u00f1os del derrame contaminante en el R\u00edo Sonora, una 'mancha' que no se borra Expansi\u00f3n 01\/08\/16. A dos a\u00f1os de la contaminaci\u00f3n en R\u00edo Sonora:\u2026","rel":"","context":"En &quot;Miner\u00eda&quot;","block_context":{"text":"Miner\u00eda","link":"https:\/\/www.grieta.org.mx\/index.php\/category\/megaproyectos\/mineria\/"},"img":{"alt_text":"","src":"https:\/\/i0.wp.com\/www.grieta.org.mx\/wp-content\/uploads\/2018\/03\/14524434_1106112876131411_958039263622046936_o.jpg?resize=350%2C200&ssl=1","width":350,"height":200,"srcset":"https:\/\/i0.wp.com\/www.grieta.org.mx\/wp-content\/uploads\/2018\/03\/14524434_1106112876131411_958039263622046936_o.jpg?resize=350%2C200&ssl=1 1x, https:\/\/i0.wp.com\/www.grieta.org.mx\/wp-content\/uploads\/2018\/03\/14524434_1106112876131411_958039263622046936_o.jpg?resize=525%2C300&ssl=1 1.5x, https:\/\/i0.wp.com\/www.grieta.org.mx\/wp-content\/uploads\/2018\/03\/14524434_1106112876131411_958039263622046936_o.jpg?resize=700%2C400&ssl=1 2x"},"classes":[]},{"id":36077,"url":"https:\/\/www.grieta.org.mx\/index.php\/2019\/07\/05\/semarnat-asegura-que-nueva-presa-de-grupo-mexico-en-bacanuchi-sonora-cumple-normas-habitantes-no-se-convencen-y-exigen-seguridad\/","url_meta":{"origin":8284,"position":1},"title":"Semarnat asegura que nueva presa de Grupo M\u00e9xico en Bacanuchi, Sonora cumple normas; habitantes no se convencen y exigen seguridad","author":"grieta","date":"5 julio, 2019","format":false,"excerpt":"Priscila C\u00e1rdenas\/ PROYECTO PUENTE A un mes de cumplirse 5 a\u00f1os del derrame en el R\u00edo Sonora los habitantes de las comunidades afectadas siguen con miedo y en pie de lucha. Hoy adem\u00e1s de justicia y remediaci\u00f3n de da\u00f1os ambientales quieren evitar que la tragedia se repita, pues Grupo M\u00e9xico\u2026","rel":"","context":"En &quot;CINTILLO&quot;","block_context":{"text":"CINTILLO","link":"https:\/\/www.grieta.org.mx\/index.php\/category\/cintillo\/"},"img":{"alt_text":"","src":"https:\/\/i0.wp.com\/www.grieta.org.mx\/wp-content\/uploads\/2019\/07\/timthumb.jpg?resize=350%2C200&ssl=1","width":350,"height":200,"srcset":"https:\/\/i0.wp.com\/www.grieta.org.mx\/wp-content\/uploads\/2019\/07\/timthumb.jpg?resize=350%2C200&ssl=1 1x, https:\/\/i0.wp.com\/www.grieta.org.mx\/wp-content\/uploads\/2019\/07\/timthumb.jpg?resize=525%2C300&ssl=1 1.5x, https:\/\/i0.wp.com\/www.grieta.org.mx\/wp-content\/uploads\/2019\/07\/timthumb.jpg?resize=700%2C400&ssl=1 2x"},"classes":[]},{"id":8196,"url":"https:\/\/www.grieta.org.mx\/index.php\/2015\/06\/23\/interponen-segunda-demanda-contra-grupo-mexico-por-derrame-de-toxicos-en-rios-de-sonora\/","url_meta":{"origin":8284,"position":2},"title":"Interponen segunda demanda contra Grupo M\u00e9xico por derrame de t\u00f3xicos en r\u00edos de Sonora","author":"grieta","date":"23 junio, 2015","format":false,"excerpt":"Educaci\u00f3n Contra Corriente Martes, 23 Junio 2015 Milton Mart\u00ednez La asociaci\u00f3n civil Acciones Colectivas de Sinaloa AC interpuso una segunda demanda colectiva contra Grupo M\u00e9xico, para que repare el da\u00f1o causado a las personas que resultaron afectadas por el derrame de 40 millones de litros de sustancias t\u00f3xicas en los\u2026","rel":"","context":"En &quot;CINTILLO&quot;","block_context":{"text":"CINTILLO","link":"https:\/\/www.grieta.org.mx\/index.php\/category\/cintillo\/"},"img":{"alt_text":"","src":"https:\/\/i0.wp.com\/www.grieta.org.mx\/wp-content\/uploads\/2018\/03\/14524434_1106112876131411_958039263622046936_o.jpg?resize=350%2C200&ssl=1","width":350,"height":200,"srcset":"https:\/\/i0.wp.com\/www.grieta.org.mx\/wp-content\/uploads\/2018\/03\/14524434_1106112876131411_958039263622046936_o.jpg?resize=350%2C200&ssl=1 1x, https:\/\/i0.wp.com\/www.grieta.org.mx\/wp-content\/uploads\/2018\/03\/14524434_1106112876131411_958039263622046936_o.jpg?resize=525%2C300&ssl=1 1.5x, https:\/\/i0.wp.com\/www.grieta.org.mx\/wp-content\/uploads\/2018\/03\/14524434_1106112876131411_958039263622046936_o.jpg?resize=700%2C400&ssl=1 2x"},"classes":[]},{"id":26937,"url":"https:\/\/www.grieta.org.mx\/index.php\/2018\/09\/20\/comunicado-del-cni-cig-ante-la-represion-a-la-comunidad-otomi-radicada-en-la-cdmx\/","url_meta":{"origin":8284,"position":3},"title":"Comunicado del CNI-CIG ante la represi\u00f3n a la comunidad otom\u00ed, radicada en la CDMX","author":"grieta","date":"20 septiembre, 2018","format":false,"excerpt":"Al pueblo de M\u00e9xico A las redes de apoyo al CIG A la Sexta Nacional e Internacional A los medios de comunicaci\u00f3n Ante el ataque perpetrado por el mal gobierno en contra de nuestros compa\u00f1eros y compa\u00f1eras de la comunidad otom\u00ed radicada en la Ciudad de M\u00e9xico, el Congreso Nacional\u2026","rel":"","context":"En &quot;CIG&quot;","block_context":{"text":"CIG","link":"https:\/\/www.grieta.org.mx\/index.php\/category\/cig\/"},"img":{"alt_text":"","src":"https:\/\/i0.wp.com\/www.grieta.org.mx\/wp-content\/uploads\/2018\/03\/14524434_1106112876131411_958039263622046936_o.jpg?resize=350%2C200&ssl=1","width":350,"height":200,"srcset":"https:\/\/i0.wp.com\/www.grieta.org.mx\/wp-content\/uploads\/2018\/03\/14524434_1106112876131411_958039263622046936_o.jpg?resize=350%2C200&ssl=1 1x, https:\/\/i0.wp.com\/www.grieta.org.mx\/wp-content\/uploads\/2018\/03\/14524434_1106112876131411_958039263622046936_o.jpg?resize=525%2C300&ssl=1 1.5x, https:\/\/i0.wp.com\/www.grieta.org.mx\/wp-content\/uploads\/2018\/03\/14524434_1106112876131411_958039263622046936_o.jpg?resize=700%2C400&ssl=1 2x"},"classes":[]},{"id":8240,"url":"https:\/\/www.grieta.org.mx\/index.php\/2015\/04\/22\/mal-manejo-del-fideicomiso-por-derrame-en-rios-de-sonora\/","url_meta":{"origin":8284,"position":4},"title":"Mal manejo del fideicomiso por derrame en r\u00edos de Sonora","author":"grieta","date":"22 abril, 2015","format":false,"excerpt":"La Jornada Patricia Mu\u00f1oz R\u00edos Peri\u00f3dico La Jornada Mi\u00e9rcoles 22 de abril de 2015, p. 38 Hubo un mal manejo del fideicomiso que se abri\u00f3 para pagar a los afectados por el derrame de t\u00f3xicos en los r\u00edos Sonora y Bacanuchi, ya que Grupo M\u00e9xico no incluy\u00f3 al total de\u2026","rel":"","context":"En &quot;CINTILLO&quot;","block_context":{"text":"CINTILLO","link":"https:\/\/www.grieta.org.mx\/index.php\/category\/cintillo\/"},"img":{"alt_text":"","src":"https:\/\/i0.wp.com\/www.grieta.org.mx\/wp-content\/uploads\/2018\/03\/14524434_1106112876131411_958039263622046936_o.jpg?resize=350%2C200&ssl=1","width":350,"height":200,"srcset":"https:\/\/i0.wp.com\/www.grieta.org.mx\/wp-content\/uploads\/2018\/03\/14524434_1106112876131411_958039263622046936_o.jpg?resize=350%2C200&ssl=1 1x, https:\/\/i0.wp.com\/www.grieta.org.mx\/wp-content\/uploads\/2018\/03\/14524434_1106112876131411_958039263622046936_o.jpg?resize=525%2C300&ssl=1 1.5x, https:\/\/i0.wp.com\/www.grieta.org.mx\/wp-content\/uploads\/2018\/03\/14524434_1106112876131411_958039263622046936_o.jpg?resize=700%2C400&ssl=1 2x"},"classes":[]},{"id":16706,"url":"https:\/\/www.grieta.org.mx\/index.php\/2016\/07\/09\/grupo-mexico-impune-por-la-mayor-tragedia-ambiental-habitantes-del-rio-sonora\/","url_meta":{"origin":8284,"position":5},"title":"Grupo M\u00e9xico, impune por la mayor tragedia ambiental: habitantes del r\u00edo Sonora","author":"Admin","date":"9 julio, 2016","format":false,"excerpt":"Grupo M\u00e9xico y Germ\u00e1n Larrea contin\u00faan impunes a pesar que reconocieron su responsabilidad por el mayor desastre ambiental en la historia de la miner\u00eda nacional DANIEL S\u00c1NCHEZ D\u00d3RAME Grupo M\u00e9xico y Germ\u00e1n Larrea contin\u00faan impunes a pesar que reconocieron su responsabilidad por el mayor desastre ambiental en la historia de\u2026","rel":"","context":"En &quot;CINTILLO&quot;","block_context":{"text":"CINTILLO","link":"https:\/\/www.grieta.org.mx\/index.php\/category\/cintillo\/"},"img":{"alt_text":"","src":"https:\/\/i0.wp.com\/www.grieta.org.mx\/wp-content\/uploads\/2018\/03\/14524434_1106112876131411_958039263622046936_o.jpg?resize=350%2C200&ssl=1","width":350,"height":200,"srcset":"https:\/\/i0.wp.com\/www.grieta.org.mx\/wp-content\/uploads\/2018\/03\/14524434_1106112876131411_958039263622046936_o.jpg?resize=350%2C200&ssl=1 1x, https:\/\/i0.wp.com\/www.grieta.org.mx\/wp-content\/uploads\/2018\/03\/14524434_1106112876131411_958039263622046936_o.jpg?resize=525%2C300&ssl=1 1.5x, https:\/\/i0.wp.com\/www.grieta.org.mx\/wp-content\/uploads\/2018\/03\/14524434_1106112876131411_958039263622046936_o.jpg?resize=700%2C400&ssl=1 2x"},"classes":[]}],"_links":{"self":[{"href":"https:\/\/www.grieta.org.mx\/index.php\/wp-json\/wp\/v2\/posts\/8284","targetHints":{"allow":["GET"]}}],"collection":[{"href":"https:\/\/www.grieta.org.mx\/index.php\/wp-json\/wp\/v2\/posts"}],"about":[{"href":"https:\/\/www.grieta.org.mx\/index.php\/wp-json\/wp\/v2\/types\/post"}],"author":[{"embeddable":true,"href":"https:\/\/www.grieta.org.mx\/index.php\/wp-json\/wp\/v2\/users\/2"}],"replies":[{"embeddable":true,"href":"https:\/\/www.grieta.org.mx\/index.php\/wp-json\/wp\/v2\/comments?post=8284"}],"version-history":[{"count":1,"href":"https:\/\/www.grieta.org.mx\/index.php\/wp-json\/wp\/v2\/posts\/8284\/revisions"}],"predecessor-version":[{"id":8286,"href":"https:\/\/www.grieta.org.mx\/index.php\/wp-json\/wp\/v2\/posts\/8284\/revisions\/8286"}],"wp:featuredmedia":[{"embeddable":true,"href":"https:\/\/www.grieta.org.mx\/index.php\/wp-json\/wp\/v2\/media\/21928"}],"wp:attachment":[{"href":"https:\/\/www.grieta.org.mx\/index.php\/wp-json\/wp\/v2\/media?parent=8284"}],"wp:term":[{"taxonomy":"category","embeddable":true,"href":"https:\/\/www.grieta.org.mx\/index.php\/wp-json\/wp\/v2\/categories?post=8284"},{"taxonomy":"post_tag","embeddable":true,"href":"https:\/\/www.grieta.org.mx\/index.php\/wp-json\/wp\/v2\/tags?post=8284"}],"curies":[{"name":"wp","href":"https:\/\/api.w.org\/{rel}","templated":true}]}}