{"id":8276,"date":"2015-03-17T18:50:26","date_gmt":"2015-03-17T18:50:26","guid":{"rendered":"http:\/\/50.22.11.12\/~grietaor\/?p=8276"},"modified":"2016-03-30T18:51:39","modified_gmt":"2016-03-30T18:51:39","slug":"sonora-exigen-reparar-danos-por-derrame","status":"publish","type":"post","link":"https:\/\/www.grieta.org.mx\/index.php\/2015\/03\/17\/sonora-exigen-reparar-danos-por-derrame\/","title":{"rendered":"Sonora: exigen reparar da\u00f1os por derrame"},"content":{"rendered":"<p>Ulises Guti\u00e9rrez Ruelas y Diana Manzo<br \/>\nCorresponsales<br \/>\nPeri\u00f3dico La Jornada<br \/>\nMartes 17 de marzo de 2015, p. 29<\/p>\n<p>M\u00e1s de mil habitantes de los pueblos asentados en los alrededores del r\u00edo Sonora e integrantes de la secci\u00f3n 65 del Sindicato Nacional de Trabajadores Mineros, Metal\u00fargicos y Similares de la Rep\u00fablica Mexicana protestaron ayer en Cananea, Sonora, por la contaminaci\u00f3n generada por la mina Buenavista del Cobre, de Grupo M\u00e9xico.<\/p>\n<p>Los manifestantes exigen a la empresa que pague y subsane el da\u00f1o causado por el derrame de t\u00f3xicos a los r\u00edos Bacanuchi y Sonora, en perjuicio de m\u00e1s de 23 mil habitantes de los municipios de Arizpe, Ban\u00e1michi, Hu\u00e9pac, San Felipe, Bavi\u00e1cora, Ures y Aconchi.<\/p>\n<p>Hasta la fecha, dijeron, suman m\u00e1s de 300 las personas que presentan diversos padecimientos luego de que reabrieron los pozos aleda\u00f1os al r\u00edo Sonora, que abastecen a diversas comunidades.<\/p>\n<p>Demandaron la construcci\u00f3n de una cl\u00ednica especializada, ya que desde agosto pasado \u2013cuando fueron derramados unos 40 millones de litros de lixiviados de cobre acidulados\u2013 se han presentado enfermedades causadas por metales pesados.<\/p>\n<p>Por la ma\u00f1ana, los inconformes recorrieron en caravana \u2013integrada por 11 camiones y una veintena de veh\u00edculos m\u00e1s\u2013 los poblados cercanos al r\u00edo Sonora hasta llegar a Cananea, y cortaron el suministro de uno de los pozos que surte a la minera, en la zona conocida como El Pato. (extracto)<\/p>\n<p><a href=\"http:\/\/www.jornada.unam.mx\/2015\/03\/17\/estados\/029n3est\" target=\"_blank\">http:\/\/www.jornada.unam.mx\/2015\/03\/17\/estados\/029n3est<\/a><\/p>\n","protected":false},"excerpt":{"rendered":"<p>Ulises Guti\u00e9rrez Ruelas y Diana Manzo Corresponsales Peri\u00f3dico La Jornada Martes 17 de marzo de 2015, p. 29 M\u00e1s de mil habitantes de los pueblos asentados en los alrededores del &hellip; <a href=\"https:\/\/www.grieta.org.mx\/index.php\/2015\/03\/17\/sonora-exigen-reparar-danos-por-derrame\/\" class=\"more-link\">Leer m\u00e1s<\/a><\/p>\n","protected":false},"author":2,"featured_media":21928,"comment_status":"closed","ping_status":"open","sticky":false,"template":"","format":"standard","meta":{"ngg_post_thumbnail":0,"_jetpack_newsletter_access":"","_jetpack_dont_email_post_to_subs":false,"_jetpack_newsletter_tier_id":0,"_jetpack_memberships_contains_paywalled_content":false,"_jetpack_memberships_contains_paid_content":false,"footnotes":""},"categories":[80,456],"tags":[394,485],"class_list":["post-8276","post","type-post","status-publish","format-standard","has-post-thumbnail","hentry","category-cintillo","category-sonora","tag-contaminacion-por-mineria","tag-grupo-mexico","entry"],"jetpack_featured_media_url":"https:\/\/www.grieta.org.mx\/wp-content\/uploads\/2018\/03\/14524434_1106112876131411_958039263622046936_o.jpg","jetpack_sharing_enabled":true,"jetpack_shortlink":"https:\/\/wp.me\/p7ZJR4-29u","jetpack_likes_enabled":false,"jetpack-related-posts":[{"id":9067,"url":"https:\/\/www.grieta.org.mx\/index.php\/2016\/08\/22\/contaminacion-y-danos-a-la-salud-por-mineria-en-sonora\/","url_meta":{"origin":8276,"position":0},"title":"Contaminaci\u00f3n y da\u00f1os a la salud por miner\u00eda en Sonora","author":"Admin","date":"22 agosto, 2016","format":false,"excerpt":"Denuncian contaminaci\u00f3n del R\u00edo Sonora provocada por miner\u00eda 22\/08\/16. Contaminaci\u00f3n, despojo y negligencia: las acusaciones contra Grupo M\u00e9xico en Sonora Animal Pol\u00edtico 08\/08\/16. A 2 a\u00f1os del derrame contaminante en el R\u00edo Sonora, una 'mancha' que no se borra Expansi\u00f3n 01\/08\/16. A dos a\u00f1os de la contaminaci\u00f3n en R\u00edo Sonora:\u2026","rel":"","context":"En &quot;Miner\u00eda&quot;","block_context":{"text":"Miner\u00eda","link":"https:\/\/www.grieta.org.mx\/index.php\/category\/megaproyectos\/mineria\/"},"img":{"alt_text":"","src":"https:\/\/i0.wp.com\/www.grieta.org.mx\/wp-content\/uploads\/2018\/03\/14524434_1106112876131411_958039263622046936_o.jpg?resize=350%2C200&ssl=1","width":350,"height":200,"srcset":"https:\/\/i0.wp.com\/www.grieta.org.mx\/wp-content\/uploads\/2018\/03\/14524434_1106112876131411_958039263622046936_o.jpg?resize=350%2C200&ssl=1 1x, https:\/\/i0.wp.com\/www.grieta.org.mx\/wp-content\/uploads\/2018\/03\/14524434_1106112876131411_958039263622046936_o.jpg?resize=525%2C300&ssl=1 1.5x, https:\/\/i0.wp.com\/www.grieta.org.mx\/wp-content\/uploads\/2018\/03\/14524434_1106112876131411_958039263622046936_o.jpg?resize=700%2C400&ssl=1 2x"},"classes":[]},{"id":36073,"url":"https:\/\/www.grieta.org.mx\/index.php\/2019\/07\/05\/grupo-mexico-planea-construir-presa-de-jales-en-bacanuchi-ciudadanos-se-oponen-temen-otro-derrame-sonora\/","url_meta":{"origin":8276,"position":1},"title":"Grupo M\u00e9xico planea construir presa de jales en Bacanuchi, ciudadanos se oponen, temen otro derrame (Sonora)","author":"grieta","date":"5 julio, 2019","format":false,"excerpt":"https:\/\/proyectopuente.com.mx\/2019\/07\/05\/grupo-mexico-planea-construir-presa-de-jales-en-bacanuchi-ciudadanos-se-oponen-temen-otro-derrame-2\/","rel":"","context":"En &quot;Contaminaci\u00f3n ambiental por megaproyectos en Sonora&quot;","block_context":{"text":"Contaminaci\u00f3n ambiental por megaproyectos en Sonora","link":"https:\/\/www.grieta.org.mx\/index.php\/category\/noticias-nacionales\/sonora\/contaminacion-y-danos-a-la-naturaleza-por-megaproyectos\/"},"img":{"alt_text":"","src":"https:\/\/i0.wp.com\/www.grieta.org.mx\/wp-content\/uploads\/2018\/03\/14524434_1106112876131411_958039263622046936_o.jpg?resize=350%2C200&ssl=1","width":350,"height":200,"srcset":"https:\/\/i0.wp.com\/www.grieta.org.mx\/wp-content\/uploads\/2018\/03\/14524434_1106112876131411_958039263622046936_o.jpg?resize=350%2C200&ssl=1 1x, https:\/\/i0.wp.com\/www.grieta.org.mx\/wp-content\/uploads\/2018\/03\/14524434_1106112876131411_958039263622046936_o.jpg?resize=525%2C300&ssl=1 1.5x, https:\/\/i0.wp.com\/www.grieta.org.mx\/wp-content\/uploads\/2018\/03\/14524434_1106112876131411_958039263622046936_o.jpg?resize=700%2C400&ssl=1 2x"},"classes":[]},{"id":36077,"url":"https:\/\/www.grieta.org.mx\/index.php\/2019\/07\/05\/semarnat-asegura-que-nueva-presa-de-grupo-mexico-en-bacanuchi-sonora-cumple-normas-habitantes-no-se-convencen-y-exigen-seguridad\/","url_meta":{"origin":8276,"position":2},"title":"Semarnat asegura que nueva presa de Grupo M\u00e9xico en Bacanuchi, Sonora cumple normas; habitantes no se convencen y exigen seguridad","author":"grieta","date":"5 julio, 2019","format":false,"excerpt":"Priscila C\u00e1rdenas\/ PROYECTO PUENTE A un mes de cumplirse 5 a\u00f1os del derrame en el R\u00edo Sonora los habitantes de las comunidades afectadas siguen con miedo y en pie de lucha. Hoy adem\u00e1s de justicia y remediaci\u00f3n de da\u00f1os ambientales quieren evitar que la tragedia se repita, pues Grupo M\u00e9xico\u2026","rel":"","context":"En &quot;CINTILLO&quot;","block_context":{"text":"CINTILLO","link":"https:\/\/www.grieta.org.mx\/index.php\/category\/cintillo\/"},"img":{"alt_text":"","src":"https:\/\/i0.wp.com\/www.grieta.org.mx\/wp-content\/uploads\/2019\/07\/timthumb.jpg?resize=350%2C200&ssl=1","width":350,"height":200,"srcset":"https:\/\/i0.wp.com\/www.grieta.org.mx\/wp-content\/uploads\/2019\/07\/timthumb.jpg?resize=350%2C200&ssl=1 1x, https:\/\/i0.wp.com\/www.grieta.org.mx\/wp-content\/uploads\/2019\/07\/timthumb.jpg?resize=525%2C300&ssl=1 1.5x, https:\/\/i0.wp.com\/www.grieta.org.mx\/wp-content\/uploads\/2019\/07\/timthumb.jpg?resize=700%2C400&ssl=1 2x"},"classes":[]},{"id":36173,"url":"https:\/\/www.grieta.org.mx\/index.php\/2019\/07\/11\/grupo-mexico-de-german-larrea-derrama-ahora-3000-litros-de-acido-sulfurico-en-mar-de-cortes-sonora\/","url_meta":{"origin":8276,"position":3},"title":"Grupo M\u00e9xico, de Germ\u00e1n Larrea, derrama ahora 3,000 litros de \u00e1cido sulf\u00farico en Mar de Cort\u00e9s (Sonora)","author":"grieta","date":"11 julio, 2019","format":false,"excerpt":"Redacci\u00f3n\/ SIN EMBARGO La empresa asegur\u00f3 que dio aviso a la Administraci\u00f3n Portuaria Integral de Guaymas y a la Secretar\u00eda de Marina, dependencia que estuvo presente en el lugar y al constatar que la situaci\u00f3n estaba controlada determin\u00f3 que no era necesario activar un plan de emergencia. Ciudad de M\u00e9xico,\u2026","rel":"","context":"En &quot;CINTILLO&quot;","block_context":{"text":"CINTILLO","link":"https:\/\/www.grieta.org.mx\/index.php\/category\/cintillo\/"},"img":{"alt_text":"","src":"https:\/\/i0.wp.com\/www.grieta.org.mx\/wp-content\/uploads\/2019\/07\/grupo-mexico-mar-de-cortes.jpg?resize=350%2C200&ssl=1","width":350,"height":200,"srcset":"https:\/\/i0.wp.com\/www.grieta.org.mx\/wp-content\/uploads\/2019\/07\/grupo-mexico-mar-de-cortes.jpg?resize=350%2C200&ssl=1 1x, https:\/\/i0.wp.com\/www.grieta.org.mx\/wp-content\/uploads\/2019\/07\/grupo-mexico-mar-de-cortes.jpg?resize=525%2C300&ssl=1 1.5x, https:\/\/i0.wp.com\/www.grieta.org.mx\/wp-content\/uploads\/2019\/07\/grupo-mexico-mar-de-cortes.jpg?resize=700%2C400&ssl=1 2x, https:\/\/i0.wp.com\/www.grieta.org.mx\/wp-content\/uploads\/2019\/07\/grupo-mexico-mar-de-cortes.jpg?resize=1050%2C600&ssl=1 3x"},"classes":[]},{"id":8232,"url":"https:\/\/www.grieta.org.mx\/index.php\/2015\/04\/22\/derrame-del-rio-sonora-podria-provocar-un-estallido-social\/","url_meta":{"origin":8276,"position":4},"title":"Derrame del r\u00edo Sonora podr\u00eda provocar un estallido social","author":"grieta","date":"22 abril, 2015","format":false,"excerpt":"Abec\u00e9 Noticias Redacci\u00f3n \/ 2015-04-22 Ciudad de M\u00e9xico (Rasainforma.com).- El pasado 6 agosto, el Grupo M\u00e9xico, derramo desecho toxico, en el r\u00edo de Buenavista del Cobre, lo que se ha convertido en un problema que puede terminar en un estallido social, afectando a 25 mil familias. Los habitantes de Aconchi,\u2026","rel":"","context":"En &quot;CINTILLO&quot;","block_context":{"text":"CINTILLO","link":"https:\/\/www.grieta.org.mx\/index.php\/category\/cintillo\/"},"img":{"alt_text":"","src":"https:\/\/i0.wp.com\/www.grieta.org.mx\/wp-content\/uploads\/2018\/03\/14524434_1106112876131411_958039263622046936_o.jpg?resize=350%2C200&ssl=1","width":350,"height":200,"srcset":"https:\/\/i0.wp.com\/www.grieta.org.mx\/wp-content\/uploads\/2018\/03\/14524434_1106112876131411_958039263622046936_o.jpg?resize=350%2C200&ssl=1 1x, https:\/\/i0.wp.com\/www.grieta.org.mx\/wp-content\/uploads\/2018\/03\/14524434_1106112876131411_958039263622046936_o.jpg?resize=525%2C300&ssl=1 1.5x, https:\/\/i0.wp.com\/www.grieta.org.mx\/wp-content\/uploads\/2018\/03\/14524434_1106112876131411_958039263622046936_o.jpg?resize=700%2C400&ssl=1 2x"},"classes":[]},{"id":25252,"url":"https:\/\/www.grieta.org.mx\/index.php\/2018\/07\/31\/hacen-negocio-con-fondo-para-remediar-ecocidio-en-sonora\/","url_meta":{"origin":8276,"position":5},"title":"HACEN NEGOCIO CON FONDO PARA REMEDIAR ECOCIDIO EN SONORA","author":"grieta","date":"31 julio, 2018","format":false,"excerpt":"Argelia Dom\u00ednguez\/ Entrel\u00edneas El Fideicomiso R\u00edo Sonora (FRS), creado como \u00fanico medio de pago para resarcir los da\u00f1os ocasionados por el derrame de qu\u00edmicos a los r\u00edos Sonora y Bac\u00e1nuchi en agosto de 2014, gast\u00f3 m\u00e1s de 184 millones de pesos en la compra de tinacos, y uno de los\u2026","rel":"","context":"En &quot;CINTILLO&quot;","block_context":{"text":"CINTILLO","link":"https:\/\/www.grieta.org.mx\/index.php\/category\/cintillo\/"},"img":{"alt_text":"","src":"https:\/\/i0.wp.com\/www.grieta.org.mx\/wp-content\/uploads\/2018\/08\/1748_rio-sonora_620x350.jpg?resize=350%2C200&ssl=1","width":350,"height":200,"srcset":"https:\/\/i0.wp.com\/www.grieta.org.mx\/wp-content\/uploads\/2018\/08\/1748_rio-sonora_620x350.jpg?resize=350%2C200&ssl=1 1x, https:\/\/i0.wp.com\/www.grieta.org.mx\/wp-content\/uploads\/2018\/08\/1748_rio-sonora_620x350.jpg?resize=525%2C300&ssl=1 1.5x"},"classes":[]}],"_links":{"self":[{"href":"https:\/\/www.grieta.org.mx\/index.php\/wp-json\/wp\/v2\/posts\/8276","targetHints":{"allow":["GET"]}}],"collection":[{"href":"https:\/\/www.grieta.org.mx\/index.php\/wp-json\/wp\/v2\/posts"}],"about":[{"href":"https:\/\/www.grieta.org.mx\/index.php\/wp-json\/wp\/v2\/types\/post"}],"author":[{"embeddable":true,"href":"https:\/\/www.grieta.org.mx\/index.php\/wp-json\/wp\/v2\/users\/2"}],"replies":[{"embeddable":true,"href":"https:\/\/www.grieta.org.mx\/index.php\/wp-json\/wp\/v2\/comments?post=8276"}],"version-history":[{"count":1,"href":"https:\/\/www.grieta.org.mx\/index.php\/wp-json\/wp\/v2\/posts\/8276\/revisions"}],"predecessor-version":[{"id":8278,"href":"https:\/\/www.grieta.org.mx\/index.php\/wp-json\/wp\/v2\/posts\/8276\/revisions\/8278"}],"wp:featuredmedia":[{"embeddable":true,"href":"https:\/\/www.grieta.org.mx\/index.php\/wp-json\/wp\/v2\/media\/21928"}],"wp:attachment":[{"href":"https:\/\/www.grieta.org.mx\/index.php\/wp-json\/wp\/v2\/media?parent=8276"}],"wp:term":[{"taxonomy":"category","embeddable":true,"href":"https:\/\/www.grieta.org.mx\/index.php\/wp-json\/wp\/v2\/categories?post=8276"},{"taxonomy":"post_tag","embeddable":true,"href":"https:\/\/www.grieta.org.mx\/index.php\/wp-json\/wp\/v2\/tags?post=8276"}],"curies":[{"name":"wp","href":"https:\/\/api.w.org\/{rel}","templated":true}]}}