{"id":8271,"date":"2015-03-17T18:48:53","date_gmt":"2015-03-17T18:48:53","guid":{"rendered":"http:\/\/50.22.11.12\/~grietaor\/?p=8271"},"modified":"2016-03-30T18:50:04","modified_gmt":"2016-03-30T18:50:04","slug":"minera-maria-no-presenta-aun-estudio-de-caracterizacion-del-derrame-profepa","status":"publish","type":"post","link":"https:\/\/www.grieta.org.mx\/index.php\/2015\/03\/17\/minera-maria-no-presenta-aun-estudio-de-caracterizacion-del-derrame-profepa\/","title":{"rendered":"Minera Mar\u00eda no presenta a\u00fan estudio de caracterizaci\u00f3n del derrame: Profepa"},"content":{"rendered":"<p>De la Redacci\u00f3n<\/p>\n<p>Peri\u00f3dico La Jornada<br \/>\nMartes 17 de marzo de 2015, p. 34<\/p>\n<p>La Procuradur\u00eda Federal de Protecci\u00f3n al Ambiente (Profepa) inform\u00f3 que la Minera Mar\u00eda, ubicada en Cananea, Sonora, hasta el fin de semana no hab\u00eda presentado la elaboraci\u00f3n de un estudio de caracterizaci\u00f3n del derrame de 180 metros c\u00fabicos de una soluci\u00f3n gastada de cobre.<\/p>\n<p>En un comunicado inform\u00f3 que el reporte de los inspectores de la Profepa se\u00f1ala que la sustancia vertida por el desbordamiento de una pila de demas\u00edas o emergencias es una sustancia corrosiva con contenidos met\u00e1licos y trazas de hidrocarburos empleados en el proceso de extracci\u00f3n por solventes.<\/p>\n<p>El desbordamiento en la pila de soluci\u00f3n gastada se origin\u00f3 a causa de un fallo en el bombeo que no fue reportado oportunamente por el operador de la base de control al encargado de riego, en conjunto con una obstrucci\u00f3n del sobrederrame del vertedor de la pila de soluci\u00f3n gastada a la pila de emergencia.<\/p>\n<p>La Profepa advirti\u00f3 que en caso de producirse derrames, infiltraciones, descargas o vertidos de materiales peligrosos o residuos riesgosos, en cantidad mayor a un metro c\u00fabico, debe verificarse si la empresa realiz\u00f3 lo dispuesto en el art\u00edculo 130 del Reglamento de la Ley General para la Prevenci\u00f3n y Gesti\u00f3n Integral de los Residuos.<\/p>\n<p>La inspecci\u00f3n preliminar que se realiz\u00f3 hace unos d\u00edas revel\u00f3 que las medidas tomadas en forma inmediata fueron bajar el flujo de soluci\u00f3n de la pila de soluci\u00f3n gastada; destapar la obstrucci\u00f3n de sobrederrame que conduce a la pila de emergencia, as\u00ed como controlar en su totalidad el derrame y las causas que lo originaron.<\/p>\n<p><a href=\"http:\/\/www.jornada.unam.mx\/2015\/03\/17\/sociedad\/034n2soc\" target=\"_blank\">http:\/\/www.jornada.unam.mx\/2015\/03\/17\/sociedad\/034n2soc<\/a><\/p>\n","protected":false},"excerpt":{"rendered":"<p>De la Redacci\u00f3n Peri\u00f3dico La Jornada Martes 17 de marzo de 2015, p. 34 La Procuradur\u00eda Federal de Protecci\u00f3n al Ambiente (Profepa) inform\u00f3 que la Minera Mar\u00eda, ubicada en Cananea, &hellip; <a href=\"https:\/\/www.grieta.org.mx\/index.php\/2015\/03\/17\/minera-maria-no-presenta-aun-estudio-de-caracterizacion-del-derrame-profepa\/\" class=\"more-link\">Leer m\u00e1s<\/a><\/p>\n","protected":false},"author":2,"featured_media":21928,"comment_status":"closed","ping_status":"open","sticky":false,"template":"","format":"standard","meta":{"ngg_post_thumbnail":0,"_jetpack_newsletter_access":"","_jetpack_dont_email_post_to_subs":false,"_jetpack_newsletter_tier_id":0,"_jetpack_memberships_contains_paywalled_content":false,"_jetpack_memberships_contains_paid_content":false,"footnotes":""},"categories":[80,456],"tags":[394],"class_list":["post-8271","post","type-post","status-publish","format-standard","has-post-thumbnail","hentry","category-cintillo","category-sonora","tag-contaminacion-por-mineria","entry"],"jetpack_featured_media_url":"https:\/\/www.grieta.org.mx\/wp-content\/uploads\/2018\/03\/14524434_1106112876131411_958039263622046936_o.jpg","jetpack_sharing_enabled":true,"jetpack_shortlink":"https:\/\/wp.me\/p7ZJR4-29p","jetpack_likes_enabled":false,"jetpack-related-posts":[{"id":8290,"url":"https:\/\/www.grieta.org.mx\/index.php\/2015\/03\/10\/profepa-confirma-nuevo-derrame-de-minera-en-cananea-sonora\/","url_meta":{"origin":8271,"position":0},"title":"Profepa confirma nuevo derrame de minera en Cananea, Sonora","author":"grieta","date":"10 marzo, 2015","format":false,"excerpt":"La Jornada Por Jos\u00e9 Antonio Rom\u00e1n M\u00e9xico, DF. En un nuevo cap\u00edtulo de derrames t\u00f3xicos en el pa\u00eds, se confirm\u00f3 que la empresa \u201cMinera Mar\u00eda\u201d, en Cananea, Sonora, derram\u00f3 180 metros c\u00fabicos de soluci\u00f3n gastada de cobre, como resultado de una falla en el sistema de bombeo. El vertimiento, ocurrido\u2026","rel":"","context":"En &quot;CINTILLO&quot;","block_context":{"text":"CINTILLO","link":"https:\/\/www.grieta.org.mx\/index.php\/category\/cintillo\/"},"img":{"alt_text":"","src":"https:\/\/i0.wp.com\/www.grieta.org.mx\/wp-content\/uploads\/2018\/03\/14524434_1106112876131411_958039263622046936_o.jpg?resize=350%2C200&ssl=1","width":350,"height":200,"srcset":"https:\/\/i0.wp.com\/www.grieta.org.mx\/wp-content\/uploads\/2018\/03\/14524434_1106112876131411_958039263622046936_o.jpg?resize=350%2C200&ssl=1 1x, https:\/\/i0.wp.com\/www.grieta.org.mx\/wp-content\/uploads\/2018\/03\/14524434_1106112876131411_958039263622046936_o.jpg?resize=525%2C300&ssl=1 1.5x, https:\/\/i0.wp.com\/www.grieta.org.mx\/wp-content\/uploads\/2018\/03\/14524434_1106112876131411_958039263622046936_o.jpg?resize=700%2C400&ssl=1 2x"},"classes":[]},{"id":9067,"url":"https:\/\/www.grieta.org.mx\/index.php\/2016\/08\/22\/contaminacion-y-danos-a-la-salud-por-mineria-en-sonora\/","url_meta":{"origin":8271,"position":1},"title":"Contaminaci\u00f3n y da\u00f1os a la salud por miner\u00eda en Sonora","author":"Admin","date":"22 agosto, 2016","format":false,"excerpt":"Denuncian contaminaci\u00f3n del R\u00edo Sonora provocada por miner\u00eda 22\/08\/16. Contaminaci\u00f3n, despojo y negligencia: las acusaciones contra Grupo M\u00e9xico en Sonora Animal Pol\u00edtico 08\/08\/16. A 2 a\u00f1os del derrame contaminante en el R\u00edo Sonora, una 'mancha' que no se borra Expansi\u00f3n 01\/08\/16. A dos a\u00f1os de la contaminaci\u00f3n en R\u00edo Sonora:\u2026","rel":"","context":"En &quot;Miner\u00eda&quot;","block_context":{"text":"Miner\u00eda","link":"https:\/\/www.grieta.org.mx\/index.php\/category\/megaproyectos\/mineria\/"},"img":{"alt_text":"","src":"https:\/\/i0.wp.com\/www.grieta.org.mx\/wp-content\/uploads\/2018\/03\/14524434_1106112876131411_958039263622046936_o.jpg?resize=350%2C200&ssl=1","width":350,"height":200,"srcset":"https:\/\/i0.wp.com\/www.grieta.org.mx\/wp-content\/uploads\/2018\/03\/14524434_1106112876131411_958039263622046936_o.jpg?resize=350%2C200&ssl=1 1x, https:\/\/i0.wp.com\/www.grieta.org.mx\/wp-content\/uploads\/2018\/03\/14524434_1106112876131411_958039263622046936_o.jpg?resize=525%2C300&ssl=1 1.5x, https:\/\/i0.wp.com\/www.grieta.org.mx\/wp-content\/uploads\/2018\/03\/14524434_1106112876131411_958039263622046936_o.jpg?resize=700%2C400&ssl=1 2x"},"classes":[]},{"id":8447,"url":"https:\/\/www.grieta.org.mx\/index.php\/2015\/05\/12\/minera-derramo-70-mil-litros-de-cianuro-en-sonora-profepa\/","url_meta":{"origin":8271,"position":2},"title":"Minera derram\u00f3 70 mil litros de cianuro en Sonora: Profepa","author":"grieta","date":"12 mayo, 2015","format":false,"excerpt":"El Informador HERMOSILLO, SONORA (12\/MAY\/2015).- La Procuradur\u00eda Federal de Protecci\u00f3n al Ambiente (Profepa) determin\u00f3 que la empresa \u201cMinera Merril Crowe\u201d de Minera Penmont, S. de R.L. de C.V., Unidad La Herradura, ubicada en el municipio de Caborca, Sonora, derram\u00f3 el pasado 6 de mayo aproximadamente 70 metros c\u00fabicos de soluci\u00f3n\u2026","rel":"","context":"En &quot;CINTILLO&quot;","block_context":{"text":"CINTILLO","link":"https:\/\/www.grieta.org.mx\/index.php\/category\/cintillo\/"},"img":{"alt_text":"","src":"https:\/\/i0.wp.com\/www.grieta.org.mx\/wp-content\/uploads\/2018\/03\/14524434_1106112876131411_958039263622046936_o.jpg?resize=350%2C200&ssl=1","width":350,"height":200,"srcset":"https:\/\/i0.wp.com\/www.grieta.org.mx\/wp-content\/uploads\/2018\/03\/14524434_1106112876131411_958039263622046936_o.jpg?resize=350%2C200&ssl=1 1x, https:\/\/i0.wp.com\/www.grieta.org.mx\/wp-content\/uploads\/2018\/03\/14524434_1106112876131411_958039263622046936_o.jpg?resize=525%2C300&ssl=1 1.5x, https:\/\/i0.wp.com\/www.grieta.org.mx\/wp-content\/uploads\/2018\/03\/14524434_1106112876131411_958039263622046936_o.jpg?resize=700%2C400&ssl=1 2x"},"classes":[]},{"id":8295,"url":"https:\/\/www.grieta.org.mx\/index.php\/2015\/03\/02\/profepa-multa-con-22-mdp-a-minera-que-causo-derrame-en-sonora-y-ordena-levantar-clausura\/","url_meta":{"origin":8271,"position":3},"title":"Profepa multa con 22 mdp a minera que caus\u00f3 derrame en Sonora y ordena levantar clausura","author":"grieta","date":"2 marzo, 2015","format":false,"excerpt":"SinEmbargo Redacci\u00f3n Ciudad de M\u00e9xico, 2 de marzo (SinEmbargo).\u2013 La Procuradur\u00eda Federal de Protecci\u00f3n al Ambiente (Profepa) mult\u00f3 por un total de 22 millones 959 mil 386 pesos a la empresa minera Buenavista del Cobre, por el derrame de 40 mil metros c\u00fabicos de una soluci\u00f3n de sulfato de cobre\u2026","rel":"","context":"En &quot;CINTILLO&quot;","block_context":{"text":"CINTILLO","link":"https:\/\/www.grieta.org.mx\/index.php\/category\/cintillo\/"},"img":{"alt_text":"","src":"https:\/\/i0.wp.com\/www.grieta.org.mx\/wp-content\/uploads\/2018\/03\/14524434_1106112876131411_958039263622046936_o.jpg?resize=350%2C200&ssl=1","width":350,"height":200,"srcset":"https:\/\/i0.wp.com\/www.grieta.org.mx\/wp-content\/uploads\/2018\/03\/14524434_1106112876131411_958039263622046936_o.jpg?resize=350%2C200&ssl=1 1x, https:\/\/i0.wp.com\/www.grieta.org.mx\/wp-content\/uploads\/2018\/03\/14524434_1106112876131411_958039263622046936_o.jpg?resize=525%2C300&ssl=1 1.5x, https:\/\/i0.wp.com\/www.grieta.org.mx\/wp-content\/uploads\/2018\/03\/14524434_1106112876131411_958039263622046936_o.jpg?resize=700%2C400&ssl=1 2x"},"classes":[]},{"id":11792,"url":"https:\/\/www.grieta.org.mx\/index.php\/2016\/05\/03\/minera-derrama-400-mil-litros-de-solucion-de-cianuro-en-altar-sonora\/","url_meta":{"origin":8271,"position":4},"title":"Minera derrama 400 mil litros de soluci\u00f3n de cianuro en Altar, Sonora","author":"grieta","date":"3 mayo, 2016","format":false,"excerpt":"La fisura en un ducto de la mina El Chanate, de la empresa Santa Rita \u2013subsidiaria del grupo canadiense Aurico Gold Inc\u2013, provoc\u00f3 un derrame de 400 metros c\u00fabicos de soluci\u00f3n rica en cianuro que contamin\u00f3 una zona aleda\u00f1a en el municipio de Altar, en la zona des\u00e9rtica del norte\u2026","rel":"","context":"En &quot;CINTILLO&quot;","block_context":{"text":"CINTILLO","link":"https:\/\/www.grieta.org.mx\/index.php\/category\/cintillo\/"},"img":{"alt_text":"","src":"https:\/\/i0.wp.com\/www.grieta.org.mx\/wp-content\/uploads\/2018\/03\/14524434_1106112876131411_958039263622046936_o.jpg?resize=350%2C200&ssl=1","width":350,"height":200,"srcset":"https:\/\/i0.wp.com\/www.grieta.org.mx\/wp-content\/uploads\/2018\/03\/14524434_1106112876131411_958039263622046936_o.jpg?resize=350%2C200&ssl=1 1x, https:\/\/i0.wp.com\/www.grieta.org.mx\/wp-content\/uploads\/2018\/03\/14524434_1106112876131411_958039263622046936_o.jpg?resize=525%2C300&ssl=1 1.5x, https:\/\/i0.wp.com\/www.grieta.org.mx\/wp-content\/uploads\/2018\/03\/14524434_1106112876131411_958039263622046936_o.jpg?resize=700%2C400&ssl=1 2x"},"classes":[]},{"id":11787,"url":"https:\/\/www.grieta.org.mx\/index.php\/2016\/05\/03\/derrame-de-400-metros-cubicos-de-cianuro-en-mina-de-sonora-empleados-habian-advertido-alerta-de-falla\/","url_meta":{"origin":8271,"position":5},"title":"Derrame de 400 metros c\u00fabicos de cianuro en mina de Sonora, empleados hab\u00edan advertido \u201calerta de falla\u201d","author":"grieta","date":"3 mayo, 2016","format":false,"excerpt":"El estado de Sonora ha sido v\u00edctima de un derrame m\u00e1s causado por la miner\u00eda, esta vez fue causado por una fisura en un ducto de la mina El Chanate, de la empresa Santa Rita que provoc\u00f3 un derrame de 400 metros c\u00fabicos de \u201csoluci\u00f3n rica en cianuro\u201d que contamin\u00f3\u2026","rel":"","context":"En &quot;CINTILLO&quot;","block_context":{"text":"CINTILLO","link":"https:\/\/www.grieta.org.mx\/index.php\/category\/cintillo\/"},"img":{"alt_text":"","src":"https:\/\/i0.wp.com\/www.grieta.org.mx\/wp-content\/uploads\/2018\/03\/14524434_1106112876131411_958039263622046936_o.jpg?resize=350%2C200&ssl=1","width":350,"height":200,"srcset":"https:\/\/i0.wp.com\/www.grieta.org.mx\/wp-content\/uploads\/2018\/03\/14524434_1106112876131411_958039263622046936_o.jpg?resize=350%2C200&ssl=1 1x, https:\/\/i0.wp.com\/www.grieta.org.mx\/wp-content\/uploads\/2018\/03\/14524434_1106112876131411_958039263622046936_o.jpg?resize=525%2C300&ssl=1 1.5x, https:\/\/i0.wp.com\/www.grieta.org.mx\/wp-content\/uploads\/2018\/03\/14524434_1106112876131411_958039263622046936_o.jpg?resize=700%2C400&ssl=1 2x"},"classes":[]}],"_links":{"self":[{"href":"https:\/\/www.grieta.org.mx\/index.php\/wp-json\/wp\/v2\/posts\/8271","targetHints":{"allow":["GET"]}}],"collection":[{"href":"https:\/\/www.grieta.org.mx\/index.php\/wp-json\/wp\/v2\/posts"}],"about":[{"href":"https:\/\/www.grieta.org.mx\/index.php\/wp-json\/wp\/v2\/types\/post"}],"author":[{"embeddable":true,"href":"https:\/\/www.grieta.org.mx\/index.php\/wp-json\/wp\/v2\/users\/2"}],"replies":[{"embeddable":true,"href":"https:\/\/www.grieta.org.mx\/index.php\/wp-json\/wp\/v2\/comments?post=8271"}],"version-history":[{"count":1,"href":"https:\/\/www.grieta.org.mx\/index.php\/wp-json\/wp\/v2\/posts\/8271\/revisions"}],"predecessor-version":[{"id":8275,"href":"https:\/\/www.grieta.org.mx\/index.php\/wp-json\/wp\/v2\/posts\/8271\/revisions\/8275"}],"wp:featuredmedia":[{"embeddable":true,"href":"https:\/\/www.grieta.org.mx\/index.php\/wp-json\/wp\/v2\/media\/21928"}],"wp:attachment":[{"href":"https:\/\/www.grieta.org.mx\/index.php\/wp-json\/wp\/v2\/media?parent=8271"}],"wp:term":[{"taxonomy":"category","embeddable":true,"href":"https:\/\/www.grieta.org.mx\/index.php\/wp-json\/wp\/v2\/categories?post=8271"},{"taxonomy":"post_tag","embeddable":true,"href":"https:\/\/www.grieta.org.mx\/index.php\/wp-json\/wp\/v2\/tags?post=8271"}],"curies":[{"name":"wp","href":"https:\/\/api.w.org\/{rel}","templated":true}]}}