{"id":8269,"date":"2015-03-19T18:47:36","date_gmt":"2015-03-19T18:47:36","guid":{"rendered":"http:\/\/50.22.11.12\/~grietaor\/?p=8269"},"modified":"2016-03-30T18:48:31","modified_gmt":"2016-03-30T18:48:31","slug":"la-toma-de-cananea-rio-sonora-y-el-sindicato","status":"publish","type":"post","link":"https:\/\/www.grieta.org.mx\/index.php\/2015\/03\/19\/la-toma-de-cananea-rio-sonora-y-el-sindicato\/","title":{"rendered":"La toma de Cananea, r\u00edo Sonora y el sindicato"},"content":{"rendered":"<p>La Jornada<\/p>\n<p>Leopoldo Santos Ram\u00edrez<\/p>\n<p>El pasado lunes 16 de marzo, aproximadamente 2 mil habitantes de los siete municipios del r\u00edo Sonora, y la secci\u00f3n 65 del sindicato nacional minero, tomaron el predio conocido como Los Patos, hacia el este de Cananea.<\/p>\n<p>En este lugar Grupo M\u00e9xico mantiene las instalaciones de enormes tanques que rebombean el agua que extraen de cuando menos 120 pozos, conduci\u00e9ndola a los molinos donde se procesa la remolienda de roca para separar los minerales, agua esencial para mantener en operaci\u00f3n la mina.<\/p>\n<p>Despu\u00e9s de m\u00e1s de siete meses del macroderrame que en agosto del a\u00f1o pasado destruy\u00f3 gran parte de la vida del r\u00edo Sonora, y con ello barri\u00f3 la econom\u00eda de esa regi\u00f3n, los pobladores ribere\u00f1os, pacientes, nobles pero tercos, cansados de ir y venir de Herodes a Pilatos, tratando de resolver sus problemas, decidieron que Germ\u00e1n Larrea debe bajar a las negociaciones en mesas en cada uno de los municipios afectados y acordar, bajo presupuesto cotizado, la reparaci\u00f3n del r\u00edo y las tierras, la dotaci\u00f3n de agua potable y la debida atenci\u00f3n a los enfermos y las demandas que cada una de las localidades han estado presentando durante esos largos siete meses. Del gobierno federal demandan la cancelaci\u00f3n de la concesi\u00f3n de explotaci\u00f3n de la mina al Grupo M\u00e9xico.<\/p>\n<p>Su carta de negociaci\u00f3n es la retenci\u00f3n del rebombeo, que no tardar\u00e1 en causar efectos en la producci\u00f3n de minerales. La consigna en el mitin posterior a la toma fue que si no hay agua para los pueblos del r\u00edo, tampoco la habr\u00e1 para la mina.<\/p>\n<p>Con esta acci\u00f3n, pr\u00e1cticamente los ribere\u00f1os y los mineros est\u00e1n tomando el nervio central de la mina, y con ello repudian las promesas incumplidas y los enga\u00f1os de los gobiernos federal y estatal y del mism\u00edsimo Grupo M\u00e9xico. En este punto fue esencial la acci\u00f3n sorpresiva de los mineros, que lograron desalojar a los guardias y granaderos que resguardaban el predio.<\/p>\n<p>Lo sucedido con el movimiento de los pueblos y el sindicato en Cananea muestra un aprendizaje mutuo que no es cosa menor en el noroeste mexicano. Por primera vez los ribere\u00f1os (siete municipios, m\u00e1s los pescadores de la presa El Molinito, cercana a Hermosillo) se pusieron de acuerdo para realizar una acci\u00f3n conjunta, viajando m\u00e1s de 300 kil\u00f3metros, superando el ambiente de divisi\u00f3n e intrigas que los personeros de Germ\u00e1n Larrea hab\u00edan trabajado en las comunidades. Los ribere\u00f1os faltos de experiencia en la lucha agraria (salvo los ejidatarios del Bacanuchi, que lograron la expropiaci\u00f3n del rancho cineg\u00e9tico que Ronald Reagan ten\u00eda en los a\u00f1os 90 all\u00ed mismo) empezaron a aprender r\u00e1pido; jornaleros, ejidatarios, comerciantes, servidores de servicios, se agruparon en el Frente Unido Todos Contra Grupo M\u00e9xico. En este acuerdo fueron claves dos factores; los presidentes de los comisariados ejidales que movieron a sus agremiados a acciones m\u00e1s contundentes, y la paciente y efectiva pol\u00edtica de la secci\u00f3n 65, que convenci\u00f3 a los sectores involucrados en firmar la denuncia penal contra los cr\u00edmenes ecol\u00f3gicos del Grupo M\u00e9xico y explicar pacientemente cu\u00e1les son sus objetivos en la huelga que mantienen ya por siete a\u00f1os.<\/p>\n<p>Este es un caso de caracter\u00edsticas especiales. Por m\u00e1s de 100 a\u00f1os de explotaci\u00f3n de la mina de Cananea (Larrea le cambi\u00f3 el nombre por Buenavista del Cobre), mineros y ribere\u00f1os estuvieron ligados por la naturaleza y el r\u00edo, pero separados social y pol\u00edticamente sin comprenderse mutuamente, pero eso tiende a cambiar radicalmente. La toma de las instalaciones de rebombeo es pr\u00e1cticamente la toma de Cananea por una fuerza social compuesta por agricultores, vaqueros, comerciantes pobres, rancheros, mineros y ejidatarios organizados en un frente que obliga a pensarse mucho si se desea reprimirlo. Este es el reto que los norte\u00f1os plantean al gobierno de Pe\u00f1a Nieto para que lo resuelva. Para que obligue a Larrea a resolverlo.<\/p>\n<p><a href=\"http:\/\/www.jornada.unam.mx\/2015\/03\/19\/opinion\/022a2pol\" target=\"_blank\">http:\/\/www.jornada.unam.mx\/2015\/03\/19\/opinion\/022a2pol<\/a><\/p>\n","protected":false},"excerpt":{"rendered":"<p>La Jornada Leopoldo Santos Ram\u00edrez El pasado lunes 16 de marzo, aproximadamente 2 mil habitantes de los siete municipios del r\u00edo Sonora, y la secci\u00f3n 65 del sindicato nacional minero, &hellip; <a href=\"https:\/\/www.grieta.org.mx\/index.php\/2015\/03\/19\/la-toma-de-cananea-rio-sonora-y-el-sindicato\/\" class=\"more-link\">Leer m\u00e1s<\/a><\/p>\n","protected":false},"author":2,"featured_media":21928,"comment_status":"closed","ping_status":"open","sticky":false,"template":"","format":"standard","meta":{"ngg_post_thumbnail":0,"_jetpack_newsletter_access":"","_jetpack_dont_email_post_to_subs":false,"_jetpack_newsletter_tier_id":0,"_jetpack_memberships_contains_paywalled_content":false,"_jetpack_memberships_contains_paid_content":false,"footnotes":""},"categories":[80,456],"tags":[485,109],"class_list":["post-8269","post","type-post","status-publish","format-standard","has-post-thumbnail","hentry","category-cintillo","category-sonora","tag-grupo-mexico","tag-mineria","entry"],"jetpack_featured_media_url":"https:\/\/www.grieta.org.mx\/wp-content\/uploads\/2018\/03\/14524434_1106112876131411_958039263622046936_o.jpg","jetpack_sharing_enabled":true,"jetpack_shortlink":"https:\/\/wp.me\/p7ZJR4-29n","jetpack_likes_enabled":false,"jetpack-related-posts":[{"id":8265,"url":"https:\/\/www.grieta.org.mx\/index.php\/2015\/03\/20\/cortan-mujeres-suministro-de-agua-a-la-mina-buena-vista-de-cananea\/","url_meta":{"origin":8269,"position":0},"title":"Cortan mujeres suministro de agua a la mina Buena Vista de Cananea","author":"grieta","date":"20 marzo, 2015","format":false,"excerpt":"OCMAL Mujeres de todas las edades se unieron a la caravana ciudadana de habitantes de los pueblos aleda\u00f1os al r\u00edo Sonora, contaminado por el derrame de metales pesados el 6 de agosto de 2014. De madrugada, ayer inici\u00f3 en Hermosillo, capital del estado, la procesi\u00f3n de veh\u00edculos particulares que se\u2026","rel":"","context":"En &quot;CINTILLO&quot;","block_context":{"text":"CINTILLO","link":"https:\/\/www.grieta.org.mx\/index.php\/category\/cintillo\/"},"img":{"alt_text":"","src":"https:\/\/i0.wp.com\/www.grieta.org.mx\/wp-content\/uploads\/2018\/03\/14524434_1106112876131411_958039263622046936_o.jpg?resize=350%2C200&ssl=1","width":350,"height":200,"srcset":"https:\/\/i0.wp.com\/www.grieta.org.mx\/wp-content\/uploads\/2018\/03\/14524434_1106112876131411_958039263622046936_o.jpg?resize=350%2C200&ssl=1 1x, https:\/\/i0.wp.com\/www.grieta.org.mx\/wp-content\/uploads\/2018\/03\/14524434_1106112876131411_958039263622046936_o.jpg?resize=525%2C300&ssl=1 1.5x, https:\/\/i0.wp.com\/www.grieta.org.mx\/wp-content\/uploads\/2018\/03\/14524434_1106112876131411_958039263622046936_o.jpg?resize=700%2C400&ssl=1 2x"},"classes":[]},{"id":9067,"url":"https:\/\/www.grieta.org.mx\/index.php\/2016\/08\/22\/contaminacion-y-danos-a-la-salud-por-mineria-en-sonora\/","url_meta":{"origin":8269,"position":1},"title":"Contaminaci\u00f3n y da\u00f1os a la salud por miner\u00eda en Sonora","author":"Admin","date":"22 agosto, 2016","format":false,"excerpt":"Denuncian contaminaci\u00f3n del R\u00edo Sonora provocada por miner\u00eda 22\/08\/16. Contaminaci\u00f3n, despojo y negligencia: las acusaciones contra Grupo M\u00e9xico en Sonora Animal Pol\u00edtico 08\/08\/16. A 2 a\u00f1os del derrame contaminante en el R\u00edo Sonora, una 'mancha' que no se borra Expansi\u00f3n 01\/08\/16. A dos a\u00f1os de la contaminaci\u00f3n en R\u00edo Sonora:\u2026","rel":"","context":"En &quot;Miner\u00eda&quot;","block_context":{"text":"Miner\u00eda","link":"https:\/\/www.grieta.org.mx\/index.php\/category\/megaproyectos\/mineria\/"},"img":{"alt_text":"","src":"https:\/\/i0.wp.com\/www.grieta.org.mx\/wp-content\/uploads\/2018\/03\/14524434_1106112876131411_958039263622046936_o.jpg?resize=350%2C200&ssl=1","width":350,"height":200,"srcset":"https:\/\/i0.wp.com\/www.grieta.org.mx\/wp-content\/uploads\/2018\/03\/14524434_1106112876131411_958039263622046936_o.jpg?resize=350%2C200&ssl=1 1x, https:\/\/i0.wp.com\/www.grieta.org.mx\/wp-content\/uploads\/2018\/03\/14524434_1106112876131411_958039263622046936_o.jpg?resize=525%2C300&ssl=1 1.5x, https:\/\/i0.wp.com\/www.grieta.org.mx\/wp-content\/uploads\/2018\/03\/14524434_1106112876131411_958039263622046936_o.jpg?resize=700%2C400&ssl=1 2x"},"classes":[]},{"id":8276,"url":"https:\/\/www.grieta.org.mx\/index.php\/2015\/03\/17\/sonora-exigen-reparar-danos-por-derrame\/","url_meta":{"origin":8269,"position":2},"title":"Sonora: exigen reparar da\u00f1os por derrame","author":"grieta","date":"17 marzo, 2015","format":false,"excerpt":"Ulises Guti\u00e9rrez Ruelas y Diana Manzo Corresponsales Peri\u00f3dico La Jornada Martes 17 de marzo de 2015, p. 29 M\u00e1s de mil habitantes de los pueblos asentados en los alrededores del r\u00edo Sonora e integrantes de la secci\u00f3n 65 del Sindicato Nacional de Trabajadores Mineros, Metal\u00fargicos y Similares de la Rep\u00fablica\u2026","rel":"","context":"En &quot;CINTILLO&quot;","block_context":{"text":"CINTILLO","link":"https:\/\/www.grieta.org.mx\/index.php\/category\/cintillo\/"},"img":{"alt_text":"","src":"https:\/\/i0.wp.com\/www.grieta.org.mx\/wp-content\/uploads\/2018\/03\/14524434_1106112876131411_958039263622046936_o.jpg?resize=350%2C200&ssl=1","width":350,"height":200,"srcset":"https:\/\/i0.wp.com\/www.grieta.org.mx\/wp-content\/uploads\/2018\/03\/14524434_1106112876131411_958039263622046936_o.jpg?resize=350%2C200&ssl=1 1x, https:\/\/i0.wp.com\/www.grieta.org.mx\/wp-content\/uploads\/2018\/03\/14524434_1106112876131411_958039263622046936_o.jpg?resize=525%2C300&ssl=1 1.5x, https:\/\/i0.wp.com\/www.grieta.org.mx\/wp-content\/uploads\/2018\/03\/14524434_1106112876131411_958039263622046936_o.jpg?resize=700%2C400&ssl=1 2x"},"classes":[]},{"id":8232,"url":"https:\/\/www.grieta.org.mx\/index.php\/2015\/04\/22\/derrame-del-rio-sonora-podria-provocar-un-estallido-social\/","url_meta":{"origin":8269,"position":3},"title":"Derrame del r\u00edo Sonora podr\u00eda provocar un estallido social","author":"grieta","date":"22 abril, 2015","format":false,"excerpt":"Abec\u00e9 Noticias Redacci\u00f3n \/ 2015-04-22 Ciudad de M\u00e9xico (Rasainforma.com).- El pasado 6 agosto, el Grupo M\u00e9xico, derramo desecho toxico, en el r\u00edo de Buenavista del Cobre, lo que se ha convertido en un problema que puede terminar en un estallido social, afectando a 25 mil familias. Los habitantes de Aconchi,\u2026","rel":"","context":"En &quot;CINTILLO&quot;","block_context":{"text":"CINTILLO","link":"https:\/\/www.grieta.org.mx\/index.php\/category\/cintillo\/"},"img":{"alt_text":"","src":"https:\/\/i0.wp.com\/www.grieta.org.mx\/wp-content\/uploads\/2018\/03\/14524434_1106112876131411_958039263622046936_o.jpg?resize=350%2C200&ssl=1","width":350,"height":200,"srcset":"https:\/\/i0.wp.com\/www.grieta.org.mx\/wp-content\/uploads\/2018\/03\/14524434_1106112876131411_958039263622046936_o.jpg?resize=350%2C200&ssl=1 1x, https:\/\/i0.wp.com\/www.grieta.org.mx\/wp-content\/uploads\/2018\/03\/14524434_1106112876131411_958039263622046936_o.jpg?resize=525%2C300&ssl=1 1.5x, https:\/\/i0.wp.com\/www.grieta.org.mx\/wp-content\/uploads\/2018\/03\/14524434_1106112876131411_958039263622046936_o.jpg?resize=700%2C400&ssl=1 2x"},"classes":[]},{"id":16706,"url":"https:\/\/www.grieta.org.mx\/index.php\/2016\/07\/09\/grupo-mexico-impune-por-la-mayor-tragedia-ambiental-habitantes-del-rio-sonora\/","url_meta":{"origin":8269,"position":4},"title":"Grupo M\u00e9xico, impune por la mayor tragedia ambiental: habitantes del r\u00edo Sonora","author":"Admin","date":"9 julio, 2016","format":false,"excerpt":"Grupo M\u00e9xico y Germ\u00e1n Larrea contin\u00faan impunes a pesar que reconocieron su responsabilidad por el mayor desastre ambiental en la historia de la miner\u00eda nacional DANIEL S\u00c1NCHEZ D\u00d3RAME Grupo M\u00e9xico y Germ\u00e1n Larrea contin\u00faan impunes a pesar que reconocieron su responsabilidad por el mayor desastre ambiental en la historia de\u2026","rel":"","context":"En &quot;CINTILLO&quot;","block_context":{"text":"CINTILLO","link":"https:\/\/www.grieta.org.mx\/index.php\/category\/cintillo\/"},"img":{"alt_text":"","src":"https:\/\/i0.wp.com\/www.grieta.org.mx\/wp-content\/uploads\/2018\/03\/14524434_1106112876131411_958039263622046936_o.jpg?resize=350%2C200&ssl=1","width":350,"height":200,"srcset":"https:\/\/i0.wp.com\/www.grieta.org.mx\/wp-content\/uploads\/2018\/03\/14524434_1106112876131411_958039263622046936_o.jpg?resize=350%2C200&ssl=1 1x, https:\/\/i0.wp.com\/www.grieta.org.mx\/wp-content\/uploads\/2018\/03\/14524434_1106112876131411_958039263622046936_o.jpg?resize=525%2C300&ssl=1 1.5x, https:\/\/i0.wp.com\/www.grieta.org.mx\/wp-content\/uploads\/2018\/03\/14524434_1106112876131411_958039263622046936_o.jpg?resize=700%2C400&ssl=1 2x"},"classes":[]},{"id":8257,"url":"https:\/\/www.grieta.org.mx\/index.php\/2015\/04\/02\/mineras-hacen-de-sonora-su-drenaje-ejidatarios-penoles-contamina-rio-santa-cruz-dicen\/","url_meta":{"origin":8269,"position":5},"title":"Mineras hacen de Sonora su drenaje: ejidatarios; Pe\u00f1oles contamina R\u00edo Santa Cruz, dicen","author":"grieta","date":"2 abril, 2015","format":false,"excerpt":"Por Shaila Rosagel abril 2, 2015 Ciudad de M\u00e9xico, 2 de abril (SinEmbargo).\u2013 No s\u00f3lo se trata de Grupo M\u00e9xico: en Sonora, Grupo Pe\u00f1oles tambi\u00e9n contamina el afluente de un r\u00edo y una presa en total impunidad desde hace a\u00f1os y sin que ninguna autoridad haga algo, denunciaron ejidatarios de\u2026","rel":"","context":"En &quot;CINTILLO&quot;","block_context":{"text":"CINTILLO","link":"https:\/\/www.grieta.org.mx\/index.php\/category\/cintillo\/"},"img":{"alt_text":"","src":"https:\/\/i0.wp.com\/www.grieta.org.mx\/wp-content\/uploads\/2018\/03\/14524434_1106112876131411_958039263622046936_o.jpg?resize=350%2C200&ssl=1","width":350,"height":200,"srcset":"https:\/\/i0.wp.com\/www.grieta.org.mx\/wp-content\/uploads\/2018\/03\/14524434_1106112876131411_958039263622046936_o.jpg?resize=350%2C200&ssl=1 1x, https:\/\/i0.wp.com\/www.grieta.org.mx\/wp-content\/uploads\/2018\/03\/14524434_1106112876131411_958039263622046936_o.jpg?resize=525%2C300&ssl=1 1.5x, https:\/\/i0.wp.com\/www.grieta.org.mx\/wp-content\/uploads\/2018\/03\/14524434_1106112876131411_958039263622046936_o.jpg?resize=700%2C400&ssl=1 2x"},"classes":[]}],"_links":{"self":[{"href":"https:\/\/www.grieta.org.mx\/index.php\/wp-json\/wp\/v2\/posts\/8269","targetHints":{"allow":["GET"]}}],"collection":[{"href":"https:\/\/www.grieta.org.mx\/index.php\/wp-json\/wp\/v2\/posts"}],"about":[{"href":"https:\/\/www.grieta.org.mx\/index.php\/wp-json\/wp\/v2\/types\/post"}],"author":[{"embeddable":true,"href":"https:\/\/www.grieta.org.mx\/index.php\/wp-json\/wp\/v2\/users\/2"}],"replies":[{"embeddable":true,"href":"https:\/\/www.grieta.org.mx\/index.php\/wp-json\/wp\/v2\/comments?post=8269"}],"version-history":[{"count":1,"href":"https:\/\/www.grieta.org.mx\/index.php\/wp-json\/wp\/v2\/posts\/8269\/revisions"}],"predecessor-version":[{"id":8270,"href":"https:\/\/www.grieta.org.mx\/index.php\/wp-json\/wp\/v2\/posts\/8269\/revisions\/8270"}],"wp:featuredmedia":[{"embeddable":true,"href":"https:\/\/www.grieta.org.mx\/index.php\/wp-json\/wp\/v2\/media\/21928"}],"wp:attachment":[{"href":"https:\/\/www.grieta.org.mx\/index.php\/wp-json\/wp\/v2\/media?parent=8269"}],"wp:term":[{"taxonomy":"category","embeddable":true,"href":"https:\/\/www.grieta.org.mx\/index.php\/wp-json\/wp\/v2\/categories?post=8269"},{"taxonomy":"post_tag","embeddable":true,"href":"https:\/\/www.grieta.org.mx\/index.php\/wp-json\/wp\/v2\/tags?post=8269"}],"curies":[{"name":"wp","href":"https:\/\/api.w.org\/{rel}","templated":true}]}}