{"id":8255,"date":"2015-07-19T18:40:08","date_gmt":"2015-07-19T18:40:08","guid":{"rendered":"http:\/\/50.22.11.12\/~grietaor\/?p=8255"},"modified":"2016-03-30T18:41:12","modified_gmt":"2016-03-30T18:41:12","slug":"la-region-del-totonacapan-plagada-de-terrenos-licitados-para-el-fracking-denuncian","status":"publish","type":"post","link":"https:\/\/www.grieta.org.mx\/index.php\/2015\/07\/19\/la-region-del-totonacapan-plagada-de-terrenos-licitados-para-el-fracking-denuncian\/","title":{"rendered":"La regi\u00f3n del Totonacapan plagada de terrenos licitados para el fracking, denuncian"},"content":{"rendered":"<blockquote><p>En todo Veracruz, los pobladores se han organizado para defender los r\u00edos de explotaci\u00f3n por empresas privadas que autoriz\u00f3 Javier Duarte y gobierno de EPN<\/p><\/blockquote>\n<p>Xalapa, Ver.- La regi\u00f3n del Totonacapan est\u00e1 plagada de pozos petroleros y terrenos licitados para el fracking, lo que est\u00e1 relacionado con los proyectos de presas hidroel\u00e9ctricos para poder explotar estos pozos, expuso Rosalinda Hidalgo, del movimiento Pueblos Unidos por la Cuenca de La Antigua, R\u00edos Libres.<\/p>\n<p>\u201cEntonces recordemos que el fracking es una actividad bastante peligrosa en la cuesti\u00f3n de la contaminaci\u00f3n del agua y la extracci\u00f3n de los mantos acu\u00edferos\u201d.<\/p>\n<p>La ambientalista record\u00f3 que son exorbitantes las cantidades de agua que se requieren para la extracci\u00f3n de gases no convencionales mediante pozos con la t\u00e9cnica del fracking, por lo que resalt\u00f3 que a la par de la explotaci\u00f3n de energ\u00e9ticos se disparan los proyectos de presas hidroel\u00e9ctricas.<\/p>\n<p>Refiri\u00f3 que el proyecto para llevar agua de P\u00e1nuco a Monterrey, as\u00ed como los de diversas presas hidroel\u00e9ctricas, est\u00e1n relacionadas estrechamente con explotaci\u00f3n de mantos acu\u00edferos para el uso del fracking.<\/p>\n<p>\u201cEst\u00e1 como en un estado de riesgo y de alarma toda esa zona del Totonacapan\u2026 Muchas de esas presas son para la extracci\u00f3n de energ\u00e9ticos con la t\u00e9cnica del fracking\u201d, resalt\u00f3.<\/p>\n<p>Cabe mencionar que de acuerdo con la organizaci\u00f3n Greenpeace, el proceso de fractura hidr\u00e1ulica consume enormes cantidades de agua. Se ha calculado que se requieren entre 9.000 y 29.000 metros c\u00fabicos de agua para las operaciones de un solo pozo.<\/p>\n<p>Esto podr\u00eda causar problemas con la sostenibilidad de los recursos h\u00eddricos incluso en pa\u00edses de clima templado, y aumentar la presi\u00f3n del consumo de suministros en las zonas m\u00e1s \u00e1ridas, indica la organizaci\u00f3n Greenpeace.<\/p>\n<p>Es precisamente la agresividad de esta t\u00e9cnica lo que especialistas en temas ambientales temen que resulte una cat\u00e1strofe para la salud de los habitantes, y del orden ecol\u00f3gico.<br \/>\n<a href=\"http:\/\/plumaslibres.com.mx\/2015\/07\/19\/la-region-del-totonacapan-plagada-de-terrenos-licitados-para-el-fracking-denuncian\/\" target=\"_blank\">http:\/\/plumaslibres.com.mx\/2015\/07\/19\/la-region-del-totonacapan-plagada-de-terrenos-licitados-para-el-fracking-denuncian\/<\/a><\/p>\n","protected":false},"excerpt":{"rendered":"<p>En todo Veracruz, los pobladores se han organizado para defender los r\u00edos de explotaci\u00f3n por empresas privadas que autoriz\u00f3 Javier Duarte y gobierno de EPN Xalapa, Ver.- La regi\u00f3n del &hellip; <a href=\"https:\/\/www.grieta.org.mx\/index.php\/2015\/07\/19\/la-region-del-totonacapan-plagada-de-terrenos-licitados-para-el-fracking-denuncian\/\" class=\"more-link\">Leer m\u00e1s<\/a><\/p>\n","protected":false},"author":1,"featured_media":21928,"comment_status":"closed","ping_status":"open","sticky":false,"template":"","format":"standard","meta":{"ngg_post_thumbnail":0,"_jetpack_newsletter_access":"","_jetpack_dont_email_post_to_subs":false,"_jetpack_newsletter_tier_id":0,"_jetpack_memberships_contains_paywalled_content":false,"_jetpack_memberships_contains_paid_content":false,"footnotes":""},"categories":[80,257],"tags":[273],"class_list":["post-8255","post","type-post","status-publish","format-standard","has-post-thumbnail","hentry","category-cintillo","category-veracruz","tag-fracking","entry"],"jetpack_featured_media_url":"https:\/\/www.grieta.org.mx\/wp-content\/uploads\/2018\/03\/14524434_1106112876131411_958039263622046936_o.jpg","jetpack_sharing_enabled":true,"jetpack_shortlink":"https:\/\/wp.me\/p7ZJR4-299","jetpack_likes_enabled":false,"jetpack-related-posts":[{"id":8213,"url":"https:\/\/www.grieta.org.mx\/index.php\/2016\/03\/10\/fracking-en-veracruz\/","url_meta":{"origin":8255,"position":0},"title":"Fracking en Veracruz","author":"Admin","date":"10 marzo, 2016","format":false,"excerpt":"Desaparece el R\u00edo Atoyac, ambientalistas culpan al fracking 03\/03\/16. #Veracruz: Enorme cr\u00e1ter se \u2018traga\u2019 al R\u00edo Atoyac; ambientalistas culpan al \u2018fracking\u2019 Anonymous Hispano Oposici\u00f3n al Fracking en Veracruz 10\/03\/16. Protestan contra el fracking durante marcha UV en Poza Rica E-consulta Veracruz 03\/03\/16. Miles en Puebla y Veracruz rechazan fracking para\u2026","rel":"","context":"En &quot;Fracking&quot;","block_context":{"text":"Fracking","link":"https:\/\/www.grieta.org.mx\/index.php\/category\/megaproyectos\/fracking\/"},"img":{"alt_text":"","src":"https:\/\/i0.wp.com\/www.grieta.org.mx\/wp-content\/uploads\/2018\/03\/14524434_1106112876131411_958039263622046936_o.jpg?resize=350%2C200&ssl=1","width":350,"height":200,"srcset":"https:\/\/i0.wp.com\/www.grieta.org.mx\/wp-content\/uploads\/2018\/03\/14524434_1106112876131411_958039263622046936_o.jpg?resize=350%2C200&ssl=1 1x, https:\/\/i0.wp.com\/www.grieta.org.mx\/wp-content\/uploads\/2018\/03\/14524434_1106112876131411_958039263622046936_o.jpg?resize=525%2C300&ssl=1 1.5x, https:\/\/i0.wp.com\/www.grieta.org.mx\/wp-content\/uploads\/2018\/03\/14524434_1106112876131411_958039263622046936_o.jpg?resize=700%2C400&ssl=1 2x"},"classes":[]},{"id":58945,"url":"https:\/\/www.grieta.org.mx\/index.php\/2021\/03\/24\/en-el-norte-de-veracruz-existen-270-pozos-petroleros-que-utilizan-fracking-como-metodo-de-extraccion\/","url_meta":{"origin":8255,"position":1},"title":"En el norte de Veracruz existen 270 pozos petroleros que utilizan fracking como m\u00e9todo de extracci\u00f3n","author":"Admin","date":"24 marzo, 2021","format":false,"excerpt":"Francisco de luna \/ Libertad bajo palabra Hay m\u00e1s de 270 pozos que son perforados con el m\u00e9todo de fracking en municipios de la zona norte del estado de Veracruz, inform\u00f3 el integrante de la Red Unidos por los Derechos Humanos (RUDH), \u00d3scar Espino. \u00abTenemos respuestas oficiales del propio Pemex\u2026","rel":"","context":"En &quot;CINTILLO&quot;","block_context":{"text":"CINTILLO","link":"https:\/\/www.grieta.org.mx\/index.php\/category\/cintillo\/"},"img":{"alt_text":"","src":"https:\/\/i0.wp.com\/www.grieta.org.mx\/wp-content\/uploads\/2021\/04\/Screenshot_2021-04-22-En-el-norte-de-Veracruz-existen-270-pozos-petroleros-que-utilizan-fracking-como-metodo-de-extraccion-....png?resize=350%2C200&ssl=1","width":350,"height":200,"srcset":"https:\/\/i0.wp.com\/www.grieta.org.mx\/wp-content\/uploads\/2021\/04\/Screenshot_2021-04-22-En-el-norte-de-Veracruz-existen-270-pozos-petroleros-que-utilizan-fracking-como-metodo-de-extraccion-....png?resize=350%2C200&ssl=1 1x, https:\/\/i0.wp.com\/www.grieta.org.mx\/wp-content\/uploads\/2021\/04\/Screenshot_2021-04-22-En-el-norte-de-Veracruz-existen-270-pozos-petroleros-que-utilizan-fracking-como-metodo-de-extraccion-....png?resize=525%2C300&ssl=1 1.5x, https:\/\/i0.wp.com\/www.grieta.org.mx\/wp-content\/uploads\/2021\/04\/Screenshot_2021-04-22-En-el-norte-de-Veracruz-existen-270-pozos-petroleros-que-utilizan-fracking-como-metodo-de-extraccion-....png?resize=700%2C400&ssl=1 2x"},"classes":[]},{"id":70676,"url":"https:\/\/www.grieta.org.mx\/index.php\/2024\/04\/18\/con-amparo-van-contra-el-fracking-14-comunidades-totonacas\/","url_meta":{"origin":8255,"position":2},"title":"Con amparo, van contra el fracking 14 comunidades totonacas","author":"Admin","date":"18 abril, 2024","format":false,"excerpt":"Habitantes de la regi\u00f3n del Totonacapan acusan que que el fracking afecta su patrimonio biocultural y viola sus derechos humanos Francisco de Luna \/ E-consulta Veracruz Xalapa, Ver.\u2014 La Asociaci\u00f3n Interamericana para la Defensa del Ambiente (AIDA) promovi\u00f3 amparos contra el uso del fracking en 14 comunidades. Buscan defender el\u2026","rel":"","context":"En &quot;CINTILLO&quot;","block_context":{"text":"CINTILLO","link":"https:\/\/www.grieta.org.mx\/index.php\/category\/cintillo\/"},"img":{"alt_text":"","src":"https:\/\/i0.wp.com\/www.grieta.org.mx\/wp-content\/uploads\/2024\/12\/imagen_2024-04-18_155410810.webp?resize=350%2C200&ssl=1","width":350,"height":200,"srcset":"https:\/\/i0.wp.com\/www.grieta.org.mx\/wp-content\/uploads\/2024\/12\/imagen_2024-04-18_155410810.webp?resize=350%2C200&ssl=1 1x, https:\/\/i0.wp.com\/www.grieta.org.mx\/wp-content\/uploads\/2024\/12\/imagen_2024-04-18_155410810.webp?resize=525%2C300&ssl=1 1.5x"},"classes":[]},{"id":53700,"url":"https:\/\/www.grieta.org.mx\/index.php\/2020\/09\/20\/mas-de-300-pozos-en-veracruz-son-perforados-con-fracking-cni\/","url_meta":{"origin":8255,"position":3},"title":"M\u00e1s de 300 pozos en Veracruz son perforados con fracking: CNI","author":"Admin","date":"20 septiembre, 2020","format":false,"excerpt":"Paco De Luna \/ Vanguardia de Veracruz Xalapa, Ver.- En el norte del estado de Veracruz hay m\u00e1s de 300 pozos con fracking y m\u00e1s de cinco mil campos petroleros que siguen derramando las aguas cong\u00e9nitas, sobre los afluentes y cultivos. Lo anterior fue dado a conocer por el integrante\u2026","rel":"","context":"En &quot;CINTILLO&quot;","block_context":{"text":"CINTILLO","link":"https:\/\/www.grieta.org.mx\/index.php\/category\/cintillo\/"},"img":{"alt_text":"","src":"https:\/\/i0.wp.com\/www.grieta.org.mx\/wp-content\/uploads\/2020\/09\/frac2.jpg?resize=350%2C200&ssl=1","width":350,"height":200,"srcset":"https:\/\/i0.wp.com\/www.grieta.org.mx\/wp-content\/uploads\/2020\/09\/frac2.jpg?resize=350%2C200&ssl=1 1x, https:\/\/i0.wp.com\/www.grieta.org.mx\/wp-content\/uploads\/2020\/09\/frac2.jpg?resize=525%2C300&ssl=1 1.5x, https:\/\/i0.wp.com\/www.grieta.org.mx\/wp-content\/uploads\/2020\/09\/frac2.jpg?resize=700%2C400&ssl=1 2x"},"classes":[]},{"id":58942,"url":"https:\/\/www.grieta.org.mx\/index.php\/2021\/03\/23\/amplian-perforacion-de-pozos-petroleros-con-metodo-del-fraking-veracruz\/","url_meta":{"origin":8255,"position":4},"title":"Ampl\u00edan perforaci\u00f3n de pozos petroleros con m\u00e9todo del fraking (Veracruz)","author":"Admin","date":"23 marzo, 2021","format":false,"excerpt":"Paco de Luna \/ Vanguardia de Veracruz Xalapa, Ver.- En los municipios del norte del estado de Veracruz, un promedio de 270 pozos petroleros son perforados con el m\u00e9todo del fraking (fracturaci\u00f3n hidr\u00e1ulica), acciones que afectan al entorno ecol\u00f3gico. Lo anterior fue dado a conocer por el integrante de la\u2026","rel":"","context":"En &quot;CINTILLO&quot;","block_context":{"text":"CINTILLO","link":"https:\/\/www.grieta.org.mx\/index.php\/category\/cintillo\/"},"img":{"alt_text":"","src":"https:\/\/i0.wp.com\/www.grieta.org.mx\/wp-content\/uploads\/2021\/04\/Screenshot_2021-04-22-Amplian-perforacion-de-pozos-petroleros-con-metodo-del-fraking.png?resize=350%2C200&ssl=1","width":350,"height":200,"srcset":"https:\/\/i0.wp.com\/www.grieta.org.mx\/wp-content\/uploads\/2021\/04\/Screenshot_2021-04-22-Amplian-perforacion-de-pozos-petroleros-con-metodo-del-fraking.png?resize=350%2C200&ssl=1 1x, https:\/\/i0.wp.com\/www.grieta.org.mx\/wp-content\/uploads\/2021\/04\/Screenshot_2021-04-22-Amplian-perforacion-de-pozos-petroleros-con-metodo-del-fraking.png?resize=525%2C300&ssl=1 1.5x, https:\/\/i0.wp.com\/www.grieta.org.mx\/wp-content\/uploads\/2021\/04\/Screenshot_2021-04-22-Amplian-perforacion-de-pozos-petroleros-con-metodo-del-fraking.png?resize=700%2C400&ssl=1 2x"},"classes":[]},{"id":66438,"url":"https:\/\/www.grieta.org.mx\/index.php\/2023\/02\/18\/se-quedan-sin-agua-en-comunidad-de-papantla-veracruz-culpan-a-pemex-por-fractura-hidraulica\/","url_meta":{"origin":8255,"position":5},"title":"Se quedan sin agua en comunidad de Papantla, Veracruz; culpan a Pemex por fractura Hidr\u00e1ulica","author":"grieta","date":"18 febrero, 2023","format":false,"excerpt":"Francisco Luna \/ e consulta veracruz Pobladores de Reforma Escol\u00edn consideran que la tierra de fractur\u00f3 de manera subterr\u00e1nea y por esas fisuras se fue el agua Papantla, Ver.-En la comunidad de Reforma Escol\u00edn, municipio de Papantla, no hay agua, los pozos artesianos se secaron y los lugare\u00f1os culpan a\u2026","rel":"","context":"En &quot;CINTILLO&quot;","block_context":{"text":"CINTILLO","link":"https:\/\/www.grieta.org.mx\/index.php\/category\/cintillo\/"},"img":{"alt_text":"","src":"https:\/\/i0.wp.com\/www.grieta.org.mx\/wp-content\/uploads\/2023\/03\/whatsapp_image_2023-02-18_at_11.39.00_2.jpeg?resize=350%2C200&ssl=1","width":350,"height":200,"srcset":"https:\/\/i0.wp.com\/www.grieta.org.mx\/wp-content\/uploads\/2023\/03\/whatsapp_image_2023-02-18_at_11.39.00_2.jpeg?resize=350%2C200&ssl=1 1x, https:\/\/i0.wp.com\/www.grieta.org.mx\/wp-content\/uploads\/2023\/03\/whatsapp_image_2023-02-18_at_11.39.00_2.jpeg?resize=525%2C300&ssl=1 1.5x, https:\/\/i0.wp.com\/www.grieta.org.mx\/wp-content\/uploads\/2023\/03\/whatsapp_image_2023-02-18_at_11.39.00_2.jpeg?resize=700%2C400&ssl=1 2x, https:\/\/i0.wp.com\/www.grieta.org.mx\/wp-content\/uploads\/2023\/03\/whatsapp_image_2023-02-18_at_11.39.00_2.jpeg?resize=1050%2C600&ssl=1 3x"},"classes":[]}],"_links":{"self":[{"href":"https:\/\/www.grieta.org.mx\/index.php\/wp-json\/wp\/v2\/posts\/8255","targetHints":{"allow":["GET"]}}],"collection":[{"href":"https:\/\/www.grieta.org.mx\/index.php\/wp-json\/wp\/v2\/posts"}],"about":[{"href":"https:\/\/www.grieta.org.mx\/index.php\/wp-json\/wp\/v2\/types\/post"}],"author":[{"embeddable":true,"href":"https:\/\/www.grieta.org.mx\/index.php\/wp-json\/wp\/v2\/users\/1"}],"replies":[{"embeddable":true,"href":"https:\/\/www.grieta.org.mx\/index.php\/wp-json\/wp\/v2\/comments?post=8255"}],"version-history":[{"count":1,"href":"https:\/\/www.grieta.org.mx\/index.php\/wp-json\/wp\/v2\/posts\/8255\/revisions"}],"predecessor-version":[{"id":8258,"href":"https:\/\/www.grieta.org.mx\/index.php\/wp-json\/wp\/v2\/posts\/8255\/revisions\/8258"}],"wp:featuredmedia":[{"embeddable":true,"href":"https:\/\/www.grieta.org.mx\/index.php\/wp-json\/wp\/v2\/media\/21928"}],"wp:attachment":[{"href":"https:\/\/www.grieta.org.mx\/index.php\/wp-json\/wp\/v2\/media?parent=8255"}],"wp:term":[{"taxonomy":"category","embeddable":true,"href":"https:\/\/www.grieta.org.mx\/index.php\/wp-json\/wp\/v2\/categories?post=8255"},{"taxonomy":"post_tag","embeddable":true,"href":"https:\/\/www.grieta.org.mx\/index.php\/wp-json\/wp\/v2\/tags?post=8255"}],"curies":[{"name":"wp","href":"https:\/\/api.w.org\/{rel}","templated":true}]}}