{"id":810,"date":"2015-11-30T18:08:18","date_gmt":"2015-11-30T18:08:18","guid":{"rendered":"http:\/\/50.22.11.12\/~grietaor\/?p=810"},"modified":"2016-03-08T23:57:08","modified_gmt":"2016-03-08T23:57:08","slug":"personal-medico-suplente-realiza-manifestacion-y-planton-frente-al-palacio-de-gobierno-de-nayarit","status":"publish","type":"post","link":"https:\/\/www.grieta.org.mx\/index.php\/2015\/11\/30\/personal-medico-suplente-realiza-manifestacion-y-planton-frente-al-palacio-de-gobierno-de-nayarit\/","title":{"rendered":"Personal m\u00e9dico suplente realiza manifestaci\u00f3n y plant\u00f3n frente al Palacio de Gobierno de Nayarit"},"content":{"rendered":"<p>Carlos Renter\u00eda\/ El Sol de Nayarit<\/p>\n<p>La ma\u00f1ana de este lunes, personal m\u00e9dico suplente del Hospital General de Tepic, realizaron una manifestaci\u00f3n frente a Palacio de Gobierno, donde exigieron el pago inmediato de su salario correspondiente a seis quincenas.<\/p>\n<p>El personal dio a conocer que desde hace seis quincenas, Gobierno del Estado mantiene un adeudo con la clase trabajadora del sector salud, alrededor de 200 personas de distintas \u00e1reas del Hospital General de Tepic, -enfermer\u00eda, m\u00e9dicos, servicios generales y trabajadores sociales- se encuentran en esta situaci\u00f3n.<\/p>\n<p>Ante esta situaci\u00f3n, desde el pasado jueves decidieron realizar suspensi\u00f3n de labores por tiempo indefinido hasta que el Gobierno del Estado cumpla con el compromiso de pago salarial, el cual por ley debe de aplicar a toda la clase trabajadora.<\/p>\n<p>Aunado al conflicto en menci\u00f3n, dieron a conocer que en cada cheque quincenal reciben un descuesto del 10% con el que supuestamente realizan el pago de consumibles que utilizan en sus centros de trabajo.<\/p>\n<p>La manifestaci\u00f3n dio inicio en el Hospital General de Tepic, desde donde partieron hacia Palacio de Gobierno y tras no recibir soluci\u00f3n alguna, decidieron realizar un plant\u00f3n en Plaza Bicentenario, junto al que mantiene el SUTSEM Nayarit, desde hace 70 d\u00edas.<\/p>\n<p><a href=\"https:\/\/www.facebook.com\/elsoldenayarit\/videos\/1031523626870877\/\" target=\"_blank\">https:\/\/www.facebook.com\/elsoldenayarit\/videos\/1031523626870877\/<\/a><\/p>\n<p><a href=\"http:\/\/www.elsoldenayarit.mx\/politica\/39801-personal-medico-suplente-realiza-manifestacion-y-planton-en-palacio-de-gobierno\" target=\"_blank\">http:\/\/www.elsoldenayarit.mx\/politica\/39801-personal-medico-suplente-realiza-manifestacion-y-planton-en-palacio-de-gobierno<\/a><\/p>\n","protected":false},"excerpt":{"rendered":"<p>Carlos Renter\u00eda\/ El Sol de Nayarit La ma\u00f1ana de este lunes, personal m\u00e9dico suplente del Hospital General de Tepic, realizaron una manifestaci\u00f3n frente a Palacio de Gobierno, donde exigieron el &hellip; <a href=\"https:\/\/www.grieta.org.mx\/index.php\/2015\/11\/30\/personal-medico-suplente-realiza-manifestacion-y-planton-frente-al-palacio-de-gobierno-de-nayarit\/\" class=\"more-link\">Leer m\u00e1s<\/a><\/p>\n","protected":false},"author":2,"featured_media":21928,"comment_status":"closed","ping_status":"open","sticky":false,"template":"","format":"standard","meta":{"ngg_post_thumbnail":0,"_jetpack_newsletter_access":"","_jetpack_dont_email_post_to_subs":false,"_jetpack_newsletter_tier_id":0,"_jetpack_memberships_contains_paywalled_content":false,"_jetpack_memberships_contains_paid_content":false,"footnotes":""},"categories":[80,145],"tags":[113,105,149],"class_list":["post-810","post","type-post","status-publish","format-standard","has-post-thumbnail","hentry","category-cintillo","category-nayarit","tag-conflictos-laborales","tag-derechos-laborales","tag-salud","entry"],"jetpack_featured_media_url":"https:\/\/www.grieta.org.mx\/wp-content\/uploads\/2018\/03\/14524434_1106112876131411_958039263622046936_o.jpg","jetpack_sharing_enabled":true,"jetpack_shortlink":"https:\/\/wp.me\/p7ZJR4-d4","jetpack_likes_enabled":false,"jetpack-related-posts":[{"id":804,"url":"https:\/\/www.grieta.org.mx\/index.php\/2015\/12\/09\/conflictos-laborales-en-nayarit\/","url_meta":{"origin":810,"position":0},"title":"Conflictos laborales en Nayarit","author":"grieta","date":"9 diciembre, 2015","format":false,"excerpt":"09\/12\/15. Reprime Secretar\u00eda de Salud a m\u00e9dicos suplentes del Hospital General de Tepic EL Sol de Nayarit 30\/11\/15. Personal m\u00e9dico suplente realiza manifestaci\u00f3n y plant\u00f3n frente al palacio de gobierno de Nayarit EL Sol de Nayarit","rel":"","context":"En &quot;Nayarit&quot;","block_context":{"text":"Nayarit","link":"https:\/\/www.grieta.org.mx\/index.php\/category\/noticias-nacionales\/nayarit\/"},"img":{"alt_text":"","src":"https:\/\/i0.wp.com\/www.grieta.org.mx\/wp-content\/uploads\/2018\/03\/14524434_1106112876131411_958039263622046936_o.jpg?resize=350%2C200&ssl=1","width":350,"height":200,"srcset":"https:\/\/i0.wp.com\/www.grieta.org.mx\/wp-content\/uploads\/2018\/03\/14524434_1106112876131411_958039263622046936_o.jpg?resize=350%2C200&ssl=1 1x, https:\/\/i0.wp.com\/www.grieta.org.mx\/wp-content\/uploads\/2018\/03\/14524434_1106112876131411_958039263622046936_o.jpg?resize=525%2C300&ssl=1 1.5x, https:\/\/i0.wp.com\/www.grieta.org.mx\/wp-content\/uploads\/2018\/03\/14524434_1106112876131411_958039263622046936_o.jpg?resize=700%2C400&ssl=1 2x"},"classes":[]},{"id":805,"url":"https:\/\/www.grieta.org.mx\/index.php\/2015\/12\/09\/reprime-secretaria-de-salud-a-medicos-suplentes-del-hospital-general-de-tepic\/","url_meta":{"origin":810,"position":1},"title":"Reprime Secretar\u00eda de Salud a m\u00e9dicos suplentes del Hospital General de Tepic","author":"grieta","date":"9 diciembre, 2015","format":false,"excerpt":"Carlos Renter\u00eda\/El Sol de Nayarit Hasta el momento s\u00f3lo han recibido hostigamiento laboral y levantamiento de acta administrativa, pero sin recibir el salario de su quincena. La Secretaria de Salud de Nayarit levant\u00f3 este mi\u00e9rcoles actas de abandono de labores a decenas de m\u00e9dicos suplentes del Hospital General de Tepic,\u2026","rel":"","context":"En &quot;CINTILLO&quot;","block_context":{"text":"CINTILLO","link":"https:\/\/www.grieta.org.mx\/index.php\/category\/cintillo\/"},"img":{"alt_text":"","src":"https:\/\/i0.wp.com\/www.grieta.org.mx\/wp-content\/uploads\/2018\/03\/14524434_1106112876131411_958039263622046936_o.jpg?resize=350%2C200&ssl=1","width":350,"height":200,"srcset":"https:\/\/i0.wp.com\/www.grieta.org.mx\/wp-content\/uploads\/2018\/03\/14524434_1106112876131411_958039263622046936_o.jpg?resize=350%2C200&ssl=1 1x, https:\/\/i0.wp.com\/www.grieta.org.mx\/wp-content\/uploads\/2018\/03\/14524434_1106112876131411_958039263622046936_o.jpg?resize=525%2C300&ssl=1 1.5x, https:\/\/i0.wp.com\/www.grieta.org.mx\/wp-content\/uploads\/2018\/03\/14524434_1106112876131411_958039263622046936_o.jpg?resize=700%2C400&ssl=1 2x"},"classes":[]},{"id":34733,"url":"https:\/\/www.grieta.org.mx\/index.php\/2019\/05\/29\/integrantes-del-cesavenay-se-manifiestan-sobre-la-av-mexico-de-la-ciudad-de-tepic-nayarit\/","url_meta":{"origin":810,"position":2},"title":"Integrantes del CESAVENAY se manifiestan sobre la Av. M\u00e9xico de la Ciudad de Tepic (Nayarit)","author":"grieta","date":"29 mayo, 2019","format":false,"excerpt":"Redacci\u00f3n \/ El Sol de Nayarit Durante la tarde de este mi\u00e9rcoles, integrantes del CESAVENAY se manifestaron sobre la Avenida M\u00e9xico de la Ciudad de Tepic para exigir al Gobierno del Estado encabezado por Antonio Echevarr\u00eda Garc\u00eda, realice a la brevedad el pago de 10 quincenas. Andr\u00e9s Ulloa, uno de\u2026","rel":"","context":"En &quot;CINTILLO&quot;","block_context":{"text":"CINTILLO","link":"https:\/\/www.grieta.org.mx\/index.php\/category\/cintillo\/"},"img":{"alt_text":"","src":"https:\/\/i0.wp.com\/www.grieta.org.mx\/wp-content\/uploads\/2019\/06\/temp_nota_01_66348_17_20190529213904_117cesavenay.jpg?resize=350%2C200&ssl=1","width":350,"height":200,"srcset":"https:\/\/i0.wp.com\/www.grieta.org.mx\/wp-content\/uploads\/2019\/06\/temp_nota_01_66348_17_20190529213904_117cesavenay.jpg?resize=350%2C200&ssl=1 1x, https:\/\/i0.wp.com\/www.grieta.org.mx\/wp-content\/uploads\/2019\/06\/temp_nota_01_66348_17_20190529213904_117cesavenay.jpg?resize=525%2C300&ssl=1 1.5x"},"classes":[]},{"id":56109,"url":"https:\/\/www.grieta.org.mx\/index.php\/2020\/12\/29\/maestros-bloquean-entradas-a-tepic-nayarit\/","url_meta":{"origin":810,"position":3},"title":"Maestros bloquean entradas a Tepic (Nayarit)","author":"grieta","date":"29 diciembre, 2020","format":false,"excerpt":"Foto: Realidades de Nayarit Cerraron por cuatro horas la avenida Insurgentes sobre la calle Alaska, el boulevard Tepic \u2013 Xalisco a la altura de las Banderas y la avenida Tecnol\u00f3gico rumbo a la salida a Guadalajara, en protesta por la falta de pago por parte del gobierno de Antonio Echevarr\u00eda\u2026","rel":"","context":"En &quot;CINTILLO&quot;","block_context":{"text":"CINTILLO","link":"https:\/\/www.grieta.org.mx\/index.php\/category\/cintillo\/"},"img":{"alt_text":"","src":"https:\/\/i0.wp.com\/www.grieta.org.mx\/wp-content\/uploads\/2021\/01\/ma-4-768x576-1.jpg?resize=350%2C200&ssl=1","width":350,"height":200,"srcset":"https:\/\/i0.wp.com\/www.grieta.org.mx\/wp-content\/uploads\/2021\/01\/ma-4-768x576-1.jpg?resize=350%2C200&ssl=1 1x, https:\/\/i0.wp.com\/www.grieta.org.mx\/wp-content\/uploads\/2021\/01\/ma-4-768x576-1.jpg?resize=525%2C300&ssl=1 1.5x, https:\/\/i0.wp.com\/www.grieta.org.mx\/wp-content\/uploads\/2021\/01\/ma-4-768x576-1.jpg?resize=700%2C400&ssl=1 2x"},"classes":[]},{"id":56341,"url":"https:\/\/www.grieta.org.mx\/index.php\/2021\/01\/15\/en-santiago-ixcuintla-trabajadores-del-reten-fitosanitario-sin-recibir-varias-quincenas-nayarit\/","url_meta":{"origin":810,"position":4},"title":"En Santiago Ixcuintla; trabajadores del ret\u00e9n fitosanitario sin recibir varias quincenas (Nayarit)","author":"grieta","date":"15 enero, 2021","format":false,"excerpt":"Foto: Realidades de Nayarit Misael Santana Huerta \/ Realidades de Nayarit Estaci\u00f3n Hago del municipio de Santiago Ixcuintla, Nayarit. A 15 de Enero de 2021. Los habitantes del municipio de la otrora costa de oro, siguen molestos con el gobierno del estado y con los mandos de Segader, debido a\u2026","rel":"","context":"En &quot;CINTILLO&quot;","block_context":{"text":"CINTILLO","link":"https:\/\/www.grieta.org.mx\/index.php\/category\/cintillo\/"},"img":{"alt_text":"","src":"https:\/\/i0.wp.com\/www.grieta.org.mx\/wp-content\/uploads\/2021\/01\/cropped-RETEN-01-1.jpg?resize=350%2C200&ssl=1","width":350,"height":200,"srcset":"https:\/\/i0.wp.com\/www.grieta.org.mx\/wp-content\/uploads\/2021\/01\/cropped-RETEN-01-1.jpg?resize=350%2C200&ssl=1 1x, https:\/\/i0.wp.com\/www.grieta.org.mx\/wp-content\/uploads\/2021\/01\/cropped-RETEN-01-1.jpg?resize=525%2C300&ssl=1 1.5x, https:\/\/i0.wp.com\/www.grieta.org.mx\/wp-content\/uploads\/2021\/01\/cropped-RETEN-01-1.jpg?resize=700%2C400&ssl=1 2x"},"classes":[]},{"id":55984,"url":"https:\/\/www.grieta.org.mx\/index.php\/2020\/12\/23\/retrasaran-maestros-regreso-a-clases-por-falta-de-aguinaldos-en-nayarit\/","url_meta":{"origin":810,"position":5},"title":"Retrasar\u00e1n maestros regreso a clases por falta de aguinaldos en Nayarit","author":"grieta","date":"23 diciembre, 2020","format":false,"excerpt":"Foto: Realidades de Nayarit Seguir\u00e1n manifest\u00e1ndose y exigiendo sus derechos Crys Ben\u00edtez \/ El Occidental TEPIC, Nayarit (OEM-Informex). -Maestros de la Secci\u00f3n 49 del Sindicato Nacional de Trabajadores de la Educaci\u00f3n (SNTE) en Nayarit, han manifestado que tomar\u00e1n acciones dr\u00e1sticas, ante la falta de pagos correspondientes a los aguinaldos y\u2026","rel":"","context":"En &quot;CINTILLO&quot;","block_context":{"text":"CINTILLO","link":"https:\/\/www.grieta.org.mx\/index.php\/category\/cintillo\/"},"img":{"alt_text":"","src":"https:\/\/i0.wp.com\/www.grieta.org.mx\/wp-content\/uploads\/2020\/12\/verde-1-636x420-1.jpg?resize=350%2C200&ssl=1","width":350,"height":200,"srcset":"https:\/\/i0.wp.com\/www.grieta.org.mx\/wp-content\/uploads\/2020\/12\/verde-1-636x420-1.jpg?resize=350%2C200&ssl=1 1x, https:\/\/i0.wp.com\/www.grieta.org.mx\/wp-content\/uploads\/2020\/12\/verde-1-636x420-1.jpg?resize=525%2C300&ssl=1 1.5x"},"classes":[]}],"_links":{"self":[{"href":"https:\/\/www.grieta.org.mx\/index.php\/wp-json\/wp\/v2\/posts\/810","targetHints":{"allow":["GET"]}}],"collection":[{"href":"https:\/\/www.grieta.org.mx\/index.php\/wp-json\/wp\/v2\/posts"}],"about":[{"href":"https:\/\/www.grieta.org.mx\/index.php\/wp-json\/wp\/v2\/types\/post"}],"author":[{"embeddable":true,"href":"https:\/\/www.grieta.org.mx\/index.php\/wp-json\/wp\/v2\/users\/2"}],"replies":[{"embeddable":true,"href":"https:\/\/www.grieta.org.mx\/index.php\/wp-json\/wp\/v2\/comments?post=810"}],"version-history":[{"count":1,"href":"https:\/\/www.grieta.org.mx\/index.php\/wp-json\/wp\/v2\/posts\/810\/revisions"}],"predecessor-version":[{"id":1574,"href":"https:\/\/www.grieta.org.mx\/index.php\/wp-json\/wp\/v2\/posts\/810\/revisions\/1574"}],"wp:featuredmedia":[{"embeddable":true,"href":"https:\/\/www.grieta.org.mx\/index.php\/wp-json\/wp\/v2\/media\/21928"}],"wp:attachment":[{"href":"https:\/\/www.grieta.org.mx\/index.php\/wp-json\/wp\/v2\/media?parent=810"}],"wp:term":[{"taxonomy":"category","embeddable":true,"href":"https:\/\/www.grieta.org.mx\/index.php\/wp-json\/wp\/v2\/categories?post=810"},{"taxonomy":"post_tag","embeddable":true,"href":"https:\/\/www.grieta.org.mx\/index.php\/wp-json\/wp\/v2\/tags?post=810"}],"curies":[{"name":"wp","href":"https:\/\/api.w.org\/{rel}","templated":true}]}}