{"id":7972,"date":"2015-07-31T03:23:46","date_gmt":"2015-07-31T03:23:46","guid":{"rendered":"http:\/\/50.22.11.12\/~grietaor\/?p=7972"},"modified":"2018-08-18T03:11:26","modified_gmt":"2018-08-18T08:11:26","slug":"7972","status":"publish","type":"post","link":"https:\/\/www.grieta.org.mx\/index.php\/2015\/07\/31\/7972\/","title":{"rendered":"Potosinos protestaron en contra de la \u201cprivatizaci\u00f3n\u201d del IMSS e ISSSTE (San Luis Potos\u00ed)"},"content":{"rendered":"<p><img decoding=\"async\" data-attachment-id=\"25645\" data-permalink=\"https:\/\/www.grieta.org.mx\/index.php\/2015\/07\/31\/7972\/potosinos-protestaron-en-contra-de-la-privatizacion-del-imss-e-issste\/\" data-orig-file=\"https:\/\/www.grieta.org.mx\/wp-content\/uploads\/2015\/07\/Potosinos-protestaron-en-contra-de-la-\u201cprivatizaci\u00f3n\u201d-del-IMSS-e-ISSSTE.jpg\" data-orig-size=\"626,470\" data-comments-opened=\"0\" data-image-meta=\"{&quot;aperture&quot;:&quot;0&quot;,&quot;credit&quot;:&quot;&quot;,&quot;camera&quot;:&quot;&quot;,&quot;caption&quot;:&quot;&quot;,&quot;created_timestamp&quot;:&quot;0&quot;,&quot;copyright&quot;:&quot;&quot;,&quot;focal_length&quot;:&quot;0&quot;,&quot;iso&quot;:&quot;0&quot;,&quot;shutter_speed&quot;:&quot;0&quot;,&quot;title&quot;:&quot;&quot;,&quot;orientation&quot;:&quot;0&quot;}\" data-image-title=\"Potosinos protestaron en contra de la \u201cprivatizaci\u00f3n\u201d del IMSS e ISSSTE\" data-image-description=\"\" data-image-caption=\"\" data-medium-file=\"https:\/\/www.grieta.org.mx\/wp-content\/uploads\/2015\/07\/Potosinos-protestaron-en-contra-de-la-\u201cprivatizaci\u00f3n\u201d-del-IMSS-e-ISSSTE-300x225.jpg\" data-large-file=\"https:\/\/www.grieta.org.mx\/wp-content\/uploads\/2015\/07\/Potosinos-protestaron-en-contra-de-la-\u201cprivatizaci\u00f3n\u201d-del-IMSS-e-ISSSTE.jpg\" src=\"http:\/\/www.grieta.org.mx\/wp-content\/uploads\/2015\/07\/Potosinos-protestaron-en-contra-de-la-\u201cprivatizaci\u00f3n\u201d-del-IMSS-e-ISSSTE.jpg\" alt=\"\" width=\"100%\" class=\"aligncenter size-full wp-image-25645\" srcset=\"https:\/\/www.grieta.org.mx\/wp-content\/uploads\/2015\/07\/Potosinos-protestaron-en-contra-de-la-\u201cprivatizaci\u00f3n\u201d-del-IMSS-e-ISSSTE.jpg 626w, https:\/\/www.grieta.org.mx\/wp-content\/uploads\/2015\/07\/Potosinos-protestaron-en-contra-de-la-\u201cprivatizaci\u00f3n\u201d-del-IMSS-e-ISSSTE-300x225.jpg 300w\" sizes=\"(max-width: 626px) 100vw, 626px\" \/><\/p>\n<p>Jonathan Zavala \/ La Jornada San Luis<\/p>\n<p>Cerca de cien personas entre derechohabientes, doctores jubilados y trabajadores del Instituto Mexicano del Seguro Social (IMSS) llevaron a cabo el d\u00eda de hoy una manifestaci\u00f3n pac\u00edfica, que inici\u00f3 en las inmediaciones del jard\u00edn de Tequisquiapan, en contra de las reformas a la ley de salud ya que, sostuvieron, \u201cbuscan privatizar los servicios de salud y esto le quitar\u00e1 el servicio de salud a millones de personas\u201d.<\/p>\n<p>Carmen Galarza, una de las derechohabientes rechaz\u00f3 dichas modificaciones en materia de salud \u201caunque la Secretar\u00eda de Salud afirme que no se har\u00e1n estas adecuaciones pero tampoco las niega por lo que se vuelve un completo riesgo a la integridad de la gente\u201d consider\u00f3.<\/p>\n<p>\u201cFuimos a la Secretar\u00eda de Salud y nos comentaron que por el momento no se aplicar\u00e1 ning\u00fan cobro a los servicios de salud aunque la raz\u00f3n de que no se apliquen es porque no se ha aprobado por el congreso ya que todav\u00eda pertenece a una iniciativa presentada para reformar la ley de Salud, por lo que si se aprueba nos terminar\u00eda de matar a los que ya contamos con enfermedades cr\u00f3nicas\u201d, puntualiz\u00f3.<\/p>\n<p>Durante la manifestaci\u00f3n hicieron menci\u00f3n de que el sindicato de los trabajadores del sector salud amedrent\u00f3 a los trabajadores activos de las instituciones de salud con el \u00fanico objetivo de impedir que asistieran a la marcha  amenaz\u00e1ndolos con no dejarlos trabajar.<\/p>\n<p>Por otra parte, Graciela Hern\u00e1ndez Rodr\u00edguez, otra de las asistentes denunci\u00f3 el poco profesionalismo y \u00e9tica por parte de las autoridades al querer privatizar los servicios m\u00e9dicos como lo son Intituto Mexicano del Seguro Social (IMSS) y el ISSSTE ya que le quitar\u00edan al pueblo uno de los derechos b\u00e1sicos con los que cuenta como lo es la atenci\u00f3n m\u00e9dica.<\/p>\n<p>\u201cNo puede ser que hasta el oxigeno nos quieran cobrar, la mayor\u00eda de nosotros trabajo y durante nuestra estancia estuvimos afiliados al IMSS o ISSTE y en todo ese tiempo le pagamos a dichas instituciones para que no se nos cobrar\u00e1 casi nada en los servicios que ocuparamos y ahora como ya se acabaron nuestro dinero, ahora si quieren privatizar todos los servicios y que se mueran los pobres porque a ellos lo \u00fanico que les importa es tener dinero pues la gente que muera, no es justo que nos hagan esto, lucharemos hasta donde podamos\u201d, finaliz\u00f3.<\/p>\n<p>La marcha que dio inicio en el jard\u00edn de Tequisquiapan termin\u00f3 en la delegaci\u00f3n del IMSS ubicada en la calle Cuauht\u00e9moc.<\/p>\n<p><a href=\"http:\/\/lajornadasanluis.com.mx\/politica-y-sociedad\/potosinos-protestan-en-contra-de-la-privatizacion-del-imss-e-issste\/\" rel=\"noopener\" target=\"_blank\">http:\/\/lajornadasanluis.com.mx\/politica-y-sociedad\/potosinos-protestan-en-contra-de-la-privatizacion-del-imss-e-issste\/<\/a><\/p>\n","protected":false},"excerpt":{"rendered":"<p>Jonathan Zavala \/ La Jornada San Luis Cerca de cien personas entre derechohabientes, doctores jubilados y trabajadores del Instituto Mexicano del Seguro Social (IMSS) llevaron a cabo el d\u00eda de &hellip; <a href=\"https:\/\/www.grieta.org.mx\/index.php\/2015\/07\/31\/7972\/\" class=\"more-link\">Leer m\u00e1s<\/a><\/p>\n","protected":false},"author":2,"featured_media":25645,"comment_status":"closed","ping_status":"open","sticky":false,"template":"","format":"standard","meta":{"ngg_post_thumbnail":0,"_jetpack_newsletter_access":"","_jetpack_dont_email_post_to_subs":false,"_jetpack_newsletter_tier_id":0,"_jetpack_memberships_contains_paywalled_content":false,"_jetpack_memberships_contains_paid_content":false,"footnotes":""},"categories":[80,918,1457,2,141,29,83],"tags":[113,1459,166,492,893],"class_list":{"0":"post-7972","1":"post","2":"type-post","3":"status-publish","4":"format-standard","5":"has-post-thumbnail","6":"hentry","7":"category-cintillo","8":"category-privatizacion-del-sector-salud","9":"category-crisis-del-sector-salud-en-san-luis-potosi","10":"category-noticias-nacionales","11":"category-san-luis-potosi","13":"category-temas-nacionales","14":"tag-conflictos-laborales","15":"tag-crisis-sector-salud","16":"tag-imss","17":"tag-issste","18":"tag-privatizacion-de-la-salud","19":"entry"},"jetpack_featured_media_url":"https:\/\/www.grieta.org.mx\/wp-content\/uploads\/2015\/07\/Potosinos-protestaron-en-contra-de-la-\u201cprivatizaci\u00f3n\u201d-del-IMSS-e-ISSSTE.jpg","jetpack_sharing_enabled":true,"jetpack_shortlink":"https:\/\/wp.me\/s7ZJR4-7972","jetpack_likes_enabled":false,"jetpack-related-posts":[{"id":43023,"url":"https:\/\/www.grieta.org.mx\/index.php\/2020\/01\/10\/imss-en-san-luis-potosi-se-habria-quedado-sin-medicamento\/","url_meta":{"origin":7972,"position":0},"title":"IMSS en San Luis Potos\u00ed se habr\u00eda quedado sin medicamento","author":"grieta","date":"10 enero, 2020","format":false,"excerpt":"Derechohabientes muestran recetas con leyenda de \u201cmedicina pendiente\u201d. Tampoco hay dermat\u00f3logos Felipe C\u00e1rdenas\/El Sol de San Luis 10 enero 2020 Desde diciembre pasado centenares de pacientes del Instituto Mexicano del Seguro Social (IMSS) en San Luis Potos\u00ed no han recibido su medicamento para el control de sus enfermedades cr\u00f3nico degenerativas.\u2026","rel":"","context":"En &quot;CINTILLO&quot;","block_context":{"text":"CINTILLO","link":"https:\/\/www.grieta.org.mx\/index.php\/category\/cintillo\/"},"img":{"alt_text":"","src":"https:\/\/i0.wp.com\/www.grieta.org.mx\/wp-content\/uploads\/2020\/01\/5d8f7199-4367-4896-810b-c30f3322bc06.jpg?resize=350%2C200&ssl=1","width":350,"height":200,"srcset":"https:\/\/i0.wp.com\/www.grieta.org.mx\/wp-content\/uploads\/2020\/01\/5d8f7199-4367-4896-810b-c30f3322bc06.jpg?resize=350%2C200&ssl=1 1x, https:\/\/i0.wp.com\/www.grieta.org.mx\/wp-content\/uploads\/2020\/01\/5d8f7199-4367-4896-810b-c30f3322bc06.jpg?resize=525%2C300&ssl=1 1.5x, https:\/\/i0.wp.com\/www.grieta.org.mx\/wp-content\/uploads\/2020\/01\/5d8f7199-4367-4896-810b-c30f3322bc06.jpg?resize=700%2C400&ssl=1 2x"},"classes":[]},{"id":43584,"url":"https:\/\/www.grieta.org.mx\/index.php\/2020\/01\/25\/crisis-por-desabasto-de-medicamento-llega-a-san-luis-potosi\/","url_meta":{"origin":7972,"position":1},"title":"Crisis por desabasto de medicamento llega a San Luis Potos\u00ed","author":"grieta","date":"25 enero, 2020","format":false,"excerpt":"No hay insulina, metformina, derechohabientes dan su testimonio Patricia Calvillo y Felipe C\u00e1rdenas\/El Sol de San Luis 25 enero 2020 San Luis Potos\u00ed.- La crisis por el desabasto de medicamento lleg\u00f3 a San Luis Potos\u00ed, derechohabientes del Instituto Mexicano del Seguro Social (IMSS) denunciaron que no les est\u00e1n entregando medicinas\u2026","rel":"","context":"En &quot;CINTILLO&quot;","block_context":{"text":"CINTILLO","link":"https:\/\/www.grieta.org.mx\/index.php\/category\/cintillo\/"},"img":{"alt_text":"","src":"https:\/\/i0.wp.com\/www.grieta.org.mx\/wp-content\/uploads\/2020\/01\/Desabasto-medicamento-SLP.jpg?resize=350%2C200&ssl=1","width":350,"height":200,"srcset":"https:\/\/i0.wp.com\/www.grieta.org.mx\/wp-content\/uploads\/2020\/01\/Desabasto-medicamento-SLP.jpg?resize=350%2C200&ssl=1 1x, https:\/\/i0.wp.com\/www.grieta.org.mx\/wp-content\/uploads\/2020\/01\/Desabasto-medicamento-SLP.jpg?resize=525%2C300&ssl=1 1.5x, https:\/\/i0.wp.com\/www.grieta.org.mx\/wp-content\/uploads\/2020\/01\/Desabasto-medicamento-SLP.jpg?resize=700%2C400&ssl=1 2x"},"classes":[]},{"id":47010,"url":"https:\/\/www.grieta.org.mx\/index.php\/2020\/03\/30\/medico-del-imss-en-san-luis-potosi-denuncia-que-estan-cambiando-diagnosticos-de-covid19\/","url_meta":{"origin":7972,"position":2},"title":"M\u00e9dico del IMSS en San Luis Potos\u00ed denuncia que est\u00e1n cambiando diagn\u00f3sticos de #COVID19","author":"grieta","date":"30 marzo, 2020","format":false,"excerpt":"Ar1zZ\/Ellos y nosotros 30 marzo 2020 Un m\u00e9dico del IMSS en la cl\u00ednica 50 en el estado de San Luis Potos\u00ed, denunci\u00f3 ante directivos de la instituci\u00f3n que a un paciente \u00absospechoso\u00bb de estar infectado con COVID19 le cambiaron el diagn\u00f3stico sin un motivo. En una reuni\u00f3n del personal de\u2026","rel":"","context":"En &quot;CINTILLO&quot;","block_context":{"text":"CINTILLO","link":"https:\/\/www.grieta.org.mx\/index.php\/category\/cintillo\/"},"img":{"alt_text":"","src":"https:\/\/i0.wp.com\/www.grieta.org.mx\/wp-content\/uploads\/2020\/03\/M%C3%A9dico-del-IMSS.jpg?resize=350%2C200&ssl=1","width":350,"height":200,"srcset":"https:\/\/i0.wp.com\/www.grieta.org.mx\/wp-content\/uploads\/2020\/03\/M%C3%A9dico-del-IMSS.jpg?resize=350%2C200&ssl=1 1x, https:\/\/i0.wp.com\/www.grieta.org.mx\/wp-content\/uploads\/2020\/03\/M%C3%A9dico-del-IMSS.jpg?resize=525%2C300&ssl=1 1.5x, https:\/\/i0.wp.com\/www.grieta.org.mx\/wp-content\/uploads\/2020\/03\/M%C3%A9dico-del-IMSS.jpg?resize=700%2C400&ssl=1 2x, https:\/\/i0.wp.com\/www.grieta.org.mx\/wp-content\/uploads\/2020\/03\/M%C3%A9dico-del-IMSS.jpg?resize=1050%2C600&ssl=1 3x"},"classes":[]},{"id":32865,"url":"https:\/\/www.grieta.org.mx\/index.php\/2019\/04\/25\/hospital-del-issste-horno-sin-agua-y-sucio-san-luis-potosi\/","url_meta":{"origin":7972,"position":3},"title":"Hospital del ISSSTE, \u201chorno\u201d, sin agua y sucio (San Luis Potos\u00ed)","author":"grieta","date":"25 abril, 2019","format":false,"excerpt":"Rub\u00e9n Pacheco \/ Pulso Pacientes enfrentan serias carencias que generan focos de infecci\u00f3n, sobre todo con el calor El Hospital General del ISSSTE, localizado en la calle Carlos Diez Guti\u00e9rrez de la capital potosina, sufre desde falta de suministro de agua potable hasta insuficiencia en el aire acondicionado, denunciaron derechohabientes\u2026","rel":"","context":"En &quot;CINTILLO&quot;","block_context":{"text":"CINTILLO","link":"https:\/\/www.grieta.org.mx\/index.php\/category\/cintillo\/"},"img":{"alt_text":"","src":"https:\/\/i0.wp.com\/www.grieta.org.mx\/wp-content\/uploads\/2019\/05\/Hospital-del-ISSSTE-%E2%80%9Chorno%E2%80%9D-sin-agua-y-sucio-slp-may.jpg?resize=350%2C200&ssl=1","width":350,"height":200,"srcset":"https:\/\/i0.wp.com\/www.grieta.org.mx\/wp-content\/uploads\/2019\/05\/Hospital-del-ISSSTE-%E2%80%9Chorno%E2%80%9D-sin-agua-y-sucio-slp-may.jpg?resize=350%2C200&ssl=1 1x, https:\/\/i0.wp.com\/www.grieta.org.mx\/wp-content\/uploads\/2019\/05\/Hospital-del-ISSSTE-%E2%80%9Chorno%E2%80%9D-sin-agua-y-sucio-slp-may.jpg?resize=525%2C300&ssl=1 1.5x"},"classes":[]},{"id":39084,"url":"https:\/\/www.grieta.org.mx\/index.php\/2019\/09\/06\/derechohabientes-reclaman-servicio-y-medicinas-en-imss-san-blas-sinaloa\/","url_meta":{"origin":7972,"position":4},"title":"Derechohabientes reclaman servicio y medicinas en IMSS San Blas (Sinaloa)","author":"grieta","date":"6 septiembre, 2019","format":false,"excerpt":"Foto: El Debate Los inconformes acudieron a las instalaciones de la cl\u00ednica para impedir cualquier actividad al personal m\u00e9dico y administrativo Mar\u00eda de Jes\u00fas Estrada \/ El Debate El Fuerte, Sinaloa.- Un grupo de derechohabientes de la cl\u00ednica del Instituto Mexicano del Seguro Social (IMSS) de la poblaci\u00f3n de San\u2026","rel":"","context":"En &quot;CINTILLO&quot;","block_context":{"text":"CINTILLO","link":"https:\/\/www.grieta.org.mx\/index.php\/category\/cintillo\/"},"img":{"alt_text":"","src":"https:\/\/i0.wp.com\/www.grieta.org.mx\/wp-content\/uploads\/2019\/09\/clina_imss_san_blas.jpg_219914347.jpg?resize=350%2C200&ssl=1","width":350,"height":200,"srcset":"https:\/\/i0.wp.com\/www.grieta.org.mx\/wp-content\/uploads\/2019\/09\/clina_imss_san_blas.jpg_219914347.jpg?resize=350%2C200&ssl=1 1x, https:\/\/i0.wp.com\/www.grieta.org.mx\/wp-content\/uploads\/2019\/09\/clina_imss_san_blas.jpg_219914347.jpg?resize=525%2C300&ssl=1 1.5x, https:\/\/i0.wp.com\/www.grieta.org.mx\/wp-content\/uploads\/2019\/09\/clina_imss_san_blas.jpg_219914347.jpg?resize=700%2C400&ssl=1 2x"},"classes":[]},{"id":51163,"url":"https:\/\/www.grieta.org.mx\/index.php\/2020\/06\/12\/personal-medico-realiza-paro-de-labores-en-el-issste-san-luis-potosi\/","url_meta":{"origin":7972,"position":5},"title":"Personal m\u00e9dico realiza paro de labores en el ISSSTE  (San Luis Potos\u00ed)","author":"grieta","date":"12 junio, 2020","format":false,"excerpt":"Fernando L\u00f3ipez\/Quadrat\u00edn SLP 12 junio 2020 SAN LUIS POTOSI, SLP, 12 junio 2020.- El d\u00eda de ayer se despidi\u00f3 a la enfermera Olivia Soto que falleci\u00f3 con s\u00edntomas de Covid 19 en el Hospital General del Instituto de Seguridad y Servicios Sociales de los Trabajadores del Estado (ISSSTE), ubicado en\u2026","rel":"","context":"En &quot;CINTILLO&quot;","block_context":{"text":"CINTILLO","link":"https:\/\/www.grieta.org.mx\/index.php\/category\/cintillo\/"},"img":{"alt_text":"","src":"https:\/\/i0.wp.com\/www.grieta.org.mx\/wp-content\/uploads\/2020\/06\/WhatsApp-Image-2020-06-12-at-12.59.45-PM.jpeg?resize=350%2C200&ssl=1","width":350,"height":200,"srcset":"https:\/\/i0.wp.com\/www.grieta.org.mx\/wp-content\/uploads\/2020\/06\/WhatsApp-Image-2020-06-12-at-12.59.45-PM.jpeg?resize=350%2C200&ssl=1 1x, https:\/\/i0.wp.com\/www.grieta.org.mx\/wp-content\/uploads\/2020\/06\/WhatsApp-Image-2020-06-12-at-12.59.45-PM.jpeg?resize=525%2C300&ssl=1 1.5x, https:\/\/i0.wp.com\/www.grieta.org.mx\/wp-content\/uploads\/2020\/06\/WhatsApp-Image-2020-06-12-at-12.59.45-PM.jpeg?resize=700%2C400&ssl=1 2x"},"classes":[]}],"_links":{"self":[{"href":"https:\/\/www.grieta.org.mx\/index.php\/wp-json\/wp\/v2\/posts\/7972","targetHints":{"allow":["GET"]}}],"collection":[{"href":"https:\/\/www.grieta.org.mx\/index.php\/wp-json\/wp\/v2\/posts"}],"about":[{"href":"https:\/\/www.grieta.org.mx\/index.php\/wp-json\/wp\/v2\/types\/post"}],"author":[{"embeddable":true,"href":"https:\/\/www.grieta.org.mx\/index.php\/wp-json\/wp\/v2\/users\/2"}],"replies":[{"embeddable":true,"href":"https:\/\/www.grieta.org.mx\/index.php\/wp-json\/wp\/v2\/comments?post=7972"}],"version-history":[{"count":1,"href":"https:\/\/www.grieta.org.mx\/index.php\/wp-json\/wp\/v2\/posts\/7972\/revisions"}],"predecessor-version":[{"id":25646,"href":"https:\/\/www.grieta.org.mx\/index.php\/wp-json\/wp\/v2\/posts\/7972\/revisions\/25646"}],"wp:featuredmedia":[{"embeddable":true,"href":"https:\/\/www.grieta.org.mx\/index.php\/wp-json\/wp\/v2\/media\/25645"}],"wp:attachment":[{"href":"https:\/\/www.grieta.org.mx\/index.php\/wp-json\/wp\/v2\/media?parent=7972"}],"wp:term":[{"taxonomy":"category","embeddable":true,"href":"https:\/\/www.grieta.org.mx\/index.php\/wp-json\/wp\/v2\/categories?post=7972"},{"taxonomy":"post_tag","embeddable":true,"href":"https:\/\/www.grieta.org.mx\/index.php\/wp-json\/wp\/v2\/tags?post=7972"}],"curies":[{"name":"wp","href":"https:\/\/api.w.org\/{rel}","templated":true}]}}