{"id":7900,"date":"2016-01-04T23:29:33","date_gmt":"2016-01-04T23:29:33","guid":{"rendered":"http:\/\/50.22.11.12\/~grietaor\/?p=7900"},"modified":"2016-03-29T23:31:51","modified_gmt":"2016-03-29T23:31:51","slug":"sonora-primer-lugar-en-agresiones-a-activistas-contra-megaproyectos","status":"publish","type":"post","link":"https:\/\/www.grieta.org.mx\/index.php\/2016\/01\/04\/sonora-primer-lugar-en-agresiones-a-activistas-contra-megaproyectos\/","title":{"rendered":"Sonora primer lugar en agresiones a activistas contra megaproyectos"},"content":{"rendered":"<p><strong>04\/01\/16. <\/strong><a href=\"http:\/\/grieta.org.mx\/index.php\/2016\/01\/04\/crece-el-numero-de-ataques-a-defensores-ambientales-en-el-gobierno-de-pena-nieto-2\/\">Crece el n\u00famero de ataques a defensores ambientales en el gobierno de Pe\u00f1a Nieto<\/a><br \/>\n<em>Animal Pol\u00edtico<\/em><\/p>\n<p><strong>12\/12\/15. <\/strong><a href=\"http:\/\/grieta.org.mx\/index.php\/2016\/03\/29\/sonora-primer-lugar-en-agresiones-a-defensores-y-defensoras-ambientales\/\">Sonora, primer lugar en agresiones a defensores y defensoras ambientales<\/a><br \/>\n<em>Kaos en la Red<\/em><\/p>\n","protected":false},"excerpt":{"rendered":"<p>04\/01\/16. Crece el n\u00famero de ataques a defensores ambientales en el gobierno de Pe\u00f1a Nieto Animal Pol\u00edtico 12\/12\/15. Sonora, primer lugar en agresiones a defensores y defensoras ambientales Kaos en &hellip; <a href=\"https:\/\/www.grieta.org.mx\/index.php\/2016\/01\/04\/sonora-primer-lugar-en-agresiones-a-activistas-contra-megaproyectos\/\" class=\"more-link\">Leer m\u00e1s<\/a><\/p>\n","protected":false},"author":1,"featured_media":21928,"comment_status":"closed","ping_status":"open","sticky":false,"template":"","format":"standard","meta":{"ngg_post_thumbnail":0,"_jetpack_newsletter_access":"","_jetpack_dont_email_post_to_subs":false,"_jetpack_newsletter_tier_id":0,"_jetpack_memberships_contains_paywalled_content":false,"_jetpack_memberships_contains_paid_content":false,"footnotes":""},"categories":[2,31],"tags":[],"class_list":["post-7900","post","type-post","status-publish","format-standard","has-post-thumbnail","hentry","category-noticias-nacionales","category-sonora","entry"],"jetpack_featured_media_url":"https:\/\/www.grieta.org.mx\/wp-content\/uploads\/2018\/03\/14524434_1106112876131411_958039263622046936_o.jpg","jetpack_sharing_enabled":true,"jetpack_shortlink":"https:\/\/wp.me\/p7ZJR4-23q","jetpack_likes_enabled":false,"jetpack-related-posts":[{"id":7611,"url":"https:\/\/www.grieta.org.mx\/index.php\/2015\/12\/12\/sonora-primer-lugar-en-agresiones-a-defensores-y-defensoras-ambientales\/","url_meta":{"origin":7900,"position":0},"title":"Sonora, primer lugar en agresiones a defensores y defensoras ambientales","author":"grieta","date":"12 diciembre, 2015","format":false,"excerpt":"Un total de 109 casos de agresiones a defensores y defensoras ambientales registradas durante 13 meses en M\u00e9xico, evidencia de un alarmante aumento respecto a a\u00f1os anteriores, megaproyectos figuran en conflictos. En el contexto de represi\u00f3n y criminalizaci\u00f3n de la protesta social en M\u00e9xico, el activismo ambiental es uno de\u2026","rel":"","context":"En &quot;CINTILLO&quot;","block_context":{"text":"CINTILLO","link":"https:\/\/www.grieta.org.mx\/index.php\/category\/cintillo\/"},"img":{"alt_text":"","src":"https:\/\/i0.wp.com\/www.grieta.org.mx\/wp-content\/uploads\/2018\/03\/14524434_1106112876131411_958039263622046936_o.jpg?resize=350%2C200&ssl=1","width":350,"height":200,"srcset":"https:\/\/i0.wp.com\/www.grieta.org.mx\/wp-content\/uploads\/2018\/03\/14524434_1106112876131411_958039263622046936_o.jpg?resize=350%2C200&ssl=1 1x, https:\/\/i0.wp.com\/www.grieta.org.mx\/wp-content\/uploads\/2018\/03\/14524434_1106112876131411_958039263622046936_o.jpg?resize=525%2C300&ssl=1 1.5x, https:\/\/i0.wp.com\/www.grieta.org.mx\/wp-content\/uploads\/2018\/03\/14524434_1106112876131411_958039263622046936_o.jpg?resize=700%2C400&ssl=1 2x"},"classes":[]},{"id":2014,"url":"https:\/\/www.grieta.org.mx\/index.php\/2016\/01\/09\/colima-quinto-lugar-nacional-en-ataques-contra-ambientalistas-cemda\/","url_meta":{"origin":7900,"position":1},"title":"Colima, quinto lugar nacional en ataques contra ambientalistas: Cemda","author":"grieta","date":"9 enero, 2016","format":false,"excerpt":"Colima, M\u00e9xico, Avanzada (09\/01\/2016).- Con ocho casos registrados, el estado de Colima ocupa el quinto lugar nacional en agresiones contra activistas defensores del medio ambiente, revela el \u201cInforme sobre la situaci\u00f3n de los defensores ambientales 2015\u201d, elaborado por el Centro Mexicano de Derecho Ambiental (Cemda). En el primer lugar se\u2026","rel":"","context":"En &quot;CINTILLO&quot;","block_context":{"text":"CINTILLO","link":"https:\/\/www.grieta.org.mx\/index.php\/category\/cintillo\/"},"img":{"alt_text":"","src":"https:\/\/i0.wp.com\/www.grieta.org.mx\/wp-content\/uploads\/2018\/03\/14524434_1106112876131411_958039263622046936_o.jpg?resize=350%2C200&ssl=1","width":350,"height":200,"srcset":"https:\/\/i0.wp.com\/www.grieta.org.mx\/wp-content\/uploads\/2018\/03\/14524434_1106112876131411_958039263622046936_o.jpg?resize=350%2C200&ssl=1 1x, https:\/\/i0.wp.com\/www.grieta.org.mx\/wp-content\/uploads\/2018\/03\/14524434_1106112876131411_958039263622046936_o.jpg?resize=525%2C300&ssl=1 1.5x, https:\/\/i0.wp.com\/www.grieta.org.mx\/wp-content\/uploads\/2018\/03\/14524434_1106112876131411_958039263622046936_o.jpg?resize=700%2C400&ssl=1 2x"},"classes":[]},{"id":2061,"url":"https:\/\/www.grieta.org.mx\/index.php\/2016\/08\/29\/oaxaca-segundo-lugar-nacional-en-numero-de-ataques-a-defensores-ambientales\/","url_meta":{"origin":7900,"position":2},"title":"Ataques a defensores ambientales y de derechos humanos en Oaxaca","author":"grieta","date":"29 agosto, 2016","format":false,"excerpt":"29\/08\/16. Denuncia defensora de mujeres acoso pol\u00edtico; teme por su vida P\u00e1gina 3 09\/08\/16. Oaxaca primer lugar nacional en ataques a defensoras de DH; suman 648 P\u00e1gina 3 04\/01\/16. Crece el n\u00famero de ataques a defensores ambientales en el gobierno de Pe\u00f1a Nieto Animal Pol\u00edtico","rel":"","context":"En &quot;NOTICIAS NACIONALES&quot;","block_context":{"text":"NOTICIAS NACIONALES","link":"https:\/\/www.grieta.org.mx\/index.php\/category\/noticias-nacionales\/"},"img":{"alt_text":"","src":"https:\/\/i0.wp.com\/www.grieta.org.mx\/wp-content\/uploads\/2018\/03\/14524434_1106112876131411_958039263622046936_o.jpg?resize=350%2C200&ssl=1","width":350,"height":200,"srcset":"https:\/\/i0.wp.com\/www.grieta.org.mx\/wp-content\/uploads\/2018\/03\/14524434_1106112876131411_958039263622046936_o.jpg?resize=350%2C200&ssl=1 1x, https:\/\/i0.wp.com\/www.grieta.org.mx\/wp-content\/uploads\/2018\/03\/14524434_1106112876131411_958039263622046936_o.jpg?resize=525%2C300&ssl=1 1.5x, https:\/\/i0.wp.com\/www.grieta.org.mx\/wp-content\/uploads\/2018\/03\/14524434_1106112876131411_958039263622046936_o.jpg?resize=700%2C400&ssl=1 2x"},"classes":[]},{"id":7607,"url":"https:\/\/www.grieta.org.mx\/index.php\/2016\/01\/04\/crece-el-numero-de-ataques-a-defensores-ambientales-en-el-gobierno-de-pena-nieto-2\/","url_meta":{"origin":7900,"position":3},"title":"Crece el n\u00famero de ataques a defensores ambientales en el gobierno de Pe\u00f1a Nieto","author":"grieta","date":"4 enero, 2016","format":false,"excerpt":"En lo que va de la administraci\u00f3n de Enrique Pe\u00f1a Nieto se han incrementado los casos de agresiones y ataques a personas defensoras ambientales y de derechos humanos en M\u00e9xico. De acuerdo con datos del Centro Mexicano de Derecho Ambiental, en 2010 se registraron 10 ataques, 16 en 2011, 23\u2026","rel":"","context":"En &quot;CINTILLO&quot;","block_context":{"text":"CINTILLO","link":"https:\/\/www.grieta.org.mx\/index.php\/category\/cintillo\/"},"img":{"alt_text":"","src":"https:\/\/i0.wp.com\/www.grieta.org.mx\/wp-content\/uploads\/2018\/03\/14524434_1106112876131411_958039263622046936_o.jpg?resize=350%2C200&ssl=1","width":350,"height":200,"srcset":"https:\/\/i0.wp.com\/www.grieta.org.mx\/wp-content\/uploads\/2018\/03\/14524434_1106112876131411_958039263622046936_o.jpg?resize=350%2C200&ssl=1 1x, https:\/\/i0.wp.com\/www.grieta.org.mx\/wp-content\/uploads\/2018\/03\/14524434_1106112876131411_958039263622046936_o.jpg?resize=525%2C300&ssl=1 1.5x, https:\/\/i0.wp.com\/www.grieta.org.mx\/wp-content\/uploads\/2018\/03\/14524434_1106112876131411_958039263622046936_o.jpg?resize=700%2C400&ssl=1 2x"},"classes":[]},{"id":7714,"url":"https:\/\/www.grieta.org.mx\/index.php\/2016\/01\/06\/puebla-entre-los-estados-con-mas-ataques-a-ambientalistas\/","url_meta":{"origin":7900,"position":4},"title":"Puebla, entre los estados con m\u00e1s ataques a ambientalistas","author":"grieta","date":"6 enero, 2016","format":false,"excerpt":"enero 16, 2016 Samantha P\u00e1ez, Puebla Apenas en un a\u00f1o se registraron ocho agresiones en Puebla contra defensores y defensoras del medio ambiente, seg\u00fan lo dio a conocer el Centro Mexicano de Derecho Ambiental AC (Cemda), organizaci\u00f3n civil reconocida a nivel internacional. De acuerdo con el \u201cInforme sobre la situaci\u00f3n\u2026","rel":"","context":"En &quot;CINTILLO&quot;","block_context":{"text":"CINTILLO","link":"https:\/\/www.grieta.org.mx\/index.php\/category\/cintillo\/"},"img":{"alt_text":"","src":"https:\/\/i0.wp.com\/www.grieta.org.mx\/wp-content\/uploads\/2018\/03\/14524434_1106112876131411_958039263622046936_o.jpg?resize=350%2C200&ssl=1","width":350,"height":200,"srcset":"https:\/\/i0.wp.com\/www.grieta.org.mx\/wp-content\/uploads\/2018\/03\/14524434_1106112876131411_958039263622046936_o.jpg?resize=350%2C200&ssl=1 1x, https:\/\/i0.wp.com\/www.grieta.org.mx\/wp-content\/uploads\/2018\/03\/14524434_1106112876131411_958039263622046936_o.jpg?resize=525%2C300&ssl=1 1.5x, https:\/\/i0.wp.com\/www.grieta.org.mx\/wp-content\/uploads\/2018\/03\/14524434_1106112876131411_958039263622046936_o.jpg?resize=700%2C400&ssl=1 2x"},"classes":[]},{"id":2062,"url":"https:\/\/www.grieta.org.mx\/index.php\/2016\/01\/04\/crece-el-numero-de-ataques-a-defensores-ambientales-en-el-gobierno-de-pena-nieto\/","url_meta":{"origin":7900,"position":5},"title":"Crece el n\u00famero de ataques a defensores ambientales en el gobierno de Pe\u00f1a Nieto","author":"grieta","date":"4 enero, 2016","format":false,"excerpt":"Margarita Campuzano Para nadie es novedad que, hist\u00f3ricamente, en M\u00e9xico han ocurrido abusos y despojos en contra de los pueblos ind\u00edgenas y comunidades rurales. Nuestro pa\u00eds enfrenta la triste paradoja de que muchos de los sitios considerados sagrados en la cosmovisi\u00f3n de los ind\u00edgenas, las tierras que han habitado por\u2026","rel":"","context":"En &quot;CINTILLO&quot;","block_context":{"text":"CINTILLO","link":"https:\/\/www.grieta.org.mx\/index.php\/category\/cintillo\/"},"img":{"alt_text":"","src":"https:\/\/i0.wp.com\/www.grieta.org.mx\/wp-content\/uploads\/2018\/03\/14524434_1106112876131411_958039263622046936_o.jpg?resize=350%2C200&ssl=1","width":350,"height":200,"srcset":"https:\/\/i0.wp.com\/www.grieta.org.mx\/wp-content\/uploads\/2018\/03\/14524434_1106112876131411_958039263622046936_o.jpg?resize=350%2C200&ssl=1 1x, https:\/\/i0.wp.com\/www.grieta.org.mx\/wp-content\/uploads\/2018\/03\/14524434_1106112876131411_958039263622046936_o.jpg?resize=525%2C300&ssl=1 1.5x, https:\/\/i0.wp.com\/www.grieta.org.mx\/wp-content\/uploads\/2018\/03\/14524434_1106112876131411_958039263622046936_o.jpg?resize=700%2C400&ssl=1 2x"},"classes":[]}],"_links":{"self":[{"href":"https:\/\/www.grieta.org.mx\/index.php\/wp-json\/wp\/v2\/posts\/7900","targetHints":{"allow":["GET"]}}],"collection":[{"href":"https:\/\/www.grieta.org.mx\/index.php\/wp-json\/wp\/v2\/posts"}],"about":[{"href":"https:\/\/www.grieta.org.mx\/index.php\/wp-json\/wp\/v2\/types\/post"}],"author":[{"embeddable":true,"href":"https:\/\/www.grieta.org.mx\/index.php\/wp-json\/wp\/v2\/users\/1"}],"replies":[{"embeddable":true,"href":"https:\/\/www.grieta.org.mx\/index.php\/wp-json\/wp\/v2\/comments?post=7900"}],"version-history":[{"count":1,"href":"https:\/\/www.grieta.org.mx\/index.php\/wp-json\/wp\/v2\/posts\/7900\/revisions"}],"predecessor-version":[{"id":7901,"href":"https:\/\/www.grieta.org.mx\/index.php\/wp-json\/wp\/v2\/posts\/7900\/revisions\/7901"}],"wp:featuredmedia":[{"embeddable":true,"href":"https:\/\/www.grieta.org.mx\/index.php\/wp-json\/wp\/v2\/media\/21928"}],"wp:attachment":[{"href":"https:\/\/www.grieta.org.mx\/index.php\/wp-json\/wp\/v2\/media?parent=7900"}],"wp:term":[{"taxonomy":"category","embeddable":true,"href":"https:\/\/www.grieta.org.mx\/index.php\/wp-json\/wp\/v2\/categories?post=7900"},{"taxonomy":"post_tag","embeddable":true,"href":"https:\/\/www.grieta.org.mx\/index.php\/wp-json\/wp\/v2\/tags?post=7900"}],"curies":[{"name":"wp","href":"https:\/\/api.w.org\/{rel}","templated":true}]}}