{"id":7890,"date":"2015-10-23T23:18:16","date_gmt":"2015-10-23T23:18:16","guid":{"rendered":"http:\/\/50.22.11.12\/~grietaor\/?p=7890"},"modified":"2016-03-29T23:20:49","modified_gmt":"2016-03-29T23:20:49","slug":"acechan-territorio-sagrado-seri-una-nueva-amenaza-industrial-con-rostro-sustentable","status":"publish","type":"post","link":"https:\/\/www.grieta.org.mx\/index.php\/2015\/10\/23\/acechan-territorio-sagrado-seri-una-nueva-amenaza-industrial-con-rostro-sustentable\/","title":{"rendered":"Acechan territorio sagrado seri; una nueva amenaza industrial con rostro sustentable"},"content":{"rendered":"<p>Primera Plana Digital<\/p>\n<p>Por Gerardo Moreno<\/p>\n<p>Una vez m\u00e1s las empresas mineras y explotadoras de recursos naturales han puesto la mira sobre el territorio sagrado de la tribu Comc\u00e1ac, solo que esta vez la amenaza viene disfrazada de un proyecto sustentable que, bajo promesa de desarrollo ha conseguido que parte del pueblo los apoye, hablamos de la empresa \u201cTibur\u00f3n Agua y Electricidad S.A. de C.V.\u201d<\/p>\n<p>Lo anterior denunci\u00f3 la Red Mexicana de Afectados por la Miner\u00eda (Rema), confirmado por los propios habitantes de la tribu que integran el grupo \u201cDefensores del Territorio ComC\u00e1ac\u201d, donde aseguran que esta empresa pretende realizar trabajos de explotaci\u00f3n en el territorio sagrado Seri, afectando as\u00ed todo el ecosistema y el estilo de vida de m\u00e1s de mil 500 habitantes que est\u00e1n asentados en este lugar.<\/p>\n<p>El territorio Seri fue otorgado a la etnia a trav\u00e9s de un decreto presidencial firmado desde 1960, donde el Gobierno Federal reconoce el territorio de litoral mar\u00edtimo del Golfo de California, desde la comunidad de Punta Chueca dentro del municipio de Hermosillo hasta el desemboque en Pitiquito, como propiedad de la etnia, incluida la Isla del Tibur\u00f3n.<\/p>\n<p>Esta zona es rica en flora y fauna como de cerros y praderas, ah\u00ed es lugar de reproducci\u00f3n del venado bura y el borrego cimarr\u00f3n; tambi\u00e9n se encuentra el \u201ccanal del infiernillo\u201d que es un complejo de humedales reconocidos por el sitio internacional \u201cRamsar\u201d.<\/p>\n<p>Amenaza con cara de sustentable.<\/p>\n<p>A pesar de lo anterior, Rema se\u00f1ala que esta zona est\u00e1 siendo de nueva cuanta amenazado por una empresa que intenta enga\u00f1ar a los habitantes de la etnia con un proyecto que aseguran ser\u00eda detonador de la econom\u00eda y el desarrollo sustentable del lugar, sin embargo, precisan que solo es una nueva treta para buscar minerales dentro del territorio sagrado Seri y buscar explotar sus recursos naturales.<\/p>\n<p>\u201cUna nueva amenaza se presenta, ahora maquillada de sustentable y socialmente responsable. La empresa Tibur\u00f3n Agua y Electricidad S.A. de C.V. presenta un proyecto de desalinizaci\u00f3n, producci\u00f3n de energ\u00eda mediante mareas, acuacultura, extracci\u00f3n de minerales, entre otros proyectos extractivos que no corresponden a todo el trabajo de ecoturismo y conservaci\u00f3n que por a\u00f1os han hecho los ComC\u00e1ac en este territorio que hist\u00f3ricamente les pertenece\u201d, se\u00f1ala Rema.<\/p>\n<p>Adem\u00e1s aseguran que esta empresa que se ha dedicado a comprar a varias personas en la comunidad de Punta Chueca, intentando venderles un proyecto que dicen es verde y que es todo un complejo sustentable que ayudar\u00e1 en el desarrollo de las comunidades Seri, cuando la realidad es que buscan la extracci\u00f3n de minerales y explotaci\u00f3n de la zona.<\/p>\n<p>Rema denuncia que Tibur\u00f3n Agua y Electricidad que no saben si es una empresa establecida legalmente en el pa\u00eds y se ha dedicado a buscar la divisi\u00f3n dentro de las mismas comunidades ind\u00edgenas sin dejar claras sus intenciones: \u201cpues no existe informaci\u00f3n en las Secretar\u00edas correspondientes de estos proyectos que ellos anuncian, ni las explican en su p\u00e1gina de internet ni a las personas que viven dentro de las comunidades Comc\u00e1ac\u201d.<\/p>\n<p>Las intenciones de \u201cTibur\u00f3n Agua y Electricidad\u201d<\/p>\n<p>Este es un complejo industrial de desaladora instalado en Israel, similar al que pretenden construir en pleno territorio sagrado seri.<\/p>\n<p><img decoding=\"async\" data-attachment-id=\"7891\" data-permalink=\"https:\/\/www.grieta.org.mx\/index.php\/2015\/10\/23\/acechan-territorio-sagrado-seri-una-nueva-amenaza-industrial-con-rostro-sustentable\/1com-300x200\/\" data-orig-file=\"https:\/\/www.grieta.org.mx\/wp-content\/uploads\/2016\/03\/1com-300x200.jpg\" data-orig-size=\"300,200\" data-comments-opened=\"0\" data-image-meta=\"{&quot;aperture&quot;:&quot;0&quot;,&quot;credit&quot;:&quot;&quot;,&quot;camera&quot;:&quot;&quot;,&quot;caption&quot;:&quot;&quot;,&quot;created_timestamp&quot;:&quot;0&quot;,&quot;copyright&quot;:&quot;&quot;,&quot;focal_length&quot;:&quot;0&quot;,&quot;iso&quot;:&quot;0&quot;,&quot;shutter_speed&quot;:&quot;0&quot;,&quot;title&quot;:&quot;&quot;,&quot;orientation&quot;:&quot;0&quot;}\" data-image-title=\"1com-300&amp;#215;200\" data-image-description=\"\" data-image-caption=\"\" data-medium-file=\"https:\/\/www.grieta.org.mx\/wp-content\/uploads\/2016\/03\/1com-300x200-300x200.jpg\" data-large-file=\"https:\/\/www.grieta.org.mx\/wp-content\/uploads\/2016\/03\/1com-300x200.jpg\" src=\"http:\/\/grieta.org.mx\/wp-content\/uploads\/2016\/03\/1com-300x200.jpg\" alt=\"1com-300x200\" width=\"100%\" class=\"alignnone size-full wp-image-7891\" \/><\/p>\n<p>Este es un complejo industrial de desaladora instalado en Israel, similar al que pretenden construir en pleno territorio sagrado seri.<\/p>\n<p>La empresa que amenaza el territorio Comc\u00e1ac, seg\u00fan su p\u00e1gina de internet (tiburonaguayelectricidad.com), es dirigida por Kenneth David Lampner (CEO), quien en el mismo proyecto asegura ser de Tucson, Arizona, y se presenta como un desarrollador de energ\u00eda solar y proyectos de energ\u00eda.<\/p>\n<p>Adem\u00e1s el representante legal es Jos\u00e9 Heliodoro Enr\u00edquez, quien es mexicano y vive en Tucson, pero sus padres y abuelos son nativos de Sonora y Alemania. Es licenciado por la Universidad de Arizona en 1987 y estudi\u00f3 en la escuela de derecho \u201cThurgood Marshall\u201d donde logr\u00f3 el t\u00edtulo de \u201cJuris Doctor\u201d en 1998. Fue socio activo en el desarrollo de propiedades playeras en Puerto Pe\u00f1asco y tambi\u00e9n fue propietario y operador de las empresas \u201cG.I. Design\u201d y \u201cL.L.C. de Arizona\u201d donde fue el encargado de numerosos proyectos comerciales.<\/p>\n<p>En su p\u00e1gina se\u00f1ala que Tibur\u00f3n Agua y Electricidad S.A. de C.V. es parte de un complejo de empresas llamada \u201cTibur\u00f3n Business Alliance\u201d, que integra a: \u201cF\u00e1brica de materiales BIOROCK\u201d,\u201d Refiner\u00eda de metales \u2013 Proyecto Minero Las Conchas\u201d; y sin precisar se\u00f1ala que tambi\u00e9n participan una \u201cplanta de extracci\u00f3n qu\u00edmica y de materiales\u201d, otra \u201cplanta de tratamiento de aguas residuales\u201d, una \u201cf\u00e1brica de bocas de entrada para turbinas\/generadores\u201d, otra \u201cf\u00e1brica de tubos de gran di\u00e1metro\u201d, otra \u201cplanta de reciclaje con incinerador de plasma\u201d, unas \u201cinstalaciones de invernadero \u2013 Maricultura\/Acuicultura\/Agricultura\u201d, un \u201ccampus para empleo y capacitaci\u00f3n t\u00e9cnica\u201d y un \u201chotel con desarrollo comercial\u201d.<\/p>\n<p>Aseguran ser una empresa de reciente creaci\u00f3n cuyo objetivo es \u201cdise\u00f1ar, construir y operar plantas de desalaci\u00f3n por \u00f3smosis inversa, utilizando la tecnolog\u00eda marejada como fuente de energ\u00eda\u2026 Esta tecnolog\u00eda permite la generaci\u00f3n de bajo costo de electricidad a partir de que se producen regularmente, marejadas entrantes y salientes a trav\u00e9s del Estrecho Infiernillo\u201d.<\/p>\n<p>Se\u00f1ala que la producci\u00f3n barata de electricidad reducir\u00e1 el costo de la desalinizaci\u00f3n y ofrecer\u00e1 \u201cuna soluci\u00f3n pr\u00e1ctica a la creciente demanda de agua en el estado de Sonora\u201d. Explica adem\u00e1s que el plan de generaci\u00f3n el\u00e9ctrica mareomotriz consiste en la colocaci\u00f3n estrat\u00e9gica de turbinas y generadores montados en puntales ajustables en los cuellos de botella del norte y sur del \u201cEstrecho Infiernillo\u201d, donde se requerir\u00e1 la instalaci\u00f3n de distribuci\u00f3n el\u00e9ctrica a la red existente.<\/p>\n<p>La empresa estima que el costo preliminar del proyecto son 1.7 billones de d\u00f3lares (alrededor de 28 mil millones de pesos en el cambio de moneda actual). Adem\u00e1s incluye la formaci\u00f3n de una empresa llamada \u201cTibur\u00f3n inmobiliaria SA de CV\u201d, con la cual buscar\u00e1n adquirir y desarrollar grandes parcelas en Sonora en alrededor de 3 mil hect\u00e1reas y ah\u00ed construir parques industriales integrados funcionalmente al libre comercio.<\/p>\n<p>En el proyecto que se encuentra en la p\u00e1gina de internet de la empresa aseguran que requieren una compra inicial de un terreno llamado \u201cEl Embudo\u201d de 3,092 hect\u00e1reas ubicada sobre el canal del Infiernillo en pleno territorio de Punta Chueca.<\/p>\n<p>Ya hab\u00edan amenazado a la comunidad Comc\u00e1ac y al canal del infiernillo<\/p>\n<p><img decoding=\"async\" data-attachment-id=\"7892\" data-permalink=\"https:\/\/www.grieta.org.mx\/index.php\/2015\/10\/23\/acechan-territorio-sagrado-seri-una-nueva-amenaza-industrial-con-rostro-sustentable\/3-infiernillo-el-embudo-300x233\/\" data-orig-file=\"https:\/\/www.grieta.org.mx\/wp-content\/uploads\/2016\/03\/3-infiernillo-El-Embudo-300x233.jpg\" data-orig-size=\"300,233\" data-comments-opened=\"0\" data-image-meta=\"{&quot;aperture&quot;:&quot;0&quot;,&quot;credit&quot;:&quot;&quot;,&quot;camera&quot;:&quot;&quot;,&quot;caption&quot;:&quot;&quot;,&quot;created_timestamp&quot;:&quot;0&quot;,&quot;copyright&quot;:&quot;&quot;,&quot;focal_length&quot;:&quot;0&quot;,&quot;iso&quot;:&quot;0&quot;,&quot;shutter_speed&quot;:&quot;0&quot;,&quot;title&quot;:&quot;&quot;,&quot;orientation&quot;:&quot;0&quot;}\" data-image-title=\"3-infiernillo-El-Embudo-300&amp;#215;233\" data-image-description=\"\" data-image-caption=\"\" data-medium-file=\"https:\/\/www.grieta.org.mx\/wp-content\/uploads\/2016\/03\/3-infiernillo-El-Embudo-300x233-300x233.jpg\" data-large-file=\"https:\/\/www.grieta.org.mx\/wp-content\/uploads\/2016\/03\/3-infiernillo-El-Embudo-300x233.jpg\" src=\"http:\/\/grieta.org.mx\/wp-content\/uploads\/2016\/03\/3-infiernillo-El-Embudo-300x233.jpg\" alt=\"3-infiernillo-El-Embudo-300x233\" width=\"100%\" class=\"alignnone size-full wp-image-7892\" \/><\/p>\n<p>La zona conocida como \u201cEl Embudo\u201d es la que buscan adquirir para instalarse.<\/p>\n<p>El territorio sagrado Comc\u00e1ac es una extensi\u00f3n de tierra de m\u00e1s de 86 mil hect\u00e1reas ubicadas frente a la Isla del Tibur\u00f3n donde hay abundantes cerros, planicies y humedales; por esto es vista como una oportunidad de negocio para diferentes empresas deseosas de explotar la zona, sin importarles da\u00f1ar la estabilidad de la tribu Seri (que adem\u00e1s es la \u00e9tnica, culturalmente hablando, m\u00e1s rica de Sonora).<\/p>\n<p>Por esto la amenaza ha llegado de diferentes formas a la comunidad, la \u00faltima se present\u00f3 desde septiembre del 2014 cuando una empresa minera de capital sonorenses llamada \u201cLa Peineta S.A. de C.V.\u201d se instal\u00f3 en la comunidad de manera ilegal para realizar trabajos de explotaci\u00f3n en el cerro con el mismo nombre, ubicado a cinco kil\u00f3metros del \u201ccanal del Infiernillo\u201d.<\/p>\n<p>Primera Plana denunci\u00f3 esta amenaza que la industria minera buscaba hacer a la comunidad Seri (ver edici\u00f3n 2249) donde los mismos habitantes de la etnia aseguraban que esta empresa ya estaba trabajando en la zona bajo permisos entregados por ejidatarios y credenciales de elector obtenidas con enga\u00f1os de habitantes de Punta Chueca, pero sin el manifiesto de impacto ambiental y de usos de suelos, necesarios para la explotaci\u00f3n minera seg\u00fan las leyes mexicanas.<\/p>\n<p>Adem\u00e1s la Secretar\u00eda de Econom\u00eda Federal a trav\u00e9s de la Direcci\u00f3n General de Regulaci\u00f3n Minera, mantiene una concesi\u00f3n minera (bajo el expediente No.237438) a nombre de \u201cRoberto Rogelio Molina Mart\u00ednez y socios\u201d en lote llamado \u201cLa Peineta 1\u201d, la cual tiene vigencia, autorizaci\u00f3n y permiso desde el 16 de diciembre del 2010 hasta el 15 de diciembre del 2060<\/p>\n<p>Luego con la ayuda de la Red Mexicana de Afectados por la Miner\u00eda y la denuncia p\u00fablica de los hechos, se logr\u00f3 que por el momento la intenci\u00f3n de explotar el cerro de la Peineta se detuviera por un momento (ver edici\u00f3n 2256).<\/p>\n<p>Sin embargo, ahora es una nueva empresa la que intenta destruir a la comunidad, ya que seg\u00fan Rema y los mismos habitantes de la comunidad Seri, la compa\u00f1\u00eda \u201cTibur\u00f3n Agua y Electricidad\u201d ya comenz\u00f3 a trabajar dentro de la comunidad y est\u00e1 enga\u00f1ando al pueblo Comc\u00e1ac para que les permitan explotar sus recursos naturales afectando todo el ecosistema, flora, fauna del territorio sagrado de la tribu y las propias tradiciones, usos y costumbres de la etnia.<\/p>\n<p><a href=\"http:\/\/www.primeraplanadigital.com.mx\/archivos\/667153#sthash.jBDGLWvI.i1JaAXGI.dpuf\" target=\"_blank\">http:\/\/www.primeraplanadigital.com.mx\/archivos\/667153#sthash.jBDGLWvI.i1JaAXGI.dpuf<\/a><\/p>\n","protected":false},"excerpt":{"rendered":"<p>Primera Plana Digital Por Gerardo Moreno Una vez m\u00e1s las empresas mineras y explotadoras de recursos naturales han puesto la mira sobre el territorio sagrado de la tribu Comc\u00e1ac, solo &hellip; <a href=\"https:\/\/www.grieta.org.mx\/index.php\/2015\/10\/23\/acechan-territorio-sagrado-seri-una-nueva-amenaza-industrial-con-rostro-sustentable\/\" class=\"more-link\">Leer m\u00e1s<\/a><\/p>\n","protected":false},"author":2,"featured_media":21928,"comment_status":"closed","ping_status":"open","sticky":false,"template":"","format":"standard","meta":{"ngg_post_thumbnail":0,"_jetpack_newsletter_access":"","_jetpack_dont_email_post_to_subs":false,"_jetpack_newsletter_tier_id":0,"_jetpack_memberships_contains_paywalled_content":false,"_jetpack_memberships_contains_paid_content":false,"footnotes":""},"categories":[80,456],"tags":[481],"class_list":["post-7890","post","type-post","status-publish","format-standard","has-post-thumbnail","hentry","category-cintillo","category-sonora","tag-seris","entry"],"jetpack_featured_media_url":"https:\/\/www.grieta.org.mx\/wp-content\/uploads\/2018\/03\/14524434_1106112876131411_958039263622046936_o.jpg","jetpack_sharing_enabled":true,"jetpack_shortlink":"https:\/\/wp.me\/p7ZJR4-23g","jetpack_likes_enabled":false,"jetpack-related-posts":[{"id":7888,"url":"https:\/\/www.grieta.org.mx\/index.php\/2015\/10\/30\/seris-luchan-contra-invasion-industrial\/","url_meta":{"origin":7890,"position":0},"title":"Seris luchan contra \u201cinvasi\u00f3n\u201d industrial","author":"grieta","date":"30 octubre, 2015","format":false,"excerpt":"Por Gerardo Moreno\/ La industria explotadora de recursos naturales se encuentra pretendiendo dividir a las comunidades Comc\u00e1ac (mejor conocido como Seris) del Desemboque y Punta Chueca, ubicadas en el municipio de Pitiquito y Hermosillo respectivamente, donde pretenden enga\u00f1ar a los habitantes para que les permitan realizar mega proyectos industriales en\u2026","rel":"","context":"En &quot;CINTILLO&quot;","block_context":{"text":"CINTILLO","link":"https:\/\/www.grieta.org.mx\/index.php\/category\/cintillo\/"},"img":{"alt_text":"","src":"https:\/\/i0.wp.com\/www.grieta.org.mx\/wp-content\/uploads\/2018\/03\/14524434_1106112876131411_958039263622046936_o.jpg?resize=350%2C200&ssl=1","width":350,"height":200,"srcset":"https:\/\/i0.wp.com\/www.grieta.org.mx\/wp-content\/uploads\/2018\/03\/14524434_1106112876131411_958039263622046936_o.jpg?resize=350%2C200&ssl=1 1x, https:\/\/i0.wp.com\/www.grieta.org.mx\/wp-content\/uploads\/2018\/03\/14524434_1106112876131411_958039263622046936_o.jpg?resize=525%2C300&ssl=1 1.5x, https:\/\/i0.wp.com\/www.grieta.org.mx\/wp-content\/uploads\/2018\/03\/14524434_1106112876131411_958039263622046936_o.jpg?resize=700%2C400&ssl=1 2x"},"classes":[]},{"id":7894,"url":"https:\/\/www.grieta.org.mx\/index.php\/2015\/10\/14\/llamado-de-alerta-ante-la-embestida-extractiva-en-territorio-comcaac\/","url_meta":{"origin":7890,"position":1},"title":"Llamado de alerta ante la embestida extractiva en territorio ComC\u00e1ac","author":"grieta","date":"14 octubre, 2015","format":false,"excerpt":"REMA Octubre del 2015 A la sociedad en general: En los \u00faltimos meses hemos visto con preocupaci\u00f3n una embestida por parte del modelo extractivo dentro del territorio ComC\u00e1ac en el Estado de Sonora; dicha embestida va desde una serie de concesiones mineras, algunas de ellas ya con serios avances en\u2026","rel":"","context":"En &quot;CINTILLO&quot;","block_context":{"text":"CINTILLO","link":"https:\/\/www.grieta.org.mx\/index.php\/category\/cintillo\/"},"img":{"alt_text":"","src":"https:\/\/i0.wp.com\/www.grieta.org.mx\/wp-content\/uploads\/2018\/03\/14524434_1106112876131411_958039263622046936_o.jpg?resize=350%2C200&ssl=1","width":350,"height":200,"srcset":"https:\/\/i0.wp.com\/www.grieta.org.mx\/wp-content\/uploads\/2018\/03\/14524434_1106112876131411_958039263622046936_o.jpg?resize=350%2C200&ssl=1 1x, https:\/\/i0.wp.com\/www.grieta.org.mx\/wp-content\/uploads\/2018\/03\/14524434_1106112876131411_958039263622046936_o.jpg?resize=525%2C300&ssl=1 1.5x, https:\/\/i0.wp.com\/www.grieta.org.mx\/wp-content\/uploads\/2018\/03\/14524434_1106112876131411_958039263622046936_o.jpg?resize=700%2C400&ssl=1 2x"},"classes":[]},{"id":8462,"url":"https:\/\/www.grieta.org.mx\/index.php\/2015\/05\/09\/lanza-guardia-tradicional-seri-advertencia-a-mineros\/","url_meta":{"origin":7890,"position":2},"title":"Lanza guardia tradicional seri advertencia a mineros","author":"grieta","date":"9 mayo, 2015","format":false,"excerpt":"Expreso ULISES GUTI\u00c9RREZ HERMOSILLO, SON.- El representante \u00e9tnico de la tribu Seri ante el Ayuntamiento de Hermosillo, Juan Antonio Robles Barnett, se\u00f1al\u00f3 que la guardia tradicional de la etnia tiene instrucciones de no permitir que vuelvan a ingresar a su territorio los mineros, al parecer de origen coreano, que realizaron\u2026","rel":"","context":"En &quot;CINTILLO&quot;","block_context":{"text":"CINTILLO","link":"https:\/\/www.grieta.org.mx\/index.php\/category\/cintillo\/"},"img":{"alt_text":"","src":"https:\/\/i0.wp.com\/www.grieta.org.mx\/wp-content\/uploads\/2018\/03\/14524434_1106112876131411_958039263622046936_o.jpg?resize=350%2C200&ssl=1","width":350,"height":200,"srcset":"https:\/\/i0.wp.com\/www.grieta.org.mx\/wp-content\/uploads\/2018\/03\/14524434_1106112876131411_958039263622046936_o.jpg?resize=350%2C200&ssl=1 1x, https:\/\/i0.wp.com\/www.grieta.org.mx\/wp-content\/uploads\/2018\/03\/14524434_1106112876131411_958039263622046936_o.jpg?resize=525%2C300&ssl=1 1.5x, https:\/\/i0.wp.com\/www.grieta.org.mx\/wp-content\/uploads\/2018\/03\/14524434_1106112876131411_958039263622046936_o.jpg?resize=700%2C400&ssl=1 2x"},"classes":[]},{"id":8467,"url":"https:\/\/www.grieta.org.mx\/index.php\/2015\/04\/15\/peligra-tribu-seri-por-minera-en-sonora\/","url_meta":{"origin":7890,"position":3},"title":"Peligra Tribu Seri por minera en Sonora","author":"grieta","date":"15 abril, 2015","format":false,"excerpt":"Punta Chueca, en la mira de empresa \u201cLa Peineta\u201d\u2026 Jorge Tadeo Vargas, integrante del Laboratorio para la Investigaci\u00f3n Desarrollo Comunitario y Sustentabilidad, que forma parte de la Red de Afectados por la Miner\u00eda (REMA) , junto con los dos integrantes de la etnia Seri, asegura que la empresa opera en\u2026","rel":"","context":"En &quot;CINTILLO&quot;","block_context":{"text":"CINTILLO","link":"https:\/\/www.grieta.org.mx\/index.php\/category\/cintillo\/"},"img":{"alt_text":"","src":"https:\/\/i0.wp.com\/www.grieta.org.mx\/wp-content\/uploads\/2018\/03\/14524434_1106112876131411_958039263622046936_o.jpg?resize=350%2C200&ssl=1","width":350,"height":200,"srcset":"https:\/\/i0.wp.com\/www.grieta.org.mx\/wp-content\/uploads\/2018\/03\/14524434_1106112876131411_958039263622046936_o.jpg?resize=350%2C200&ssl=1 1x, https:\/\/i0.wp.com\/www.grieta.org.mx\/wp-content\/uploads\/2018\/03\/14524434_1106112876131411_958039263622046936_o.jpg?resize=525%2C300&ssl=1 1.5x, https:\/\/i0.wp.com\/www.grieta.org.mx\/wp-content\/uploads\/2018\/03\/14524434_1106112876131411_958039263622046936_o.jpg?resize=700%2C400&ssl=1 2x"},"classes":[]},{"id":8473,"url":"https:\/\/www.grieta.org.mx\/index.php\/2015\/04\/15\/boletin-de-prensa-pone-minera-en-riesgo-sitios-sagrados-de-la-comunidad-comcaac\/","url_meta":{"origin":7890,"position":4},"title":"Bolet\u00edn de prensa.- Pone minera en riesgo sitios sagrados de la comunidad Comc\u00e1ac","author":"grieta","date":"15 abril, 2015","format":false,"excerpt":"Publicado en abril 15, 2015 Pone minera en riesgo sitios sagrados de la comunidad Comc\u00e1ac Hermosillo, Sonora, a 15 de abril de 2015. Los Defensores del Territorio Comc\u00e1ac y la Red Mexicana de Afectados por la Miner\u00eda hacemos un llamado al Gobierno del Estado de Sonora, para que proh\u00edba a\u2026","rel":"","context":"En &quot;CINTILLO&quot;","block_context":{"text":"CINTILLO","link":"https:\/\/www.grieta.org.mx\/index.php\/category\/cintillo\/"},"img":{"alt_text":"","src":"https:\/\/i0.wp.com\/www.grieta.org.mx\/wp-content\/uploads\/2018\/03\/14524434_1106112876131411_958039263622046936_o.jpg?resize=350%2C200&ssl=1","width":350,"height":200,"srcset":"https:\/\/i0.wp.com\/www.grieta.org.mx\/wp-content\/uploads\/2018\/03\/14524434_1106112876131411_958039263622046936_o.jpg?resize=350%2C200&ssl=1 1x, https:\/\/i0.wp.com\/www.grieta.org.mx\/wp-content\/uploads\/2018\/03\/14524434_1106112876131411_958039263622046936_o.jpg?resize=525%2C300&ssl=1 1.5x, https:\/\/i0.wp.com\/www.grieta.org.mx\/wp-content\/uploads\/2018\/03\/14524434_1106112876131411_958039263622046936_o.jpg?resize=700%2C400&ssl=1 2x"},"classes":[]},{"id":8455,"url":"https:\/\/www.grieta.org.mx\/index.php\/2015\/05\/09\/seris-en-pie-de-guerra-vs-minera-en-sonora\/","url_meta":{"origin":7890,"position":5},"title":"Seris, \u201cen pie de guerra\u201d vs minera en Sonora","author":"grieta","date":"9 mayo, 2015","format":false,"excerpt":"Dossier Politico Por Jes\u00fas Ortega Hermosillo, Sonora (DP).- La Comunidad Seri se encuentra en \u201cpie de guerra\u201d contra una minera de capia coreano que saquea y causa destrucci\u00f3n del territorio conocido como sierra \u201cLa Peineta\u201d, en las cercan\u00edas de Punta Chueca, en Sonora. Juan Antonio Robles Barnett, representante \u00e9tnico ante\u2026","rel":"","context":"En &quot;CINTILLO&quot;","block_context":{"text":"CINTILLO","link":"https:\/\/www.grieta.org.mx\/index.php\/category\/cintillo\/"},"img":{"alt_text":"","src":"https:\/\/i0.wp.com\/www.grieta.org.mx\/wp-content\/uploads\/2018\/03\/14524434_1106112876131411_958039263622046936_o.jpg?resize=350%2C200&ssl=1","width":350,"height":200,"srcset":"https:\/\/i0.wp.com\/www.grieta.org.mx\/wp-content\/uploads\/2018\/03\/14524434_1106112876131411_958039263622046936_o.jpg?resize=350%2C200&ssl=1 1x, https:\/\/i0.wp.com\/www.grieta.org.mx\/wp-content\/uploads\/2018\/03\/14524434_1106112876131411_958039263622046936_o.jpg?resize=525%2C300&ssl=1 1.5x, https:\/\/i0.wp.com\/www.grieta.org.mx\/wp-content\/uploads\/2018\/03\/14524434_1106112876131411_958039263622046936_o.jpg?resize=700%2C400&ssl=1 2x"},"classes":[]}],"_links":{"self":[{"href":"https:\/\/www.grieta.org.mx\/index.php\/wp-json\/wp\/v2\/posts\/7890","targetHints":{"allow":["GET"]}}],"collection":[{"href":"https:\/\/www.grieta.org.mx\/index.php\/wp-json\/wp\/v2\/posts"}],"about":[{"href":"https:\/\/www.grieta.org.mx\/index.php\/wp-json\/wp\/v2\/types\/post"}],"author":[{"embeddable":true,"href":"https:\/\/www.grieta.org.mx\/index.php\/wp-json\/wp\/v2\/users\/2"}],"replies":[{"embeddable":true,"href":"https:\/\/www.grieta.org.mx\/index.php\/wp-json\/wp\/v2\/comments?post=7890"}],"version-history":[{"count":1,"href":"https:\/\/www.grieta.org.mx\/index.php\/wp-json\/wp\/v2\/posts\/7890\/revisions"}],"predecessor-version":[{"id":7893,"href":"https:\/\/www.grieta.org.mx\/index.php\/wp-json\/wp\/v2\/posts\/7890\/revisions\/7893"}],"wp:featuredmedia":[{"embeddable":true,"href":"https:\/\/www.grieta.org.mx\/index.php\/wp-json\/wp\/v2\/media\/21928"}],"wp:attachment":[{"href":"https:\/\/www.grieta.org.mx\/index.php\/wp-json\/wp\/v2\/media?parent=7890"}],"wp:term":[{"taxonomy":"category","embeddable":true,"href":"https:\/\/www.grieta.org.mx\/index.php\/wp-json\/wp\/v2\/categories?post=7890"},{"taxonomy":"post_tag","embeddable":true,"href":"https:\/\/www.grieta.org.mx\/index.php\/wp-json\/wp\/v2\/tags?post=7890"}],"curies":[{"name":"wp","href":"https:\/\/api.w.org\/{rel}","templated":true}]}}