{"id":7884,"date":"2015-03-07T23:11:16","date_gmt":"2015-03-08T05:11:16","guid":{"rendered":"http:\/\/50.22.11.12\/~grietaor\/?p=7884"},"modified":"2019-02-14T15:19:03","modified_gmt":"2019-02-14T21:19:03","slug":"marcha-feminista-8demarzo-gdl","status":"publish","type":"post","link":"https:\/\/www.grieta.org.mx\/index.php\/2015\/03\/07\/marcha-feminista-8demarzo-gdl\/","title":{"rendered":"Marcha Feminista #8deMarzo GDL"},"content":{"rendered":"<p>Por: M\u00e1s de 131 ITESO<\/p>\n<p>(Guadalajara, 7 de marzo 2015) En Jalisco, como en el resto del pa\u00eds, la violencia contra las mujeres es situaci\u00f3n cotidiana, m\u00e1s no tema en la agenda p\u00fablica. Acoso callejero, feminicidios, desigualdades laborales, prejuicios son las redes que nos van aprisionando.<\/p>\n<p>Por esto, la red feminista #YoVoy8deMarzo convoc\u00f3 a una marcha por el D\u00eda Internacional de la Mujer bajo el grito de \u201cNi encerradas, ni con miedo\u201d. En el contingente, encabezado por la batucada feminista, nos conoc\u00edamos y cuid\u00e1bamos todas: rechazamos la violencia sexual, la propaganda sexista, proclamamos la reapropiaci\u00f3n de nuestros cuerpos. Estaba presente tambi\u00e9n Imelda Virgen, a casi 4 a\u00f1os de su asesinato por su ex pareja, donde sus familiares no encuentran justicia.<\/p>\n<p>\u201cReivindicamos a los Feminismos como la v\u00eda leg\u00edtima para desarmar la maquinaria de opresi\u00f3n que nos ha hecho creer que nuestros cuerpos, las calles y el mundo no nos pertenecen. Reivindicamos nuestro derecho a la vida, a habitar e inventar otras formas de existencia, el placer, la vida en comunidad, el cuidado de las unas a las otras como estrategia pol\u00edtica para sobrevivir en este desierto.\u201d @yovoy8demarzo<\/p>\n<p><a href=\"http:\/\/www.masde131.com\/2015\/03\/marcha-feminista-8demarzo-gdl\/\" target=\"_blank\">http:\/\/www.masde131.com\/2015\/03\/marcha-feminista-8demarzo-gdl\/<\/a><\/p>\n","protected":false},"excerpt":{"rendered":"<p>Por: M\u00e1s de 131 ITESO (Guadalajara, 7 de marzo 2015) En Jalisco, como en el resto del pa\u00eds, la violencia contra las mujeres es situaci\u00f3n cotidiana, m\u00e1s no tema en &hellip; <a href=\"https:\/\/www.grieta.org.mx\/index.php\/2015\/03\/07\/marcha-feminista-8demarzo-gdl\/\" class=\"more-link\">Leer m\u00e1s<\/a><\/p>\n","protected":false},"author":2,"featured_media":21928,"comment_status":"closed","ping_status":"open","sticky":false,"template":"","format":"standard","meta":{"ngg_post_thumbnail":0,"_jetpack_newsletter_access":"","_jetpack_dont_email_post_to_subs":false,"_jetpack_newsletter_tier_id":0,"_jetpack_memberships_contains_paywalled_content":false,"_jetpack_memberships_contains_paid_content":false,"footnotes":""},"categories":[80,84,2107,230,20,2,83],"tags":[81],"class_list":{"0":"post-7884","1":"post","2":"type-post","3":"status-publish","4":"format-standard","5":"has-post-thumbnail","6":"hentry","7":"category-cintillo","8":"category-feminicidios","9":"category-feminicidios-en-jalisco","10":"category-jalisco","12":"category-noticias-nacionales","13":"category-temas-nacionales","14":"tag-feminicidios","15":"entry"},"jetpack_featured_media_url":"https:\/\/www.grieta.org.mx\/wp-content\/uploads\/2018\/03\/14524434_1106112876131411_958039263622046936_o.jpg","jetpack_sharing_enabled":true,"jetpack_shortlink":"https:\/\/wp.me\/p7ZJR4-23a","jetpack_likes_enabled":false,"jetpack-related-posts":[{"id":62387,"url":"https:\/\/www.grieta.org.mx\/index.php\/2021\/10\/16\/realizan-la-decima-marcha-lesbica-feminista-en-gdl-jalisco\/","url_meta":{"origin":7884,"position":0},"title":"Realizan la d\u00e9cima marcha l\u00e9sbica feminista en GDL (Jalisco)","author":"grieta","date":"16 octubre, 2021","format":false,"excerpt":"Foto: Elizabeth Ibal Elizabeth Ibal \/ El Occidental Integrantes de diversas agrupaciones participaron en la d\u00e9cima Marcha L\u00e9sbica Feminista en Guadalajara, esta se hab\u00eda pospuesto desde el a\u00f1o pasado por la pandemia y apenas este s\u00e1bado se concret\u00f3. Fueron alrededor de 70 mujeres quienes esta tarde salieron de la Rambla\u2026","rel":"","context":"En &quot;CINTILLO&quot;","block_context":{"text":"CINTILLO","link":"https:\/\/www.grieta.org.mx\/index.php\/category\/cintillo\/"},"img":{"alt_text":"","src":"https:\/\/i0.wp.com\/www.grieta.org.mx\/wp-content\/uploads\/2021\/10\/marcha-feminista.-1jpg.jpg?resize=350%2C200&ssl=1","width":350,"height":200,"srcset":"https:\/\/i0.wp.com\/www.grieta.org.mx\/wp-content\/uploads\/2021\/10\/marcha-feminista.-1jpg.jpg?resize=350%2C200&ssl=1 1x, https:\/\/i0.wp.com\/www.grieta.org.mx\/wp-content\/uploads\/2021\/10\/marcha-feminista.-1jpg.jpg?resize=525%2C300&ssl=1 1.5x, https:\/\/i0.wp.com\/www.grieta.org.mx\/wp-content\/uploads\/2021\/10\/marcha-feminista.-1jpg.jpg?resize=700%2C400&ssl=1 2x"},"classes":[]},{"id":45590,"url":"https:\/\/www.grieta.org.mx\/index.php\/2020\/03\/04\/familias-de-victimas-encabezaran-marcha-feminista-en-guadalajara\/","url_meta":{"origin":7884,"position":1},"title":"Familias de v\u00edctimas encabezar\u00e1n marcha feminista en Guadalajara","author":"grieta","date":"4 marzo, 2020","format":false,"excerpt":"Foto: Ilustrativa En Jalisco, la marcha por el\u00a0D\u00eda Internacional de la Mujer\u00a0sumar\u00e1 a colectivos de familias de personas desaparecidas y de v\u00edctimas de feminicidio, adem\u00e1s, las organizaciones reiteraron que funcionarias que representen a partidos pol\u00edticos no son bienvenidas al contingente. \"Se ha decidido que las familias est\u00e9n presentes, madres, padres,\u2026","rel":"","context":"En &quot;CINTILLO&quot;","block_context":{"text":"CINTILLO","link":"https:\/\/www.grieta.org.mx\/index.php\/category\/cintillo\/"},"img":{"alt_text":"","src":"https:\/\/i0.wp.com\/www.grieta.org.mx\/wp-content\/uploads\/2020\/03\/ni-una-mas-medium.jpg?resize=350%2C200&ssl=1","width":350,"height":200,"srcset":"https:\/\/i0.wp.com\/www.grieta.org.mx\/wp-content\/uploads\/2020\/03\/ni-una-mas-medium.jpg?resize=350%2C200&ssl=1 1x, https:\/\/i0.wp.com\/www.grieta.org.mx\/wp-content\/uploads\/2020\/03\/ni-una-mas-medium.jpg?resize=525%2C300&ssl=1 1.5x"},"classes":[]},{"id":62790,"url":"https:\/\/www.grieta.org.mx\/index.php\/2021\/11\/25\/marchan-mujeres-para-exigir-alto-a-la-violencia-en-vallarta-jalisco\/","url_meta":{"origin":7884,"position":2},"title":"Marchan mujeres para exigir alto a la violencia en Vallarta (Jalisco)","author":"grieta","date":"25 noviembre, 2021","format":false,"excerpt":"Foto: Tribuna de la Bah\u00eda Brenda Beltr\u00e1n \/ Tribuna de la Bah\u00eda Este jueves, colectivos de mujeres, hombres y ciudadanos en general, marcharon para exigir un alto a la violencia contra las mujeres de\u00a0Puerto Vallarta, saliendo del parque de\u00a0Las Mujeres hasta llegar a Los Arcos del Malec\u00f3n. Como ya se\u2026","rel":"","context":"En &quot;CINTILLO&quot;","block_context":{"text":"CINTILLO","link":"https:\/\/www.grieta.org.mx\/index.php\/category\/cintillo\/"},"img":{"alt_text":"","src":"https:\/\/i0.wp.com\/www.grieta.org.mx\/wp-content\/uploads\/2021\/11\/marcha-contra-violencia-vallarta-2-cover.jpg?resize=350%2C200&ssl=1","width":350,"height":200,"srcset":"https:\/\/i0.wp.com\/www.grieta.org.mx\/wp-content\/uploads\/2021\/11\/marcha-contra-violencia-vallarta-2-cover.jpg?resize=350%2C200&ssl=1 1x, https:\/\/i0.wp.com\/www.grieta.org.mx\/wp-content\/uploads\/2021\/11\/marcha-contra-violencia-vallarta-2-cover.jpg?resize=525%2C300&ssl=1 1.5x, https:\/\/i0.wp.com\/www.grieta.org.mx\/wp-content\/uploads\/2021\/11\/marcha-contra-violencia-vallarta-2-cover.jpg?resize=700%2C400&ssl=1 2x"},"classes":[]},{"id":55507,"url":"https:\/\/www.grieta.org.mx\/index.php\/2020\/11\/25\/feministas-instalan-anti-monumenta-no-mas-feminicidios-frente-a-palacio-de-gobierno-en-jalisco\/","url_meta":{"origin":7884,"position":3},"title":"Feministas instalan Anti-Monumenta \u201cNo m\u00e1s feminicidios\u201d frente a Palacio de Gobierno en Jalisco","author":"grieta","date":"25 noviembre, 2020","format":false,"excerpt":"Foto: Mario Marlo Colectivas feministas y mujeres organizadas a trav\u00e9s de la red\u00a0YoVoy8deMarzo\u00a0en Jalisco, junto con familiares y sobrevivientes de la violencia feminicida en el estado, instalaron una antimonumenta con la leyenda \u201cNi perd\u00f3n ni olvido, memoria, verdad y justicia. No m\u00e1s feminicidios\u201d. En el andador Alcalde frente a Palacio\u2026","rel":"","context":"En &quot;CINTILLO&quot;","block_context":{"text":"CINTILLO","link":"https:\/\/www.grieta.org.mx\/index.php\/category\/cintillo\/"},"img":{"alt_text":"","src":"https:\/\/i0.wp.com\/www.grieta.org.mx\/wp-content\/uploads\/2020\/11\/M6.jpeg?resize=350%2C200&ssl=1","width":350,"height":200,"srcset":"https:\/\/i0.wp.com\/www.grieta.org.mx\/wp-content\/uploads\/2020\/11\/M6.jpeg?resize=350%2C200&ssl=1 1x, https:\/\/i0.wp.com\/www.grieta.org.mx\/wp-content\/uploads\/2020\/11\/M6.jpeg?resize=525%2C300&ssl=1 1.5x, https:\/\/i0.wp.com\/www.grieta.org.mx\/wp-content\/uploads\/2020\/11\/M6.jpeg?resize=700%2C400&ssl=1 2x, https:\/\/i0.wp.com\/www.grieta.org.mx\/wp-content\/uploads\/2020\/11\/M6.jpeg?resize=1050%2C600&ssl=1 3x"},"classes":[]},{"id":63695,"url":"https:\/\/www.grieta.org.mx\/index.php\/2022\/03\/08\/marchan-mujeres-de-vallarta-para-exigir-respeto-y-seguridad-jalisco\/","url_meta":{"origin":7884,"position":4},"title":"Marchan mujeres de Vallarta para exigir respeto y seguridad (Jalisco)","author":"grieta","date":"8 marzo, 2022","format":false,"excerpt":"Foto: Tribuna de la Bah\u00eda Brenda Beltr\u00e1n \/ Tribuna de la Bah\u00eda Cientos de mujeres, pertenecientes a colectivos de\u00a0Puerto Vallarta, estudiantes, madres de familias y m\u00e1s, salieron a\u00a0marchar este 8 de marzo\u00a0de forma pac\u00edfica, exigiendo a las autoridades que sean escuchadas ante la violencia que se vive en la ciudad.\u2026","rel":"","context":"En &quot;CINTILLO&quot;","block_context":{"text":"CINTILLO","link":"https:\/\/www.grieta.org.mx\/index.php\/category\/cintillo\/"},"img":{"alt_text":"","src":"https:\/\/i0.wp.com\/www.grieta.org.mx\/wp-content\/uploads\/2022\/03\/marcha-8m-cover.jpg?resize=350%2C200&ssl=1","width":350,"height":200,"srcset":"https:\/\/i0.wp.com\/www.grieta.org.mx\/wp-content\/uploads\/2022\/03\/marcha-8m-cover.jpg?resize=350%2C200&ssl=1 1x, https:\/\/i0.wp.com\/www.grieta.org.mx\/wp-content\/uploads\/2022\/03\/marcha-8m-cover.jpg?resize=525%2C300&ssl=1 1.5x, https:\/\/i0.wp.com\/www.grieta.org.mx\/wp-content\/uploads\/2022\/03\/marcha-8m-cover.jpg?resize=700%2C400&ssl=1 2x"},"classes":[]},{"id":66235,"url":"https:\/\/www.grieta.org.mx\/index.php\/2023\/02\/07\/mujeres-en-poncitlan-exigen-justicia-y-seguridad-en-marcha-sin-precedentes-jalisco\/","url_meta":{"origin":7884,"position":5},"title":"Mujeres en Poncitl\u00e1n exigen justicia y seguridad en marcha sin precedentes (Jalisco)","author":"grieta","date":"7 febrero, 2023","format":false,"excerpt":"Imagen: Edgar Flores Ante el doble feminicido perpetrado la semana pasada era necesario \u201calzar la voz y no quedarse calladas y no tener miedo\u201d para exigir a las autoridades una adecuada atenci\u00f3n para que den seguimiento puntual a los casos de violencia contra las mujeres, asegur\u00f3 Marisol Jaramillo, feminista que\u2026","rel":"","context":"En &quot;CINTILLO&quot;","block_context":{"text":"CINTILLO","link":"https:\/\/www.grieta.org.mx\/index.php\/category\/cintillo\/"},"img":{"alt_text":"","src":"https:\/\/i0.wp.com\/www.grieta.org.mx\/wp-content\/uploads\/2023\/02\/2023-02-07_08-02-14___986.png?resize=350%2C200&ssl=1","width":350,"height":200,"srcset":"https:\/\/i0.wp.com\/www.grieta.org.mx\/wp-content\/uploads\/2023\/02\/2023-02-07_08-02-14___986.png?resize=350%2C200&ssl=1 1x, https:\/\/i0.wp.com\/www.grieta.org.mx\/wp-content\/uploads\/2023\/02\/2023-02-07_08-02-14___986.png?resize=525%2C300&ssl=1 1.5x, https:\/\/i0.wp.com\/www.grieta.org.mx\/wp-content\/uploads\/2023\/02\/2023-02-07_08-02-14___986.png?resize=700%2C400&ssl=1 2x"},"classes":[]}],"_links":{"self":[{"href":"https:\/\/www.grieta.org.mx\/index.php\/wp-json\/wp\/v2\/posts\/7884","targetHints":{"allow":["GET"]}}],"collection":[{"href":"https:\/\/www.grieta.org.mx\/index.php\/wp-json\/wp\/v2\/posts"}],"about":[{"href":"https:\/\/www.grieta.org.mx\/index.php\/wp-json\/wp\/v2\/types\/post"}],"author":[{"embeddable":true,"href":"https:\/\/www.grieta.org.mx\/index.php\/wp-json\/wp\/v2\/users\/2"}],"replies":[{"embeddable":true,"href":"https:\/\/www.grieta.org.mx\/index.php\/wp-json\/wp\/v2\/comments?post=7884"}],"version-history":[{"count":1,"href":"https:\/\/www.grieta.org.mx\/index.php\/wp-json\/wp\/v2\/posts\/7884\/revisions"}],"predecessor-version":[{"id":10826,"href":"https:\/\/www.grieta.org.mx\/index.php\/wp-json\/wp\/v2\/posts\/7884\/revisions\/10826"}],"wp:featuredmedia":[{"embeddable":true,"href":"https:\/\/www.grieta.org.mx\/index.php\/wp-json\/wp\/v2\/media\/21928"}],"wp:attachment":[{"href":"https:\/\/www.grieta.org.mx\/index.php\/wp-json\/wp\/v2\/media?parent=7884"}],"wp:term":[{"taxonomy":"category","embeddable":true,"href":"https:\/\/www.grieta.org.mx\/index.php\/wp-json\/wp\/v2\/categories?post=7884"},{"taxonomy":"post_tag","embeddable":true,"href":"https:\/\/www.grieta.org.mx\/index.php\/wp-json\/wp\/v2\/tags?post=7884"}],"curies":[{"name":"wp","href":"https:\/\/api.w.org\/{rel}","templated":true}]}}