{"id":787,"date":"2015-09-21T14:56:12","date_gmt":"2015-09-21T14:56:12","guid":{"rendered":"http:\/\/50.22.11.12\/~grietaor\/?p=787"},"modified":"2016-03-02T15:00:47","modified_gmt":"2016-03-02T15:00:47","slug":"ong-denuncia-ataque-a-instalaciones-de-sistema-de-agua-comunitario-en-coyotepec-edomex","status":"publish","type":"post","link":"https:\/\/www.grieta.org.mx\/index.php\/2015\/09\/21\/ong-denuncia-ataque-a-instalaciones-de-sistema-de-agua-comunitario-en-coyotepec-edomex\/","title":{"rendered":"ONG denuncia ataque a instalaciones de sistema de agua comunitario en Coyotepec, Edomex"},"content":{"rendered":"<p>Mayela S\u00e1nchez<\/p>\n<p>A las 11 de la ma\u00f1ana de este lunes una decena de personas atac\u00f3 las instalaciones del sistema comunitario de agua.<\/p>\n<p>Ciudad de M\u00e9xico, 21 de septiembre (SinEmbargo).- El Centro de Derechos Humanos Zeferino Ladrillero denunci\u00f3 este lunes que las instalaciones del sistema comunitario de agua potable fue saboteado para impedir la distribuci\u00f3n del l\u00edquido a los cerca de 50 mil habitantes del municipio de Coyotepec, en el Estado de M\u00e9xico.<\/p>\n<p>El director de la organizaci\u00f3n civil, Jos\u00e9 Antonio Lara Duque, se\u00f1al\u00f3 como supuestos responsables a personas cercanas al municipio, quienes apoyan la municipalizaci\u00f3n del servicio de suministro de agua.<\/p>\n<p>La municipalizaci\u00f3n implicar\u00eda que sea la Alcald\u00eda la que gestione el servicio, en una demarcaci\u00f3n que tradicionalmente ha mantenido esta actividad en manos de sus habitantes. De acuerdo con Lara Duque, el sistema de agua fue construido por la comunidad y se gestiona a trav\u00e9s de la Administraci\u00f3n Aut\u00f3noma de Agua Potable de Coyotepec (AAPCOY). La municipalizaci\u00f3n del servicio implicar\u00eda no s\u00f3lo que pasara a manos de la presidencia municipal, sino el riesgo de que \u00e9sta sea usada para abastecer a otros municipios, particularmente Huehuetoca, donde escasea el agua, seg\u00fan ha advertido el Centro de Derechos Humanos en reiteradas ocasiones.<\/p>\n<p>De acuerdo con Lara Duque, a las 11 de la ma\u00f1ana de este lunes una decena de personas atac\u00f3 las instalaciones del sistema comunitario de agua, rompiendo el cable con el que la bomba recibe la energ\u00eda el\u00e9ctrica necesaria para funcionar. Agreg\u00f3 que la Comisi\u00f3n Federal de Electricidad no suministra actualmente energ\u00eda el\u00e9ctrica a los pozos del municipio, por lo que la comunidad adquiri\u00f3 dos generadores el\u00e9ctricos. \u00c9stos tambi\u00e9n fueron destruidos, dijo.<\/p>\n<p>Lara Duque afirm\u00f3 que los supuestos responsables son personas que le han hecho el \u201ctrabajo sucio\u201d a las autoridades municipales para asediar a la comunidad, que se resiste a la municipalizaci\u00f3n del servicio de agua potable.<\/p>\n<p>El sabotaje denunciado ocurri\u00f3 en el contexto de la renovaci\u00f3n del sistema comunitario de agua en Coyotepec. En un comunicado, la AAPCOY acus\u00f3 que la intenci\u00f3n del sabotaje \u201ces claramente mantener y elevar el asedio al agua de Coyotepec iniciado p\u00fablicamente desde junio de 2013, el cual ha costado vidas y decenas de lesionados en este municipio del norte del estado de M\u00e9xico\u201d.<\/p>\n<p>La organizaci\u00f3n defensora de derechos humanos que acompa\u00f1a a la comunidad se\u00f1al\u00f3 que el antecedente inmediato del ataque de este d\u00eda ocurri\u00f3 el pasado 6 de septiembre, cuando se llevaron a cabo las elecciones donde los usuarios del sistema aut\u00f3nomo de agua potable decidieron quienes ser\u00edan las nuevas personas responsables del funcionamiento de la AAPCOY y la prestaci\u00f3n del servicio de agua potable.<\/p>\n<p>La jornada electoral inici\u00f3 en un contexto tenso, se\u00f1al\u00f3 en el comunicado, pues d\u00edas anteriores varias personas hab\u00edan sido amenazadas y se presum\u00eda que el proceso organizado por el Consejo Electoral Ciudadano de Coyotepec (CECC) podr\u00eda ser boicoteado.<\/p>\n<p>\u201cAl principio de la jornada electoral un grupo de personas trataron de impedir que las y los usuarios votaran formando una cadena humana para cubrir el kiosco donde se encontraban las urnas, sin embargo la ciudadan\u00eda los repeli\u00f3 argumentando que todas y todos los usuarios responsables ten\u00edan el derecho de votar, por lo que finalmente la elecci\u00f3n se realiz\u00f3 sin mayor problema, resultando ganadora la planilla dos formada por integrantes del \u2018Frente 9 de Junio en Defensa de los Recursos Naturales de Coyotepec\u2019, quienes se han caracterizado por encabezar el proceso de defensa del agua dentro del municipio, evitando que se municipalice y posteriormente se privatice\u201d, agrega el escrito.<\/p>\n<p>Para el Centro de Derechos Humanos, estos antecedentes evidencian que quienes pretenden la municipalizaci\u00f3n o supuesta privatizaci\u00f3n del agua potable, al ver frustrados sus intentos anteriores por impedir el desarrollo del proceso auton\u00f3mico \u201chan elevado la agresividad y han echado a andar acciones, adem\u00e1s de ilegales, que pueden elevar el conflicto de nueva cuenta a niveles de confrontaci\u00f3n de ninguna manera deseable\u201d.<\/p>\n<p>Lara Duque advirti\u00f3 del riesgo de que se eleve la confrontaci\u00f3n entre quienes desean mantener el servicio en manos de la poblaci\u00f3n y los que apoyan su municipalizaci\u00f3n, al decir que \u201cante la acci\u00f3n del boicot, va a haber respuesta de la comunidad\u201d.<\/p>\n<p><a href=\"http:\/\/www.sinembargo.mx\/21-09-2015\/1494049\" target=\"_blank\">www.sinembargo.mx\/21-09-2015\/1494049<\/a><\/p>\n","protected":false},"excerpt":{"rendered":"<p>Mayela S\u00e1nchez A las 11 de la ma\u00f1ana de este lunes una decena de personas atac\u00f3 las instalaciones del sistema comunitario de agua. Ciudad de M\u00e9xico, 21 de septiembre (SinEmbargo).- &hellip; <a href=\"https:\/\/www.grieta.org.mx\/index.php\/2015\/09\/21\/ong-denuncia-ataque-a-instalaciones-de-sistema-de-agua-comunitario-en-coyotepec-edomex\/\" class=\"more-link\">Leer m\u00e1s<\/a><\/p>\n","protected":false},"author":2,"featured_media":21928,"comment_status":"closed","ping_status":"open","sticky":false,"template":"","format":"standard","meta":{"ngg_post_thumbnail":0,"_jetpack_newsletter_access":"","_jetpack_dont_email_post_to_subs":false,"_jetpack_newsletter_tier_id":0,"_jetpack_memberships_contains_paywalled_content":false,"_jetpack_memberships_contains_paid_content":false,"footnotes":""},"categories":[80],"tags":[92],"class_list":["post-787","post","type-post","status-publish","format-standard","has-post-thumbnail","hentry","category-cintillo","tag-estado-de-mexico","entry"],"jetpack_featured_media_url":"https:\/\/www.grieta.org.mx\/wp-content\/uploads\/2018\/03\/14524434_1106112876131411_958039263622046936_o.jpg","jetpack_sharing_enabled":true,"jetpack_shortlink":"https:\/\/wp.me\/p7ZJR4-cH","jetpack_likes_enabled":false,"jetpack-related-posts":[{"id":14266,"url":"https:\/\/www.grieta.org.mx\/index.php\/2016\/06\/11\/continua-la-defensa-del-agua-en-coyotepec-contra-la-municipalizacion\/","url_meta":{"origin":787,"position":0},"title":"Contin\u00faa la defensa del agua en Coyotepec contra la &#8220;Municipalizaci\u00f3n&#8221;","author":"grieta","date":"11 junio, 2016","format":false,"excerpt":"Perseo Greco Coyotepec, Estado de M\u00e9xico. 11 de junio 2016. El pasado 9 de junio en la plaza central del pueblo de Coyotepec, Estado de M\u00e9xico, se realiz\u00f3 el Foro Nacional \"Agua para todos administrada por el pueblo\", convocado por el Consejo Nacional Del Pueblo Mexicano. Este foro se efectu\u00f3\u2026","rel":"","context":"En &quot;CINTILLO&quot;","block_context":{"text":"CINTILLO","link":"https:\/\/www.grieta.org.mx\/index.php\/category\/cintillo\/"},"img":{"alt_text":"","src":"https:\/\/i0.wp.com\/www.grieta.org.mx\/wp-content\/uploads\/2018\/03\/14524434_1106112876131411_958039263622046936_o.jpg?resize=350%2C200&ssl=1","width":350,"height":200,"srcset":"https:\/\/i0.wp.com\/www.grieta.org.mx\/wp-content\/uploads\/2018\/03\/14524434_1106112876131411_958039263622046936_o.jpg?resize=350%2C200&ssl=1 1x, https:\/\/i0.wp.com\/www.grieta.org.mx\/wp-content\/uploads\/2018\/03\/14524434_1106112876131411_958039263622046936_o.jpg?resize=525%2C300&ssl=1 1.5x, https:\/\/i0.wp.com\/www.grieta.org.mx\/wp-content\/uploads\/2018\/03\/14524434_1106112876131411_958039263622046936_o.jpg?resize=700%2C400&ssl=1 2x"},"classes":[]},{"id":909,"url":"https:\/\/www.grieta.org.mx\/index.php\/2016\/08\/13\/despojo-de-agua-en-coyotepec\/","url_meta":{"origin":787,"position":1},"title":"Despojo de agua en Coyotepec","author":"grieta","date":"13 agosto, 2016","format":false,"excerpt":"13\/08\/16. \u201cSalte del movimiento del agua o se los va a cargar la chingada\u201d, agreden a defensores; Organizaci\u00f3n Mundial Contra la Tortura se pronunciaRevoluci\u00f3n 3.0 23\/06\/16. Defend\u00edan su agua, fueron a prisi\u00f3n y salieron. Pero su libertad est\u00e1 en riesgo.Sin Embargo 11\/06\/16. Contin\u00faa la defensa del agua en Coyotepec contra\u2026","rel":"","context":"En &quot;Estado de M\u00e9xico&quot;","block_context":{"text":"Estado de M\u00e9xico","link":"https:\/\/www.grieta.org.mx\/index.php\/category\/noticias-nacionales\/estado-de-mexico\/"},"img":{"alt_text":"","src":"https:\/\/i0.wp.com\/www.grieta.org.mx\/wp-content\/uploads\/2018\/03\/14524434_1106112876131411_958039263622046936_o.jpg?resize=350%2C200&ssl=1","width":350,"height":200,"srcset":"https:\/\/i0.wp.com\/www.grieta.org.mx\/wp-content\/uploads\/2018\/03\/14524434_1106112876131411_958039263622046936_o.jpg?resize=350%2C200&ssl=1 1x, https:\/\/i0.wp.com\/www.grieta.org.mx\/wp-content\/uploads\/2018\/03\/14524434_1106112876131411_958039263622046936_o.jpg?resize=525%2C300&ssl=1 1.5x, https:\/\/i0.wp.com\/www.grieta.org.mx\/wp-content\/uploads\/2018\/03\/14524434_1106112876131411_958039263622046936_o.jpg?resize=700%2C400&ssl=1 2x"},"classes":[]},{"id":785,"url":"https:\/\/www.grieta.org.mx\/index.php\/2015\/10\/26\/denuncian-mas-agresiones-contra-pobladores-de-coyotepec-que-se-oponen-a-privatizacion-del-agua\/","url_meta":{"origin":787,"position":2},"title":"Denuncian m\u00e1s agresiones contra pobladores de Coyotepec que se oponen a privatizaci\u00f3n del agua","author":"grieta","date":"26 octubre, 2015","format":false,"excerpt":"M\u00e9xico, 26 de octubre 2015 (NOTIGOD\u00cdNEZ).- El Centro de Derechos Humanos Zeferino Ladrillero (CDHZL), emiti\u00f3 a trav\u00e9s de su blog en Internet un comunicado para denunciar que se preparan nuevas agresiones contra pobladores de Coyotepec, Estado de M\u00e9xico, luego de varios meses de f\u00e9rrea resistencia contra la municipalizaci\u00f3n del servicio\u2026","rel":"","context":"En &quot;CINTILLO&quot;","block_context":{"text":"CINTILLO","link":"https:\/\/www.grieta.org.mx\/index.php\/category\/cintillo\/"},"img":{"alt_text":"","src":"https:\/\/i0.wp.com\/www.grieta.org.mx\/wp-content\/uploads\/2018\/03\/14524434_1106112876131411_958039263622046936_o.jpg?resize=350%2C200&ssl=1","width":350,"height":200,"srcset":"https:\/\/i0.wp.com\/www.grieta.org.mx\/wp-content\/uploads\/2018\/03\/14524434_1106112876131411_958039263622046936_o.jpg?resize=350%2C200&ssl=1 1x, https:\/\/i0.wp.com\/www.grieta.org.mx\/wp-content\/uploads\/2018\/03\/14524434_1106112876131411_958039263622046936_o.jpg?resize=525%2C300&ssl=1 1.5x, https:\/\/i0.wp.com\/www.grieta.org.mx\/wp-content\/uploads\/2018\/03\/14524434_1106112876131411_958039263622046936_o.jpg?resize=700%2C400&ssl=1 2x"},"classes":[]},{"id":12253,"url":"https:\/\/www.grieta.org.mx\/index.php\/2016\/04\/28\/coyotepec-cavo-pozos-en-1963-eruviel-los-quiere-para-empresas\/","url_meta":{"origin":787,"position":3},"title":"Coyotepec cav\u00f3 pozos en 1963; Eruviel los quiere\u2026 para empresas","author":"grieta","date":"28 abril, 2016","format":false,"excerpt":"Daniela Barrag\u00e1n y Dulce Olvera Coyotepec, Estado de M\u00e9xico, 28 de abril (SinEmbargo).\u2013 Gloria Montiel, de 32 a\u00f1os, guarda historias de su abuelo; de cuando, en 1963, don Antonio Montiel Garc\u00eda y otros habitantes de Coyotepec, rascaron la tierra de ese municipio de origen n\u00e1huatl \u2013ubicado al norte del Estado\u2026","rel":"","context":"En &quot;CINTILLO&quot;","block_context":{"text":"CINTILLO","link":"https:\/\/www.grieta.org.mx\/index.php\/category\/cintillo\/"},"img":{"alt_text":"","src":"https:\/\/i0.wp.com\/www.grieta.org.mx\/wp-content\/uploads\/2018\/03\/14524434_1106112876131411_958039263622046936_o.jpg?resize=350%2C200&ssl=1","width":350,"height":200,"srcset":"https:\/\/i0.wp.com\/www.grieta.org.mx\/wp-content\/uploads\/2018\/03\/14524434_1106112876131411_958039263622046936_o.jpg?resize=350%2C200&ssl=1 1x, https:\/\/i0.wp.com\/www.grieta.org.mx\/wp-content\/uploads\/2018\/03\/14524434_1106112876131411_958039263622046936_o.jpg?resize=525%2C300&ssl=1 1.5x, https:\/\/i0.wp.com\/www.grieta.org.mx\/wp-content\/uploads\/2018\/03\/14524434_1106112876131411_958039263622046936_o.jpg?resize=700%2C400&ssl=1 2x"},"classes":[]},{"id":906,"url":"https:\/\/www.grieta.org.mx\/index.php\/2015\/02\/03\/tensa-situacion-en-coyotepec-policia-municipal-toma-con-armas-de-fuego-pozo-de-agua-y-envia-golpeadores-contra-pobladores\/","url_meta":{"origin":787,"position":4},"title":"Tensa situaci\u00f3n en Coyotepec, polic\u00eda municipal toma con armas de fuego pozo de agua y env\u00eda golpeadores contra pobladores","author":"grieta","date":"3 febrero, 2015","format":false,"excerpt":"Ciudad de M\u00e9xico, 3 de febrero de 2015. Desde las primeras horas del d\u00eda de hoy se registr\u00f3 cuatro enfrentamientos entre pobladores de Coyotepec, Estado de M\u00e9xico, y grupos de choque pagados por el gobierno municipal. \u201cEl alcalde Alfredo Anguiano Fuentes, les pago a unas cien personas para que nos\u2026","rel":"","context":"En &quot;CINTILLO&quot;","block_context":{"text":"CINTILLO","link":"https:\/\/www.grieta.org.mx\/index.php\/category\/cintillo\/"},"img":{"alt_text":"","src":"https:\/\/i0.wp.com\/www.grieta.org.mx\/wp-content\/uploads\/2018\/03\/14524434_1106112876131411_958039263622046936_o.jpg?resize=350%2C200&ssl=1","width":350,"height":200,"srcset":"https:\/\/i0.wp.com\/www.grieta.org.mx\/wp-content\/uploads\/2018\/03\/14524434_1106112876131411_958039263622046936_o.jpg?resize=350%2C200&ssl=1 1x, https:\/\/i0.wp.com\/www.grieta.org.mx\/wp-content\/uploads\/2018\/03\/14524434_1106112876131411_958039263622046936_o.jpg?resize=525%2C300&ssl=1 1.5x, https:\/\/i0.wp.com\/www.grieta.org.mx\/wp-content\/uploads\/2018\/03\/14524434_1106112876131411_958039263622046936_o.jpg?resize=700%2C400&ssl=1 2x"},"classes":[]},{"id":894,"url":"https:\/\/www.grieta.org.mx\/index.php\/2015\/04\/23\/asesinan-a-otro-defensor-de-coyotepec-lo-encuentran-en-deposito-de-agua-potable\/","url_meta":{"origin":787,"position":5},"title":"Asesinan a otro defensor de Coyotepec; lo encuentran en dep\u00f3sito de agua potable","author":"grieta","date":"23 abril, 2015","format":false,"excerpt":"ALDABI OLVERA (Ciudad de M\u00e9xico).- Jos\u00e9 Ignacio Cervantes \u00c1ngeles de 47 a\u00f1os, era uno de los integrantes de la Administraci\u00f3n del Agua Potable Aut\u00f3noma que los pobladores de Coyotepec \u2014municipio ubicado en el norte del Estado de M\u00e9xico\u2014 mantienen para defenderse de los intentos de \u201cmunicipalizaci\u00f3n\u201d del agua desde el\u2026","rel":"","context":"En &quot;CINTILLO&quot;","block_context":{"text":"CINTILLO","link":"https:\/\/www.grieta.org.mx\/index.php\/category\/cintillo\/"},"img":{"alt_text":"","src":"https:\/\/i0.wp.com\/www.grieta.org.mx\/wp-content\/uploads\/2018\/03\/14524434_1106112876131411_958039263622046936_o.jpg?resize=350%2C200&ssl=1","width":350,"height":200,"srcset":"https:\/\/i0.wp.com\/www.grieta.org.mx\/wp-content\/uploads\/2018\/03\/14524434_1106112876131411_958039263622046936_o.jpg?resize=350%2C200&ssl=1 1x, https:\/\/i0.wp.com\/www.grieta.org.mx\/wp-content\/uploads\/2018\/03\/14524434_1106112876131411_958039263622046936_o.jpg?resize=525%2C300&ssl=1 1.5x, https:\/\/i0.wp.com\/www.grieta.org.mx\/wp-content\/uploads\/2018\/03\/14524434_1106112876131411_958039263622046936_o.jpg?resize=700%2C400&ssl=1 2x"},"classes":[]}],"_links":{"self":[{"href":"https:\/\/www.grieta.org.mx\/index.php\/wp-json\/wp\/v2\/posts\/787","targetHints":{"allow":["GET"]}}],"collection":[{"href":"https:\/\/www.grieta.org.mx\/index.php\/wp-json\/wp\/v2\/posts"}],"about":[{"href":"https:\/\/www.grieta.org.mx\/index.php\/wp-json\/wp\/v2\/types\/post"}],"author":[{"embeddable":true,"href":"https:\/\/www.grieta.org.mx\/index.php\/wp-json\/wp\/v2\/users\/2"}],"replies":[{"embeddable":true,"href":"https:\/\/www.grieta.org.mx\/index.php\/wp-json\/wp\/v2\/comments?post=787"}],"version-history":[{"count":1,"href":"https:\/\/www.grieta.org.mx\/index.php\/wp-json\/wp\/v2\/posts\/787\/revisions"}],"predecessor-version":[{"id":791,"href":"https:\/\/www.grieta.org.mx\/index.php\/wp-json\/wp\/v2\/posts\/787\/revisions\/791"}],"wp:featuredmedia":[{"embeddable":true,"href":"https:\/\/www.grieta.org.mx\/index.php\/wp-json\/wp\/v2\/media\/21928"}],"wp:attachment":[{"href":"https:\/\/www.grieta.org.mx\/index.php\/wp-json\/wp\/v2\/media?parent=787"}],"wp:term":[{"taxonomy":"category","embeddable":true,"href":"https:\/\/www.grieta.org.mx\/index.php\/wp-json\/wp\/v2\/categories?post=787"},{"taxonomy":"post_tag","embeddable":true,"href":"https:\/\/www.grieta.org.mx\/index.php\/wp-json\/wp\/v2\/tags?post=787"}],"curies":[{"name":"wp","href":"https:\/\/api.w.org\/{rel}","templated":true}]}}