{"id":7846,"date":"2015-11-13T22:49:45","date_gmt":"2015-11-13T22:49:45","guid":{"rendered":"http:\/\/50.22.11.12\/~grietaor\/?p=7846"},"modified":"2016-03-29T22:53:36","modified_gmt":"2016-03-29T22:53:36","slug":"no-al-mando-unico-estatal-cheran-y-coahuyana-michoacan","status":"publish","type":"post","link":"https:\/\/www.grieta.org.mx\/index.php\/2015\/11\/13\/no-al-mando-unico-estatal-cheran-y-coahuyana-michoacan\/","title":{"rendered":"No al Mando \u00danico Estatal: Cher\u00e1n y Coahuyana, Michoac\u00e1n"},"content":{"rendered":"<blockquote><p>En 2013 se pacta iniciativa, para diciembre del 2014 se oficializa, en 2015 se encuentra con la realidad.<\/p><\/blockquote>\n<p>por Imelda Carranza<\/p>\n<p>Redacci\u00f3n. 13 de noviembre del 2015.- El pasado 12 noviembre los municipios de Coahuayana y Cheran en Michoac\u00e1n se posicionaron en contra de la propuesta de incorporarse al Mando \u00danico Estatal. Su posicionamiento fue determinado en asamblea popular. Esta decisi\u00f3n se fundamenta en el respeto a sus formas de organizaci\u00f3n, en las cuales no es necesaria la intervenci\u00f3n de las fuerzas polic\u00edacas para resguardar la seguridad de su comunidad.<\/p>\n<p>La propuesta del Mando \u00danico propone: \u201cla eliminaci\u00f3n de polic\u00edas municipales y ampliaci\u00f3n de la jurisdicci\u00f3n para la Polic\u00eda Estatal. De esta forma, se busca homogenizar la capacitaci\u00f3n, sueldos, prestaciones, lo que les permitir\u00eda a los polic\u00edas tener mejores condiciones laborales y optimizar los resultados en t\u00e9rminos de investigaci\u00f3n, an\u00e1lisis, e inteligencia, con la intenci\u00f3n de fomentar a largo plazo una polic\u00eda cient\u00edfica que tuviera como eje de intervenci\u00f3n la prevenci\u00f3n\u201d.<\/p>\n<p>La respuesta de ambos municipios se debe al tipo de organizaci\u00f3n que los ha caracterizado. Por un lado, Cher\u00e1n se rige por sus usos y costumbres las cuales han creado la denominada: Ronda Comunitaria que se encarga de resguardar la seguridad del municipio. Adem\u00e1s, se han creado otro tipo de organismos que resguardan la seguridad del bosque pur\u00e9pecha, territorio sagrado. De esta forma, no han necesitado la intervenci\u00f3n de la Polic\u00eda Municipal o del Ej\u00e9rcito. Por lo anterior, no consideran necesario sumarse al mando \u00fanico Estatal.<\/p>\n<p>Con respecto al caso de Coahuayana, en enero del 2014 organiz\u00f3 su propio grupo de Autodefensas para contrarrestar la violencia que el crimen organizado hab\u00eda desatado en esta regi\u00f3n. Poco despu\u00e9s, con la propuesta de institucionalizar estos organismos se incorporaron a las denominadas Fuerzas Rurales, a pesar de esta incorporaci\u00f3n cuentan con un alto grado de legitimidad en la comunidad. De tal forma que su respuesta frente al Mando \u00danico fue de rechaz\u00f3 total, pues de acuerdo a los pobladores: esta iniciativa es un primer paso para su desarme y desmovilizaci\u00f3n. Aunque no se ha aceptado el Mando \u00danico, el presidente municipal se muestra a favor de la incorporaci\u00f3n. Mientras tanto la Polic\u00eda Militar se presenta en la asamblea para informar sobre su presencia, la cual mencionan que es de car\u00e1cter indefinido. Situaci\u00f3n que visiblemente incomoda a los pobladores. Por su parte, la Polic\u00eda Federal, que ya se encontraba con anterioridad en esa comunidad, intenta mostrar las ventajas de la incorporaci\u00f3n al Mando \u00danico. Hasta el cierre de esta nota Coahuayana no acepta el mando unificado, pero no hay un posicionamiento formal.<\/p>\n<p>La iniciativa de reforma constitucional para implementar el Mando \u00danico Estatal fue presentada formalmente por Felipe Calder\u00f3n el 4 de octubre del 2010. No obstante, no fue bien recibida por los gobernadores, de tal forma no fue posible llevarla a cabo en la magnitud que se hab\u00eda planeado. Fue con la administraci\u00f3n de Enrique Pe\u00f1a Nieto que en el 2013 durante la Conferencia Nacional de Gobernadores (CONAGO) que se logra un pacto. Para diciembre del 2014 se publican en el Diario Oficial de la Federaci\u00f3n, los acuerdos del Sistema Nacional de Seguridad Publica. Entre otros puntos se dispone que: Las entidades federativas que as\u00ed lo determinen, suscribir\u00e1n en su oportunidad dicho Convenio y en su caso, los convenios modificatorios a los convenios de Mando \u00danico que tengan celebrados.<\/p>\n<p>Adem\u00e1s del caso de Michoac\u00e1n, existen cientos de ejemplos que evidencian la diversidad organizativa que existe en M\u00e9xico en t\u00e9rminos de organismos de seguridad. Podemos encontrar situaciones similares en Oaxaca, Veracruz y Guerrero. Estados donde existen alternativas de seguridad comunitaria que se contraponen con la propuesta federal.<\/p>\n<p><a href=\"http:\/\/www.somoselmedio.org\/article\/no-al-mando-unico-estatal-cheran-y-coahuyana-michoacan#sthash.3kk7gpk3.dpuf\" target=\"_blank\">http:\/\/www.somoselmedio.org\/article\/no-al-mando-unico-estatal-cheran-y-coahuyana-michoacan#sthash.3kk7gpk3.dpuf<\/a><\/p>\n","protected":false},"excerpt":{"rendered":"<p>En 2013 se pacta iniciativa, para diciembre del 2014 se oficializa, en 2015 se encuentra con la realidad. por Imelda Carranza Redacci\u00f3n. 13 de noviembre del 2015.- El pasado 12 &hellip; <a href=\"https:\/\/www.grieta.org.mx\/index.php\/2015\/11\/13\/no-al-mando-unico-estatal-cheran-y-coahuyana-michoacan\/\" class=\"more-link\">Leer m\u00e1s<\/a><\/p>\n","protected":false},"author":1,"featured_media":21928,"comment_status":"closed","ping_status":"open","sticky":false,"template":"","format":"standard","meta":{"ngg_post_thumbnail":0,"_jetpack_newsletter_access":"","_jetpack_dont_email_post_to_subs":false,"_jetpack_newsletter_tier_id":0,"_jetpack_memberships_contains_paywalled_content":false,"_jetpack_memberships_contains_paid_content":false,"footnotes":""},"categories":[80,82],"tags":[474,476,478,477],"class_list":["post-7846","post","type-post","status-publish","format-standard","has-post-thumbnail","hentry","category-cintillo","category-michoacan","tag-autonomia","tag-cheran","tag-coahuyana","tag-mando-unico","entry"],"jetpack_featured_media_url":"https:\/\/www.grieta.org.mx\/wp-content\/uploads\/2018\/03\/14524434_1106112876131411_958039263622046936_o.jpg","jetpack_sharing_enabled":true,"jetpack_shortlink":"https:\/\/wp.me\/p7ZJR4-22y","jetpack_likes_enabled":false,"jetpack-related-posts":[{"id":7825,"url":"https:\/\/www.grieta.org.mx\/index.php\/2016\/05\/24\/lucha-y-resistencia-del-pueblo-de-purhepecha-de-cheran\/","url_meta":{"origin":7846,"position":0},"title":"Lucha y resistencia del pueblo p&#8217;urh\u00e9pecha de Cher\u00e1n","author":"Admin","date":"24 mayo, 2016","format":false,"excerpt":"Tercer aniversario de la autonom\u00eda del pueblo de Cher\u00e1n 24\/05\/16. Cher\u00e1n: lo importante no es llegar sino mantenerse Subversiones 19\/04\/16. Cher\u00e1n, tres a\u00f1os sin partidos, sin gobierno y sin violencia Quadrat\u00edn 16\/04\/16. Cher\u00e1n conmemor\u00f3 su 3\u00ba Aniversario del levantamiento en contra del crimen organizado Michoac\u00e1n 3.0 Las comunidades de Cher\u00e1n\u2026","rel":"","context":"En &quot;15. Cher\u00e1n&quot;","block_context":{"text":"15. Cher\u00e1n","link":"https:\/\/www.grieta.org.mx\/index.php\/category\/espejos-de-la-resistencia\/15-cheran\/"},"img":{"alt_text":"","src":"https:\/\/i0.wp.com\/www.grieta.org.mx\/wp-content\/uploads\/2018\/03\/14524434_1106112876131411_958039263622046936_o.jpg?resize=350%2C200&ssl=1","width":350,"height":200,"srcset":"https:\/\/i0.wp.com\/www.grieta.org.mx\/wp-content\/uploads\/2018\/03\/14524434_1106112876131411_958039263622046936_o.jpg?resize=350%2C200&ssl=1 1x, https:\/\/i0.wp.com\/www.grieta.org.mx\/wp-content\/uploads\/2018\/03\/14524434_1106112876131411_958039263622046936_o.jpg?resize=525%2C300&ssl=1 1.5x, https:\/\/i0.wp.com\/www.grieta.org.mx\/wp-content\/uploads\/2018\/03\/14524434_1106112876131411_958039263622046936_o.jpg?resize=700%2C400&ssl=1 2x"},"classes":[]},{"id":7864,"url":"https:\/\/www.grieta.org.mx\/index.php\/2015\/04\/19\/solo-cuatro-alcaldes-de-michoacan-se-oponen-a-mando-unico\/","url_meta":{"origin":7846,"position":1},"title":"S\u00f3lo cuatro alcaldes de Michoac\u00e1n se oponen a mando \u00fanico","author":"Admin","date":"19 abril, 2015","format":false,"excerpt":"Un total de 109 de los 113 alcaldes de Michoac\u00e1n dieron su visto bueno al nuevo esquema policial. S\u00f3lo cuatro municipios declinaron su incorporaci\u00f3n, Cher\u00e1n, Marco Castellanos, Zamora y Angangueo. Autoridades municipales aceptaron este martes 29 de abril la implementaci\u00f3n del Mando Unificado en Michoac\u00e1n. En una reuni\u00f3n privada con\u2026","rel":"","context":"En &quot;CINTILLO&quot;","block_context":{"text":"CINTILLO","link":"https:\/\/www.grieta.org.mx\/index.php\/category\/cintillo\/"},"img":{"alt_text":"","src":"https:\/\/i0.wp.com\/www.grieta.org.mx\/wp-content\/uploads\/2018\/03\/14524434_1106112876131411_958039263622046936_o.jpg?resize=350%2C200&ssl=1","width":350,"height":200,"srcset":"https:\/\/i0.wp.com\/www.grieta.org.mx\/wp-content\/uploads\/2018\/03\/14524434_1106112876131411_958039263622046936_o.jpg?resize=350%2C200&ssl=1 1x, https:\/\/i0.wp.com\/www.grieta.org.mx\/wp-content\/uploads\/2018\/03\/14524434_1106112876131411_958039263622046936_o.jpg?resize=525%2C300&ssl=1 1.5x, https:\/\/i0.wp.com\/www.grieta.org.mx\/wp-content\/uploads\/2018\/03\/14524434_1106112876131411_958039263622046936_o.jpg?resize=700%2C400&ssl=1 2x"},"classes":[]},{"id":7831,"url":"https:\/\/www.grieta.org.mx\/index.php\/2016\/03\/21\/por-ningun-motivo-cheran-se-adherira-al-mando-unico-concejo\/","url_meta":{"origin":7846,"position":2},"title":"Por ning\u00fan motivo Cher\u00e1n se adherir\u00e1 al Mando \u00danico: Concejo","author":"Admin","date":"21 marzo, 2016","format":false,"excerpt":"MORELIA, Mich., 21 de marzo de 2016.- En rueda de prensa la tarde de este lunes el Concejo Mayor del Gobierno Comunal de Cher\u00e1n le pidi\u00f3 al Ejecutivo Estatal que respete su decisi\u00f3n de no firmar el Convenio de Mando \u00danico. Mar\u00eda Elena Hurtado anunci\u00f3 que en asambleas comunales llegaron\u2026","rel":"","context":"En &quot;CINTILLO&quot;","block_context":{"text":"CINTILLO","link":"https:\/\/www.grieta.org.mx\/index.php\/category\/cintillo\/"},"img":{"alt_text":"","src":"https:\/\/i0.wp.com\/www.grieta.org.mx\/wp-content\/uploads\/2018\/03\/14524434_1106112876131411_958039263622046936_o.jpg?resize=350%2C200&ssl=1","width":350,"height":200,"srcset":"https:\/\/i0.wp.com\/www.grieta.org.mx\/wp-content\/uploads\/2018\/03\/14524434_1106112876131411_958039263622046936_o.jpg?resize=350%2C200&ssl=1 1x, https:\/\/i0.wp.com\/www.grieta.org.mx\/wp-content\/uploads\/2018\/03\/14524434_1106112876131411_958039263622046936_o.jpg?resize=525%2C300&ssl=1 1.5x, https:\/\/i0.wp.com\/www.grieta.org.mx\/wp-content\/uploads\/2018\/03\/14524434_1106112876131411_958039263622046936_o.jpg?resize=700%2C400&ssl=1 2x"},"classes":[]},{"id":8810,"url":"https:\/\/www.grieta.org.mx\/index.php\/2015\/06\/02\/cheran-reitera-no-se-instalaran-casillas-electorales-por-relacion-entre-narco-y-partidos-politicos\/","url_meta":{"origin":7846,"position":3},"title":"Cher\u00e1n reitera: \u2018no se instalar\u00e1n casillas electorales por relaci\u00f3n entre narco y partidos pol\u00edticos\u2019","author":"Admin","date":"2 junio, 2015","format":false,"excerpt":"Los partidos pol\u00edticos dividen e intimidan, dominan y amenazan: \u201cY no estamos en condiciones para recibir ese tipo de agravios\u201d, cuenta Salvador Campanur a M\u00e1sde131, miembro de la comisi\u00f3n de enlace del pueblo P\u2019urh\u00e9pecha de Cher\u00e1n. Esta es la posici\u00f3n que por escrito mand\u00f3 el pueblo de Cher\u00e1n al Instituto\u2026","rel":"","context":"En &quot;CINTILLO&quot;","block_context":{"text":"CINTILLO","link":"https:\/\/www.grieta.org.mx\/index.php\/category\/cintillo\/"},"img":{"alt_text":"","src":"https:\/\/i0.wp.com\/www.grieta.org.mx\/wp-content\/uploads\/2018\/03\/14524434_1106112876131411_958039263622046936_o.jpg?resize=350%2C200&ssl=1","width":350,"height":200,"srcset":"https:\/\/i0.wp.com\/www.grieta.org.mx\/wp-content\/uploads\/2018\/03\/14524434_1106112876131411_958039263622046936_o.jpg?resize=350%2C200&ssl=1 1x, https:\/\/i0.wp.com\/www.grieta.org.mx\/wp-content\/uploads\/2018\/03\/14524434_1106112876131411_958039263622046936_o.jpg?resize=525%2C300&ssl=1 1.5x, https:\/\/i0.wp.com\/www.grieta.org.mx\/wp-content\/uploads\/2018\/03\/14524434_1106112876131411_958039263622046936_o.jpg?resize=700%2C400&ssl=1 2x"},"classes":[]},{"id":8804,"url":"https:\/\/www.grieta.org.mx\/index.php\/2015\/06\/07\/permite-cheran-instalacion-de-6-casillas-especiales\/","url_meta":{"origin":7846,"position":4},"title":"Permite Cher\u00e1n instalaci\u00f3n de 6 casillas especiales","author":"Admin","date":"7 junio, 2015","format":false,"excerpt":"CHER\u00c1N, Mich., 7 de junio de 2015.- A pesar de las reticencias de los cheranenses para participar en las elecciones de gobernador y diputados local y federal ya se instalaron las seis casillas especiales programadas. Sin incidente alguno, fueron armadas las casillas y abiertas a los ciudadados que deseen emitir\u2026","rel":"","context":"En &quot;CINTILLO&quot;","block_context":{"text":"CINTILLO","link":"https:\/\/www.grieta.org.mx\/index.php\/category\/cintillo\/"},"img":{"alt_text":"","src":"https:\/\/i0.wp.com\/www.grieta.org.mx\/wp-content\/uploads\/2018\/03\/14524434_1106112876131411_958039263622046936_o.jpg?resize=350%2C200&ssl=1","width":350,"height":200,"srcset":"https:\/\/i0.wp.com\/www.grieta.org.mx\/wp-content\/uploads\/2018\/03\/14524434_1106112876131411_958039263622046936_o.jpg?resize=350%2C200&ssl=1 1x, https:\/\/i0.wp.com\/www.grieta.org.mx\/wp-content\/uploads\/2018\/03\/14524434_1106112876131411_958039263622046936_o.jpg?resize=525%2C300&ssl=1 1.5x, https:\/\/i0.wp.com\/www.grieta.org.mx\/wp-content\/uploads\/2018\/03\/14524434_1106112876131411_958039263622046936_o.jpg?resize=700%2C400&ssl=1 2x"},"classes":[]},{"id":25580,"url":"https:\/\/www.grieta.org.mx\/index.php\/2018\/08\/15\/cheran-michoacan-nombra-su-tercer-consejo-mayor-de-su-gobierno-comunal\/","url_meta":{"origin":7846,"position":5},"title":"Cher\u00e1n Michoac\u00e1n nombra su tercer Consejo Mayor de su gobierno comunal","author":"grieta","date":"15 agosto, 2018","format":false,"excerpt":"TV Cher\u00e1n\/ El enemigo com\u00fan El domingo 27 de mayo de 2018, el municipio ind\u00edgena pur\u00e9pecha de Cher\u00e1n Michoac\u00e1n nombr\u00f3 su tercer Consejo de Ancianos (Consejo Mayor, Consejo de Keris) para el gobierno comunal de su comunidad. El domingo 27 de mayo de 2018, el municipio ind\u00edgena pur\u00e9pecha de Cher\u00e1n\u2026","rel":"","context":"En &quot;CINTILLO&quot;","block_context":{"text":"CINTILLO","link":"https:\/\/www.grieta.org.mx\/index.php\/category\/cintillo\/"},"img":{"alt_text":"","src":"https:\/\/i0.wp.com\/www.grieta.org.mx\/wp-content\/uploads\/2018\/08\/pueblo-Cheran.jpg?resize=350%2C200&ssl=1","width":350,"height":200,"srcset":"https:\/\/i0.wp.com\/www.grieta.org.mx\/wp-content\/uploads\/2018\/08\/pueblo-Cheran.jpg?resize=350%2C200&ssl=1 1x, https:\/\/i0.wp.com\/www.grieta.org.mx\/wp-content\/uploads\/2018\/08\/pueblo-Cheran.jpg?resize=525%2C300&ssl=1 1.5x, https:\/\/i0.wp.com\/www.grieta.org.mx\/wp-content\/uploads\/2018\/08\/pueblo-Cheran.jpg?resize=700%2C400&ssl=1 2x"},"classes":[]}],"_links":{"self":[{"href":"https:\/\/www.grieta.org.mx\/index.php\/wp-json\/wp\/v2\/posts\/7846","targetHints":{"allow":["GET"]}}],"collection":[{"href":"https:\/\/www.grieta.org.mx\/index.php\/wp-json\/wp\/v2\/posts"}],"about":[{"href":"https:\/\/www.grieta.org.mx\/index.php\/wp-json\/wp\/v2\/types\/post"}],"author":[{"embeddable":true,"href":"https:\/\/www.grieta.org.mx\/index.php\/wp-json\/wp\/v2\/users\/1"}],"replies":[{"embeddable":true,"href":"https:\/\/www.grieta.org.mx\/index.php\/wp-json\/wp\/v2\/comments?post=7846"}],"version-history":[{"count":1,"href":"https:\/\/www.grieta.org.mx\/index.php\/wp-json\/wp\/v2\/posts\/7846\/revisions"}],"predecessor-version":[{"id":7857,"href":"https:\/\/www.grieta.org.mx\/index.php\/wp-json\/wp\/v2\/posts\/7846\/revisions\/7857"}],"wp:featuredmedia":[{"embeddable":true,"href":"https:\/\/www.grieta.org.mx\/index.php\/wp-json\/wp\/v2\/media\/21928"}],"wp:attachment":[{"href":"https:\/\/www.grieta.org.mx\/index.php\/wp-json\/wp\/v2\/media?parent=7846"}],"wp:term":[{"taxonomy":"category","embeddable":true,"href":"https:\/\/www.grieta.org.mx\/index.php\/wp-json\/wp\/v2\/categories?post=7846"},{"taxonomy":"post_tag","embeddable":true,"href":"https:\/\/www.grieta.org.mx\/index.php\/wp-json\/wp\/v2\/tags?post=7846"}],"curies":[{"name":"wp","href":"https:\/\/api.w.org\/{rel}","templated":true}]}}