{"id":7822,"date":"2015-08-21T22:41:42","date_gmt":"2015-08-21T22:41:42","guid":{"rendered":"http:\/\/50.22.11.12\/~grietaor\/?p=7822"},"modified":"2016-04-25T02:24:24","modified_gmt":"2016-04-25T02:24:24","slug":"culpan-a-monsanto-de-muerte-de-peces-en-cajititlan","status":"publish","type":"post","link":"https:\/\/www.grieta.org.mx\/index.php\/2015\/08\/21\/culpan-a-monsanto-de-muerte-de-peces-en-cajititlan\/","title":{"rendered":"Culpan a Monsanto de muerte de peces en Cajititl\u00e1n"},"content":{"rendered":"<p>Por: Elizabeth Rivera<\/p>\n<p>La empresa transnacional productora de granos Monsanto es una las responsables de la muerte de peces de la laguna de Cajititl\u00e1n, junto con otras grandes empresas asentadas en la zona, as\u00ed como las compa\u00f1\u00edas inmobiliarias que desarrollaron la zona sin tratar las aguas residuales, asever\u00f3 Felipe I\u00f1iguez P\u00e9rez, representante de la Red Cajititl\u00e1n por un Lago Limpio.<\/p>\n<p>\u201cPrimero tenemos a Monsanto, al lado de Cajitil\u00e1n, la Monsanto tiene una centro latinoamericano de ma\u00edces mejorados gen\u00e9ticamente y hace uso de grandes cantidades aerot\u00f3xico, esos agrot\u00f3xicos, precisamente en esta temporada de lluvias llevan los contaminantes al lago, esa es una de las razones inmediatas que todo el mundo puede ver, no se necesita hacer an\u00e1lisis cient\u00edfico\u201d, coment\u00f3 el activista.<\/p>\n<p>Otra de las compa\u00f1\u00edas que contaminan indic\u00f3 es la empresa Pe\u00f1afiel, \u201cd\u00eda y noche saca agua de la zona de protecci\u00f3n y muy embotelladita la mandan a Estados Unidos, \u00bfy qu\u00e9 hacen con el agua servida?\u201d.<\/p>\n<p>El entrevistado refiri\u00f3 que la Universidad de Guadalajara y la comisi\u00f3n t\u00e9cnica de saneamiento del Lago de Cajititl\u00e1n han respaldado con estudios la versi\u00f3n de que los contaminantes de lago provienen de las industrias del corredor industrial de Tlajomulco-Cajititl\u00e1n.<\/p>\n<p>\u201cLas industrias vierten sus contenidos, pero tambi\u00e9n las inmobiliarias, en diez a\u00f1os Tlajomulco ha crecido en 300 fraccionamientos y la mayor parte de las inmobiliarias no tratan sus aguas, las mandan, ah\u00ed al lago\u201d, expres\u00f3.<\/p>\n<p>Agreg\u00f3 que el esfuerzo que se est\u00e1 haciendo para construir plantas de tratamiento, \u201cresulta simplemente un enga\u00f1o para poder invertir recursos que no sanean el agua\u201d. Se\u00f1al\u00f3 que las plantas de tratamientos de aguas residuales que hay en Tlajomulco \u201cno tratan ni el 30 % de todos los materiales que est\u00e1n matando la vida del lago\u201d.<\/p>\n<p>Felipe I\u00f1iguez se\u00f1al\u00f3 que no se debe olvidar que el lago de Cajititl\u00e1n es un lago vivo y no un vaso receptor de residuos.<\/p>\n<p>Cada a\u00f1o, indic\u00f3 se registran toneladas de peces muertos y las autoridades municipales repiten el discurso de que es un fen\u00f3meno c\u00edclico, argumentan que los peces extintos no tienen valor econ\u00f3mico y que pese a ello el lago est\u00e1 bien.<\/p>\n<p>\u201cLo que estamos viendo es que las personas que dicen que no tiene valor comercial la muerte de estos microorganismos es que no tiene ning\u00fan sentido de la relaci\u00f3n ecol\u00f3gica, cuando se mueren los peque\u00f1os es porque los grandes tambi\u00e9n est\u00e1n afectos\u201d, expuso.<\/p>\n<p>Coment\u00f3 que a los peces peque\u00f1os les llaman loderos porque limpian los contaminantes del lecho y gracias a ello los peces m\u00e1s grandes pueden sobrevivir.<\/p>\n<p>\u201cAl no haber peces peque\u00f1os, tampoco hay peces grandes, pero tampoco vamos a haber habitantes, \u00bfqu\u00e9 relaci\u00f3n hay de la muerte de los peces, con la mortandad de las personas que vivimos alrededor del lago? c\u00e1nceres y enfermedades degenerativas por mont\u00f3n, ni\u00f1os de dos a\u00f1os con enfermedades degenerativas, esa mortandad no es c\u00edclica, es permanente\u201d, asever\u00f3.<\/p>\n<p>Concluy\u00f3 se\u00f1alando que la responsabilidad de que el lago est\u00e9 libre de poluci\u00f3n es de todos, de los habitantes, de las autoridades y de las empresas.<\/p>\n<p><a href=\"http:\/\/lajornadajalisco.com.mx\/2015\/08\/culpan-a-monsanto-de-muerte-de-peces-en-cajititlan\/\" target=\"_blank\">http:\/\/lajornadajalisco.com.mx\/2015\/08\/culpan-a-monsanto-de-muerte-de-peces-en-cajititlan\/<\/a><\/p>\n","protected":false},"excerpt":{"rendered":"<p>Por: Elizabeth Rivera La empresa transnacional productora de granos Monsanto es una las responsables de la muerte de peces de la laguna de Cajititl\u00e1n, junto con otras grandes empresas asentadas &hellip; <a href=\"https:\/\/www.grieta.org.mx\/index.php\/2015\/08\/21\/culpan-a-monsanto-de-muerte-de-peces-en-cajititlan\/\" class=\"more-link\">Leer m\u00e1s<\/a><\/p>\n","protected":false},"author":2,"featured_media":21928,"comment_status":"closed","ping_status":"open","sticky":false,"template":"","format":"standard","meta":{"ngg_post_thumbnail":0,"_jetpack_newsletter_access":"","_jetpack_dont_email_post_to_subs":false,"_jetpack_newsletter_tier_id":0,"_jetpack_memberships_contains_paywalled_content":false,"_jetpack_memberships_contains_paid_content":false,"footnotes":""},"categories":[80,230],"tags":[224,425],"class_list":["post-7822","post","type-post","status-publish","format-standard","has-post-thumbnail","hentry","category-cintillo","category-jalisco","tag-agua","tag-contaminacion-agua","entry"],"jetpack_featured_media_url":"https:\/\/www.grieta.org.mx\/wp-content\/uploads\/2018\/03\/14524434_1106112876131411_958039263622046936_o.jpg","jetpack_sharing_enabled":true,"jetpack_shortlink":"https:\/\/wp.me\/p7ZJR4-22a","jetpack_likes_enabled":false,"jetpack-related-posts":[{"id":1467,"url":"https:\/\/www.grieta.org.mx\/index.php\/2015\/09\/01\/sagarpa-y-monsanto-complices-de-la-perdida-de-selva-en-campeche\/","url_meta":{"origin":7822,"position":0},"title":"Sagarpa y Monsanto, c\u00f3mplices de la p\u00e9rdida de selva en Campeche","author":"grieta","date":"1 septiembre, 2015","format":false,"excerpt":"Ciudad de M\u00e9xico, 1 de septiembre (SinEmbargo).- Organizaciones civiles denunciaron el apoyo que el Gobierno le ha dado a productores para deforestar la selva de los Chenes en Campeche a trav\u00e9s de la siembra de soya transg\u00e9nica, y acusaron a Monsanto de ser parte activa de este fen\u00f3meno, por ser\u2026","rel":"","context":"En &quot;16. Pueblo Maya&quot;","block_context":{"text":"16. Pueblo Maya","link":"https:\/\/www.grieta.org.mx\/index.php\/category\/espejos-de-la-resistencia\/16-pueblo-maya\/"},"img":{"alt_text":"","src":"https:\/\/i0.wp.com\/www.grieta.org.mx\/wp-content\/uploads\/2018\/03\/14524434_1106112876131411_958039263622046936_o.jpg?resize=350%2C200&ssl=1","width":350,"height":200,"srcset":"https:\/\/i0.wp.com\/www.grieta.org.mx\/wp-content\/uploads\/2018\/03\/14524434_1106112876131411_958039263622046936_o.jpg?resize=350%2C200&ssl=1 1x, https:\/\/i0.wp.com\/www.grieta.org.mx\/wp-content\/uploads\/2018\/03\/14524434_1106112876131411_958039263622046936_o.jpg?resize=525%2C300&ssl=1 1.5x, https:\/\/i0.wp.com\/www.grieta.org.mx\/wp-content\/uploads\/2018\/03\/14524434_1106112876131411_958039263622046936_o.jpg?resize=700%2C400&ssl=1 2x"},"classes":[]},{"id":1368,"url":"https:\/\/www.grieta.org.mx\/index.php\/2015\/11\/02\/video-lucha-contra-monsanto-apicultor-de-campeche-llama-a-los-ministros-de-la-suprema-corte-a-votar-por-la-vida-y-no-por-la-muerte\/","url_meta":{"origin":7822,"position":1},"title":"(VIDEO) Lucha contra Monsanto: Apicultor de Campeche llama a los ministros de la Suprema Corte a votar \u201cpor la vida y no por la muerte\u201d","author":"grieta","date":"2 noviembre, 2015","format":false,"excerpt":"Por segunda vez en el transcurso del mes de octubre, tres apicultores del municipio de Holpech\u00e9n en Campeche, hicieron el viaje hasta la Ciudad de M\u00e9xico el pasado mi\u00e9rcoles 28 para acudir a la Segunda Sala de la Suprema Corte de Justicia de la Naci\u00f3n (SCJN). Y por segunda vez\u2026","rel":"","context":"En &quot;CINTILLO&quot;","block_context":{"text":"CINTILLO","link":"https:\/\/www.grieta.org.mx\/index.php\/category\/cintillo\/"},"img":{"alt_text":"","src":"https:\/\/i0.wp.com\/www.grieta.org.mx\/wp-content\/uploads\/2018\/03\/14524434_1106112876131411_958039263622046936_o.jpg?resize=350%2C200&ssl=1","width":350,"height":200,"srcset":"https:\/\/i0.wp.com\/www.grieta.org.mx\/wp-content\/uploads\/2018\/03\/14524434_1106112876131411_958039263622046936_o.jpg?resize=350%2C200&ssl=1 1x, https:\/\/i0.wp.com\/www.grieta.org.mx\/wp-content\/uploads\/2018\/03\/14524434_1106112876131411_958039263622046936_o.jpg?resize=525%2C300&ssl=1 1.5x, https:\/\/i0.wp.com\/www.grieta.org.mx\/wp-content\/uploads\/2018\/03\/14524434_1106112876131411_958039263622046936_o.jpg?resize=700%2C400&ssl=1 2x"},"classes":[]},{"id":1455,"url":"https:\/\/www.grieta.org.mx\/index.php\/2015\/10\/26\/entregaran-a-la-scjn-63-mil-firmas-contra-permisos-a-monsanto-en-yucatan\/","url_meta":{"origin":7822,"position":2},"title":"Entregar\u00e1n a la SCJN 63 mil firmas contra permisos a Monsanto en Yucat\u00e1n","author":"grieta","date":"26 octubre, 2015","format":false,"excerpt":"(26 de octubre, 2015).- La organizaci\u00f3n y preocupaci\u00f3n de productores de miel en la pen\u00ednsula de Yucat\u00e1n fueron los ingredientes principales para que un grupo de ellos m\u00e1s integrantes de agrupaciones ambientalistas y sociales entregar\u00e1n a la Suprema Corte de Justicia de la Naci\u00f3n (SCJN) un documento con 63 mil\u2026","rel":"","context":"En &quot;campeche&quot;","block_context":{"text":"campeche","link":"https:\/\/www.grieta.org.mx\/index.php\/category\/campeche\/"},"img":{"alt_text":"","src":"https:\/\/i0.wp.com\/www.grieta.org.mx\/wp-content\/uploads\/2018\/03\/14524434_1106112876131411_958039263622046936_o.jpg?resize=350%2C200&ssl=1","width":350,"height":200,"srcset":"https:\/\/i0.wp.com\/www.grieta.org.mx\/wp-content\/uploads\/2018\/03\/14524434_1106112876131411_958039263622046936_o.jpg?resize=350%2C200&ssl=1 1x, https:\/\/i0.wp.com\/www.grieta.org.mx\/wp-content\/uploads\/2018\/03\/14524434_1106112876131411_958039263622046936_o.jpg?resize=525%2C300&ssl=1 1.5x, https:\/\/i0.wp.com\/www.grieta.org.mx\/wp-content\/uploads\/2018\/03\/14524434_1106112876131411_958039263622046936_o.jpg?resize=700%2C400&ssl=1 2x"},"classes":[]},{"id":21414,"url":"https:\/\/www.grieta.org.mx\/index.php\/2016\/09\/13\/no-aceptan-a-monsanto-consejo-indigena-de-bacalar-contra-los-transgenicos-quintana-roo\/","url_meta":{"origin":7822,"position":3},"title":"No aceptan a Monsanto. Consejo ind\u00edgena de Bacalar, contra los transg\u00e9nicos (Quintana Roo)","author":"grieta","date":"13 septiembre, 2016","format":false,"excerpt":"CANC\u00daN.\u2014 El Consejo Regional ind\u00edgena de Bacalar y el colectivo de semillas nativas \u201cMuch Kanan I\u2019I Naj\u201d se pronunciaron ayer contra la siembra de soya transg\u00e9nica en mas de cien comunidades mayas de la Pen\u00ednsula de Yucat\u00e1n. En conferencia de prensa, se\u00f1alaron a la empresa Monsanto, encargada de este proyecto,\u2026","rel":"","context":"En &quot;16. Pueblo Maya&quot;","block_context":{"text":"16. Pueblo Maya","link":"https:\/\/www.grieta.org.mx\/index.php\/category\/espejos-de-la-resistencia\/16-pueblo-maya\/"},"img":{"alt_text":"","src":"https:\/\/i0.wp.com\/www.grieta.org.mx\/wp-content\/uploads\/2018\/03\/14524434_1106112876131411_958039263622046936_o.jpg?resize=350%2C200&ssl=1","width":350,"height":200,"srcset":"https:\/\/i0.wp.com\/www.grieta.org.mx\/wp-content\/uploads\/2018\/03\/14524434_1106112876131411_958039263622046936_o.jpg?resize=350%2C200&ssl=1 1x, https:\/\/i0.wp.com\/www.grieta.org.mx\/wp-content\/uploads\/2018\/03\/14524434_1106112876131411_958039263622046936_o.jpg?resize=525%2C300&ssl=1 1.5x, https:\/\/i0.wp.com\/www.grieta.org.mx\/wp-content\/uploads\/2018\/03\/14524434_1106112876131411_958039263622046936_o.jpg?resize=700%2C400&ssl=1 2x"},"classes":[]},{"id":36965,"url":"https:\/\/www.grieta.org.mx\/index.php\/2019\/07\/22\/se-reunen-en-temaca-en-defensa-del-agua-jalisco\/","url_meta":{"origin":7822,"position":4},"title":"Se re\u00fanen en Temaca en defensa del agua (Jalisco)","author":"grieta","date":"22 julio, 2019","format":false,"excerpt":"Foto: Especial Dario Pereira \/ El Diario NTR Con la finalidad de hacer un balance de la pol\u00edtica h\u00eddrica de la administraci\u00f3n encabezada por Enrique Alfaro Ram\u00edrez, fortalecer los v\u00ednculos entre las comunidades que luchan contra proyectos que les afectan y generar acciones unificadas al respecto, ayer se llev\u00f3 a\u2026","rel":"","context":"En &quot;CINTILLO&quot;","block_context":{"text":"CINTILLO","link":"https:\/\/www.grieta.org.mx\/index.php\/category\/cintillo\/"},"img":{"alt_text":"","src":"https:\/\/i0.wp.com\/www.grieta.org.mx\/wp-content\/uploads\/2019\/07\/2019-07-21_11-07-32___8733.jpg?resize=350%2C200&ssl=1","width":350,"height":200,"srcset":"https:\/\/i0.wp.com\/www.grieta.org.mx\/wp-content\/uploads\/2019\/07\/2019-07-21_11-07-32___8733.jpg?resize=350%2C200&ssl=1 1x, https:\/\/i0.wp.com\/www.grieta.org.mx\/wp-content\/uploads\/2019\/07\/2019-07-21_11-07-32___8733.jpg?resize=525%2C300&ssl=1 1.5x, https:\/\/i0.wp.com\/www.grieta.org.mx\/wp-content\/uploads\/2019\/07\/2019-07-21_11-07-32___8733.jpg?resize=700%2C400&ssl=1 2x"},"classes":[]},{"id":15367,"url":"https:\/\/www.grieta.org.mx\/index.php\/2016\/06\/19\/suspenden-a-monsanto-permiso-de-siembra-de-soya-modificada-en-yucatan\/","url_meta":{"origin":7822,"position":5},"title":"Suspenden a Monsanto permiso de siembra de soya modificada en Yucat\u00e1n","author":"grieta","date":"19 junio, 2016","format":false,"excerpt":"La trasnacional recibi\u00f3 el aviso de parte del sector agropecuario el pasado martes 14 de junio, luego de una resoluci\u00f3n de un juzgado con sede en Yucat\u00e1n; estim\u00f3 que habr\u00eda alrededor de 6 mil agricultores afectados. La empresa productora de semillas Monsanto inform\u00f3 que el pasado martes recibi\u00f3 una notificaci\u00f3n\u2026","rel":"","context":"En &quot;16. Pueblo Maya&quot;","block_context":{"text":"16. Pueblo Maya","link":"https:\/\/www.grieta.org.mx\/index.php\/category\/espejos-de-la-resistencia\/16-pueblo-maya\/"},"img":{"alt_text":"","src":"https:\/\/i0.wp.com\/www.grieta.org.mx\/wp-content\/uploads\/2018\/03\/14524434_1106112876131411_958039263622046936_o.jpg?resize=350%2C200&ssl=1","width":350,"height":200,"srcset":"https:\/\/i0.wp.com\/www.grieta.org.mx\/wp-content\/uploads\/2018\/03\/14524434_1106112876131411_958039263622046936_o.jpg?resize=350%2C200&ssl=1 1x, https:\/\/i0.wp.com\/www.grieta.org.mx\/wp-content\/uploads\/2018\/03\/14524434_1106112876131411_958039263622046936_o.jpg?resize=525%2C300&ssl=1 1.5x, https:\/\/i0.wp.com\/www.grieta.org.mx\/wp-content\/uploads\/2018\/03\/14524434_1106112876131411_958039263622046936_o.jpg?resize=700%2C400&ssl=1 2x"},"classes":[]}],"_links":{"self":[{"href":"https:\/\/www.grieta.org.mx\/index.php\/wp-json\/wp\/v2\/posts\/7822","targetHints":{"allow":["GET"]}}],"collection":[{"href":"https:\/\/www.grieta.org.mx\/index.php\/wp-json\/wp\/v2\/posts"}],"about":[{"href":"https:\/\/www.grieta.org.mx\/index.php\/wp-json\/wp\/v2\/types\/post"}],"author":[{"embeddable":true,"href":"https:\/\/www.grieta.org.mx\/index.php\/wp-json\/wp\/v2\/users\/2"}],"replies":[{"embeddable":true,"href":"https:\/\/www.grieta.org.mx\/index.php\/wp-json\/wp\/v2\/comments?post=7822"}],"version-history":[{"count":1,"href":"https:\/\/www.grieta.org.mx\/index.php\/wp-json\/wp\/v2\/posts\/7822\/revisions"}],"predecessor-version":[{"id":10905,"href":"https:\/\/www.grieta.org.mx\/index.php\/wp-json\/wp\/v2\/posts\/7822\/revisions\/10905"}],"wp:featuredmedia":[{"embeddable":true,"href":"https:\/\/www.grieta.org.mx\/index.php\/wp-json\/wp\/v2\/media\/21928"}],"wp:attachment":[{"href":"https:\/\/www.grieta.org.mx\/index.php\/wp-json\/wp\/v2\/media?parent=7822"}],"wp:term":[{"taxonomy":"category","embeddable":true,"href":"https:\/\/www.grieta.org.mx\/index.php\/wp-json\/wp\/v2\/categories?post=7822"},{"taxonomy":"post_tag","embeddable":true,"href":"https:\/\/www.grieta.org.mx\/index.php\/wp-json\/wp\/v2\/tags?post=7822"}],"curies":[{"name":"wp","href":"https:\/\/api.w.org\/{rel}","templated":true}]}}