{"id":7798,"date":"2016-01-18T22:31:08","date_gmt":"2016-01-18T22:31:08","guid":{"rendered":"http:\/\/50.22.11.12\/~grietaor\/?p=7798"},"modified":"2016-04-25T02:13:40","modified_gmt":"2016-04-25T02:13:40","slug":"ejido-tejido","status":"publish","type":"post","link":"https:\/\/www.grieta.org.mx\/index.php\/2016\/01\/18\/ejido-tejido\/","title":{"rendered":"Ejido Tejido"},"content":{"rendered":"<p>Por Rodolfo Gonz\u00e1lez<\/p>\n<p>A\u00fan donde act\u00faa el crimen organizado o la perversidad de alguna trasnacional, en cada caso de despojo, amenazas, desplazamiento, miedo infundido, invasi\u00f3n etc., asoma el Estado Mexicano. Ese aparato estructural que sistem\u00e1ticamente penetra sus tent\u00e1culos en el tejido social, para abrazarlo, comprarlo, romperlo y, finalmente, rematarlo.<\/p>\n<p>-\u201cTodo cu\u00e1nto toca el gobierno lo echa a perder o lo quiere vender\u201d aseveran con coraje un par de agricultores tradicionales de La Ci\u00e9nega, Municipio del Lim\u00f3n. Y mencionan, con voz ronca y gastada; -\u201cYa el mismo gobierno es crimen organizado, es trasnacional, es minera contaminadora y es las armas que quieren expulsarnos del campo para que seamos jornaleros y no productores de alimentos, para que compremos semillas en lugar de generarlas nosotros mismos, para que le dejemos campo libre a las industrias\u2026 Pero nosotros no nos vendemos, continuamos practicando lo que los abuelos nos inculcaron; sembrar, criar animales, defender ese orgullo\u201d.<\/p>\n<p>Uno de estos campesinos, es comisario Ejidal de La Ci\u00e9nega a donde reiteradamente han venido t\u00e9cnicos de la CONAFOR intentando convencer a la asamblea de que le entren al programa de Pago por Servicios Ambientales. El ejido, cuenta con una monta\u00f1a, el Cerro del Narig\u00f3n, en un estado de conservaci\u00f3n impecable tanto que atrae a este tipo de agentes. El ejidatario Nando comenta\u2013\u201cEntrarle al programa es someternos a los lineamientos de ellos, es aceptar sus formas de manejo. Quieren privatizar lo nuestro. Aunque nos den un tanto de dinero al a\u00f1o por hect\u00e1rea no le entramos, pues el cerro esta as\u00ed de bonito gracias al manejo que aqu\u00ed le hemos dado durante d\u00e9cadas. Mejor que nos paguen lo que nos deben por mantener el cerro sano, \u00bfno?.<\/p>\n<p>Los t\u00e9cnicos de la CONAFOR se van, pero gente rara sigue pasando. El Ejido, es territorio de tranquilidad y paz hasta que comienza la quema de ca\u00f1a en su peque\u00f1o Valle, tiempo en que cruje el espacio, el aire se nubla de humo, el viento se aturde con ruidos estridentes de m\u00e1quinas y decenas de jornaleros migrantes ind\u00edgenas de otros estados hacen la labor pesada y mal retribuida.<\/p>\n<p>La expansi\u00f3n del monocultivo de ca\u00f1a es otra forma m\u00e1s de la violencia del Estado contra las formas tradicionales de vida campesina. Qui\u00e9n dej\u00f3 la Milpa por la ca\u00f1a, pas\u00f3 a someterse y abandonar la oportunidad de soberan\u00eda y de decidir sobre su propio suelo. Hay menos ma\u00edz, menos ganado, menor crianza de animales de traspatio.<\/p>\n<p>El Cerro del Narig\u00f3n con sus piedrotas hace las veces de vig\u00eda, mientras los sabedores de geolog\u00eda aseguran que est\u00e1 repleto de mineral de inter\u00e9s para la industria. Desde sus alturas, se divisan cuatro socavones en cerros vecinos, de uno extraen fierro, de otro m\u00e1rmol y de los otros m\u00e1s, misterio. El ej\u00e9rcito en su famosa guerra \u201ccontra el narco\u201d ha hecho campamento tres veces en la casa Ejidal y una de esas veces pasaron dos d\u00edas en el cerro seg\u00fan buscando criminales, narcolaboratorios o plantaciones; -\u201c..pero son muy amables y hasta bromean con la gente\u201d, -dijo Licha, una se\u00f1ora vecina de la casa Ejidal.<\/p>\n<p>Paralelamente, el inter\u00e9s urbano, desarrollista, modernizador, prolifera. La Zona, declarada hace meses zona metropolitana (Autl\u00e1n, Grullo, El Lim\u00f3n), recibe ahora m\u00e1s presupuesto para expandir la infraestructura. Funcionarios y otros agentes se jactan en que pronto la carretera El Grullo-Ciudad Guzm\u00e1n, que atraviesa al Ejido ser\u00e1 de dos carriles. Justo ahora se trabaja en su ampliaci\u00f3n con su respectiva devastaci\u00f3n insaciable; fractura de cerros, tala de \u00e1rboles, compactaci\u00f3n de suelo. \u00bfM\u00e1s oportunidad para el pueblo o para intervenci\u00f3n de agentes externos?<\/p>\n<p>Lo cierto es que los mismos casos y testimonios de lo que ocurre en todo el pa\u00eds lo constata; \u201cel inter\u00e9s urbano, extractivo o econ\u00f3mico est\u00e1 por encima de la legitimidad de los pueblos, la pertenencia ancestral, la preservaci\u00f3n de la riqueza natural, la agricultura sana y sabia. Y, como hace referencia el Umbral de la Revista Ojarasca \u201cBajo tal principio, que allana el paso a denigrantes tratados y acuerdos internacionales, operan secretarios de Estado, jueces y magistrados, legisladores, banqueros, empresarios mamut, consejos de accionistas, fuerzas armadas, servicios de inteligencia, programas sociales, medios de comunicaci\u00f3n masiva.<\/p>\n<p>La asamblea ejidal de La Ci\u00e9nega ha entendido que al gobierno no le importa el campo ni los campesinos, que a estas alturas todo lo que viene de all\u00e1 es para descomponer al Ejido, para dividir, para explotar el patrimonio. Que mejor, lo que se debe hacer es unir m\u00e1s al Ejido, hacer Ejido tejido. Tal como menciona el Umbral; \u201cqueda organizarse, interconectarse, tomarse la palabra y las manos, arrimar los pensamientos. Los zapatistas acaban de reiterarlo. Organizarse. Establecer autonom\u00eda. Resistir es la estrategia polis\u00e9mica y diversa, no s\u00f3lo en defensa propia, tambi\u00e9n para defender la Naci\u00f3n de sus usurpadores, y para ganar tiempo\u201d.<\/p>\n<p><a href=\"http:\/\/hijosdelatierra.espora.org\/ejido-tejido\/\" target=\"_blank\">http:\/\/hijosdelatierra.espora.org\/ejido-tejido\/<\/a><\/p>\n","protected":false},"excerpt":{"rendered":"<p>Por Rodolfo Gonz\u00e1lez A\u00fan donde act\u00faa el crimen organizado o la perversidad de alguna trasnacional, en cada caso de despojo, amenazas, desplazamiento, miedo infundido, invasi\u00f3n etc., asoma el Estado Mexicano. &hellip; <a href=\"https:\/\/www.grieta.org.mx\/index.php\/2016\/01\/18\/ejido-tejido\/\" class=\"more-link\">Leer m\u00e1s<\/a><\/p>\n","protected":false},"author":2,"featured_media":21928,"comment_status":"closed","ping_status":"open","sticky":false,"template":"","format":"standard","meta":{"ngg_post_thumbnail":0,"_jetpack_newsletter_access":"","_jetpack_dont_email_post_to_subs":false,"_jetpack_newsletter_tier_id":0,"_jetpack_memberships_contains_paywalled_content":false,"_jetpack_memberships_contains_paid_content":false,"footnotes":""},"categories":[80,230],"tags":[184],"class_list":["post-7798","post","type-post","status-publish","format-standard","has-post-thumbnail","hentry","category-cintillo","category-jalisco","tag-despojo","entry"],"jetpack_featured_media_url":"https:\/\/www.grieta.org.mx\/wp-content\/uploads\/2018\/03\/14524434_1106112876131411_958039263622046936_o.jpg","jetpack_sharing_enabled":true,"jetpack_shortlink":"https:\/\/wp.me\/p7ZJR4-21M","jetpack_likes_enabled":false,"jetpack-related-posts":[{"id":37906,"url":"https:\/\/www.grieta.org.mx\/index.php\/2016\/07\/27\/no-hay-crimen-organizado-en-invasiones-de-cuauhtemoc-cdmx\/","url_meta":{"origin":7798,"position":0},"title":"\u201cNo hay crimen organizado en invasiones de Cuauht\u00e9moc&#8221; (CDMX)","author":"Admin","date":"27 julio, 2016","format":false,"excerpt":"El Gobierno de la Ciudad de M\u00e9xico cuenta con 672 averiguaciones previas por el delito de despojo, correspondientes a predios o edificios ubicados en la delegaci\u00f3n Cuauht\u00e9moc. La secretaria de Gobierno, Patricia Mercado, precis\u00f3 que de ellas, s\u00f3lo 19 casos corresponden a desalojos con violencia, por lo que la informaci\u00f3n\u2026","rel":"","context":"En &quot;Ciudad de M\u00e9xico&quot;","block_context":{"text":"Ciudad de M\u00e9xico","link":"https:\/\/www.grieta.org.mx\/index.php\/category\/noticias-nacionales\/ciudad-de-mexico\/"},"img":{"alt_text":"","src":"https:\/\/i0.wp.com\/www.grieta.org.mx\/wp-content\/uploads\/2019\/08\/https-www.eluniversal.com_.mx-sites-default-files-styles-f03-651x400-public-2016-07-26-N-C1-EU270716-6_Drupal20Main20Image.var_1469593296.jpgitokKTkUI3QR.jpg?resize=350%2C200&ssl=1","width":350,"height":200,"srcset":"https:\/\/i0.wp.com\/www.grieta.org.mx\/wp-content\/uploads\/2019\/08\/https-www.eluniversal.com_.mx-sites-default-files-styles-f03-651x400-public-2016-07-26-N-C1-EU270716-6_Drupal20Main20Image.var_1469593296.jpgitokKTkUI3QR.jpg?resize=350%2C200&ssl=1 1x, https:\/\/i0.wp.com\/www.grieta.org.mx\/wp-content\/uploads\/2019\/08\/https-www.eluniversal.com_.mx-sites-default-files-styles-f03-651x400-public-2016-07-26-N-C1-EU270716-6_Drupal20Main20Image.var_1469593296.jpgitokKTkUI3QR.jpg?resize=525%2C300&ssl=1 1.5x"},"classes":[]},{"id":9884,"url":"https:\/\/www.grieta.org.mx\/index.php\/2016\/03\/30\/controla-crimen-organizado-actividad-minera-en-chihuahua-estudio\/","url_meta":{"origin":7798,"position":1},"title":"Controla crimen organizado actividad minera en Chihuahua: estudio","author":"grieta","date":"30 marzo, 2016","format":false,"excerpt":"Noticias de Chihuahua.- Un reporte elaborado por la Iniciativa Global contra la Delincuencia Organizada Transnacional alert\u00f3 sobre la \u201ccolusi\u00f3n deliberada\u201d entre las mineras y los capos de la droga en el pa\u00eds e inform\u00f3 que el crimen organizado controla \u201cel derecho a realizar la actividad\u201d en los estados de Chihuahua,\u2026","rel":"","context":"En &quot;chihuahua&quot;","block_context":{"text":"chihuahua","link":"https:\/\/www.grieta.org.mx\/index.php\/category\/chihuahua\/"},"img":{"alt_text":"","src":"https:\/\/i0.wp.com\/www.grieta.org.mx\/wp-content\/uploads\/2018\/03\/14524434_1106112876131411_958039263622046936_o.jpg?resize=350%2C200&ssl=1","width":350,"height":200,"srcset":"https:\/\/i0.wp.com\/www.grieta.org.mx\/wp-content\/uploads\/2018\/03\/14524434_1106112876131411_958039263622046936_o.jpg?resize=350%2C200&ssl=1 1x, https:\/\/i0.wp.com\/www.grieta.org.mx\/wp-content\/uploads\/2018\/03\/14524434_1106112876131411_958039263622046936_o.jpg?resize=525%2C300&ssl=1 1.5x, https:\/\/i0.wp.com\/www.grieta.org.mx\/wp-content\/uploads\/2018\/03\/14524434_1106112876131411_958039263622046936_o.jpg?resize=700%2C400&ssl=1 2x"},"classes":[]},{"id":13257,"url":"https:\/\/www.grieta.org.mx\/index.php\/2016\/05\/27\/liberan-en-tlaxcala-a-lider-de-sindicato-que-se-opuso-a-trasnacional-de-calzado\/","url_meta":{"origin":7798,"position":2},"title":"Liberan en Tlaxcala a l\u00edder de sindicato que se opuso a  trasnacional de calzado","author":"grieta","date":"27 mayo, 2016","format":false,"excerpt":"Patricia Mu\u00f1oz El secretario general del Sindicato \u00danico de Trabajadores de Calzado Sandak, Gustavo Labastida, fue liberado ayer luego de m\u00e1s de nueve meses de reclusi\u00f3n, tras haber sido acusado injustamente por el consorcio Bata Internacional por supuesto despojo, lo que no pudo probar la empresa en tribunales. El sindicato\u2026","rel":"","context":"En &quot;CINTILLO&quot;","block_context":{"text":"CINTILLO","link":"https:\/\/www.grieta.org.mx\/index.php\/category\/cintillo\/"},"img":{"alt_text":"","src":"https:\/\/i0.wp.com\/www.grieta.org.mx\/wp-content\/uploads\/2018\/03\/14524434_1106112876131411_958039263622046936_o.jpg?resize=350%2C200&ssl=1","width":350,"height":200,"srcset":"https:\/\/i0.wp.com\/www.grieta.org.mx\/wp-content\/uploads\/2018\/03\/14524434_1106112876131411_958039263622046936_o.jpg?resize=350%2C200&ssl=1 1x, https:\/\/i0.wp.com\/www.grieta.org.mx\/wp-content\/uploads\/2018\/03\/14524434_1106112876131411_958039263622046936_o.jpg?resize=525%2C300&ssl=1 1.5x, https:\/\/i0.wp.com\/www.grieta.org.mx\/wp-content\/uploads\/2018\/03\/14524434_1106112876131411_958039263622046936_o.jpg?resize=700%2C400&ssl=1 2x"},"classes":[]},{"id":9890,"url":"https:\/\/www.grieta.org.mx\/index.php\/2016\/03\/27\/habitantes-de-la-sierra-viven-en-una-constante-intimidacion-por-parte-del-crimen-organizado\/","url_meta":{"origin":7798,"position":3},"title":"Habitantes de la Sierra viven en una constante intimidaci\u00f3n por parte del crimen organizado","author":"grieta","date":"27 marzo, 2016","format":false,"excerpt":"Noticias de Chihuahua.- Cientos de familias provenienes de diversas comunidades de la Sierra Tarahumara se han visto forzadas a salir de sus pueblos de origen a causa de la presencia del crimen organizado, cuyo hombres armados recorren la regi\u00f3n para reclutar a ni\u00f1os j\u00f3venes a fin de integrarlos a las\u2026","rel":"","context":"En &quot;chihuahua&quot;","block_context":{"text":"chihuahua","link":"https:\/\/www.grieta.org.mx\/index.php\/category\/chihuahua\/"},"img":{"alt_text":"","src":"https:\/\/i0.wp.com\/www.grieta.org.mx\/wp-content\/uploads\/2018\/03\/14524434_1106112876131411_958039263622046936_o.jpg?resize=350%2C200&ssl=1","width":350,"height":200,"srcset":"https:\/\/i0.wp.com\/www.grieta.org.mx\/wp-content\/uploads\/2018\/03\/14524434_1106112876131411_958039263622046936_o.jpg?resize=350%2C200&ssl=1 1x, https:\/\/i0.wp.com\/www.grieta.org.mx\/wp-content\/uploads\/2018\/03\/14524434_1106112876131411_958039263622046936_o.jpg?resize=525%2C300&ssl=1 1.5x, https:\/\/i0.wp.com\/www.grieta.org.mx\/wp-content\/uploads\/2018\/03\/14524434_1106112876131411_958039263622046936_o.jpg?resize=700%2C400&ssl=1 2x"},"classes":[]},{"id":70371,"url":"https:\/\/www.grieta.org.mx\/index.php\/2024\/10\/19\/familias-desplazadas-por-el-crimen-organizado-en-michoacan-piden-ayuda-humanitaria\/","url_meta":{"origin":7798,"position":4},"title":"Familias desplazadas por el crimen organizado en Michoac\u00e1n piden ayuda humanitaria","author":"grieta","date":"19 octubre, 2024","format":false,"excerpt":"Seg\u00fan el colectivo Desaparecidos de la Costa y Feminicidios de Michoac\u00e1n, 242 habitantes han sido desplazados desde el 13 de agosto como consecuencia de la violencia criminal CIUDAD DE M\u00c9XICO (apro).- Evangelina Contreras, representante del colectivo Desaparecidos de la Costa y Feminicidios de Michoac\u00e1n (Decofem) lanz\u00f3 un llamado al gobierno\u2026","rel":"","context":"En &quot;CINTILLO&quot;","block_context":{"text":"CINTILLO","link":"https:\/\/www.grieta.org.mx\/index.php\/category\/cintillo\/"},"img":{"alt_text":"","src":"https:\/\/i0.wp.com\/www.grieta.org.mx\/wp-content\/uploads\/2024\/11\/f685x385-207266_244959_5050.jpg?resize=350%2C200&ssl=1","width":350,"height":200,"srcset":"https:\/\/i0.wp.com\/www.grieta.org.mx\/wp-content\/uploads\/2024\/11\/f685x385-207266_244959_5050.jpg?resize=350%2C200&ssl=1 1x, https:\/\/i0.wp.com\/www.grieta.org.mx\/wp-content\/uploads\/2024\/11\/f685x385-207266_244959_5050.jpg?resize=525%2C300&ssl=1 1.5x"},"classes":[]},{"id":13427,"url":"https:\/\/www.grieta.org.mx\/index.php\/2016\/05\/21\/gobierno-como-brazo-institucional-del-crimen-organizado-en-tamaulipas\/","url_meta":{"origin":7798,"position":5},"title":"Sociedad civil tamaulipeca en constante acoso como resultado de una estrategia de destrucci\u00f3n\/despoblamiento","author":"grieta","date":"21 mayo, 2016","format":false,"excerpt":"21\/05\/16. En Tamaulipas, pol\u00edticos y narcos se hermanaron Siempre","rel":"","context":"En &quot;NOTICIAS NACIONALES&quot;","block_context":{"text":"NOTICIAS NACIONALES","link":"https:\/\/www.grieta.org.mx\/index.php\/category\/noticias-nacionales\/"},"img":{"alt_text":"","src":"https:\/\/i0.wp.com\/www.grieta.org.mx\/wp-content\/uploads\/2018\/03\/14524434_1106112876131411_958039263622046936_o.jpg?resize=350%2C200&ssl=1","width":350,"height":200,"srcset":"https:\/\/i0.wp.com\/www.grieta.org.mx\/wp-content\/uploads\/2018\/03\/14524434_1106112876131411_958039263622046936_o.jpg?resize=350%2C200&ssl=1 1x, https:\/\/i0.wp.com\/www.grieta.org.mx\/wp-content\/uploads\/2018\/03\/14524434_1106112876131411_958039263622046936_o.jpg?resize=525%2C300&ssl=1 1.5x, https:\/\/i0.wp.com\/www.grieta.org.mx\/wp-content\/uploads\/2018\/03\/14524434_1106112876131411_958039263622046936_o.jpg?resize=700%2C400&ssl=1 2x"},"classes":[]}],"_links":{"self":[{"href":"https:\/\/www.grieta.org.mx\/index.php\/wp-json\/wp\/v2\/posts\/7798","targetHints":{"allow":["GET"]}}],"collection":[{"href":"https:\/\/www.grieta.org.mx\/index.php\/wp-json\/wp\/v2\/posts"}],"about":[{"href":"https:\/\/www.grieta.org.mx\/index.php\/wp-json\/wp\/v2\/types\/post"}],"author":[{"embeddable":true,"href":"https:\/\/www.grieta.org.mx\/index.php\/wp-json\/wp\/v2\/users\/2"}],"replies":[{"embeddable":true,"href":"https:\/\/www.grieta.org.mx\/index.php\/wp-json\/wp\/v2\/comments?post=7798"}],"version-history":[{"count":1,"href":"https:\/\/www.grieta.org.mx\/index.php\/wp-json\/wp\/v2\/posts\/7798\/revisions"}],"predecessor-version":[{"id":10886,"href":"https:\/\/www.grieta.org.mx\/index.php\/wp-json\/wp\/v2\/posts\/7798\/revisions\/10886"}],"wp:featuredmedia":[{"embeddable":true,"href":"https:\/\/www.grieta.org.mx\/index.php\/wp-json\/wp\/v2\/media\/21928"}],"wp:attachment":[{"href":"https:\/\/www.grieta.org.mx\/index.php\/wp-json\/wp\/v2\/media?parent=7798"}],"wp:term":[{"taxonomy":"category","embeddable":true,"href":"https:\/\/www.grieta.org.mx\/index.php\/wp-json\/wp\/v2\/categories?post=7798"},{"taxonomy":"post_tag","embeddable":true,"href":"https:\/\/www.grieta.org.mx\/index.php\/wp-json\/wp\/v2\/tags?post=7798"}],"curies":[{"name":"wp","href":"https:\/\/api.w.org\/{rel}","templated":true}]}}