{"id":7760,"date":"2015-10-19T22:14:55","date_gmt":"2015-10-19T22:14:55","guid":{"rendered":"http:\/\/50.22.11.12\/~grietaor\/?p=7760"},"modified":"2016-03-29T22:29:58","modified_gmt":"2016-03-29T22:29:58","slug":"exigen-justicia-a-un-ano-del-asesinato-de-ricardo-esparza-estudiante-de-la-udeg-en-guanajuato","status":"publish","type":"post","link":"https:\/\/www.grieta.org.mx\/index.php\/2015\/10\/19\/exigen-justicia-a-un-ano-del-asesinato-de-ricardo-esparza-estudiante-de-la-udeg-en-guanajuato\/","title":{"rendered":"Exigen justicia a un a\u00f1o del asesinato de Ricardo Esparza, estudiante de la UdeG, en Guanajuato"},"content":{"rendered":"<p><strong>19\/10\/15. <\/strong><a href=\"http:\/\/grieta.org.mx\/index.php\/2015\/10\/19\/la-impunidad-que-no-termina-un-ano-del-asesinato-de-ricardo-esparza-2\/\" >La impunidad que no termina<\/a><br \/><em>P\u00e1gina 24 Jalisco<\/em><br  \/><\/p>\n<p><strong>19\/19\/15. <\/strong><a href=\"http:\/\/grieta.org.mx\/index.php\/2015\/10\/19\/exigen-justicia-a-un-ano-del-asesinato-de-ricardo-esparza-en-guanajuato-2\/\">Exigen justicia a un a\u00f1o del asesinato de Ricardo Esparza en Guanajuato<\/a><br \/><em>M\u00e1s por m\u00e1s Guadalajara<\/em><br  \/><\/p>\n<p><strong>24\/10\/14. <\/strong><a href=\"http:\/\/grieta.org.mx\/index.php\/2014\/10\/23\/ovenes-de-jalisco-y-guanajuato-se-manifiestan-para-exigir-justicia-por-el-asesinato-de-ricardo-esparza\/\" >J\u00f3venes de Jalisco y Guanajuato se manifiestan para exigir justicia por el asesinato de Ricardo Esparza<\/a><br \/><em>La Jornada<\/em><br  \/><\/p>\n","protected":false},"excerpt":{"rendered":"<p>19\/10\/15. La impunidad que no terminaP\u00e1gina 24 Jalisco 19\/19\/15. Exigen justicia a un a\u00f1o del asesinato de Ricardo Esparza en GuanajuatoM\u00e1s por m\u00e1s Guadalajara 24\/10\/14. J\u00f3venes de Jalisco y Guanajuato &hellip; <a href=\"https:\/\/www.grieta.org.mx\/index.php\/2015\/10\/19\/exigen-justicia-a-un-ano-del-asesinato-de-ricardo-esparza-estudiante-de-la-udeg-en-guanajuato\/\" class=\"more-link\">Leer m\u00e1s<\/a><\/p>\n","protected":false},"author":2,"featured_media":21928,"comment_status":"closed","ping_status":"open","sticky":false,"template":"","format":"standard","meta":{"ngg_post_thumbnail":0,"_jetpack_newsletter_access":"","_jetpack_dont_email_post_to_subs":false,"_jetpack_newsletter_tier_id":0,"_jetpack_memberships_contains_paywalled_content":false,"_jetpack_memberships_contains_paid_content":false,"footnotes":""},"categories":[17,20,2],"tags":[],"class_list":["post-7760","post","type-post","status-publish","format-standard","has-post-thumbnail","hentry","category-guanajuato","category-jalisco","category-noticias-nacionales","entry"],"jetpack_featured_media_url":"https:\/\/www.grieta.org.mx\/wp-content\/uploads\/2018\/03\/14524434_1106112876131411_958039263622046936_o.jpg","jetpack_sharing_enabled":true,"jetpack_shortlink":"https:\/\/wp.me\/p7ZJR4-21a","jetpack_likes_enabled":false,"jetpack-related-posts":[{"id":5293,"url":"https:\/\/www.grieta.org.mx\/index.php\/2016\/06\/12\/movilizaciones-y-protestas\/","url_meta":{"origin":7760,"position":0},"title":"Movilizaciones y protestas en Guanajuato","author":"grieta","date":"12 junio, 2016","format":false,"excerpt":"24\/05\/16. Detienen a manifestantes tras protestar contra contaminaci\u00f3n industrial en la Le\u00f3n-San FranciscoZona Franca 04\/04\/2016. A pesar de protestas, la tala asciende a los 100 \u00e1rboles por obras del SIT en Le\u00f3nZona Franca 22\/03\/2016. Reprime polic\u00eda protesta de vecinos contra tala de \u00e1rboles por parte del municipio en Le\u00f3nZona Franca\u2026","rel":"","context":"En &quot;Guanajuato&quot;","block_context":{"text":"Guanajuato","link":"https:\/\/www.grieta.org.mx\/index.php\/category\/noticias-nacionales\/guanajuato\/"},"img":{"alt_text":"","src":"https:\/\/i0.wp.com\/www.grieta.org.mx\/wp-content\/uploads\/2018\/03\/14524434_1106112876131411_958039263622046936_o.jpg?resize=350%2C200&ssl=1","width":350,"height":200,"srcset":"https:\/\/i0.wp.com\/www.grieta.org.mx\/wp-content\/uploads\/2018\/03\/14524434_1106112876131411_958039263622046936_o.jpg?resize=350%2C200&ssl=1 1x, https:\/\/i0.wp.com\/www.grieta.org.mx\/wp-content\/uploads\/2018\/03\/14524434_1106112876131411_958039263622046936_o.jpg?resize=525%2C300&ssl=1 1.5x, https:\/\/i0.wp.com\/www.grieta.org.mx\/wp-content\/uploads\/2018\/03\/14524434_1106112876131411_958039263622046936_o.jpg?resize=700%2C400&ssl=1 2x"},"classes":[]},{"id":7787,"url":"https:\/\/www.grieta.org.mx\/index.php\/2014\/10\/23\/ovenes-de-jalisco-y-guanajuato-se-manifiestan-para-exigir-justicia-por-el-asesinato-de-ricardo-esparza\/","url_meta":{"origin":7760,"position":1},"title":"J\u00f3venes de Jalisco y Guanajuato se manifiestan para exigir justicia por el asesinato de Ricardo Esparza","author":"grieta","date":"23 octubre, 2014","format":false,"excerpt":"Carlos Garc\u00eda y Juan Carlos G. Partida Guanajuato, Gto., 23 de octubre. \u201c\u00a1No muri\u00f3, lo mataron!\u201d, gritaron unos mil 300 estudiantes de la Universidad de Guadalajara (UdeG) y de la Universidad de Guanajuato que marcharon por esta ciudad, sede del Festival Internacional Cervantino (FIC), para exigir al gobierno del estado\u2026","rel":"","context":"En &quot;CINTILLO&quot;","block_context":{"text":"CINTILLO","link":"https:\/\/www.grieta.org.mx\/index.php\/category\/cintillo\/"},"img":{"alt_text":"","src":"https:\/\/i0.wp.com\/www.grieta.org.mx\/wp-content\/uploads\/2018\/03\/14524434_1106112876131411_958039263622046936_o.jpg?resize=350%2C200&ssl=1","width":350,"height":200,"srcset":"https:\/\/i0.wp.com\/www.grieta.org.mx\/wp-content\/uploads\/2018\/03\/14524434_1106112876131411_958039263622046936_o.jpg?resize=350%2C200&ssl=1 1x, https:\/\/i0.wp.com\/www.grieta.org.mx\/wp-content\/uploads\/2018\/03\/14524434_1106112876131411_958039263622046936_o.jpg?resize=525%2C300&ssl=1 1.5x, https:\/\/i0.wp.com\/www.grieta.org.mx\/wp-content\/uploads\/2018\/03\/14524434_1106112876131411_958039263622046936_o.jpg?resize=700%2C400&ssl=1 2x"},"classes":[]},{"id":6878,"url":"https:\/\/www.grieta.org.mx\/index.php\/2014\/10\/24\/jovenes-de-jalisco-y-guanajuato-se-manifiestan-para-exigir-justicia-por-el-asesinato-de-ricardo-esparza\/","url_meta":{"origin":7760,"position":2},"title":"J\u00f3venes de Jalisco y Guanajuato se manifiestan para exigir justicia por el asesinato de Ricardo Esparza","author":"grieta","date":"24 octubre, 2014","format":false,"excerpt":"Carlos Garc\u00eda y Juan Carlos G. Partida, Guanajuato, Gto. \u201c\u00a1No muri\u00f3, lo mataron!\u201d, gritaron unos mil 300 estudiantes de la Universidad de Guadalajara (UdeG) y de la Universidad de Guanajuato que marcharon por esta ciudad, sede del Festival Internacional Cervantino (FIC), para exigir al gobierno del estado que esclarezca la\u2026","rel":"","context":"En &quot;CINTILLO&quot;","block_context":{"text":"CINTILLO","link":"https:\/\/www.grieta.org.mx\/index.php\/category\/cintillo\/"},"img":{"alt_text":"","src":"https:\/\/i0.wp.com\/www.grieta.org.mx\/wp-content\/uploads\/2018\/03\/14524434_1106112876131411_958039263622046936_o.jpg?resize=350%2C200&ssl=1","width":350,"height":200,"srcset":"https:\/\/i0.wp.com\/www.grieta.org.mx\/wp-content\/uploads\/2018\/03\/14524434_1106112876131411_958039263622046936_o.jpg?resize=350%2C200&ssl=1 1x, https:\/\/i0.wp.com\/www.grieta.org.mx\/wp-content\/uploads\/2018\/03\/14524434_1106112876131411_958039263622046936_o.jpg?resize=525%2C300&ssl=1 1.5x, https:\/\/i0.wp.com\/www.grieta.org.mx\/wp-content\/uploads\/2018\/03\/14524434_1106112876131411_958039263622046936_o.jpg?resize=700%2C400&ssl=1 2x"},"classes":[]},{"id":7777,"url":"https:\/\/www.grieta.org.mx\/index.php\/2015\/10\/19\/exigen-justicia-a-un-ano-del-asesinato-de-ricardo-esparza-en-guanajuato-2\/","url_meta":{"origin":7760,"position":3},"title":"Exigen justicia a un a\u00f1o del asesinato de Ricardo Esparza en Guanajuato","author":"grieta","date":"19 octubre, 2015","format":false,"excerpt":"Alejandra Guill\u00e9n El gobierno de Guanajuato tambi\u00e9n tiene una \u201cverdad hist\u00f3rica\u201d que desea imponer sobre la muerte de Ricardo Esparza Villegas, la cual se tambalea cuando su hermana Eunice acusa con la quijada apretada: \u201ca mi hermano lo mataron los polic\u00edas\u201d. Este lunes 19 de octubre se cumple un a\u00f1o\u2026","rel":"","context":"En &quot;CINTILLO&quot;","block_context":{"text":"CINTILLO","link":"https:\/\/www.grieta.org.mx\/index.php\/category\/cintillo\/"},"img":{"alt_text":"","src":"https:\/\/i0.wp.com\/www.grieta.org.mx\/wp-content\/uploads\/2018\/03\/14524434_1106112876131411_958039263622046936_o.jpg?resize=350%2C200&ssl=1","width":350,"height":200,"srcset":"https:\/\/i0.wp.com\/www.grieta.org.mx\/wp-content\/uploads\/2018\/03\/14524434_1106112876131411_958039263622046936_o.jpg?resize=350%2C200&ssl=1 1x, https:\/\/i0.wp.com\/www.grieta.org.mx\/wp-content\/uploads\/2018\/03\/14524434_1106112876131411_958039263622046936_o.jpg?resize=525%2C300&ssl=1 1.5x, https:\/\/i0.wp.com\/www.grieta.org.mx\/wp-content\/uploads\/2018\/03\/14524434_1106112876131411_958039263622046936_o.jpg?resize=700%2C400&ssl=1 2x"},"classes":[]},{"id":6863,"url":"https:\/\/www.grieta.org.mx\/index.php\/2015\/11\/19\/exigen-justicia-a-un-ano-del-asesinato-de-ricardo-esparza-en-guanajuato\/","url_meta":{"origin":7760,"position":4},"title":"Exigen justicia a un a\u00f1o del asesinato de Ricardo Esparza en Guanajuato","author":"grieta","date":"19 noviembre, 2015","format":false,"excerpt":"Alejandra Guill\u00e9n El gobierno de Guanajuato tambi\u00e9n tiene una \u201cverdad hist\u00f3rica\u201d que desea imponer sobre la muerte de Ricardo Esparza Villegas, la cual se tambalea cuando su hermana Eunice acusa con la quijada apretada: \u201ca mi hermano lo mataron los polic\u00edas\u201d. Este lunes 19 de octubre se cumple un a\u00f1o\u2026","rel":"","context":"En &quot;CINTILLO&quot;","block_context":{"text":"CINTILLO","link":"https:\/\/www.grieta.org.mx\/index.php\/category\/cintillo\/"},"img":{"alt_text":"","src":"https:\/\/i0.wp.com\/www.grieta.org.mx\/wp-content\/uploads\/2018\/03\/14524434_1106112876131411_958039263622046936_o.jpg?resize=350%2C200&ssl=1","width":350,"height":200,"srcset":"https:\/\/i0.wp.com\/www.grieta.org.mx\/wp-content\/uploads\/2018\/03\/14524434_1106112876131411_958039263622046936_o.jpg?resize=350%2C200&ssl=1 1x, https:\/\/i0.wp.com\/www.grieta.org.mx\/wp-content\/uploads\/2018\/03\/14524434_1106112876131411_958039263622046936_o.jpg?resize=525%2C300&ssl=1 1.5x, https:\/\/i0.wp.com\/www.grieta.org.mx\/wp-content\/uploads\/2018\/03\/14524434_1106112876131411_958039263622046936_o.jpg?resize=700%2C400&ssl=1 2x"},"classes":[]},{"id":7761,"url":"https:\/\/www.grieta.org.mx\/index.php\/2015\/10\/19\/la-impunidad-que-no-termina-un-ano-del-asesinato-de-ricardo-esparza-2\/","url_meta":{"origin":7760,"position":5},"title":"La impunidad que no termina: un a\u00f1o del asesinato de Ricardo Esparza","author":"grieta","date":"19 octubre, 2015","format":false,"excerpt":"Dalia Souza 19 de octubre 2015.- \u201cJusticia\u2026 justicia ser\u00eda que mi hijo estuviera conmigo\u201d, expres\u00f3 la madre de Ricardo de Jes\u00fas Esparza Villegas, a quien hace un a\u00f1o a le arrebataron la vida. Su cuerpo fue encontrado en el callej\u00f3n Pe\u00f1a Grande dentro del terreno marcado con el n\u00famero 28\u2026","rel":"","context":"En &quot;CINTILLO&quot;","block_context":{"text":"CINTILLO","link":"https:\/\/www.grieta.org.mx\/index.php\/category\/cintillo\/"},"img":{"alt_text":"","src":"https:\/\/i0.wp.com\/www.grieta.org.mx\/wp-content\/uploads\/2018\/03\/14524434_1106112876131411_958039263622046936_o.jpg?resize=350%2C200&ssl=1","width":350,"height":200,"srcset":"https:\/\/i0.wp.com\/www.grieta.org.mx\/wp-content\/uploads\/2018\/03\/14524434_1106112876131411_958039263622046936_o.jpg?resize=350%2C200&ssl=1 1x, https:\/\/i0.wp.com\/www.grieta.org.mx\/wp-content\/uploads\/2018\/03\/14524434_1106112876131411_958039263622046936_o.jpg?resize=525%2C300&ssl=1 1.5x, https:\/\/i0.wp.com\/www.grieta.org.mx\/wp-content\/uploads\/2018\/03\/14524434_1106112876131411_958039263622046936_o.jpg?resize=700%2C400&ssl=1 2x"},"classes":[]}],"_links":{"self":[{"href":"https:\/\/www.grieta.org.mx\/index.php\/wp-json\/wp\/v2\/posts\/7760","targetHints":{"allow":["GET"]}}],"collection":[{"href":"https:\/\/www.grieta.org.mx\/index.php\/wp-json\/wp\/v2\/posts"}],"about":[{"href":"https:\/\/www.grieta.org.mx\/index.php\/wp-json\/wp\/v2\/types\/post"}],"author":[{"embeddable":true,"href":"https:\/\/www.grieta.org.mx\/index.php\/wp-json\/wp\/v2\/users\/2"}],"replies":[{"embeddable":true,"href":"https:\/\/www.grieta.org.mx\/index.php\/wp-json\/wp\/v2\/comments?post=7760"}],"version-history":[{"count":1,"href":"https:\/\/www.grieta.org.mx\/index.php\/wp-json\/wp\/v2\/posts\/7760\/revisions"}],"predecessor-version":[{"id":7794,"href":"https:\/\/www.grieta.org.mx\/index.php\/wp-json\/wp\/v2\/posts\/7760\/revisions\/7794"}],"wp:featuredmedia":[{"embeddable":true,"href":"https:\/\/www.grieta.org.mx\/index.php\/wp-json\/wp\/v2\/media\/21928"}],"wp:attachment":[{"href":"https:\/\/www.grieta.org.mx\/index.php\/wp-json\/wp\/v2\/media?parent=7760"}],"wp:term":[{"taxonomy":"category","embeddable":true,"href":"https:\/\/www.grieta.org.mx\/index.php\/wp-json\/wp\/v2\/categories?post=7760"},{"taxonomy":"post_tag","embeddable":true,"href":"https:\/\/www.grieta.org.mx\/index.php\/wp-json\/wp\/v2\/tags?post=7760"}],"curies":[{"name":"wp","href":"https:\/\/api.w.org\/{rel}","templated":true}]}}