{"id":7747,"date":"2015-07-20T22:03:02","date_gmt":"2015-07-20T22:03:02","guid":{"rendered":"http:\/\/50.22.11.12\/~grietaor\/?p=7747"},"modified":"2016-03-29T22:05:01","modified_gmt":"2016-03-29T22:05:01","slug":"embestida-del-ejercito-contra-la-comunidad-nahua-de-santa-maria-ostula","status":"publish","type":"post","link":"https:\/\/www.grieta.org.mx\/index.php\/2015\/07\/20\/embestida-del-ejercito-contra-la-comunidad-nahua-de-santa-maria-ostula\/","title":{"rendered":"Embestida del ej\u00e9rcito contra la comunidad nahua de Santa Mar\u00eda Ostula"},"content":{"rendered":"<p>Por Alejandro Amado y Heriberto Paredes<br \/>\nFotograf\u00edas de Alejandro Amado<\/p>\n<p><img decoding=\"async\" data-attachment-id=\"7749\" data-permalink=\"https:\/\/www.grieta.org.mx\/index.php\/2015\/07\/20\/embestida-del-ejercito-contra-la-comunidad-nahua-de-santa-maria-ostula\/ostula-subversiones-11\/\" data-orig-file=\"https:\/\/www.grieta.org.mx\/wp-content\/uploads\/2016\/03\/Ostula-Subversiones-11.jpg\" data-orig-size=\"1070,713\" data-comments-opened=\"0\" data-image-meta=\"{&quot;aperture&quot;:&quot;8&quot;,&quot;credit&quot;:&quot;Alejandro Amado \/ Letravierta&quot;,&quot;camera&quot;:&quot;Canon EOS 60D&quot;,&quot;caption&quot;:&quot;&quot;,&quot;created_timestamp&quot;:&quot;1437381503&quot;,&quot;copyright&quot;:&quot;&quot;,&quot;focal_length&quot;:&quot;18&quot;,&quot;iso&quot;:&quot;400&quot;,&quot;shutter_speed&quot;:&quot;0.004&quot;,&quot;title&quot;:&quot;&quot;,&quot;orientation&quot;:&quot;1&quot;}\" data-image-title=\"Ostula-Subversiones-11\" data-image-description=\"\" data-image-caption=\"\" data-medium-file=\"https:\/\/www.grieta.org.mx\/wp-content\/uploads\/2016\/03\/Ostula-Subversiones-11-300x200.jpg\" data-large-file=\"https:\/\/www.grieta.org.mx\/wp-content\/uploads\/2016\/03\/Ostula-Subversiones-11-1024x682.jpg\" src=\"http:\/\/grieta.org.mx\/wp-content\/uploads\/2016\/03\/Ostula-Subversiones-11.jpg\" alt=\"Ostula-Subversiones-11\" width=\"100%\" class=\"aligncenter size-full wp-image-7749\" srcset=\"https:\/\/www.grieta.org.mx\/wp-content\/uploads\/2016\/03\/Ostula-Subversiones-11.jpg 1070w, https:\/\/www.grieta.org.mx\/wp-content\/uploads\/2016\/03\/Ostula-Subversiones-11-300x200.jpg 300w, https:\/\/www.grieta.org.mx\/wp-content\/uploads\/2016\/03\/Ostula-Subversiones-11-768x512.jpg 768w, https:\/\/www.grieta.org.mx\/wp-content\/uploads\/2016\/03\/Ostula-Subversiones-11-1024x682.jpg 1024w\" sizes=\"(max-width: 1070px) 100vw, 1070px\" \/><\/p>\n<p>Tal parece que se trata de una venganza, casi es imposible no pensar en ello. Desde que la comunidad recuper\u00f3 alrededor de 1000 hect\u00e1reas de su territorio el 29 de junio de 2009 \u2013fecha en que fundaron la encargatura de Xayacalan\u2013 hasta el d\u00eda de hoy, las agresiones no se detienen, sean los distintos cuerpos policiacos estatales y federales, la marina y el ej\u00e9rcito o los Zetas, la Familia Michoacana y los Caballeros Templarios, siempre hay un verdugo.<\/p>\n<p>A la comunidad no se le perdona el haberse atrevido a organizarse y empezar a recorrer un camino propio, lejos de partidos pol\u00edticos y de ma\u00f1as electorales. Con altibajos pero con mucha decisi\u00f3n y claridad, la comunidad nahua de Santa Mar\u00eda Ostula luch\u00f3 por la recuperaci\u00f3n de su territorio y al mismo tiempo asegur\u00f3 que estas tierras f\u00e9rtiles y llenas de minerales en el subsuelo fueran explotadas por mineras extranjeras o por distintos grupos del crimen organizado que pretend\u00edan construir un nuevo puerto para mover la metanfetamina, coca\u00edna y algunos otros productos. Ah\u00ed tambi\u00e9n entrenaban cientos de sicarios, ah\u00ed tambi\u00e9n se divert\u00edan jefes de plaza regionales.<\/p>\n<p>Cuando se recuperaron las tierras y se fund\u00f3 Xayacalan se demostr\u00f3 organizaci\u00f3n y fuerza y de ese tama\u00f1o fue la respuesta: tan s\u00f3lo de ese proceso en espec\u00edfico se lleva la cuenta de 32 comuneros asesinados y 6 desaparecidos. No es la primera vez que se asesina ni\u00f1os en estas tierras, ya antes los Caballeros Templarios hab\u00edan asesinado a una ni\u00f1a, s\u00f3lo para dar un mensaje de qui\u00e9nes eran los jefes en la regi\u00f3n. Este domingo 19 de julio no fueron los sicarios los que mataron a un menor de edad, fue el ej\u00e9rcito mexicano quien dispar\u00f3 contra la poblaci\u00f3n desarmada. Fue bajo el mando del Coronel Samuel Nares Hern\u00e1ndez, del 65 Batall\u00f3n de Infanter\u00eda (reci\u00e9n inaugurado el pasado 24 de febrero de 2015 en Coalcom\u00e1n, tras una ceremonia con todo el gabinete presidencial) que se realiz\u00f3 el operativo conjunto.<\/p>\n<p>Tras conversar con distintas personas que presenciaron los hechos, es posible tener una reconstrucci\u00f3n m\u00ednima de lo acontecido. Aproximadamente a las 10 de la ma\u00f1ana, Seme\u00ed Verd\u00eda, comandante de la polic\u00eda comunitaria y H\u00e9ctor Zepeda, su par en el municipio de Cohuayana, acudieron a una cita en la poblaci\u00f3n de La Placita, punto en donde la marina tiene un ret\u00e9n desde hace 5 a\u00f1os. El motivo era la supuesta verificaci\u00f3n de veh\u00edculos blindados, sin embargo ah\u00ed realizaron la detenci\u00f3n de Seme\u00ed y Zepeda no pudo ser detenido. Tras varias horas en las que no se ten\u00eda conocimiento del detenido, fue posible verificar que hab\u00eda sido trasladado a Morelia y que ah\u00ed fue presentado en las instalaciones de la Procuradur\u00eda General de la Rep\u00fablica en la capital michoacana.<\/p>\n<p>A Seme\u00ed Verd\u00eda se le acusa de violar la Ley Federal de Armas y Explosivos, ya que, aparentemente, portaba armas no registradas de grueso calibre, aunque tambi\u00e9n se mencion\u00f3 una investigaci\u00f3n por delitos electorales, espec\u00edficamente por la quema de urnas y boletas en el pasado proceso electoral del 7 de junio. El comandante ya cuenta con defensa legal pero hasta el momento no se cuenta con mayor informaci\u00f3n.<\/p>\n<p>Poco despu\u00e9s de la detenci\u00f3n, algunos efectivos del ej\u00e9rcito y la marina se dirigieron hacia los parajes de de Xayacalan y El Du\u00edn y ah\u00ed, seg\u00fan da a conocer el grupo de solidaridad con la comunidad nahua: \u00ablos miembros de ej\u00e9rcito impactaron sus veh\u00edculos contra los puestos de vigilancia y realizaron disparos; intentaron detener a varios miembros de la comunidad que se encontraban en el lugar\u00bb. Como respuesta a ello los pobladores de Ostula retuvieron a varios militares. En este primer episodio, se intent\u00f3 detener al tesorero de la comunidad sin que esto pudiera concretarse.<\/p>\n<p>No conforme con haber realizado esta detenci\u00f3n, se llev\u00f3 a cabo un operativo conjunto entre la marina, el ej\u00e9rcito (del 65 y del 86 Batallones de Infanter\u00eda) y la polic\u00eda federal. Dicho operativo contaba con alrededor de 1000 elementos, los cuales avanzaron por la carretera 200 hasta quitar con los puntos de control establecidos por la polic\u00eda comunitaria desde hace m\u00e1s de un a\u00f1o. En este operativo, el ej\u00e9rcito rob\u00f3 radios de los comunitarios y a trav\u00e9s de ellos trat\u00f3 de provocar enfrentamientos entre la polic\u00eda local que avala la comunidad y el ej\u00e9rcito; se robaron adem\u00e1s el sello de la Comisi\u00f3n de Vigilancia de la comunidad y en todo momento fueron violentos.<\/p>\n<p>Al punto conocido como Ixtapilla, m\u00e1s adelante de Xayacalan y El Duin, sobre la misma carretera costera, el ej\u00e9rcito lleg\u00f3 disparando al aire y lanzando gases lacrim\u00f3genos, fue en este punto en donde resultaron heridos Yeini Natali Pineda Reyes de 6 a\u00f1os, Horacio Valladares de 32 a\u00f1os, Melesio Cristiano de 63 a\u00f1os y Antonio Alejo Ramos de 17 a\u00f1os. Fue la polic\u00eda comunitaria la que logr\u00f3 frenar el ataque y repeli\u00f3 al ej\u00e9rcito.<\/p>\n<p>Poco despu\u00e9s de esto, todos los elementos del operativo se dirigieron a la tenencia de Santa Mar\u00eda Ostula, punto nodal de esta comunidad y ah\u00ed retomaron a los elementos del batall\u00f3n que se encontraban resguardados.<\/p>\n<p>Tensi\u00f3n<\/p>\n<p>Horas de tensi\u00f3n se vivieron en estas tierras tras la agresi\u00f3n sufrida ayer por parte de elementos del ej\u00e9rcito, la marina y la polic\u00eda federal; el operativo conjunto ten\u00eda la finalidad de destruir los puntos de control establecidos por la polic\u00eda comunitaria que ah\u00ed garantizaba la seguridad de los habitantes, finalmente, tras varias provocaciones de parte de los cuerpos federales, perdi\u00f3 la vida el ni\u00f1o Idalberto Reyes Garc\u00eda de s\u00f3lo 12 a\u00f1os de edad, originario de la encargatura de La Majahuita.<\/p>\n<p>SubVersiones arrib\u00f3 al lugar de los hechos alrededor de las 4:30 de la madrugada, momento en que un convoy de la Marina intentaba ingresar de nuevo a la comunidad pero al ver que el pueblo, enojado por lo acontecido, se manten\u00eda reunido y hab\u00eda restablecido los puntos de control de los comunitarios, por lo que decidieron regresar con direcci\u00f3n a L\u00e1zaro C\u00e1rdenas.<\/p>\n<p>Tras las denuncias surgidas ayer en redes sociales respecto a un ataque a la poblaci\u00f3n civil por parte de miembros de las fuerzas armadas, Germ\u00e1n Ram\u00edrez, nuevo comandante de la polic\u00eda comunitaria de Ostula, resalt\u00f3 el tema del saldo luego de los enfrentamientos: \u00abHubo un menor que falleci\u00f3 y tres personas quedaron heridas: Yeini Natali Pineda Reyes, de 6 a\u00f1os y originaria de El Duin; Melesio Cristino Dircio de 63, oriundo de La Palma Sola, y Horacio Valladares Manuel proveniente de El Zapote Madero\u00bb.<\/p>\n<p>Los pobladores de Ostula se mantuvieron firmes en su convicci\u00f3n de no ceder ante las provocaciones que siguieron a la detenci\u00f3n de Seme\u00ed Verd\u00eda, adem\u00e1s se\u00f1alaron que cuando \u00e9sta se dio, el comandante de los comunitarios se dispon\u00eda a comer en La Placita, luego de la cita mencionada, y s\u00f3lo portaba un arma corta. Los habitantes mantienen bloqueada la carretera federal 200 en espera de una respuesta por parte de las autoridades y manifiestan que no responder\u00e1n con violencia: \u00abganaremos esta guerra a trav\u00e9s de los medios de comunicaci\u00f3n y las redes sociales\u00bb.<\/p>\n<p>Germ\u00e1n puntualiz\u00f3 que adem\u00e1s de Verd\u00eda, los militares se llevaron a otras cuatro personas sin presentar orden de aprehensi\u00f3n, no se tienen m\u00e1s datos salvo el nombre de uno de los detenidos: Refugio Serrano. no se sabe el paradero de estas cuatro personas ni los cargos de los que se les acusa o las razones para ser detenidos por el ej\u00e9rcito.<\/p>\n<p>Denunciaron adem\u00e1s los pobladores la colusi\u00f3n del crimen organizado, espec\u00edficamente de Caballeros Templarios, con autoridades para desarticular una polic\u00eda comunitaria que ha cumplido su encomienda de brindar seguridad a los habitantes sin extender su accionar fuera de su municipio. Espec\u00edficamente en este tema, SubVersiones presentar\u00e1 m\u00e1s adelante una investigaci\u00f3n puntual sobre quienes son los funcionarios p\u00fablicos que han estado coludidos con el crimen organizado en este municipio.<\/p>\n<p>Sin armas a la vista, los pobladores de Ostula se mantienen firmes en su convicci\u00f3n de no caer en provocaciones, pero manifiestan la exigencia de justicia para los detenidos arbitrariamente y para que todo el peso de la ley caiga sobre los asesinos de Idalberto Reyes.<\/p>\n<p><a href=\"http:\/\/subversiones.org\/archivos\/117214\" target=\"_blank\">http:\/\/subversiones.org\/archivos\/117214<\/a><\/p>\n","protected":false},"excerpt":{"rendered":"<p>Por Alejandro Amado y Heriberto Paredes Fotograf\u00edas de Alejandro Amado Tal parece que se trata de una venganza, casi es imposible no pensar en ello. Desde que la comunidad recuper\u00f3 &hellip; <a href=\"https:\/\/www.grieta.org.mx\/index.php\/2015\/07\/20\/embestida-del-ejercito-contra-la-comunidad-nahua-de-santa-maria-ostula\/\" class=\"more-link\">Leer m\u00e1s<\/a><\/p>\n","protected":false},"author":1,"featured_media":21928,"comment_status":"closed","ping_status":"open","sticky":false,"template":"","format":"standard","meta":{"ngg_post_thumbnail":0,"_jetpack_newsletter_access":"","_jetpack_dont_email_post_to_subs":false,"_jetpack_newsletter_tier_id":0,"_jetpack_memberships_contains_paywalled_content":false,"_jetpack_memberships_contains_paid_content":false,"footnotes":""},"categories":[80],"tags":[],"class_list":["post-7747","post","type-post","status-publish","format-standard","has-post-thumbnail","hentry","category-cintillo","entry"],"jetpack_featured_media_url":"https:\/\/www.grieta.org.mx\/wp-content\/uploads\/2018\/03\/14524434_1106112876131411_958039263622046936_o.jpg","jetpack_sharing_enabled":true,"jetpack_shortlink":"https:\/\/wp.me\/p7ZJR4-20X","jetpack_likes_enabled":false,"jetpack-related-posts":[{"id":61821,"url":"https:\/\/www.grieta.org.mx\/index.php\/2021\/09\/20\/comunidad-nahua-de-santa-maria-ostula-integrante-del-congreso-nacional-indigena-se-solidariza-con-las-comunidades-zapatistas\/","url_meta":{"origin":7747,"position":0},"title":"Comunidad nahua de Santa Mar\u00eda Ostula, integrante del Congreso Nacional Ind\u00edgena, se solidariza con las comunidades Zapatistas","author":"grieta","date":"20 septiembre, 2021","format":false,"excerpt":"COMUNIDAD NAHUA DE SANTA MAR\u00cdA OSTULA, MICHOAC\u00c1N\/RADIO ZAPATISTA #AltoALaGuerraContraLasComunidadesZapatistas #RutilioEscand\u00f3n #RutilioRepresor #AltoALaGuerraEnChiapas #OstulaVive A todos los medios de comunicaci\u00f3n, Al Ej\u00e9rcito Zapatista de Liberaci\u00f3n Nacional, Al Congreso Nacional Ind\u00edgena, Al Concejo Ind\u00edgena de Gobierno, A las organizaciones sociales, A la poblaci\u00f3n en general, Por medio de este comunicado, la comunidad\u2026","rel":"","context":"En &quot;CINTILLO&quot;","block_context":{"text":"CINTILLO","link":"https:\/\/www.grieta.org.mx\/index.php\/category\/cintillo\/"},"img":{"alt_text":"","src":"https:\/\/i0.wp.com\/www.grieta.org.mx\/wp-content\/uploads\/2021\/09\/Zap-Nahuas.jpg?resize=350%2C200&ssl=1","width":350,"height":200,"srcset":"https:\/\/i0.wp.com\/www.grieta.org.mx\/wp-content\/uploads\/2021\/09\/Zap-Nahuas.jpg?resize=350%2C200&ssl=1 1x, https:\/\/i0.wp.com\/www.grieta.org.mx\/wp-content\/uploads\/2021\/09\/Zap-Nahuas.jpg?resize=525%2C300&ssl=1 1.5x"},"classes":[]},{"id":68449,"url":"https:\/\/www.grieta.org.mx\/index.php\/2024\/02\/08\/la-comunidad-nahua-de-santa-maria-ostula-denuncia-ataque-de-un-comando-armado-del-cjng\/","url_meta":{"origin":7747,"position":1},"title":"La comunidad Nahua de Santa Mar\u00eda Ostula denuncia ataque de un Comando Armado del CJNG","author":"grieta","date":"8 febrero, 2024","format":false,"excerpt":"Colectivo Grieta 04 de febrero de 2024. En un comunicado publicado por el Congreso Nacional Ind\u00edgena, la Comunidad Nahua de Santa Mar\u00eda Ostula denunci\u00f3 el ataque de un comando armado de unas 50 personas que incursionaron a bordo de camionetas en el territorio comunal de La Cofrad\u00eda. Los comuneros reportan\u2026","rel":"","context":"En &quot;1. Ostula&quot;","block_context":{"text":"1. Ostula","link":"https:\/\/www.grieta.org.mx\/index.php\/category\/espejos-de-la-resistencia\/1-ostula\/"},"img":{"alt_text":"","src":"https:\/\/i0.wp.com\/www.grieta.org.mx\/wp-content\/uploads\/2024\/02\/PRONUNCIAMIENTO-POR-LA-DESAPARICION-FORZADA-DE-LORENZO-FROYLAN-DE-LA-CRUZ-R_20240202_202519_0000.png?resize=350%2C200&ssl=1","width":350,"height":200,"srcset":"https:\/\/i0.wp.com\/www.grieta.org.mx\/wp-content\/uploads\/2024\/02\/PRONUNCIAMIENTO-POR-LA-DESAPARICION-FORZADA-DE-LORENZO-FROYLAN-DE-LA-CRUZ-R_20240202_202519_0000.png?resize=350%2C200&ssl=1 1x, https:\/\/i0.wp.com\/www.grieta.org.mx\/wp-content\/uploads\/2024\/02\/PRONUNCIAMIENTO-POR-LA-DESAPARICION-FORZADA-DE-LORENZO-FROYLAN-DE-LA-CRUZ-R_20240202_202519_0000.png?resize=525%2C300&ssl=1 1.5x, https:\/\/i0.wp.com\/www.grieta.org.mx\/wp-content\/uploads\/2024\/02\/PRONUNCIAMIENTO-POR-LA-DESAPARICION-FORZADA-DE-LORENZO-FROYLAN-DE-LA-CRUZ-R_20240202_202519_0000.png?resize=700%2C400&ssl=1 2x"},"classes":[]},{"id":7763,"url":"https:\/\/www.grieta.org.mx\/index.php\/2015\/07\/19\/atacan-a-ostula-aqui-la-historia-de-su-lucha\/","url_meta":{"origin":7747,"position":2},"title":"Atacan a Ostula. Aqu\u00ed la historia de su lucha","author":"Admin","date":"19 julio, 2015","format":false,"excerpt":"Ataque del ej\u00e9rcito a nahuas de Ostula; se confirma un ni\u00f1o muerto y dos heridos [1]\u00a0(19 de julio del 2015) En tres acciones simult\u00e1neas, el Ej\u00e9rcito mexicano atac\u00f3 comunidades de Santa Mar\u00eda Ostula en Michoac\u00e1n donde se reporta un ni\u00f1o muerto y dos menores heridos, as\u00ed como una situaci\u00f3n de\u2026","rel":"","context":"En &quot;CINTILLO&quot;","block_context":{"text":"CINTILLO","link":"https:\/\/www.grieta.org.mx\/index.php\/category\/cintillo\/"},"img":{"alt_text":"","src":"https:\/\/i0.wp.com\/www.grieta.org.mx\/wp-content\/uploads\/2018\/03\/14524434_1106112876131411_958039263622046936_o.jpg?resize=350%2C200&ssl=1","width":350,"height":200,"srcset":"https:\/\/i0.wp.com\/www.grieta.org.mx\/wp-content\/uploads\/2018\/03\/14524434_1106112876131411_958039263622046936_o.jpg?resize=350%2C200&ssl=1 1x, https:\/\/i0.wp.com\/www.grieta.org.mx\/wp-content\/uploads\/2018\/03\/14524434_1106112876131411_958039263622046936_o.jpg?resize=525%2C300&ssl=1 1.5x, https:\/\/i0.wp.com\/www.grieta.org.mx\/wp-content\/uploads\/2018\/03\/14524434_1106112876131411_958039263622046936_o.jpg?resize=700%2C400&ssl=1 2x"},"classes":[]},{"id":7733,"url":"https:\/\/www.grieta.org.mx\/index.php\/2015\/07\/22\/cni-y-ezln-condenan-ataque-de-corporaciones-militares-y-policiacas-contra-la-comunidad-indigena-nahua-de-santa-maria-ostula\/","url_meta":{"origin":7747,"position":3},"title":"CNI y EZLN condenan ataque de corporaciones militares y policiacas contra la comunidad ind\u00edgena nahua de Santa Mar\u00eda Ostula","author":"Admin","date":"22 julio, 2015","format":false,"excerpt":"A la Comunidad Ind\u00edgena Nahua de Santa Mar\u00eda Ostula, Aquila, Michoac\u00e1n: A la Sexta nacional e Internacional: A los pueblos de M\u00e9xico y del Mundo: 21 de julio del 2015. Ante los violentos acontecimientos perpetrados el pasado 19 de julio de 2015 en contra de la comunidad ind\u00edgena de Santa\u2026","rel":"","context":"En &quot;CINTILLO&quot;","block_context":{"text":"CINTILLO","link":"https:\/\/www.grieta.org.mx\/index.php\/category\/cintillo\/"},"img":{"alt_text":"","src":"https:\/\/i0.wp.com\/www.grieta.org.mx\/wp-content\/uploads\/2018\/03\/14524434_1106112876131411_958039263622046936_o.jpg?resize=350%2C200&ssl=1","width":350,"height":200,"srcset":"https:\/\/i0.wp.com\/www.grieta.org.mx\/wp-content\/uploads\/2018\/03\/14524434_1106112876131411_958039263622046936_o.jpg?resize=350%2C200&ssl=1 1x, https:\/\/i0.wp.com\/www.grieta.org.mx\/wp-content\/uploads\/2018\/03\/14524434_1106112876131411_958039263622046936_o.jpg?resize=525%2C300&ssl=1 1.5x, https:\/\/i0.wp.com\/www.grieta.org.mx\/wp-content\/uploads\/2018\/03\/14524434_1106112876131411_958039263622046936_o.jpg?resize=700%2C400&ssl=1 2x"},"classes":[]},{"id":7497,"url":"https:\/\/www.grieta.org.mx\/index.php\/2016\/07\/29\/lucha-y-resistencia-del-pueblo-de-santa-maria-ostula\/","url_meta":{"origin":7747,"position":4},"title":"Lucha y resistencia del pueblo de Santa Mar\u00eda Ostula","author":"Admin","date":"29 julio, 2016","format":false,"excerpt":"Detienen a Jhony Israel Flores Tolentino, polic\u00eda comunitario de Santa Mar\u00eda Ostula 29\/07\/16. Detienen a \u201cEl Tizoc\u201d en Morelia; intentaba obtener una carta de no antecedentes penales Provincia Ostula celebra siete a\u00f1os de autonom\u00eda 28\/06\/16. Ostula Michoac\u00e1n, siete a\u00f1os en defensa de la Madre Tierra Pozol Colectivo Movilizaci\u00f3n en memoria\u2026","rel":"","context":"En &quot;1. Ostula&quot;","block_context":{"text":"1. Ostula","link":"https:\/\/www.grieta.org.mx\/index.php\/category\/espejos-de-la-resistencia\/1-ostula\/"},"img":{"alt_text":"","src":"https:\/\/i0.wp.com\/www.grieta.org.mx\/wp-content\/uploads\/2018\/03\/14524434_1106112876131411_958039263622046936_o.jpg?resize=350%2C200&ssl=1","width":350,"height":200,"srcset":"https:\/\/i0.wp.com\/www.grieta.org.mx\/wp-content\/uploads\/2018\/03\/14524434_1106112876131411_958039263622046936_o.jpg?resize=350%2C200&ssl=1 1x, https:\/\/i0.wp.com\/www.grieta.org.mx\/wp-content\/uploads\/2018\/03\/14524434_1106112876131411_958039263622046936_o.jpg?resize=525%2C300&ssl=1 1.5x, https:\/\/i0.wp.com\/www.grieta.org.mx\/wp-content\/uploads\/2018\/03\/14524434_1106112876131411_958039263622046936_o.jpg?resize=700%2C400&ssl=1 2x"},"classes":[]},{"id":69748,"url":"https:\/\/www.grieta.org.mx\/index.php\/2024\/08\/09\/habitantes-de-santa-maria-ostula-realizan-jornada-de-protestas-en-defensa-de-su-territorio-michoacan\/","url_meta":{"origin":7747,"position":5},"title":"Habitantes de Santa Mar\u00eda Ostula realizan jornada de protestas en defensa de su territorio (Michoac\u00e1n)","author":"grieta","date":"9 agosto, 2024","format":false,"excerpt":"Pobladores de la comunidad ind\u00edgena nahua enfrentan el riesgo de perder alrededor de 3 mil hect\u00e1reas de su territorio mediante un juicio iniciado hace dos d\u00e9cadas. Proceso Por Pedro Zamora Brise\u00f1o viernes, 9 de agosto de 2024 MORELIA, Mich. (apro).- La ma\u00f1ana de este viernes, habitantes de la comunidad ind\u00edgena\u2026","rel":"","context":"En &quot;CINTILLO&quot;","block_context":{"text":"CINTILLO","link":"https:\/\/www.grieta.org.mx\/index.php\/category\/cintillo\/"},"img":{"alt_text":"","src":"https:\/\/i0.wp.com\/www.grieta.org.mx\/wp-content\/uploads\/2024\/09\/f685x385-205051_242744_4965.jpg?resize=350%2C200&ssl=1","width":350,"height":200,"srcset":"https:\/\/i0.wp.com\/www.grieta.org.mx\/wp-content\/uploads\/2024\/09\/f685x385-205051_242744_4965.jpg?resize=350%2C200&ssl=1 1x, https:\/\/i0.wp.com\/www.grieta.org.mx\/wp-content\/uploads\/2024\/09\/f685x385-205051_242744_4965.jpg?resize=525%2C300&ssl=1 1.5x"},"classes":[]}],"_links":{"self":[{"href":"https:\/\/www.grieta.org.mx\/index.php\/wp-json\/wp\/v2\/posts\/7747","targetHints":{"allow":["GET"]}}],"collection":[{"href":"https:\/\/www.grieta.org.mx\/index.php\/wp-json\/wp\/v2\/posts"}],"about":[{"href":"https:\/\/www.grieta.org.mx\/index.php\/wp-json\/wp\/v2\/types\/post"}],"author":[{"embeddable":true,"href":"https:\/\/www.grieta.org.mx\/index.php\/wp-json\/wp\/v2\/users\/1"}],"replies":[{"embeddable":true,"href":"https:\/\/www.grieta.org.mx\/index.php\/wp-json\/wp\/v2\/comments?post=7747"}],"version-history":[{"count":1,"href":"https:\/\/www.grieta.org.mx\/index.php\/wp-json\/wp\/v2\/posts\/7747\/revisions"}],"predecessor-version":[{"id":7751,"href":"https:\/\/www.grieta.org.mx\/index.php\/wp-json\/wp\/v2\/posts\/7747\/revisions\/7751"}],"wp:featuredmedia":[{"embeddable":true,"href":"https:\/\/www.grieta.org.mx\/index.php\/wp-json\/wp\/v2\/media\/21928"}],"wp:attachment":[{"href":"https:\/\/www.grieta.org.mx\/index.php\/wp-json\/wp\/v2\/media?parent=7747"}],"wp:term":[{"taxonomy":"category","embeddable":true,"href":"https:\/\/www.grieta.org.mx\/index.php\/wp-json\/wp\/v2\/categories?post=7747"},{"taxonomy":"post_tag","embeddable":true,"href":"https:\/\/www.grieta.org.mx\/index.php\/wp-json\/wp\/v2\/tags?post=7747"}],"curies":[{"name":"wp","href":"https:\/\/api.w.org\/{rel}","templated":true}]}}