{"id":7739,"date":"2015-07-22T21:53:46","date_gmt":"2015-07-22T21:53:46","guid":{"rendered":"http:\/\/50.22.11.12\/~grietaor\/?p=7739"},"modified":"2016-03-29T22:00:13","modified_gmt":"2016-03-29T22:00:13","slug":"de-ayotzinapa-para-ostula-nos-solidarizamos-y-exigimos-juicio-y-castigo","status":"publish","type":"post","link":"https:\/\/www.grieta.org.mx\/index.php\/2015\/07\/22\/de-ayotzinapa-para-ostula-nos-solidarizamos-y-exigimos-juicio-y-castigo\/","title":{"rendered":"De Ayotzinapa para Ostula: Nos solidarizamos y exigimos juicio y castigo"},"content":{"rendered":"<p>Compa\u00f1erxs del Congreso Nacional Ind\u00edgena.<\/p>\n<p>PRESENTES<\/p>\n<p>Por este medio les hacemos llegar el comunicado que las madres y los padres de los estudiantes desparecidos y asesinados de Ayotzinapa acordaron enviar a la Comunidad ind\u00edgena de Ostula, en Michoac\u00e1n, despu\u00e9s del ataque del que fueron v\u00edctimas por parte del Ej\u00e9rcito mexicano.<\/p>\n<p>COMUNICADO<\/p>\n<p>LAS MADRES Y PADRES DE LOS 43 ESTUDIANTES DESAPARECIDOS EL 26 Y 27 DE SEPTIEMBRE NOS SOLIDARIZAMOS CON EL PUEBLO DE OSTULA Y EXIGIMOS JUICIO Y CASTIGO A LOS RESPONSABLES MATERIALES E INTELECTUALES DEL ATAQUE Y LOS ASESINATOS.<\/p>\n<p>Estamos enterados a trav\u00e9s de los medios de comunicaci\u00f3n que el domingo 19 de julio de 2015 el Ej\u00e9rcito mexicano atac\u00f3 la comunidad ind\u00edgena de Santa Mar\u00eda Ostula en Michoac\u00e1n donde se report\u00f3 un ni\u00f1o muerto y dos menores heridos.<\/p>\n<p>En las comunidades ind\u00edgenas de Guerrero como en Ostula, en donde ante la inoperancia de las estrategias gubernamentales para contener el rompimiento del tejido social por parte de la delincuencia organizada, la conformaci\u00f3n de grupos de polic\u00eda comunitaria ha sido la \u00fanica alternativa para garantizar la seguridad de sus habitantes, en repuesta el narco-estado mexicano y sus instituciones pretenden detener la consolidaci\u00f3n de estos sistemas alternativos de justicia y su expansi\u00f3n, fabricando delitos a sus representantes m\u00e1s visibles y encarcel\u00e1ndolos.<\/p>\n<p>Tambi\u00e9n en Santa Mar\u00eda Ostula, despu\u00e9s de un aparatoso operativo militar se dio la detenci\u00f3n del comandante de la polic\u00eda comunitaria de Santa Mar\u00eda Ostula, Ceme\u00ed Verd\u00eda. Ante las acciones emprendidas por las fuerzas federales la comunidad de Santa Mar\u00eda Ostula se moviliz\u00f3 y retuvo a varios miembros del ej\u00e9rcito mexicano que participaron en las agresiones, y al igual que lo sucedido el 7 de junio de 2015 en Tlapa, Guerrero, donde la polic\u00eda federal asesino al estudiante Antonio Vivar D\u00edaz, en Ostula los militares dispararon a mansalva en contra de las personas que se asomaban a las ventanas, incluso a los ni\u00f1os, resultando muerto el ni\u00f1o Edilberto Reyes Garc\u00eda, cuando una bala atraves\u00f3 su cr\u00e1neo a un costado del ojo derecho y otros ni\u00f1os resultaron heridos por las balas de los militares asesinos.<\/p>\n<p>Las madres y padres de los 43 desaparecidos de Ayotzinapa, en nuestro peregrinar en b\u00fasqueda de la solidaridad, recorrimos diversos lugares de varios estados del pa\u00eds visitamos Ostula y ese noble pueblo nos brind\u00f3 su m\u00e1s amplia solidaridad y cobij\u00f3 nuestro dolor d\u00e1ndonos fuerzas para seguir adelante. Hoy con la misma generosidad les manifestamos nuestra m\u00e1s amplia solidaridad, les decimos que no est\u00e1n solos, que lucharemos junto a ustedes para exigir al narco-estado mexicano que cese la represi\u00f3n en contra de los pueblos que se organizan para defender sus derechos y exigimos que se castigue a los responsables materiales e intelectuales de este artero crimen y las heridas ocasionadas a otros ni\u00f1os, tambi\u00e9n exigimos la inmediata libertad de Ceme\u00ed Verd\u00eda comandante de la polic\u00eda comunitaria de Santa Mar\u00eda Ostula.<\/p>\n<p>Atentamente<\/p>\n<p>\u00a1Vivos se los llevaron, vivos los queremos!<\/p>\n<p>Comit\u00e9 de madres y padres de los 43 estudiantes desaparecidos de la Normal Rural, \u201cRa\u00fal Isidro Burgos\u201d de Ayotzinapa, Guerrero.<\/p>\n<p><a href=\"http:\/\/www.centrodemedioslibres.org\/2015\/07\/22\/de-ayotzinapa-para-ostula-nos-solidarizamos-y-exigimos-juicio-y-castigo\/\" target=\"_blank\">http:\/\/www.centrodemedioslibres.org\/2015\/07\/22\/de-ayotzinapa-para-ostula-nos-solidarizamos-y-exigimos-juicio-y-castigo\/<\/a><\/p>\n","protected":false},"excerpt":{"rendered":"<p>Compa\u00f1erxs del Congreso Nacional Ind\u00edgena. PRESENTES Por este medio les hacemos llegar el comunicado que las madres y los padres de los estudiantes desparecidos y asesinados de Ayotzinapa acordaron enviar &hellip; <a href=\"https:\/\/www.grieta.org.mx\/index.php\/2015\/07\/22\/de-ayotzinapa-para-ostula-nos-solidarizamos-y-exigimos-juicio-y-castigo\/\" class=\"more-link\">Leer m\u00e1s<\/a><\/p>\n","protected":false},"author":1,"featured_media":21928,"comment_status":"closed","ping_status":"open","sticky":false,"template":"","format":"standard","meta":{"ngg_post_thumbnail":0,"_jetpack_newsletter_access":"","_jetpack_dont_email_post_to_subs":false,"_jetpack_newsletter_tier_id":0,"_jetpack_memberships_contains_paywalled_content":false,"_jetpack_memberships_contains_paid_content":false,"footnotes":""},"categories":[80,82],"tags":[119,455],"class_list":["post-7739","post","type-post","status-publish","format-standard","has-post-thumbnail","hentry","category-cintillo","category-michoacan","tag-ayotzinapa","tag-ostula","entry"],"jetpack_featured_media_url":"https:\/\/www.grieta.org.mx\/wp-content\/uploads\/2018\/03\/14524434_1106112876131411_958039263622046936_o.jpg","jetpack_sharing_enabled":true,"jetpack_shortlink":"https:\/\/wp.me\/p7ZJR4-20P","jetpack_likes_enabled":false,"jetpack-related-posts":[{"id":7497,"url":"https:\/\/www.grieta.org.mx\/index.php\/2016\/07\/29\/lucha-y-resistencia-del-pueblo-de-santa-maria-ostula\/","url_meta":{"origin":7739,"position":0},"title":"Lucha y resistencia del pueblo de Santa Mar\u00eda Ostula","author":"Admin","date":"29 julio, 2016","format":false,"excerpt":"Detienen a Jhony Israel Flores Tolentino, polic\u00eda comunitario de Santa Mar\u00eda Ostula 29\/07\/16. Detienen a \u201cEl Tizoc\u201d en Morelia; intentaba obtener una carta de no antecedentes penales Provincia Ostula celebra siete a\u00f1os de autonom\u00eda 28\/06\/16. Ostula Michoac\u00e1n, siete a\u00f1os en defensa de la Madre Tierra Pozol Colectivo Movilizaci\u00f3n en memoria\u2026","rel":"","context":"En &quot;1. Ostula&quot;","block_context":{"text":"1. Ostula","link":"https:\/\/www.grieta.org.mx\/index.php\/category\/espejos-de-la-resistencia\/1-ostula\/"},"img":{"alt_text":"","src":"https:\/\/i0.wp.com\/www.grieta.org.mx\/wp-content\/uploads\/2018\/03\/14524434_1106112876131411_958039263622046936_o.jpg?resize=350%2C200&ssl=1","width":350,"height":200,"srcset":"https:\/\/i0.wp.com\/www.grieta.org.mx\/wp-content\/uploads\/2018\/03\/14524434_1106112876131411_958039263622046936_o.jpg?resize=350%2C200&ssl=1 1x, https:\/\/i0.wp.com\/www.grieta.org.mx\/wp-content\/uploads\/2018\/03\/14524434_1106112876131411_958039263622046936_o.jpg?resize=525%2C300&ssl=1 1.5x, https:\/\/i0.wp.com\/www.grieta.org.mx\/wp-content\/uploads\/2018\/03\/14524434_1106112876131411_958039263622046936_o.jpg?resize=700%2C400&ssl=1 2x"},"classes":[]},{"id":7754,"url":"https:\/\/www.grieta.org.mx\/index.php\/2015\/07\/19\/cargando-a-sangre-y-fuego-el-ejercito-realiza-detenciones-arbitrarias-en-santa-maria-ostula-contra-policias-comunitarios-y-autodefensas\/","url_meta":{"origin":7739,"position":1},"title":"Cargando a sangre y fuego el ej\u00e9rcito realiza detenciones arbitrarias en Santa Mar\u00eda Ostula contra polic\u00edas comunitarios y autodefensas","author":"Admin","date":"19 julio, 2015","format":false,"excerpt":"Bolet\u00edn N\u00b0 1 DETENIENE EL EJ\u00c9RCITO A MIEMBROS DE LA COMUNIDAD IND\u00cdGENA DE SANTA MAR\u00cdA OSTULA, Municipio de Aquila, Michoac\u00e1n. (19 de julio de 2015, 13 hrs) A LA SOCIEDAD CIVIL A LAS ORGANIZACIONES DE DERECHOS HUMANOS A LOS MEDIOS DE COMUNICACI\u00d3N HONESTOS ostula-indymediaEl d\u00eda de hoy aproximadamente a las\u2026","rel":"","context":"En &quot;CINTILLO&quot;","block_context":{"text":"CINTILLO","link":"https:\/\/www.grieta.org.mx\/index.php\/category\/cintillo\/"},"img":{"alt_text":"","src":"https:\/\/i0.wp.com\/www.grieta.org.mx\/wp-content\/uploads\/2018\/03\/14524434_1106112876131411_958039263622046936_o.jpg?resize=350%2C200&ssl=1","width":350,"height":200,"srcset":"https:\/\/i0.wp.com\/www.grieta.org.mx\/wp-content\/uploads\/2018\/03\/14524434_1106112876131411_958039263622046936_o.jpg?resize=350%2C200&ssl=1 1x, https:\/\/i0.wp.com\/www.grieta.org.mx\/wp-content\/uploads\/2018\/03\/14524434_1106112876131411_958039263622046936_o.jpg?resize=525%2C300&ssl=1 1.5x, https:\/\/i0.wp.com\/www.grieta.org.mx\/wp-content\/uploads\/2018\/03\/14524434_1106112876131411_958039263622046936_o.jpg?resize=700%2C400&ssl=1 2x"},"classes":[]},{"id":7763,"url":"https:\/\/www.grieta.org.mx\/index.php\/2015\/07\/19\/atacan-a-ostula-aqui-la-historia-de-su-lucha\/","url_meta":{"origin":7739,"position":2},"title":"Atacan a Ostula. Aqu\u00ed la historia de su lucha","author":"Admin","date":"19 julio, 2015","format":false,"excerpt":"Ataque del ej\u00e9rcito a nahuas de Ostula; se confirma un ni\u00f1o muerto y dos heridos [1]\u00a0(19 de julio del 2015) En tres acciones simult\u00e1neas, el Ej\u00e9rcito mexicano atac\u00f3 comunidades de Santa Mar\u00eda Ostula en Michoac\u00e1n donde se reporta un ni\u00f1o muerto y dos menores heridos, as\u00ed como una situaci\u00f3n de\u2026","rel":"","context":"En &quot;CINTILLO&quot;","block_context":{"text":"CINTILLO","link":"https:\/\/www.grieta.org.mx\/index.php\/category\/cintillo\/"},"img":{"alt_text":"","src":"https:\/\/i0.wp.com\/www.grieta.org.mx\/wp-content\/uploads\/2018\/03\/14524434_1106112876131411_958039263622046936_o.jpg?resize=350%2C200&ssl=1","width":350,"height":200,"srcset":"https:\/\/i0.wp.com\/www.grieta.org.mx\/wp-content\/uploads\/2018\/03\/14524434_1106112876131411_958039263622046936_o.jpg?resize=350%2C200&ssl=1 1x, https:\/\/i0.wp.com\/www.grieta.org.mx\/wp-content\/uploads\/2018\/03\/14524434_1106112876131411_958039263622046936_o.jpg?resize=525%2C300&ssl=1 1.5x, https:\/\/i0.wp.com\/www.grieta.org.mx\/wp-content\/uploads\/2018\/03\/14524434_1106112876131411_958039263622046936_o.jpg?resize=700%2C400&ssl=1 2x"},"classes":[]},{"id":3717,"url":"https:\/\/www.grieta.org.mx\/index.php\/2015\/07\/22\/comunicado-conjunto-del-cni-y-el-ccri-cg-del-ezln-sobre-el-ataque-de-fuerzas-federales-contra-la-comunidad-indigena-de-santa-maria-ostula\/","url_meta":{"origin":7739,"position":3},"title":"Comunicado conjunto del CNI y el CCRI-CG del EZLN sobre el ataque de fuerzas federales contra la comunidad ind\u00edgena de Santa Mar\u00eda Ostula","author":"grieta","date":"22 julio, 2015","format":false,"excerpt":"A la Comunidad Ind\u00edgena Nahua de Santa Mar\u00eda Ostula, Aquila, Michoac\u00e1n: A la Sexta nacional e Internacional: A los pueblos de M\u00e9xico y del Mundo: 21 de julio del 2015. Ante los violentos acontecimientos perpetrados el pasado 19 de julio de 2015 en contra de la comunidad ind\u00edgena de Santa\u2026","rel":"","context":"En &quot;Comunicados&quot;","block_context":{"text":"Comunicados","link":"https:\/\/www.grieta.org.mx\/index.php\/category\/ezln-2\/ezln\/"},"img":{"alt_text":"","src":"https:\/\/i0.wp.com\/www.grieta.org.mx\/wp-content\/uploads\/2018\/03\/14524434_1106112876131411_958039263622046936_o.jpg?resize=350%2C200&ssl=1","width":350,"height":200,"srcset":"https:\/\/i0.wp.com\/www.grieta.org.mx\/wp-content\/uploads\/2018\/03\/14524434_1106112876131411_958039263622046936_o.jpg?resize=350%2C200&ssl=1 1x, https:\/\/i0.wp.com\/www.grieta.org.mx\/wp-content\/uploads\/2018\/03\/14524434_1106112876131411_958039263622046936_o.jpg?resize=525%2C300&ssl=1 1.5x, https:\/\/i0.wp.com\/www.grieta.org.mx\/wp-content\/uploads\/2018\/03\/14524434_1106112876131411_958039263622046936_o.jpg?resize=700%2C400&ssl=1 2x"},"classes":[]},{"id":69246,"url":"https:\/\/www.grieta.org.mx\/index.php\/2024\/06\/18\/denuncia-comunidad-de-santa-maria-ostula-ataque-del-cartel-jalisco-nueva-generacion-michoacan\/","url_meta":{"origin":7739,"position":4},"title":"Denuncia comunidad de Santa Mar\u00eda Ostula ataque del C\u00e1rtel Jalisco Nueva Generaci\u00f3n (Michoac\u00e1n)","author":"grieta","date":"18 junio, 2024","format":false,"excerpt":"Por medio de un pronunciamiento, la Comunidad Ind\u00edgena Nahua de Santa Mar\u00eda Ostula inform\u00f3 que un comunero perteneciente a la comunidad fue atacado por un comando fuertemente armado del C\u00e1rtel Jalisco Nueva Generaci\u00f3n Texto: Astrid Salgado \/ Zonadocs Foto: V\u00eda ZonaDocs Santa Mar\u00eda Ostula, Michoac\u00e1n. El pasado 13 de junio\u2026","rel":"","context":"En &quot;1. Ostula&quot;","block_context":{"text":"1. Ostula","link":"https:\/\/www.grieta.org.mx\/index.php\/category\/espejos-de-la-resistencia\/1-ostula\/"},"img":{"alt_text":"","src":"https:\/\/i0.wp.com\/www.grieta.org.mx\/wp-content\/uploads\/2024\/06\/F8RMCUlbkAA88K5.jpeg?resize=350%2C200&ssl=1","width":350,"height":200,"srcset":"https:\/\/i0.wp.com\/www.grieta.org.mx\/wp-content\/uploads\/2024\/06\/F8RMCUlbkAA88K5.jpeg?resize=350%2C200&ssl=1 1x, https:\/\/i0.wp.com\/www.grieta.org.mx\/wp-content\/uploads\/2024\/06\/F8RMCUlbkAA88K5.jpeg?resize=525%2C300&ssl=1 1.5x, https:\/\/i0.wp.com\/www.grieta.org.mx\/wp-content\/uploads\/2024\/06\/F8RMCUlbkAA88K5.jpeg?resize=700%2C400&ssl=1 2x, https:\/\/i0.wp.com\/www.grieta.org.mx\/wp-content\/uploads\/2024\/06\/F8RMCUlbkAA88K5.jpeg?resize=1050%2C600&ssl=1 3x"},"classes":[]},{"id":7733,"url":"https:\/\/www.grieta.org.mx\/index.php\/2015\/07\/22\/cni-y-ezln-condenan-ataque-de-corporaciones-militares-y-policiacas-contra-la-comunidad-indigena-nahua-de-santa-maria-ostula\/","url_meta":{"origin":7739,"position":5},"title":"CNI y EZLN condenan ataque de corporaciones militares y policiacas contra la comunidad ind\u00edgena nahua de Santa Mar\u00eda Ostula","author":"Admin","date":"22 julio, 2015","format":false,"excerpt":"A la Comunidad Ind\u00edgena Nahua de Santa Mar\u00eda Ostula, Aquila, Michoac\u00e1n: A la Sexta nacional e Internacional: A los pueblos de M\u00e9xico y del Mundo: 21 de julio del 2015. Ante los violentos acontecimientos perpetrados el pasado 19 de julio de 2015 en contra de la comunidad ind\u00edgena de Santa\u2026","rel":"","context":"En &quot;CINTILLO&quot;","block_context":{"text":"CINTILLO","link":"https:\/\/www.grieta.org.mx\/index.php\/category\/cintillo\/"},"img":{"alt_text":"","src":"https:\/\/i0.wp.com\/www.grieta.org.mx\/wp-content\/uploads\/2018\/03\/14524434_1106112876131411_958039263622046936_o.jpg?resize=350%2C200&ssl=1","width":350,"height":200,"srcset":"https:\/\/i0.wp.com\/www.grieta.org.mx\/wp-content\/uploads\/2018\/03\/14524434_1106112876131411_958039263622046936_o.jpg?resize=350%2C200&ssl=1 1x, https:\/\/i0.wp.com\/www.grieta.org.mx\/wp-content\/uploads\/2018\/03\/14524434_1106112876131411_958039263622046936_o.jpg?resize=525%2C300&ssl=1 1.5x, https:\/\/i0.wp.com\/www.grieta.org.mx\/wp-content\/uploads\/2018\/03\/14524434_1106112876131411_958039263622046936_o.jpg?resize=700%2C400&ssl=1 2x"},"classes":[]}],"_links":{"self":[{"href":"https:\/\/www.grieta.org.mx\/index.php\/wp-json\/wp\/v2\/posts\/7739","targetHints":{"allow":["GET"]}}],"collection":[{"href":"https:\/\/www.grieta.org.mx\/index.php\/wp-json\/wp\/v2\/posts"}],"about":[{"href":"https:\/\/www.grieta.org.mx\/index.php\/wp-json\/wp\/v2\/types\/post"}],"author":[{"embeddable":true,"href":"https:\/\/www.grieta.org.mx\/index.php\/wp-json\/wp\/v2\/users\/1"}],"replies":[{"embeddable":true,"href":"https:\/\/www.grieta.org.mx\/index.php\/wp-json\/wp\/v2\/comments?post=7739"}],"version-history":[{"count":1,"href":"https:\/\/www.grieta.org.mx\/index.php\/wp-json\/wp\/v2\/posts\/7739\/revisions"}],"predecessor-version":[{"id":7743,"href":"https:\/\/www.grieta.org.mx\/index.php\/wp-json\/wp\/v2\/posts\/7739\/revisions\/7743"}],"wp:featuredmedia":[{"embeddable":true,"href":"https:\/\/www.grieta.org.mx\/index.php\/wp-json\/wp\/v2\/media\/21928"}],"wp:attachment":[{"href":"https:\/\/www.grieta.org.mx\/index.php\/wp-json\/wp\/v2\/media?parent=7739"}],"wp:term":[{"taxonomy":"category","embeddable":true,"href":"https:\/\/www.grieta.org.mx\/index.php\/wp-json\/wp\/v2\/categories?post=7739"},{"taxonomy":"post_tag","embeddable":true,"href":"https:\/\/www.grieta.org.mx\/index.php\/wp-json\/wp\/v2\/tags?post=7739"}],"curies":[{"name":"wp","href":"https:\/\/api.w.org\/{rel}","templated":true}]}}