{"id":7735,"date":"2015-11-01T21:52:48","date_gmt":"2015-11-01T21:52:48","guid":{"rendered":"http:\/\/50.22.11.12\/~grietaor\/?p=7735"},"modified":"2016-03-29T22:22:33","modified_gmt":"2016-03-29T22:22:33","slug":"comunidad-de-libres-defiende-la-naturaleza-ante-visita-de-minera-canadiense","status":"publish","type":"post","link":"https:\/\/www.grieta.org.mx\/index.php\/2015\/11\/01\/comunidad-de-libres-defiende-la-naturaleza-ante-visita-de-minera-canadiense\/","title":{"rendered":"Comunidad de Libres defiende la naturaleza ante visita de minera canadiense"},"content":{"rendered":"<p>noviembre 01, 2015<br \/>\nDaliri Oropeza, Libres, Puebla <\/p>\n<p>Gabriela es una mujer joven. A penas llega a los 20 a\u00f1os, pero eso no le impide tener la voz firme para defender a su comunidad; Pedernales, en el municipio de Libres, que est\u00e1 justo a la entrada de la Sierra Norte de Puebla.<\/p>\n<p>Ella le dijo a los representantes de la empresa minera Gavil\u00e1n que se fueran. Estuvieron en una reuni\u00f3n con la comunidad. Todos rechazaron que entre este proyecto \u201cque va a destruir toda la naturaleza, todo el monte\u201d. Para Gabriela, mil empleos por dos meses no sustituyen la riqueza natural que hay en su comunidad.<\/p>\n<p>En el municipio de Libres, Sierra Norte de Puebla, hay 17 concesiones mineras.<\/p>\n<p>Son las empresas Gavil\u00e1n (que visit\u00f3 Pedernales) y Gorri\u00f3n, filiales de la minera canadiense Almaden Minerals, quienes tienen permiso de realizar labores de exploraci\u00f3n concedidos por la Semarnat desde julio pasado.<\/p>\n<p>Los canadienses tienen 12 concesiones en la Sierra Norte dePuebla, 4 son del municipio de Libres.<\/p>\n<p>Hay municipios serranos, como Ixtacamaxtitl\u00e1n que tienen m\u00e1s de la mitad de su territorio concesionado.<\/p>\n<p>Sin embargo, la comunidad de Pedernales, Libres, no los dej\u00f3 iniciar con la exploraci\u00f3n. Aqu\u00ed el mensaje que da Gabriela: soundcloud.com\/masde131\/voz-nahua-que-defiende-la-sierra-norte-de-puebla-de-la-mineria\/s-AQIBz<\/p>\n<p><a href=\"http:\/\/www.masde131.com\/2015\/11\/comunidad-de-libres-defiende-la-naturaleza-ante-visita-de-minera-canadiense\/\" target=\"_blank\">http:\/\/www.masde131.com\/2015\/11\/comunidad-de-libres-defiende-la-naturaleza-ante-visita-de-minera-canadiense\/<\/a><\/p>\n","protected":false},"excerpt":{"rendered":"<p>noviembre 01, 2015 Daliri Oropeza, Libres, Puebla Gabriela es una mujer joven. A penas llega a los 20 a\u00f1os, pero eso no le impide tener la voz firme para defender &hellip; <a href=\"https:\/\/www.grieta.org.mx\/index.php\/2015\/11\/01\/comunidad-de-libres-defiende-la-naturaleza-ante-visita-de-minera-canadiense\/\" class=\"more-link\">Leer m\u00e1s<\/a><\/p>\n","protected":false},"author":2,"featured_media":21928,"comment_status":"closed","ping_status":"open","sticky":false,"template":"","format":"standard","meta":{"ngg_post_thumbnail":0,"_jetpack_newsletter_access":"","_jetpack_dont_email_post_to_subs":false,"_jetpack_newsletter_tier_id":0,"_jetpack_memberships_contains_paywalled_content":false,"_jetpack_memberships_contains_paid_content":false,"footnotes":""},"categories":[80],"tags":[109],"class_list":["post-7735","post","type-post","status-publish","format-standard","has-post-thumbnail","hentry","category-cintillo","tag-mineria","entry"],"jetpack_featured_media_url":"https:\/\/www.grieta.org.mx\/wp-content\/uploads\/2018\/03\/14524434_1106112876131411_958039263622046936_o.jpg","jetpack_sharing_enabled":true,"jetpack_shortlink":"https:\/\/wp.me\/p7ZJR4-20L","jetpack_likes_enabled":false,"jetpack-related-posts":[{"id":7644,"url":"https:\/\/www.grieta.org.mx\/index.php\/2016\/08\/22\/conflictos-mineros-en-puebla\/","url_meta":{"origin":7735,"position":0},"title":"Conflictos mineros en Puebla","author":"grieta","date":"22 agosto, 2016","format":false,"excerpt":"22\/08\/16. Ejidatarios antorchistas liberan acceso a mina La Campa, en Chietla (Puebla) Municipios Puebla 16\/08\/16. Temen ejidatarios de Chietla nuevo intento de desalojo por bloqueo en mina La Campa (Puebla) Municipios Puebla 06\/01\/16. Puebla, entre los estados con m\u00e1s ataques a ambientalistas Proceso 18\/12\/15. 440 concesiones mineras devastan el 66%\u2026","rel":"","context":"En &quot;Puebla&quot;","block_context":{"text":"Puebla","link":"https:\/\/www.grieta.org.mx\/index.php\/category\/noticias-nacionales\/puebla\/"},"img":{"alt_text":"","src":"https:\/\/i0.wp.com\/www.grieta.org.mx\/wp-content\/uploads\/2018\/03\/14524434_1106112876131411_958039263622046936_o.jpg?resize=350%2C200&ssl=1","width":350,"height":200,"srcset":"https:\/\/i0.wp.com\/www.grieta.org.mx\/wp-content\/uploads\/2018\/03\/14524434_1106112876131411_958039263622046936_o.jpg?resize=350%2C200&ssl=1 1x, https:\/\/i0.wp.com\/www.grieta.org.mx\/wp-content\/uploads\/2018\/03\/14524434_1106112876131411_958039263622046936_o.jpg?resize=525%2C300&ssl=1 1.5x, https:\/\/i0.wp.com\/www.grieta.org.mx\/wp-content\/uploads\/2018\/03\/14524434_1106112876131411_958039263622046936_o.jpg?resize=700%2C400&ssl=1 2x"},"classes":[]},{"id":61081,"url":"https:\/\/www.grieta.org.mx\/index.php\/2021\/08\/06\/ixtacamaxtitlan-denuncia-actividades-de-exploracion-ilegal-de-la-minera-almaden-minerals-puebla\/","url_meta":{"origin":7735,"position":1},"title":"Ixtacamaxtitl\u00e1n denuncia actividades de exploraci\u00f3n ilegal de la minera Almaden Minerals (Puebla)","author":"Admin","date":"6 agosto, 2021","format":false,"excerpt":"Gabriela Hern\u00e1ndez \/ Proceso PUEBLA, Pue. (apro).- Pobladores del municipio de Ixtacamaxtitl\u00e1n, ubicado en la Sierra Norte de Puebla, presentaron una denuncia ante la Procuradur\u00eda Federal de Protecci\u00f3n al Ambiente (Profepa) en contra de la empresa Minera Gorri\u00f3n, subsidiaria de la canadiense Almaden Minerals, por iniciar tareas de exploraci\u00f3n en\u2026","rel":"","context":"En &quot;CINTILLO&quot;","block_context":{"text":"CINTILLO","link":"https:\/\/www.grieta.org.mx\/index.php\/category\/cintillo\/"},"img":{"alt_text":"","src":"https:\/\/i0.wp.com\/www.grieta.org.mx\/wp-content\/uploads\/2021\/08\/f800x450-140368_191814_5050.jpg?resize=350%2C200&ssl=1","width":350,"height":200,"srcset":"https:\/\/i0.wp.com\/www.grieta.org.mx\/wp-content\/uploads\/2021\/08\/f800x450-140368_191814_5050.jpg?resize=350%2C200&ssl=1 1x, https:\/\/i0.wp.com\/www.grieta.org.mx\/wp-content\/uploads\/2021\/08\/f800x450-140368_191814_5050.jpg?resize=525%2C300&ssl=1 1.5x, https:\/\/i0.wp.com\/www.grieta.org.mx\/wp-content\/uploads\/2021\/08\/f800x450-140368_191814_5050.jpg?resize=700%2C400&ssl=1 2x"},"classes":[]},{"id":38152,"url":"https:\/\/www.grieta.org.mx\/index.php\/2018\/03\/20\/la-sierra-de-puebla-se-une-contra-la-minera-canadiense-almaden-minerals\/","url_meta":{"origin":7735,"position":2},"title":"La Sierra de Puebla se une contra la minera canadiense Almaden Minerals","author":"Admin","date":"20 marzo, 2018","format":false,"excerpt":"Aranzaz\u00fa Ayala Mart\u00ednez \/ Lado B Los habitantes del municipio de Ixtacamaxtitl\u00e1n, en la Sierra de Puebla, llevan casi cinco a\u00f1os en oposici\u00f3n a que la empresa canadiense Almaden Minerals, a trav\u00e9s de su filial Minera Gorri\u00f3n, explote una mina de oro a cielo abierto en su territorio. Las autoridades\u2026","rel":"","context":"En &quot;MEGAPROYECTOS&quot;","block_context":{"text":"MEGAPROYECTOS","link":"https:\/\/www.grieta.org.mx\/index.php\/category\/megaproyectos\/"},"img":{"alt_text":"","src":"https:\/\/i0.wp.com\/www.grieta.org.mx\/wp-content\/uploads\/2019\/08\/http-_ladobe.com_.mx_wp-content_uploads_2018_03_Ixtaca-1-2-800x533.jpg?resize=350%2C200&ssl=1","width":350,"height":200,"srcset":"https:\/\/i0.wp.com\/www.grieta.org.mx\/wp-content\/uploads\/2019\/08\/http-_ladobe.com_.mx_wp-content_uploads_2018_03_Ixtaca-1-2-800x533.jpg?resize=350%2C200&ssl=1 1x, https:\/\/i0.wp.com\/www.grieta.org.mx\/wp-content\/uploads\/2019\/08\/http-_ladobe.com_.mx_wp-content_uploads_2018_03_Ixtaca-1-2-800x533.jpg?resize=525%2C300&ssl=1 1.5x, https:\/\/i0.wp.com\/www.grieta.org.mx\/wp-content\/uploads\/2019\/08\/http-_ladobe.com_.mx_wp-content_uploads_2018_03_Ixtaca-1-2-800x533.jpg?resize=700%2C400&ssl=1 2x"},"classes":[]},{"id":32839,"url":"https:\/\/www.grieta.org.mx\/index.php\/2019\/04\/24\/conceden-a-comunidad-de-ixtacamatitlan-amparo-contra-minera-puebla\/","url_meta":{"origin":7735,"position":3},"title":"Conceden a comunidad de Ixtacamatitl\u00e1n amparo contra minera (Puebla)","author":"grieta","date":"24 abril, 2019","format":false,"excerpt":"La comunidad ind\u00edgena Tecoltemi, en la sierra poblana, gan\u00f3 un juicio de amparo con el que se reconoce que fue violado su derecho a la consulta y al consentimiento previo, libre e informado, en el otorgamiento de las concesiones mineras en su territorio a la empresa canadiense Almaden Minerals Texto:\u2026","rel":"","context":"En &quot;26. Sierra Puebla&quot;","block_context":{"text":"26. Sierra Puebla","link":"https:\/\/www.grieta.org.mx\/index.php\/category\/espejos-de-la-resistencia\/26-sierra-puebla\/"},"img":{"alt_text":"","src":"https:\/\/i0.wp.com\/www.grieta.org.mx\/wp-content\/uploads\/2019\/05\/Archivo_Ixtacamaxtitlan_Archivo_Marlene-1140x570.jpg?resize=350%2C200&ssl=1","width":350,"height":200,"srcset":"https:\/\/i0.wp.com\/www.grieta.org.mx\/wp-content\/uploads\/2019\/05\/Archivo_Ixtacamaxtitlan_Archivo_Marlene-1140x570.jpg?resize=350%2C200&ssl=1 1x, https:\/\/i0.wp.com\/www.grieta.org.mx\/wp-content\/uploads\/2019\/05\/Archivo_Ixtacamaxtitlan_Archivo_Marlene-1140x570.jpg?resize=525%2C300&ssl=1 1.5x, https:\/\/i0.wp.com\/www.grieta.org.mx\/wp-content\/uploads\/2019\/05\/Archivo_Ixtacamaxtitlan_Archivo_Marlene-1140x570.jpg?resize=700%2C400&ssl=1 2x, https:\/\/i0.wp.com\/www.grieta.org.mx\/wp-content\/uploads\/2019\/05\/Archivo_Ixtacamaxtitlan_Archivo_Marlene-1140x570.jpg?resize=1050%2C600&ssl=1 3x"},"classes":[]},{"id":63519,"url":"https:\/\/www.grieta.org.mx\/index.php\/2022\/02\/18\/corte-retira-concesiones-a-una-minera-canadiense-puebla\/","url_meta":{"origin":7735,"position":4},"title":"Corte retira concesiones a una minera canadiense (Puebla)","author":"Admin","date":"18 febrero, 2022","format":false,"excerpt":"Redacci\u00f3n \/ Sputnik La Suprema Corte de Justicia de la Naci\u00f3n (SCJN) de M\u00e9xico resolvi\u00f3 retirar dos concesiones a la empresa minera de origen canadiense Almaden Minerals Ltd. El fallo se considera hist\u00f3rico, pues es la primera vez que la SCJN reconoce la violaci\u00f3n al derecho a la consulta y\u2026","rel":"","context":"En &quot;CINTILLO&quot;","block_context":{"text":"CINTILLO","link":"https:\/\/www.grieta.org.mx\/index.php\/category\/cintillo\/"},"img":{"alt_text":"","src":"https:\/\/i0.wp.com\/www.grieta.org.mx\/wp-content\/uploads\/2022\/02\/Captura-de-Pantalla-2022-02-26-a-las-12.43.51.png?resize=350%2C200&ssl=1","width":350,"height":200,"srcset":"https:\/\/i0.wp.com\/www.grieta.org.mx\/wp-content\/uploads\/2022\/02\/Captura-de-Pantalla-2022-02-26-a-las-12.43.51.png?resize=350%2C200&ssl=1 1x, https:\/\/i0.wp.com\/www.grieta.org.mx\/wp-content\/uploads\/2022\/02\/Captura-de-Pantalla-2022-02-26-a-las-12.43.51.png?resize=525%2C300&ssl=1 1.5x, https:\/\/i0.wp.com\/www.grieta.org.mx\/wp-content\/uploads\/2022\/02\/Captura-de-Pantalla-2022-02-26-a-las-12.43.51.png?resize=700%2C400&ssl=1 2x, https:\/\/i0.wp.com\/www.grieta.org.mx\/wp-content\/uploads\/2022\/02\/Captura-de-Pantalla-2022-02-26-a-las-12.43.51.png?resize=1050%2C600&ssl=1 3x, https:\/\/i0.wp.com\/www.grieta.org.mx\/wp-content\/uploads\/2022\/02\/Captura-de-Pantalla-2022-02-26-a-las-12.43.51.png?resize=1400%2C800&ssl=1 4x"},"classes":[]},{"id":39948,"url":"https:\/\/www.grieta.org.mx\/index.php\/2019\/09\/17\/autorizan-ocho-mil-hectareas-mas-para-proyectos-mineros-en-puebla\/","url_meta":{"origin":7735,"position":5},"title":"Autorizan ocho mil hect\u00e1reas m\u00e1s para proyectos mineros en Puebla","author":"Admin","date":"17 septiembre, 2019","format":false,"excerpt":"Sebasti\u00e1n Marcos Morales \/ e-consulta La Secretar\u00eda de Econom\u00eda (SE) concesion\u00f3 en 2018 ocho mil 782.15 hect\u00e1reas en el estado de Puebla para la extracci\u00f3n de recursos minerales. De acuerdo con datos de la dependencia federal, publicados en la Plataforma Nacional de Transparencia, en Puebla se dieron 17 concesiones para\u2026","rel":"","context":"En &quot;CINTILLO&quot;","block_context":{"text":"CINTILLO","link":"https:\/\/www.grieta.org.mx\/index.php\/category\/cintillo\/"},"img":{"alt_text":"","src":"https:\/\/i0.wp.com\/www.grieta.org.mx\/wp-content\/uploads\/2019\/10\/recursosminerales.jpg?resize=350%2C200&ssl=1","width":350,"height":200,"srcset":"https:\/\/i0.wp.com\/www.grieta.org.mx\/wp-content\/uploads\/2019\/10\/recursosminerales.jpg?resize=350%2C200&ssl=1 1x, https:\/\/i0.wp.com\/www.grieta.org.mx\/wp-content\/uploads\/2019\/10\/recursosminerales.jpg?resize=525%2C300&ssl=1 1.5x"},"classes":[]}],"_links":{"self":[{"href":"https:\/\/www.grieta.org.mx\/index.php\/wp-json\/wp\/v2\/posts\/7735","targetHints":{"allow":["GET"]}}],"collection":[{"href":"https:\/\/www.grieta.org.mx\/index.php\/wp-json\/wp\/v2\/posts"}],"about":[{"href":"https:\/\/www.grieta.org.mx\/index.php\/wp-json\/wp\/v2\/types\/post"}],"author":[{"embeddable":true,"href":"https:\/\/www.grieta.org.mx\/index.php\/wp-json\/wp\/v2\/users\/2"}],"replies":[{"embeddable":true,"href":"https:\/\/www.grieta.org.mx\/index.php\/wp-json\/wp\/v2\/comments?post=7735"}],"version-history":[{"count":1,"href":"https:\/\/www.grieta.org.mx\/index.php\/wp-json\/wp\/v2\/posts\/7735\/revisions"}],"predecessor-version":[{"id":7776,"href":"https:\/\/www.grieta.org.mx\/index.php\/wp-json\/wp\/v2\/posts\/7735\/revisions\/7776"}],"wp:featuredmedia":[{"embeddable":true,"href":"https:\/\/www.grieta.org.mx\/index.php\/wp-json\/wp\/v2\/media\/21928"}],"wp:attachment":[{"href":"https:\/\/www.grieta.org.mx\/index.php\/wp-json\/wp\/v2\/media?parent=7735"}],"wp:term":[{"taxonomy":"category","embeddable":true,"href":"https:\/\/www.grieta.org.mx\/index.php\/wp-json\/wp\/v2\/categories?post=7735"},{"taxonomy":"post_tag","embeddable":true,"href":"https:\/\/www.grieta.org.mx\/index.php\/wp-json\/wp\/v2\/tags?post=7735"}],"curies":[{"name":"wp","href":"https:\/\/api.w.org\/{rel}","templated":true}]}}