{"id":7733,"date":"2015-07-22T21:51:18","date_gmt":"2015-07-22T21:51:18","guid":{"rendered":"http:\/\/50.22.11.12\/~grietaor\/?p=7733"},"modified":"2016-03-29T21:52:55","modified_gmt":"2016-03-29T21:52:55","slug":"cni-y-ezln-condenan-ataque-de-corporaciones-militares-y-policiacas-contra-la-comunidad-indigena-nahua-de-santa-maria-ostula","status":"publish","type":"post","link":"https:\/\/www.grieta.org.mx\/index.php\/2015\/07\/22\/cni-y-ezln-condenan-ataque-de-corporaciones-militares-y-policiacas-contra-la-comunidad-indigena-nahua-de-santa-maria-ostula\/","title":{"rendered":"CNI y EZLN condenan ataque de corporaciones militares y policiacas contra la comunidad ind\u00edgena nahua de Santa Mar\u00eda Ostula"},"content":{"rendered":"<p>A la Comunidad Ind\u00edgena Nahua de Santa Mar\u00eda Ostula, Aquila, Michoac\u00e1n:<\/p>\n<p>A la Sexta nacional e Internacional:<\/p>\n<p>A los pueblos de M\u00e9xico y del Mundo:<\/p>\n<p>21 de julio del 2015.<\/p>\n<p>Ante los violentos acontecimientos perpetrados el pasado 19 de julio de 2015 en contra de la comunidad ind\u00edgena de Santa Mar\u00eda Ostula por un numeroso comando conformado por miembros de la Polic\u00eda Federal Preventiva, la Secretar\u00eda de la Defensa Nacional y la Secretar\u00eda de Marina, hechos en los que fue detenido el comandante de la polic\u00eda comunitaria de Ostula, Ceme\u00ed Verd\u00eda Zepeda, y en los que los soldados federales asesinaron POR UN IMPACTO DE BALA EN LA CARA AL NI\u00d1O EDILBERTO REYES GARC\u00cdA DE DOCE A\u00d1OS e hirieron a la ni\u00f1a Yeimi Nataly Pineda Reyes, de 6 a\u00f1os, a Edith Balbino Vera, a Delfino Antonio Alejo Ramos de 17 a\u00f1os, a Horacio Valladares Manuel de 32 a\u00f1os, a Jos\u00e9 Nicodemos Mac\u00edas Zambrano, de 21 a\u00f1os, y a Melesio Cristino Dirzio, de 60 a\u00f1os, \u2026<\/p>\n<p>DENUNCIAMOS<\/p>\n<p>La criminal actuaci\u00f3n de dichas corporaciones militares y policiacas y su complicidad con el crimen organizado, en este caso Los Caballeros Templarios, para escalar la guerra de conquista que desde hace a\u00f1os han desatado contra la comunidad ind\u00edgena nahua de Santa Mar\u00eda Ostula con el fin de ocupar sus territorios, favorecer los intereses mineros y tur\u00edsticos trasnacionales y como castigo por haberse atrevido dicha comunidad a recuperar sus territorios de los que era despojada y a defenderse, haciendo valer su derecho a la vida, del crimen organizado que hoy sirve de brazo paramilitar al Estado Mexicano.<\/p>\n<p>El motivo de estos criminales sucesos no es otro que avanzar dicha guerra de conquista capitalista en contra de Ostula y en contra de los pueblos originarios y comunidades ind\u00edgenas y no ind\u00edgenas de este pa\u00eds.<\/p>\n<p>Asimismo EXIGIMOS:<\/p>\n<p>LA LIBERTAD INMEDIATA E INCONDICIONAL DEL COMANDANTE CEME\u00cd VERD\u00cdA ZEPEDA Y EL RETIRO DE LOS CARGOS QUE EXISTEN EN SU CONTRA.<br \/>\nEl CASTIGO DE LOS MANDOS Y DE LOS INTEGRANTES DE LAS CORPORACIONES MILITARES Y POLICIACAS QUE ASESINARON AL NI\u00d1O EDILBERTO REYES GARC\u00cdA, E HIRIERON Y GOLPEARON A DIVERSOS COMUNEROS DE OSTULA.<br \/>\nEl respeto a las tierras de la comunidad de Santa Mar\u00eda Ostula que pretenden ser despojadas por empresas mineras extranjeras como Ternium, con el apoyo del mal gobierno coludido con el crimen organizado.<br \/>\nLa presentaci\u00f3n con vida de los 6 comuneros desaparecidos y el castigo a los autores intelectuales y materiales del asesinato de 33 comuneros, todos pertenecientes la comunidad de Ostula a lo largo de los \u00faltimos cuatro a\u00f1os en su lucha por la defensa de sus libertades y de sus tierras.<br \/>\nEl respeto y otorgamiento de garant\u00edas para el funcionamiento de la polic\u00eda comunitaria de la comunidad ind\u00edgena de Santa Mar\u00eda Ostula.<br \/>\nFinalmente, hacemos un llamado a la comunidad internacional y a los hermanos y hermanas de la Sexta Nacional e Internacional a permanecer atentos a los acontecimientos que se presenten en lo futuro en el territorio de la Comunidad Ind\u00edgena de Santa Mar\u00eda Ostula, sum\u00e1ndose a la solidaridad con su lucha y sus exigencias.<\/p>\n<p>Atentamente<\/p>\n<p>Julio de 2015<\/p>\n<p>Nunca m\u00e1s un M\u00e9xico sin nosotros<\/p>\n<p>Congreso Nacional Ind\u00edgena.<\/p>\n<p>Comit\u00e9 Clandestino Revolucionario Ind\u00edgena- Comandancia General del EZLN.<\/p>\n<blockquote class=\"wp-embedded-content\" data-secret=\"Wqk1eVzRUv\"><p><a href=\"https:\/\/www.centrodemedioslibres.org\/2015\/07\/22\/cni-y-ezln-condenan-ataque-de-corporaciones-militares-y-policiacas-contra-la-comunidad-indigena-nahua-de-santa-maria-ostula\/\">CNI y EZLN condenan ataque de corporaciones militares y policiacas contra la comunidad ind\u00edgena nahua de Santa Mar\u00eda Ostula<\/a><\/p><\/blockquote>\n<p><iframe loading=\"lazy\" class=\"wp-embedded-content\" sandbox=\"allow-scripts\" security=\"restricted\" style=\"position: absolute; clip: rect(1px, 1px, 1px, 1px);\" title=\"\u00abCNI y EZLN condenan ataque de corporaciones militares y policiacas contra la comunidad ind\u00edgena nahua de Santa Mar\u00eda Ostula\u00bb \u2014 Centro de Medios Libres M\u00e9xico\" src=\"https:\/\/www.centrodemedioslibres.org\/2015\/07\/22\/cni-y-ezln-condenan-ataque-de-corporaciones-militares-y-policiacas-contra-la-comunidad-indigena-nahua-de-santa-maria-ostula\/embed\/#?secret=Wqk1eVzRUv\" data-secret=\"Wqk1eVzRUv\" width=\"600\" height=\"338\" frameborder=\"0\" marginwidth=\"0\" marginheight=\"0\" scrolling=\"no\"><\/iframe><\/p>\n","protected":false},"excerpt":{"rendered":"<p>A la Comunidad Ind\u00edgena Nahua de Santa Mar\u00eda Ostula, Aquila, Michoac\u00e1n: A la Sexta nacional e Internacional: A los pueblos de M\u00e9xico y del Mundo: 21 de julio del 2015. &hellip; <a href=\"https:\/\/www.grieta.org.mx\/index.php\/2015\/07\/22\/cni-y-ezln-condenan-ataque-de-corporaciones-militares-y-policiacas-contra-la-comunidad-indigena-nahua-de-santa-maria-ostula\/\" class=\"more-link\">Leer m\u00e1s<\/a><\/p>\n","protected":false},"author":1,"featured_media":21928,"comment_status":"closed","ping_status":"open","sticky":false,"template":"","format":"standard","meta":{"ngg_post_thumbnail":0,"_jetpack_newsletter_access":"","_jetpack_dont_email_post_to_subs":false,"_jetpack_newsletter_tier_id":0,"_jetpack_memberships_contains_paywalled_content":false,"_jetpack_memberships_contains_paid_content":false,"footnotes":""},"categories":[80,82],"tags":[465,454,95,466,455,131],"class_list":["post-7733","post","type-post","status-publish","format-standard","has-post-thumbnail","hentry","category-cintillo","category-michoacan","tag-autodefensas","tag-cemei-verdia","tag-cni","tag-ezln","tag-ostula","tag-presos-politicos","entry"],"jetpack_featured_media_url":"https:\/\/www.grieta.org.mx\/wp-content\/uploads\/2018\/03\/14524434_1106112876131411_958039263622046936_o.jpg","jetpack_sharing_enabled":true,"jetpack_shortlink":"https:\/\/wp.me\/p7ZJR4-20J","jetpack_likes_enabled":false,"jetpack-related-posts":[{"id":3717,"url":"https:\/\/www.grieta.org.mx\/index.php\/2015\/07\/22\/comunicado-conjunto-del-cni-y-el-ccri-cg-del-ezln-sobre-el-ataque-de-fuerzas-federales-contra-la-comunidad-indigena-de-santa-maria-ostula\/","url_meta":{"origin":7733,"position":0},"title":"Comunicado conjunto del CNI y el CCRI-CG del EZLN sobre el ataque de fuerzas federales contra la comunidad ind\u00edgena de Santa Mar\u00eda Ostula","author":"grieta","date":"22 julio, 2015","format":false,"excerpt":"A la Comunidad Ind\u00edgena Nahua de Santa Mar\u00eda Ostula, Aquila, Michoac\u00e1n: A la Sexta nacional e Internacional: A los pueblos de M\u00e9xico y del Mundo: 21 de julio del 2015. Ante los violentos acontecimientos perpetrados el pasado 19 de julio de 2015 en contra de la comunidad ind\u00edgena de Santa\u2026","rel":"","context":"En &quot;Comunicados&quot;","block_context":{"text":"Comunicados","link":"https:\/\/www.grieta.org.mx\/index.php\/category\/ezln-2\/ezln\/"},"img":{"alt_text":"","src":"https:\/\/i0.wp.com\/www.grieta.org.mx\/wp-content\/uploads\/2018\/03\/14524434_1106112876131411_958039263622046936_o.jpg?resize=350%2C200&ssl=1","width":350,"height":200,"srcset":"https:\/\/i0.wp.com\/www.grieta.org.mx\/wp-content\/uploads\/2018\/03\/14524434_1106112876131411_958039263622046936_o.jpg?resize=350%2C200&ssl=1 1x, https:\/\/i0.wp.com\/www.grieta.org.mx\/wp-content\/uploads\/2018\/03\/14524434_1106112876131411_958039263622046936_o.jpg?resize=525%2C300&ssl=1 1.5x, https:\/\/i0.wp.com\/www.grieta.org.mx\/wp-content\/uploads\/2018\/03\/14524434_1106112876131411_958039263622046936_o.jpg?resize=700%2C400&ssl=1 2x"},"classes":[]},{"id":7497,"url":"https:\/\/www.grieta.org.mx\/index.php\/2016\/07\/29\/lucha-y-resistencia-del-pueblo-de-santa-maria-ostula\/","url_meta":{"origin":7733,"position":1},"title":"Lucha y resistencia del pueblo de Santa Mar\u00eda Ostula","author":"Admin","date":"29 julio, 2016","format":false,"excerpt":"Detienen a Jhony Israel Flores Tolentino, polic\u00eda comunitario de Santa Mar\u00eda Ostula 29\/07\/16. Detienen a \u201cEl Tizoc\u201d en Morelia; intentaba obtener una carta de no antecedentes penales Provincia Ostula celebra siete a\u00f1os de autonom\u00eda 28\/06\/16. Ostula Michoac\u00e1n, siete a\u00f1os en defensa de la Madre Tierra Pozol Colectivo Movilizaci\u00f3n en memoria\u2026","rel":"","context":"En &quot;1. Ostula&quot;","block_context":{"text":"1. Ostula","link":"https:\/\/www.grieta.org.mx\/index.php\/category\/espejos-de-la-resistencia\/1-ostula\/"},"img":{"alt_text":"","src":"https:\/\/i0.wp.com\/www.grieta.org.mx\/wp-content\/uploads\/2018\/03\/14524434_1106112876131411_958039263622046936_o.jpg?resize=350%2C200&ssl=1","width":350,"height":200,"srcset":"https:\/\/i0.wp.com\/www.grieta.org.mx\/wp-content\/uploads\/2018\/03\/14524434_1106112876131411_958039263622046936_o.jpg?resize=350%2C200&ssl=1 1x, https:\/\/i0.wp.com\/www.grieta.org.mx\/wp-content\/uploads\/2018\/03\/14524434_1106112876131411_958039263622046936_o.jpg?resize=525%2C300&ssl=1 1.5x, https:\/\/i0.wp.com\/www.grieta.org.mx\/wp-content\/uploads\/2018\/03\/14524434_1106112876131411_958039263622046936_o.jpg?resize=700%2C400&ssl=1 2x"},"classes":[]},{"id":68449,"url":"https:\/\/www.grieta.org.mx\/index.php\/2024\/02\/08\/la-comunidad-nahua-de-santa-maria-ostula-denuncia-ataque-de-un-comando-armado-del-cjng\/","url_meta":{"origin":7733,"position":2},"title":"La comunidad Nahua de Santa Mar\u00eda Ostula denuncia ataque de un Comando Armado del CJNG","author":"grieta","date":"8 febrero, 2024","format":false,"excerpt":"Colectivo Grieta 04 de febrero de 2024. En un comunicado publicado por el Congreso Nacional Ind\u00edgena, la Comunidad Nahua de Santa Mar\u00eda Ostula denunci\u00f3 el ataque de un comando armado de unas 50 personas que incursionaron a bordo de camionetas en el territorio comunal de La Cofrad\u00eda. Los comuneros reportan\u2026","rel":"","context":"En &quot;1. Ostula&quot;","block_context":{"text":"1. Ostula","link":"https:\/\/www.grieta.org.mx\/index.php\/category\/espejos-de-la-resistencia\/1-ostula\/"},"img":{"alt_text":"","src":"https:\/\/i0.wp.com\/www.grieta.org.mx\/wp-content\/uploads\/2024\/02\/PRONUNCIAMIENTO-POR-LA-DESAPARICION-FORZADA-DE-LORENZO-FROYLAN-DE-LA-CRUZ-R_20240202_202519_0000.png?resize=350%2C200&ssl=1","width":350,"height":200,"srcset":"https:\/\/i0.wp.com\/www.grieta.org.mx\/wp-content\/uploads\/2024\/02\/PRONUNCIAMIENTO-POR-LA-DESAPARICION-FORZADA-DE-LORENZO-FROYLAN-DE-LA-CRUZ-R_20240202_202519_0000.png?resize=350%2C200&ssl=1 1x, https:\/\/i0.wp.com\/www.grieta.org.mx\/wp-content\/uploads\/2024\/02\/PRONUNCIAMIENTO-POR-LA-DESAPARICION-FORZADA-DE-LORENZO-FROYLAN-DE-LA-CRUZ-R_20240202_202519_0000.png?resize=525%2C300&ssl=1 1.5x, https:\/\/i0.wp.com\/www.grieta.org.mx\/wp-content\/uploads\/2024\/02\/PRONUNCIAMIENTO-POR-LA-DESAPARICION-FORZADA-DE-LORENZO-FROYLAN-DE-LA-CRUZ-R_20240202_202519_0000.png?resize=700%2C400&ssl=1 2x"},"classes":[]},{"id":7728,"url":"https:\/\/www.grieta.org.mx\/index.php\/2015\/07\/22\/autoridades-de-ostula-hacen-publica-la-agresion-sufrida-por-el-ejercito-mexicano-y-la-detencion-del-comandante-cemei-verdia-video\/","url_meta":{"origin":7733,"position":3},"title":"Autoridades de Ostula hacen p\u00fablica la agresi\u00f3n sufrida por el ej\u00e9rcito mexicano y la detenci\u00f3n del comandante Ceme\u00ed Verd\u00eda (VIDEO)","author":"Admin","date":"22 julio, 2015","format":false,"excerpt":"En el contexto de los operativos de la Marina, Ej\u00e9rcito y Polic\u00eda Federal contra la comunidad nahua de Ostula, Michoac\u00e1n, que tuvieron como resultado dos menores de edad y un adulto muertos, as\u00ed como la detenci\u00f3n de Ceme\u00ed Verd\u00eda Zepeda (Primer Comandante de la Polic\u00eda Comunitaria de Santa Mar\u00eda Ostula\u2026","rel":"","context":"En &quot;CINTILLO&quot;","block_context":{"text":"CINTILLO","link":"https:\/\/www.grieta.org.mx\/index.php\/category\/cintillo\/"},"img":{"alt_text":"","src":"https:\/\/i0.wp.com\/www.grieta.org.mx\/wp-content\/uploads\/2018\/03\/14524434_1106112876131411_958039263622046936_o.jpg?resize=350%2C200&ssl=1","width":350,"height":200,"srcset":"https:\/\/i0.wp.com\/www.grieta.org.mx\/wp-content\/uploads\/2018\/03\/14524434_1106112876131411_958039263622046936_o.jpg?resize=350%2C200&ssl=1 1x, https:\/\/i0.wp.com\/www.grieta.org.mx\/wp-content\/uploads\/2018\/03\/14524434_1106112876131411_958039263622046936_o.jpg?resize=525%2C300&ssl=1 1.5x, https:\/\/i0.wp.com\/www.grieta.org.mx\/wp-content\/uploads\/2018\/03\/14524434_1106112876131411_958039263622046936_o.jpg?resize=700%2C400&ssl=1 2x"},"classes":[]},{"id":7754,"url":"https:\/\/www.grieta.org.mx\/index.php\/2015\/07\/19\/cargando-a-sangre-y-fuego-el-ejercito-realiza-detenciones-arbitrarias-en-santa-maria-ostula-contra-policias-comunitarios-y-autodefensas\/","url_meta":{"origin":7733,"position":4},"title":"Cargando a sangre y fuego el ej\u00e9rcito realiza detenciones arbitrarias en Santa Mar\u00eda Ostula contra polic\u00edas comunitarios y autodefensas","author":"Admin","date":"19 julio, 2015","format":false,"excerpt":"Bolet\u00edn N\u00b0 1 DETENIENE EL EJ\u00c9RCITO A MIEMBROS DE LA COMUNIDAD IND\u00cdGENA DE SANTA MAR\u00cdA OSTULA, Municipio de Aquila, Michoac\u00e1n. (19 de julio de 2015, 13 hrs) A LA SOCIEDAD CIVIL A LAS ORGANIZACIONES DE DERECHOS HUMANOS A LOS MEDIOS DE COMUNICACI\u00d3N HONESTOS ostula-indymediaEl d\u00eda de hoy aproximadamente a las\u2026","rel":"","context":"En &quot;CINTILLO&quot;","block_context":{"text":"CINTILLO","link":"https:\/\/www.grieta.org.mx\/index.php\/category\/cintillo\/"},"img":{"alt_text":"","src":"https:\/\/i0.wp.com\/www.grieta.org.mx\/wp-content\/uploads\/2018\/03\/14524434_1106112876131411_958039263622046936_o.jpg?resize=350%2C200&ssl=1","width":350,"height":200,"srcset":"https:\/\/i0.wp.com\/www.grieta.org.mx\/wp-content\/uploads\/2018\/03\/14524434_1106112876131411_958039263622046936_o.jpg?resize=350%2C200&ssl=1 1x, https:\/\/i0.wp.com\/www.grieta.org.mx\/wp-content\/uploads\/2018\/03\/14524434_1106112876131411_958039263622046936_o.jpg?resize=525%2C300&ssl=1 1.5x, https:\/\/i0.wp.com\/www.grieta.org.mx\/wp-content\/uploads\/2018\/03\/14524434_1106112876131411_958039263622046936_o.jpg?resize=700%2C400&ssl=1 2x"},"classes":[]},{"id":61821,"url":"https:\/\/www.grieta.org.mx\/index.php\/2021\/09\/20\/comunidad-nahua-de-santa-maria-ostula-integrante-del-congreso-nacional-indigena-se-solidariza-con-las-comunidades-zapatistas\/","url_meta":{"origin":7733,"position":5},"title":"Comunidad nahua de Santa Mar\u00eda Ostula, integrante del Congreso Nacional Ind\u00edgena, se solidariza con las comunidades Zapatistas","author":"grieta","date":"20 septiembre, 2021","format":false,"excerpt":"COMUNIDAD NAHUA DE SANTA MAR\u00cdA OSTULA, MICHOAC\u00c1N\/RADIO ZAPATISTA #AltoALaGuerraContraLasComunidadesZapatistas #RutilioEscand\u00f3n #RutilioRepresor #AltoALaGuerraEnChiapas #OstulaVive A todos los medios de comunicaci\u00f3n, Al Ej\u00e9rcito Zapatista de Liberaci\u00f3n Nacional, Al Congreso Nacional Ind\u00edgena, Al Concejo Ind\u00edgena de Gobierno, A las organizaciones sociales, A la poblaci\u00f3n en general, Por medio de este comunicado, la comunidad\u2026","rel":"","context":"En &quot;CINTILLO&quot;","block_context":{"text":"CINTILLO","link":"https:\/\/www.grieta.org.mx\/index.php\/category\/cintillo\/"},"img":{"alt_text":"","src":"https:\/\/i0.wp.com\/www.grieta.org.mx\/wp-content\/uploads\/2021\/09\/Zap-Nahuas.jpg?resize=350%2C200&ssl=1","width":350,"height":200,"srcset":"https:\/\/i0.wp.com\/www.grieta.org.mx\/wp-content\/uploads\/2021\/09\/Zap-Nahuas.jpg?resize=350%2C200&ssl=1 1x, https:\/\/i0.wp.com\/www.grieta.org.mx\/wp-content\/uploads\/2021\/09\/Zap-Nahuas.jpg?resize=525%2C300&ssl=1 1.5x"},"classes":[]}],"_links":{"self":[{"href":"https:\/\/www.grieta.org.mx\/index.php\/wp-json\/wp\/v2\/posts\/7733","targetHints":{"allow":["GET"]}}],"collection":[{"href":"https:\/\/www.grieta.org.mx\/index.php\/wp-json\/wp\/v2\/posts"}],"about":[{"href":"https:\/\/www.grieta.org.mx\/index.php\/wp-json\/wp\/v2\/types\/post"}],"author":[{"embeddable":true,"href":"https:\/\/www.grieta.org.mx\/index.php\/wp-json\/wp\/v2\/users\/1"}],"replies":[{"embeddable":true,"href":"https:\/\/www.grieta.org.mx\/index.php\/wp-json\/wp\/v2\/comments?post=7733"}],"version-history":[{"count":1,"href":"https:\/\/www.grieta.org.mx\/index.php\/wp-json\/wp\/v2\/posts\/7733\/revisions"}],"predecessor-version":[{"id":7736,"href":"https:\/\/www.grieta.org.mx\/index.php\/wp-json\/wp\/v2\/posts\/7733\/revisions\/7736"}],"wp:featuredmedia":[{"embeddable":true,"href":"https:\/\/www.grieta.org.mx\/index.php\/wp-json\/wp\/v2\/media\/21928"}],"wp:attachment":[{"href":"https:\/\/www.grieta.org.mx\/index.php\/wp-json\/wp\/v2\/media?parent=7733"}],"wp:term":[{"taxonomy":"category","embeddable":true,"href":"https:\/\/www.grieta.org.mx\/index.php\/wp-json\/wp\/v2\/categories?post=7733"},{"taxonomy":"post_tag","embeddable":true,"href":"https:\/\/www.grieta.org.mx\/index.php\/wp-json\/wp\/v2\/tags?post=7733"}],"curies":[{"name":"wp","href":"https:\/\/api.w.org\/{rel}","templated":true}]}}