{"id":7713,"date":"2015-07-24T21:40:30","date_gmt":"2015-07-24T21:40:30","guid":{"rendered":"http:\/\/50.22.11.12\/~grietaor\/?p=7713"},"modified":"2016-03-29T21:41:05","modified_gmt":"2016-03-29T21:41:05","slug":"ostula-sienta-a-dialogar-al-gobierno-federal","status":"publish","type":"post","link":"https:\/\/www.grieta.org.mx\/index.php\/2015\/07\/24\/ostula-sienta-a-dialogar-al-gobierno-federal\/","title":{"rendered":"Ostula sienta a dialogar al gobierno federal"},"content":{"rendered":"<p>A LA SOCIEDAD CIVIL<br \/>\nA LAS ORGANIZACIONES DE DERECHOS HUMANOS<br \/>\nA LOS MEDIOS DE COMUNICACI\u00d3N HONESTOS<\/p>\n<p>Como se anunci\u00f3 anteriormente, en d\u00edas pasados una comisi\u00f3n de la Comunidad Ind\u00edgena de Santa Mar\u00eda Ostula visit\u00f3 el Distrito Federal con el encargo de contrarrestar la versi\u00f3n que, casi inmediatamente, las autoridades y fuerzas del orden dieron a conocer para justificar su violenta e ilegal agresi\u00f3n del 19 de julio pasado. Como resultado de dicha visita se realizaron una conferencia de prensa y varias entrevistas y reuniones con la sociedad civil en las que se dio a conocer la verdad de los hechos ocurridos.<\/p>\n<p>De suma importancia fueron dichos encuentros para que la comisi\u00f3n exigiera la realizaci\u00f3n de una reuni\u00f3n con funcionarios de la administraci\u00f3n p\u00fablica que se llev\u00f3 a cabo el d\u00eda de hoy. A dicha reuni\u00f3n asistieron representantes de la Secretar\u00eda de Gobernaci\u00f3n, entre ellos el Subsecretario de Derechos Humanos Roberto Campa Cifri\u00e1n y el Comisionado para el Di\u00e1logo con los Pueblos Ind\u00edgenas de M\u00e9xico, Jaime Mart\u00ednez Veloz; representantes de la Procuradur\u00eda General de la Rep\u00fablica, entre ellos el Subprocurador de Derechos Humanos, Prevenci\u00f3n del Delito y Servicios a la Comunidad, Eber Omar Betanzos Torres; entre otros.<\/p>\n<p>Fruto de lo anterior se firmaron doce acuerdos entre los funcionarios y la comunidad, de los que destacan los siguientes:<\/p>\n<p>*La secretar\u00eda de Gobernaci\u00f3n y la Procuradur\u00eda General de Justicia de Michoac\u00e1n se comprometen a ser muy cuidadosos y detallados respecto a las declaraciones p\u00fablicas que hagan sobre los hechos ocurridos el pasado 19 de julio.<\/p>\n<p>*Las autoridades presentes condenan los hechos ocurridos en la comunidad ind\u00edgena de Santa Mar\u00eda Ostula el pasado 19 de julio del presenta a\u00f1o, en los que muri\u00f3 el ni\u00f1o Idilberto Reyes Garc\u00eda, y se comprometen a que se haga justicia y se esclarezca la verdad de lo ocurrido.<\/p>\n<p>*Las autoridades se comprometen a que no existan agresiones, hostigamiento o detenciones por el ejercicio de la seguridad comunitaria por parte de las autoridades, en contra de integrantes de la Comunidad Ind\u00edgena de Santa Mar\u00eda Ostula, Aquila, Chinicuila, Coalcom\u00e1n y Coahuayana, sin que esto signifique ning\u00fan tipo de impunidad en favor de cualquiera de las personas miembros de la comunidad.<\/p>\n<p>*Las autoridades presentes se comprometen a tener una reuni\u00f3n en la regi\u00f3n, con fecha por definir la pr\u00f3xima semana por la Subsecretar\u00eda de Derechos Humanos, y a realizarse a m\u00e1s tardar en un plazo no mayor a quince d\u00edas desde que se defina la fecha, con los representantes y los miembros de la comunidad de Santa Mar\u00eda Ostula.<\/p>\n<p>Debemos recordar que no es la primera vez que se establecen espacios de di\u00e1logo entre los habitantes de Santa Mar\u00eda Ostula y el gobierno, y que a pesar de ello la comunidad arrastraba el saldo de treinta y dos habitantes muertos y seis desaparecidos desde 2009. Ahora, a pesar de haberse instalado una mesa de negociaci\u00f3n desde el pasado 12 de junio con la Secretar\u00eda de Gobernaci\u00f3n, se agrega la muerte de un ni\u00f1o a la lista de agravios. Es por esto que hacemos un llamado a estar atentos a la tensa situaci\u00f3n que prevalece en la comunidad para que se respeten los acuerdos firmados el d\u00eda de hoy y a pronunciarse por todos los medios al alcance.<\/p>\n<p>As\u00ed mismo exigimos:<\/p>\n<p>*Que se garantice la integridad de la comunidad, lo que incluye el respeto a su Polic\u00eda Comunitaria.<\/p>\n<p>*La inmediata libertad de Ceme\u00ed Verd\u00eda Zepeda (Primer Comandante de la Polic\u00eda Comunitaria de Santa Mar\u00eda Ostula y  Coordinador General de las Autodefensas de los municipios de Aquila, Coahuayana y Chinicuila).<\/p>\n<p>*Justicia inmediata y castigo a los culpables de la muerte del ni\u00f1o Idilberto Reyes Garc\u00eda, y de las agresiones a la poblaci\u00f3n del domingo pasado.<\/p>\n<p>Atentamente<br \/>\nEquipo de apoyo y solidaridad con la comunidad ind\u00edgena de Santa Mar\u00eda Ostula<br \/>\n23 de julio de 2015<br \/>\n<a href=\"http:\/\/www.centrodemedioslibres.org\/2015\/07\/24\/ostula-sienta-a-dialogar-al-gobierno-federal\/\" target=\"_blank\">http:\/\/www.centrodemedioslibres.org\/2015\/07\/24\/ostula-sienta-a-dialogar-al-gobierno-federal\/<\/a><\/p>\n","protected":false},"excerpt":{"rendered":"<p>A LA SOCIEDAD CIVIL A LAS ORGANIZACIONES DE DERECHOS HUMANOS A LOS MEDIOS DE COMUNICACI\u00d3N HONESTOS Como se anunci\u00f3 anteriormente, en d\u00edas pasados una comisi\u00f3n de la Comunidad Ind\u00edgena de &hellip; <a href=\"https:\/\/www.grieta.org.mx\/index.php\/2015\/07\/24\/ostula-sienta-a-dialogar-al-gobierno-federal\/\" class=\"more-link\">Leer m\u00e1s<\/a><\/p>\n","protected":false},"author":1,"featured_media":21928,"comment_status":"closed","ping_status":"open","sticky":false,"template":"","format":"standard","meta":{"ngg_post_thumbnail":0,"_jetpack_newsletter_access":"","_jetpack_dont_email_post_to_subs":false,"_jetpack_newsletter_tier_id":0,"_jetpack_memberships_contains_paywalled_content":false,"_jetpack_memberships_contains_paid_content":false,"footnotes":""},"categories":[80,82],"tags":[465,454,455,131],"class_list":["post-7713","post","type-post","status-publish","format-standard","has-post-thumbnail","hentry","category-cintillo","category-michoacan","tag-autodefensas","tag-cemei-verdia","tag-ostula","tag-presos-politicos","entry"],"jetpack_featured_media_url":"https:\/\/www.grieta.org.mx\/wp-content\/uploads\/2018\/03\/14524434_1106112876131411_958039263622046936_o.jpg","jetpack_sharing_enabled":true,"jetpack_shortlink":"https:\/\/wp.me\/p7ZJR4-20p","jetpack_likes_enabled":false,"jetpack-related-posts":[{"id":7697,"url":"https:\/\/www.grieta.org.mx\/index.php\/2015\/07\/25\/agresion-de-fuerzas-federales-estatales-y-municipales-a-la-comunidad-indigena-de-santa-maria-ostula-municipio-de-aquila-michoacan\/","url_meta":{"origin":7713,"position":0},"title":"Agresi\u00f3n de fuerzas federales, estatales y municipales a la Comunidad Ind\u00edgena de Santa Mar\u00eda Ostula, Municipio de Aquila, Michoac\u00e1n","author":"Admin","date":"25 julio, 2015","format":false,"excerpt":"A LA SOCIEDAD CIVIL A LAS ORGANIZACIONES DE DERECHOS HUMANOS A LOS MEDIOS DE COMUNICACI\u00d3N HONESTOS Como se anunci\u00f3 anteriormente, en d\u00edas pasados una comisi\u00f3n de la Comunidad Ind\u00edgena de Santa Mar\u00eda Ostula visit\u00f3 el Distrito Federal con el encargo de contrarrestar la versi\u00f3n que, casi inmediatamente, las autoridades y\u2026","rel":"","context":"En &quot;CINTILLO&quot;","block_context":{"text":"CINTILLO","link":"https:\/\/www.grieta.org.mx\/index.php\/category\/cintillo\/"},"img":{"alt_text":"","src":"https:\/\/i0.wp.com\/www.grieta.org.mx\/wp-content\/uploads\/2018\/03\/14524434_1106112876131411_958039263622046936_o.jpg?resize=350%2C200&ssl=1","width":350,"height":200,"srcset":"https:\/\/i0.wp.com\/www.grieta.org.mx\/wp-content\/uploads\/2018\/03\/14524434_1106112876131411_958039263622046936_o.jpg?resize=350%2C200&ssl=1 1x, https:\/\/i0.wp.com\/www.grieta.org.mx\/wp-content\/uploads\/2018\/03\/14524434_1106112876131411_958039263622046936_o.jpg?resize=525%2C300&ssl=1 1.5x, https:\/\/i0.wp.com\/www.grieta.org.mx\/wp-content\/uploads\/2018\/03\/14524434_1106112876131411_958039263622046936_o.jpg?resize=700%2C400&ssl=1 2x"},"classes":[]},{"id":7497,"url":"https:\/\/www.grieta.org.mx\/index.php\/2016\/07\/29\/lucha-y-resistencia-del-pueblo-de-santa-maria-ostula\/","url_meta":{"origin":7713,"position":1},"title":"Lucha y resistencia del pueblo de Santa Mar\u00eda Ostula","author":"Admin","date":"29 julio, 2016","format":false,"excerpt":"Detienen a Jhony Israel Flores Tolentino, polic\u00eda comunitario de Santa Mar\u00eda Ostula 29\/07\/16. Detienen a \u201cEl Tizoc\u201d en Morelia; intentaba obtener una carta de no antecedentes penales Provincia Ostula celebra siete a\u00f1os de autonom\u00eda 28\/06\/16. Ostula Michoac\u00e1n, siete a\u00f1os en defensa de la Madre Tierra Pozol Colectivo Movilizaci\u00f3n en memoria\u2026","rel":"","context":"En &quot;1. Ostula&quot;","block_context":{"text":"1. Ostula","link":"https:\/\/www.grieta.org.mx\/index.php\/category\/espejos-de-la-resistencia\/1-ostula\/"},"img":{"alt_text":"","src":"https:\/\/i0.wp.com\/www.grieta.org.mx\/wp-content\/uploads\/2018\/03\/14524434_1106112876131411_958039263622046936_o.jpg?resize=350%2C200&ssl=1","width":350,"height":200,"srcset":"https:\/\/i0.wp.com\/www.grieta.org.mx\/wp-content\/uploads\/2018\/03\/14524434_1106112876131411_958039263622046936_o.jpg?resize=350%2C200&ssl=1 1x, https:\/\/i0.wp.com\/www.grieta.org.mx\/wp-content\/uploads\/2018\/03\/14524434_1106112876131411_958039263622046936_o.jpg?resize=525%2C300&ssl=1 1.5x, https:\/\/i0.wp.com\/www.grieta.org.mx\/wp-content\/uploads\/2018\/03\/14524434_1106112876131411_958039263622046936_o.jpg?resize=700%2C400&ssl=1 2x"},"classes":[]},{"id":7754,"url":"https:\/\/www.grieta.org.mx\/index.php\/2015\/07\/19\/cargando-a-sangre-y-fuego-el-ejercito-realiza-detenciones-arbitrarias-en-santa-maria-ostula-contra-policias-comunitarios-y-autodefensas\/","url_meta":{"origin":7713,"position":2},"title":"Cargando a sangre y fuego el ej\u00e9rcito realiza detenciones arbitrarias en Santa Mar\u00eda Ostula contra polic\u00edas comunitarios y autodefensas","author":"Admin","date":"19 julio, 2015","format":false,"excerpt":"Bolet\u00edn N\u00b0 1 DETENIENE EL EJ\u00c9RCITO A MIEMBROS DE LA COMUNIDAD IND\u00cdGENA DE SANTA MAR\u00cdA OSTULA, Municipio de Aquila, Michoac\u00e1n. (19 de julio de 2015, 13 hrs) A LA SOCIEDAD CIVIL A LAS ORGANIZACIONES DE DERECHOS HUMANOS A LOS MEDIOS DE COMUNICACI\u00d3N HONESTOS ostula-indymediaEl d\u00eda de hoy aproximadamente a las\u2026","rel":"","context":"En &quot;CINTILLO&quot;","block_context":{"text":"CINTILLO","link":"https:\/\/www.grieta.org.mx\/index.php\/category\/cintillo\/"},"img":{"alt_text":"","src":"https:\/\/i0.wp.com\/www.grieta.org.mx\/wp-content\/uploads\/2018\/03\/14524434_1106112876131411_958039263622046936_o.jpg?resize=350%2C200&ssl=1","width":350,"height":200,"srcset":"https:\/\/i0.wp.com\/www.grieta.org.mx\/wp-content\/uploads\/2018\/03\/14524434_1106112876131411_958039263622046936_o.jpg?resize=350%2C200&ssl=1 1x, https:\/\/i0.wp.com\/www.grieta.org.mx\/wp-content\/uploads\/2018\/03\/14524434_1106112876131411_958039263622046936_o.jpg?resize=525%2C300&ssl=1 1.5x, https:\/\/i0.wp.com\/www.grieta.org.mx\/wp-content\/uploads\/2018\/03\/14524434_1106112876131411_958039263622046936_o.jpg?resize=700%2C400&ssl=1 2x"},"classes":[]},{"id":7720,"url":"https:\/\/www.grieta.org.mx\/index.php\/2015\/07\/24\/ostula-denuncian-que-agresion-del-ejercito-contra-nahuas-fue-arbitraria\/","url_meta":{"origin":7713,"position":3},"title":"Ostula: Denuncian que agresi\u00f3n del Ej\u00e9rcito contra nahuas fue arbitraria","author":"Admin","date":"24 julio, 2015","format":false,"excerpt":"* Habitantes de Ostula exigen la libertad del comandante de su polic\u00eda comunitaria, Ceme\u00ed Verd\u00eda. Ciudad de M\u00e9xico, 21 de julio de 2015. Los elementos del ej\u00e9rcito que dispararon este domingo contra habitantes de la comunidad nahua de Ostula, Michoac\u00e1n, asesinando a un ni\u00f1o e hiriendo a cinco personas m\u00e1s,\u2026","rel":"","context":"En &quot;CINTILLO&quot;","block_context":{"text":"CINTILLO","link":"https:\/\/www.grieta.org.mx\/index.php\/category\/cintillo\/"},"img":{"alt_text":"","src":"https:\/\/i0.wp.com\/www.grieta.org.mx\/wp-content\/uploads\/2018\/03\/14524434_1106112876131411_958039263622046936_o.jpg?resize=350%2C200&ssl=1","width":350,"height":200,"srcset":"https:\/\/i0.wp.com\/www.grieta.org.mx\/wp-content\/uploads\/2018\/03\/14524434_1106112876131411_958039263622046936_o.jpg?resize=350%2C200&ssl=1 1x, https:\/\/i0.wp.com\/www.grieta.org.mx\/wp-content\/uploads\/2018\/03\/14524434_1106112876131411_958039263622046936_o.jpg?resize=525%2C300&ssl=1 1.5x, https:\/\/i0.wp.com\/www.grieta.org.mx\/wp-content\/uploads\/2018\/03\/14524434_1106112876131411_958039263622046936_o.jpg?resize=700%2C400&ssl=1 2x"},"classes":[]},{"id":7643,"url":"https:\/\/www.grieta.org.mx\/index.php\/2015\/08\/04\/ostula-4-ago-exigimos-que-cemei-verdia-no-sea-trasladado-a-lazaro-cardenas-territorio-templario\/","url_meta":{"origin":7713,"position":4},"title":"Ostula: Exigimos que Ceme\u00ed Verd\u00eda no sea trasladado a L\u00e1zaro C\u00e1rdenas, territorio templario","author":"Admin","date":"4 agosto, 2015","format":false,"excerpt":"Bolet\u00edn 5. Situaci\u00f3n del Comandante Ceme\u00ed Verd\u00eda A LA SOCIEDAD CIVIL A LAS ORGANIZACIONES DE DERECHOS HUMANOS A LOS MEDIOS DE COMUNICACI\u00d3N HONESTOS Como es del conocimiento p\u00fablico, Ceme\u00ed Verd\u00eda Zepeda-Primer Comandante de la Polic\u00eda Comunitaria de Santa Mar\u00eda Ostula y Coordinador General de las Autodefensas de los municipios de\u2026","rel":"","context":"En &quot;CINTILLO&quot;","block_context":{"text":"CINTILLO","link":"https:\/\/www.grieta.org.mx\/index.php\/category\/cintillo\/"},"img":{"alt_text":"","src":"https:\/\/i0.wp.com\/www.grieta.org.mx\/wp-content\/uploads\/2018\/03\/14524434_1106112876131411_958039263622046936_o.jpg?resize=350%2C200&ssl=1","width":350,"height":200,"srcset":"https:\/\/i0.wp.com\/www.grieta.org.mx\/wp-content\/uploads\/2018\/03\/14524434_1106112876131411_958039263622046936_o.jpg?resize=350%2C200&ssl=1 1x, https:\/\/i0.wp.com\/www.grieta.org.mx\/wp-content\/uploads\/2018\/03\/14524434_1106112876131411_958039263622046936_o.jpg?resize=525%2C300&ssl=1 1.5x, https:\/\/i0.wp.com\/www.grieta.org.mx\/wp-content\/uploads\/2018\/03\/14524434_1106112876131411_958039263622046936_o.jpg?resize=700%2C400&ssl=1 2x"},"classes":[]},{"id":7685,"url":"https:\/\/www.grieta.org.mx\/index.php\/2015\/07\/26\/mexico-santa-maria-ostula-derechos-violentados-poblacion-civil-agredida\/","url_meta":{"origin":7713,"position":5},"title":"[M\u00e9xico] Santa Mar\u00eda Ostula: derechos violentados, poblaci\u00f3n civil agredida","author":"Admin","date":"26 julio, 2015","format":false,"excerpt":"R\u00e9plica al art\u00edculo \u201cEl mito del Ej\u00e9rcito asesino | El Universal Los hechos recientemente ocurridos en Santa Mar\u00eda Ostula son graves violaciones a los derechos humanos desde cualquier \u00f3ptica. Resulta ocioso enfocarse en la informaci\u00f3n imprecisa que se difunde en un momento de emergencia sobre una comunidad que est\u00e1 siendo\u2026","rel":"","context":"En &quot;CINTILLO&quot;","block_context":{"text":"CINTILLO","link":"https:\/\/www.grieta.org.mx\/index.php\/category\/cintillo\/"},"img":{"alt_text":"","src":"https:\/\/i0.wp.com\/www.grieta.org.mx\/wp-content\/uploads\/2018\/03\/14524434_1106112876131411_958039263622046936_o.jpg?resize=350%2C200&ssl=1","width":350,"height":200,"srcset":"https:\/\/i0.wp.com\/www.grieta.org.mx\/wp-content\/uploads\/2018\/03\/14524434_1106112876131411_958039263622046936_o.jpg?resize=350%2C200&ssl=1 1x, https:\/\/i0.wp.com\/www.grieta.org.mx\/wp-content\/uploads\/2018\/03\/14524434_1106112876131411_958039263622046936_o.jpg?resize=525%2C300&ssl=1 1.5x, https:\/\/i0.wp.com\/www.grieta.org.mx\/wp-content\/uploads\/2018\/03\/14524434_1106112876131411_958039263622046936_o.jpg?resize=700%2C400&ssl=1 2x"},"classes":[]}],"_links":{"self":[{"href":"https:\/\/www.grieta.org.mx\/index.php\/wp-json\/wp\/v2\/posts\/7713","targetHints":{"allow":["GET"]}}],"collection":[{"href":"https:\/\/www.grieta.org.mx\/index.php\/wp-json\/wp\/v2\/posts"}],"about":[{"href":"https:\/\/www.grieta.org.mx\/index.php\/wp-json\/wp\/v2\/types\/post"}],"author":[{"embeddable":true,"href":"https:\/\/www.grieta.org.mx\/index.php\/wp-json\/wp\/v2\/users\/1"}],"replies":[{"embeddable":true,"href":"https:\/\/www.grieta.org.mx\/index.php\/wp-json\/wp\/v2\/comments?post=7713"}],"version-history":[{"count":1,"href":"https:\/\/www.grieta.org.mx\/index.php\/wp-json\/wp\/v2\/posts\/7713\/revisions"}],"predecessor-version":[{"id":7715,"href":"https:\/\/www.grieta.org.mx\/index.php\/wp-json\/wp\/v2\/posts\/7713\/revisions\/7715"}],"wp:featuredmedia":[{"embeddable":true,"href":"https:\/\/www.grieta.org.mx\/index.php\/wp-json\/wp\/v2\/media\/21928"}],"wp:attachment":[{"href":"https:\/\/www.grieta.org.mx\/index.php\/wp-json\/wp\/v2\/media?parent=7713"}],"wp:term":[{"taxonomy":"category","embeddable":true,"href":"https:\/\/www.grieta.org.mx\/index.php\/wp-json\/wp\/v2\/categories?post=7713"},{"taxonomy":"post_tag","embeddable":true,"href":"https:\/\/www.grieta.org.mx\/index.php\/wp-json\/wp\/v2\/tags?post=7713"}],"curies":[{"name":"wp","href":"https:\/\/api.w.org\/{rel}","templated":true}]}}