{"id":7685,"date":"2015-07-26T21:25:52","date_gmt":"2015-07-26T21:25:52","guid":{"rendered":"http:\/\/50.22.11.12\/~grietaor\/?p=7685"},"modified":"2016-03-29T21:28:40","modified_gmt":"2016-03-29T21:28:40","slug":"mexico-santa-maria-ostula-derechos-violentados-poblacion-civil-agredida","status":"publish","type":"post","link":"https:\/\/www.grieta.org.mx\/index.php\/2015\/07\/26\/mexico-santa-maria-ostula-derechos-violentados-poblacion-civil-agredida\/","title":{"rendered":"[M\u00e9xico] Santa Mar\u00eda Ostula: derechos violentados, poblaci\u00f3n civil agredida"},"content":{"rendered":"<p><a href=\"http:\/\/www.eluniversal.com.mx\/entrada-de-opinion\/colaboracion\/luis-cardenas\/nacion\/2015\/07\/23\/el-mito-del-ejercito-asesino\" target=\"_blank\">R\u00e9plica al art\u00edculo \u201cEl mito del Ej\u00e9rcito asesino | El Universal<\/a><\/p>\n<p>Los hechos recientemente ocurridos en Santa Mar\u00eda Ostula son graves violaciones a los derechos humanos desde cualquier \u00f3ptica. Resulta ocioso enfocarse en la informaci\u00f3n imprecisa que se difunde en un momento de emergencia sobre una comunidad que est\u00e1 siendo atacada por el ej\u00e9rcito. El se\u00f1or Luis C\u00e1rdenas ha sido duramente tratado por los usuarios de redes sociales por la ligereza de sus comentarios que en lugar de buscar documentar hechos para informar, trat\u00f3 de condenar a una comunidad sin conocer la informaci\u00f3n.<\/p>\n<p>En su colaboraci\u00f3n del jueves 23 de julio para El Universal (\u201cEl mito del Ej\u00e9rcito asesino\u201d) afirma que la Comunidad de Ostula \u201cminti\u00f3\u201d al afirmar que hab\u00eda muerto otra ni\u00f1a y una persona adulta mayor. Afirma tambi\u00e9n que estas muertes ocurrieron por la intolerancia de esta comunidad contra el \u201cmaldito gobierno represor\u201d. Las comillas son suyas y nunca aclara a que persona est\u00e1 citando, aunque pareciera que es a su propia caricaturizaci\u00f3n de una comunidad en duelo por una, dos o tres personas civiles que, hasta donde se sabe, no agredieron a los militares: buscaban defender a un l\u00edder importante para ellos que hab\u00eda sido detenido sin orden de aprehensi\u00f3n y con un m\u00f3vil evidentemente pol\u00edtico.<\/p>\n<p>El d\u00eda de los hechos el se\u00f1or C\u00e1rdenas tuvo la ocurrencia de emitir un tuit en el que afirmaba \u2018Muchas veces (los ni\u00f1os) son usados como escudos por \u201cmanifestantes\u201d\u2018. M\u00e1s all\u00e1 del lamentable uso de las comillas, resulta preocupante que un periodista profesional atribuya de inmediato la responsabilidad sobre unos hechos tan graves a una comunidad desesperada por la inacci\u00f3n evidente del Estado cuando es atacada, precisamente, por el Estado.<\/p>\n<p>Llama la atenci\u00f3n la falta de capacitaci\u00f3n de esta persona en materia de derechos humanos, por lo cual desconoce los instrumentos utilizados por las organizaciones nacionales e internacionales ante hechos de esta naturaleza. Las acciones urgentes tienen como objetivo visibilizar una situaci\u00f3n con la informaci\u00f3n m\u00e1s confiable disponible para generar protecci\u00f3n en favor de una persona o comunidad, como es el caso que nos ocupa.<\/p>\n<p>En el caso espec\u00edfico de los hechos de Ostula esto fue lo que sucedi\u00f3 y efectivamente se protegi\u00f3 a la comunidad con la informaci\u00f3n que fue proporcionada por ella misma. Con responsabilidad, el mismo d\u00eda de los hechos y por los mismos medios se realiz\u00f3 la rectificaci\u00f3n correspondiente. Cabe destacar que no se trat\u00f3 de una \u201cmentira\u201d como afirma C\u00e1rdenas, sino de informaci\u00f3n que, a diferencia de sus publicaciones, fue corroborada y rectificada de inmediato sobre una ni\u00f1a de seis a\u00f1os y un adulto mayor que efectivamente hab\u00edan resultado heridos.<\/p>\n<p>En un momento tan delicado para nuestro pa\u00eds resulta preocupante que periodistas den por buena cualquier versi\u00f3n sin ocuparse de verificar sus fuentes. El objetivo de la comunidad de Ostula era protegerse. El objetivo de la Red TDT era favorecer la protecci\u00f3n de los derechos humanos de las personas afectadas. Lo que no queda claro es el objetivo del se\u00f1or C\u00e1rdenas que parece tener mucho inter\u00e9s en validar las posiciones oficiales y los abusos sistem\u00e1ticos de los militares como si la muerte de Edilberto Reyes Garc\u00eda, el menor asesinado, estuviera justificada.<\/p>\n<p>por Fernando R\u00edos Mart\u00ednez,<br \/>\nSecretario Ejecutivo \/ Red TDT<br \/>\nRed Nacional de Organismos Civiles Todos los Derechos para Todas y Todos<\/p>\n<p><a href=\"http:\/\/kaosenlared.net\/mexico-santa-maria-ostula-derechos-violentados-poblacion-civil-agredida\/\" target=\"_blank\">http:\/\/kaosenlared.net\/mexico-santa-maria-ostula-derechos-violentados-poblacion-civil-agredida\/<\/a><\/p>\n","protected":false},"excerpt":{"rendered":"<p>R\u00e9plica al art\u00edculo \u201cEl mito del Ej\u00e9rcito asesino | El Universal Los hechos recientemente ocurridos en Santa Mar\u00eda Ostula son graves violaciones a los derechos humanos desde cualquier \u00f3ptica. Resulta &hellip; <a href=\"https:\/\/www.grieta.org.mx\/index.php\/2015\/07\/26\/mexico-santa-maria-ostula-derechos-violentados-poblacion-civil-agredida\/\" class=\"more-link\">Leer m\u00e1s<\/a><\/p>\n","protected":false},"author":1,"featured_media":21928,"comment_status":"closed","ping_status":"open","sticky":false,"template":"","format":"standard","meta":{"ngg_post_thumbnail":0,"_jetpack_newsletter_access":"","_jetpack_dont_email_post_to_subs":false,"_jetpack_newsletter_tier_id":0,"_jetpack_memberships_contains_paywalled_content":false,"_jetpack_memberships_contains_paid_content":false,"footnotes":""},"categories":[80,82],"tags":[454,455,131],"class_list":["post-7685","post","type-post","status-publish","format-standard","has-post-thumbnail","hentry","category-cintillo","category-michoacan","tag-cemei-verdia","tag-ostula","tag-presos-politicos","entry"],"jetpack_featured_media_url":"https:\/\/www.grieta.org.mx\/wp-content\/uploads\/2018\/03\/14524434_1106112876131411_958039263622046936_o.jpg","jetpack_sharing_enabled":true,"jetpack_shortlink":"https:\/\/wp.me\/p7ZJR4-1ZX","jetpack_likes_enabled":false,"jetpack-related-posts":[{"id":7754,"url":"https:\/\/www.grieta.org.mx\/index.php\/2015\/07\/19\/cargando-a-sangre-y-fuego-el-ejercito-realiza-detenciones-arbitrarias-en-santa-maria-ostula-contra-policias-comunitarios-y-autodefensas\/","url_meta":{"origin":7685,"position":0},"title":"Cargando a sangre y fuego el ej\u00e9rcito realiza detenciones arbitrarias en Santa Mar\u00eda Ostula contra polic\u00edas comunitarios y autodefensas","author":"Admin","date":"19 julio, 2015","format":false,"excerpt":"Bolet\u00edn N\u00b0 1 DETENIENE EL EJ\u00c9RCITO A MIEMBROS DE LA COMUNIDAD IND\u00cdGENA DE SANTA MAR\u00cdA OSTULA, Municipio de Aquila, Michoac\u00e1n. (19 de julio de 2015, 13 hrs) A LA SOCIEDAD CIVIL A LAS ORGANIZACIONES DE DERECHOS HUMANOS A LOS MEDIOS DE COMUNICACI\u00d3N HONESTOS ostula-indymediaEl d\u00eda de hoy aproximadamente a las\u2026","rel":"","context":"En &quot;CINTILLO&quot;","block_context":{"text":"CINTILLO","link":"https:\/\/www.grieta.org.mx\/index.php\/category\/cintillo\/"},"img":{"alt_text":"","src":"https:\/\/i0.wp.com\/www.grieta.org.mx\/wp-content\/uploads\/2018\/03\/14524434_1106112876131411_958039263622046936_o.jpg?resize=350%2C200&ssl=1","width":350,"height":200,"srcset":"https:\/\/i0.wp.com\/www.grieta.org.mx\/wp-content\/uploads\/2018\/03\/14524434_1106112876131411_958039263622046936_o.jpg?resize=350%2C200&ssl=1 1x, https:\/\/i0.wp.com\/www.grieta.org.mx\/wp-content\/uploads\/2018\/03\/14524434_1106112876131411_958039263622046936_o.jpg?resize=525%2C300&ssl=1 1.5x, https:\/\/i0.wp.com\/www.grieta.org.mx\/wp-content\/uploads\/2018\/03\/14524434_1106112876131411_958039263622046936_o.jpg?resize=700%2C400&ssl=1 2x"},"classes":[]},{"id":7728,"url":"https:\/\/www.grieta.org.mx\/index.php\/2015\/07\/22\/autoridades-de-ostula-hacen-publica-la-agresion-sufrida-por-el-ejercito-mexicano-y-la-detencion-del-comandante-cemei-verdia-video\/","url_meta":{"origin":7685,"position":1},"title":"Autoridades de Ostula hacen p\u00fablica la agresi\u00f3n sufrida por el ej\u00e9rcito mexicano y la detenci\u00f3n del comandante Ceme\u00ed Verd\u00eda (VIDEO)","author":"Admin","date":"22 julio, 2015","format":false,"excerpt":"En el contexto de los operativos de la Marina, Ej\u00e9rcito y Polic\u00eda Federal contra la comunidad nahua de Ostula, Michoac\u00e1n, que tuvieron como resultado dos menores de edad y un adulto muertos, as\u00ed como la detenci\u00f3n de Ceme\u00ed Verd\u00eda Zepeda (Primer Comandante de la Polic\u00eda Comunitaria de Santa Mar\u00eda Ostula\u2026","rel":"","context":"En &quot;CINTILLO&quot;","block_context":{"text":"CINTILLO","link":"https:\/\/www.grieta.org.mx\/index.php\/category\/cintillo\/"},"img":{"alt_text":"","src":"https:\/\/i0.wp.com\/www.grieta.org.mx\/wp-content\/uploads\/2018\/03\/14524434_1106112876131411_958039263622046936_o.jpg?resize=350%2C200&ssl=1","width":350,"height":200,"srcset":"https:\/\/i0.wp.com\/www.grieta.org.mx\/wp-content\/uploads\/2018\/03\/14524434_1106112876131411_958039263622046936_o.jpg?resize=350%2C200&ssl=1 1x, https:\/\/i0.wp.com\/www.grieta.org.mx\/wp-content\/uploads\/2018\/03\/14524434_1106112876131411_958039263622046936_o.jpg?resize=525%2C300&ssl=1 1.5x, https:\/\/i0.wp.com\/www.grieta.org.mx\/wp-content\/uploads\/2018\/03\/14524434_1106112876131411_958039263622046936_o.jpg?resize=700%2C400&ssl=1 2x"},"classes":[]},{"id":7497,"url":"https:\/\/www.grieta.org.mx\/index.php\/2016\/07\/29\/lucha-y-resistencia-del-pueblo-de-santa-maria-ostula\/","url_meta":{"origin":7685,"position":2},"title":"Lucha y resistencia del pueblo de Santa Mar\u00eda Ostula","author":"Admin","date":"29 julio, 2016","format":false,"excerpt":"Detienen a Jhony Israel Flores Tolentino, polic\u00eda comunitario de Santa Mar\u00eda Ostula 29\/07\/16. Detienen a \u201cEl Tizoc\u201d en Morelia; intentaba obtener una carta de no antecedentes penales Provincia Ostula celebra siete a\u00f1os de autonom\u00eda 28\/06\/16. Ostula Michoac\u00e1n, siete a\u00f1os en defensa de la Madre Tierra Pozol Colectivo Movilizaci\u00f3n en memoria\u2026","rel":"","context":"En &quot;1. Ostula&quot;","block_context":{"text":"1. Ostula","link":"https:\/\/www.grieta.org.mx\/index.php\/category\/espejos-de-la-resistencia\/1-ostula\/"},"img":{"alt_text":"","src":"https:\/\/i0.wp.com\/www.grieta.org.mx\/wp-content\/uploads\/2018\/03\/14524434_1106112876131411_958039263622046936_o.jpg?resize=350%2C200&ssl=1","width":350,"height":200,"srcset":"https:\/\/i0.wp.com\/www.grieta.org.mx\/wp-content\/uploads\/2018\/03\/14524434_1106112876131411_958039263622046936_o.jpg?resize=350%2C200&ssl=1 1x, https:\/\/i0.wp.com\/www.grieta.org.mx\/wp-content\/uploads\/2018\/03\/14524434_1106112876131411_958039263622046936_o.jpg?resize=525%2C300&ssl=1 1.5x, https:\/\/i0.wp.com\/www.grieta.org.mx\/wp-content\/uploads\/2018\/03\/14524434_1106112876131411_958039263622046936_o.jpg?resize=700%2C400&ssl=1 2x"},"classes":[]},{"id":7757,"url":"https:\/\/www.grieta.org.mx\/index.php\/2015\/07\/19\/detienen-a-semei-verdi-comandante-de-los-autodefensas-de-ostula-michoacan\/","url_meta":{"origin":7685,"position":3},"title":"Detienen a Seme\u00ed Verd\u00ed comandante de los autodefensas de Ostula, Michoac\u00e1n","author":"Admin","date":"19 julio, 2015","format":false,"excerpt":"Un ni\u00f1o muerto y al menos dos menores heridos por el ej\u00e9rcito mexicano Un ni\u00f1o muerto, dos menores heridos, un autodefensa muerto y varios m\u00e1s heridos, as\u00ed como la detenci\u00f3n de Seme\u00ed Verd\u00ed, comandante de las ??autodefensas? del pueblo n\u00e1huatl de Ostula, municipio de Aquila, fueron el resultado del operativo\u2026","rel":"","context":"En &quot;CINTILLO&quot;","block_context":{"text":"CINTILLO","link":"https:\/\/www.grieta.org.mx\/index.php\/category\/cintillo\/"},"img":{"alt_text":"","src":"https:\/\/i0.wp.com\/www.grieta.org.mx\/wp-content\/uploads\/2018\/03\/14524434_1106112876131411_958039263622046936_o.jpg?resize=350%2C200&ssl=1","width":350,"height":200,"srcset":"https:\/\/i0.wp.com\/www.grieta.org.mx\/wp-content\/uploads\/2018\/03\/14524434_1106112876131411_958039263622046936_o.jpg?resize=350%2C200&ssl=1 1x, https:\/\/i0.wp.com\/www.grieta.org.mx\/wp-content\/uploads\/2018\/03\/14524434_1106112876131411_958039263622046936_o.jpg?resize=525%2C300&ssl=1 1.5x, https:\/\/i0.wp.com\/www.grieta.org.mx\/wp-content\/uploads\/2018\/03\/14524434_1106112876131411_958039263622046936_o.jpg?resize=700%2C400&ssl=1 2x"},"classes":[]},{"id":7739,"url":"https:\/\/www.grieta.org.mx\/index.php\/2015\/07\/22\/de-ayotzinapa-para-ostula-nos-solidarizamos-y-exigimos-juicio-y-castigo\/","url_meta":{"origin":7685,"position":4},"title":"De Ayotzinapa para Ostula: Nos solidarizamos y exigimos juicio y castigo","author":"Admin","date":"22 julio, 2015","format":false,"excerpt":"Compa\u00f1erxs del Congreso Nacional Ind\u00edgena. PRESENTES Por este medio les hacemos llegar el comunicado que las madres y los padres de los estudiantes desparecidos y asesinados de Ayotzinapa acordaron enviar a la Comunidad ind\u00edgena de Ostula, en Michoac\u00e1n, despu\u00e9s del ataque del que fueron v\u00edctimas por parte del Ej\u00e9rcito mexicano.\u2026","rel":"","context":"En &quot;CINTILLO&quot;","block_context":{"text":"CINTILLO","link":"https:\/\/www.grieta.org.mx\/index.php\/category\/cintillo\/"},"img":{"alt_text":"","src":"https:\/\/i0.wp.com\/www.grieta.org.mx\/wp-content\/uploads\/2018\/03\/14524434_1106112876131411_958039263622046936_o.jpg?resize=350%2C200&ssl=1","width":350,"height":200,"srcset":"https:\/\/i0.wp.com\/www.grieta.org.mx\/wp-content\/uploads\/2018\/03\/14524434_1106112876131411_958039263622046936_o.jpg?resize=350%2C200&ssl=1 1x, https:\/\/i0.wp.com\/www.grieta.org.mx\/wp-content\/uploads\/2018\/03\/14524434_1106112876131411_958039263622046936_o.jpg?resize=525%2C300&ssl=1 1.5x, https:\/\/i0.wp.com\/www.grieta.org.mx\/wp-content\/uploads\/2018\/03\/14524434_1106112876131411_958039263622046936_o.jpg?resize=700%2C400&ssl=1 2x"},"classes":[]},{"id":7763,"url":"https:\/\/www.grieta.org.mx\/index.php\/2015\/07\/19\/atacan-a-ostula-aqui-la-historia-de-su-lucha\/","url_meta":{"origin":7685,"position":5},"title":"Atacan a Ostula. Aqu\u00ed la historia de su lucha","author":"Admin","date":"19 julio, 2015","format":false,"excerpt":"Ataque del ej\u00e9rcito a nahuas de Ostula; se confirma un ni\u00f1o muerto y dos heridos [1]\u00a0(19 de julio del 2015) En tres acciones simult\u00e1neas, el Ej\u00e9rcito mexicano atac\u00f3 comunidades de Santa Mar\u00eda Ostula en Michoac\u00e1n donde se reporta un ni\u00f1o muerto y dos menores heridos, as\u00ed como una situaci\u00f3n de\u2026","rel":"","context":"En &quot;CINTILLO&quot;","block_context":{"text":"CINTILLO","link":"https:\/\/www.grieta.org.mx\/index.php\/category\/cintillo\/"},"img":{"alt_text":"","src":"https:\/\/i0.wp.com\/www.grieta.org.mx\/wp-content\/uploads\/2018\/03\/14524434_1106112876131411_958039263622046936_o.jpg?resize=350%2C200&ssl=1","width":350,"height":200,"srcset":"https:\/\/i0.wp.com\/www.grieta.org.mx\/wp-content\/uploads\/2018\/03\/14524434_1106112876131411_958039263622046936_o.jpg?resize=350%2C200&ssl=1 1x, https:\/\/i0.wp.com\/www.grieta.org.mx\/wp-content\/uploads\/2018\/03\/14524434_1106112876131411_958039263622046936_o.jpg?resize=525%2C300&ssl=1 1.5x, https:\/\/i0.wp.com\/www.grieta.org.mx\/wp-content\/uploads\/2018\/03\/14524434_1106112876131411_958039263622046936_o.jpg?resize=700%2C400&ssl=1 2x"},"classes":[]}],"_links":{"self":[{"href":"https:\/\/www.grieta.org.mx\/index.php\/wp-json\/wp\/v2\/posts\/7685","targetHints":{"allow":["GET"]}}],"collection":[{"href":"https:\/\/www.grieta.org.mx\/index.php\/wp-json\/wp\/v2\/posts"}],"about":[{"href":"https:\/\/www.grieta.org.mx\/index.php\/wp-json\/wp\/v2\/types\/post"}],"author":[{"embeddable":true,"href":"https:\/\/www.grieta.org.mx\/index.php\/wp-json\/wp\/v2\/users\/1"}],"replies":[{"embeddable":true,"href":"https:\/\/www.grieta.org.mx\/index.php\/wp-json\/wp\/v2\/comments?post=7685"}],"version-history":[{"count":1,"href":"https:\/\/www.grieta.org.mx\/index.php\/wp-json\/wp\/v2\/posts\/7685\/revisions"}],"predecessor-version":[{"id":7690,"href":"https:\/\/www.grieta.org.mx\/index.php\/wp-json\/wp\/v2\/posts\/7685\/revisions\/7690"}],"wp:featuredmedia":[{"embeddable":true,"href":"https:\/\/www.grieta.org.mx\/index.php\/wp-json\/wp\/v2\/media\/21928"}],"wp:attachment":[{"href":"https:\/\/www.grieta.org.mx\/index.php\/wp-json\/wp\/v2\/media?parent=7685"}],"wp:term":[{"taxonomy":"category","embeddable":true,"href":"https:\/\/www.grieta.org.mx\/index.php\/wp-json\/wp\/v2\/categories?post=7685"},{"taxonomy":"post_tag","embeddable":true,"href":"https:\/\/www.grieta.org.mx\/index.php\/wp-json\/wp\/v2\/tags?post=7685"}],"curies":[{"name":"wp","href":"https:\/\/api.w.org\/{rel}","templated":true}]}}