{"id":765,"date":"2015-11-05T04:24:46","date_gmt":"2015-11-05T04:24:46","guid":{"rendered":"http:\/\/50.22.11.12\/~grietaor\/?p=765"},"modified":"2016-03-02T04:25:32","modified_gmt":"2016-03-02T04:25:32","slug":"coyotepec-gana-otra-batalla-comunitaria-pero-la-presion-y-la-lucha-siguen","status":"publish","type":"post","link":"https:\/\/www.grieta.org.mx\/index.php\/2015\/11\/05\/coyotepec-gana-otra-batalla-comunitaria-pero-la-presion-y-la-lucha-siguen\/","title":{"rendered":"Coyotepec gana otra batalla comunitaria pero la presi\u00f3n y la lucha siguen"},"content":{"rendered":"<p>Informamos que el d\u00eda de hoy mi\u00e9rcoles 4 de noviembre la comunidad y particularmente el Frente 9 de junio impidi\u00f3 que se realizara la fraudulenta reconexi\u00f3n de energ\u00eda electrica a uno de los pozos principales, el del barrio de Chautongo, pues la CFE lo har\u00eda para beneficio del intervencionismo ilegal de la presidencia municipal pr\u00edista, la que, aprovech\u00e1ndose de la carencia de agua en ese municipio, quiere desconocer a la administraci\u00f3n comunitaria del agua y apoderarse de la misma para iniciar el proceso y negocio de privatizaci\u00f3n de ese servicio.<\/p>\n<p>De manera organizada en la plaza central y el el port\u00f3n del pozo de Chautongo mujeres y hombres comprometidos con la cultura comunitaria de agua como bien com\u00fan, no permiti\u00f3 que la maquinaria y personal de la CFE hiciera esto, sin antes realizar un convenio de pagos y servicio electrico CON la LEGITIMA administraci\u00f3n comunitaria del agua que fue elegida recientemente.<\/p>\n<p>Los contras pr\u00edistas y sus grupos de choque buscaron burlar el voto de rechazo a esa reconexi\u00f3n sin convenio y luego provocaron hasta cansarse a los pobladores para que se diera paso a la reconexi\u00f3n que municipalizar\u00eda una propiedad comunitaria ganada por la tradici\u00f3n de lucha de los y las de Coyotepec. Pero no pudieron frente a la contundente y serena actitud de la comunidad organizada.<\/p>\n<p>Se espera que desde este jueves 5 de noviembre se reunan y convenien la reconexi\u00f3n con todas las reglas y acuerdos asumidos por la administraci\u00f3n comunitaria y la CFE y que participen en ese convenio representantes de los barrios de Coyotepec.<\/p>\n<p>La presi\u00f3n sigue con amenazas, propaganda falsa contra el 9 de junio y una ola de rumores para atemorizar con la represi\u00f3n a los pobladores no organizados.<\/p>\n<p>pero ala vez la lucha y la organizaci\u00f3n barrial de colectores de pago y defensores de los pozos de agua de la comunidad avanzan.<br \/>\n\u00a1Adelante, adelante que la lucha es constante!<\/p>\n<p><a href=\"http:\/\/www.elzenzontle.org\/index.php\/mresistencia-zenzo\/27-poder-popular\/autodefensa\/681-coyotepec-gana-otra-batalla-comunitaria-pero-la-presion-y-la-lucha-siguen.html\" target=\"_blank\">www.elzenzontle.org\/index.php\/mresistencia-zenzo\/27-poder-popular\/autodefensa\/681-coyotepec-gana-otra-batalla-comunitaria-pero-la-presion-y-la-lucha-siguen.html<\/a><\/p>\n","protected":false},"excerpt":{"rendered":"<p>Informamos que el d\u00eda de hoy mi\u00e9rcoles 4 de noviembre la comunidad y particularmente el Frente 9 de junio impidi\u00f3 que se realizara la fraudulenta reconexi\u00f3n de energ\u00eda electrica a &hellip; <a href=\"https:\/\/www.grieta.org.mx\/index.php\/2015\/11\/05\/coyotepec-gana-otra-batalla-comunitaria-pero-la-presion-y-la-lucha-siguen\/\" class=\"more-link\">Leer m\u00e1s<\/a><\/p>\n","protected":false},"author":2,"featured_media":21928,"comment_status":"closed","ping_status":"open","sticky":false,"template":"","format":"standard","meta":{"ngg_post_thumbnail":0,"_jetpack_newsletter_access":"","_jetpack_dont_email_post_to_subs":false,"_jetpack_newsletter_tier_id":0,"_jetpack_memberships_contains_paywalled_content":false,"_jetpack_memberships_contains_paid_content":false,"footnotes":""},"categories":[80],"tags":[92],"class_list":["post-765","post","type-post","status-publish","format-standard","has-post-thumbnail","hentry","category-cintillo","tag-estado-de-mexico","entry"],"jetpack_featured_media_url":"https:\/\/www.grieta.org.mx\/wp-content\/uploads\/2018\/03\/14524434_1106112876131411_958039263622046936_o.jpg","jetpack_sharing_enabled":true,"jetpack_shortlink":"https:\/\/wp.me\/p7ZJR4-cl","jetpack_likes_enabled":false,"jetpack-related-posts":[{"id":32832,"url":"https:\/\/www.grieta.org.mx\/index.php\/2019\/04\/27\/cumple-6-dias-toma-de-oficinas-de-la-cfe-por-comunitarios-en-teloloapan-guerrero\/","url_meta":{"origin":765,"position":0},"title":"Cumple 6 d\u00edas toma de oficinas de la CFE por comunitarios en Teloloapan (Guerrero)","author":"grieta","date":"27 abril, 2019","format":false,"excerpt":"Eduardo Yener Santos \/ Quadrat\u00edn CHILPANCINGO, Gro., 27 de abril de 2019.- Este s\u00e1bado se cumplieron seis d\u00edas de la toma de las instalaciones de la Comisi\u00f3n Federal de Electricidad (CFE) de Teloloapan por parte del grupo de autodefensa Polic\u00eda Comunitaria Tecampanera, de ese municipio de la zona Norte de\u2026","rel":"","context":"En &quot;CINTILLO&quot;","block_context":{"text":"CINTILLO","link":"https:\/\/www.grieta.org.mx\/index.php\/category\/cintillo\/"},"img":{"alt_text":"","src":"https:\/\/i0.wp.com\/www.grieta.org.mx\/wp-content\/uploads\/2019\/05\/cfeteloloapan-1160x700.jpg?resize=350%2C200&ssl=1","width":350,"height":200,"srcset":"https:\/\/i0.wp.com\/www.grieta.org.mx\/wp-content\/uploads\/2019\/05\/cfeteloloapan-1160x700.jpg?resize=350%2C200&ssl=1 1x, https:\/\/i0.wp.com\/www.grieta.org.mx\/wp-content\/uploads\/2019\/05\/cfeteloloapan-1160x700.jpg?resize=525%2C300&ssl=1 1.5x, https:\/\/i0.wp.com\/www.grieta.org.mx\/wp-content\/uploads\/2019\/05\/cfeteloloapan-1160x700.jpg?resize=700%2C400&ssl=1 2x, https:\/\/i0.wp.com\/www.grieta.org.mx\/wp-content\/uploads\/2019\/05\/cfeteloloapan-1160x700.jpg?resize=1050%2C600&ssl=1 3x"},"classes":[]},{"id":763,"url":"https:\/\/www.grieta.org.mx\/index.php\/2015\/11\/06\/barrio-por-barrio-coyotepec-defiende-la-administracion-comunitaria-del-agua\/","url_meta":{"origin":765,"position":1},"title":"Barrio por barrio, Coyotepec defiende la administraci\u00f3n comunitaria del agua","author":"grieta","date":"6 noviembre, 2015","format":false,"excerpt":"En M\u00e9xico, defender la dignidad, la autonom\u00eda y la soberan\u00eda, para los pueblos se vuelve cada vez m\u00e1s dif\u00edcil. El proyecto de los ricos, del capital, del poder, es, al final de cuentas, la historia del despojo, del sometimiento, de la esclavitud, de la expropiaci\u00f3n, de la humillaci\u00f3n, de la\u2026","rel":"","context":"En &quot;CINTILLO&quot;","block_context":{"text":"CINTILLO","link":"https:\/\/www.grieta.org.mx\/index.php\/category\/cintillo\/"},"img":{"alt_text":"","src":"https:\/\/i0.wp.com\/www.grieta.org.mx\/wp-content\/uploads\/2018\/03\/14524434_1106112876131411_958039263622046936_o.jpg?resize=350%2C200&ssl=1","width":350,"height":200,"srcset":"https:\/\/i0.wp.com\/www.grieta.org.mx\/wp-content\/uploads\/2018\/03\/14524434_1106112876131411_958039263622046936_o.jpg?resize=350%2C200&ssl=1 1x, https:\/\/i0.wp.com\/www.grieta.org.mx\/wp-content\/uploads\/2018\/03\/14524434_1106112876131411_958039263622046936_o.jpg?resize=525%2C300&ssl=1 1.5x, https:\/\/i0.wp.com\/www.grieta.org.mx\/wp-content\/uploads\/2018\/03\/14524434_1106112876131411_958039263622046936_o.jpg?resize=700%2C400&ssl=1 2x"},"classes":[]},{"id":45910,"url":"https:\/\/www.grieta.org.mx\/index.php\/2015\/06\/03\/pobladores-tratan-de-restablecer-radio-comunitaria-en-zacatepec-puebla\/","url_meta":{"origin":765,"position":2},"title":"Pobladores tratan de restablecer radio comunitaria en Zacatepec (Puebla)","author":"Admin","date":"3 junio, 2015","format":false,"excerpt":"H\u00e9ctor Tenorio \/ Diario CAmbio Alrededor de la 13:00 horas de este martes se llev\u00f3 acabo la asamblea en la comunidad de Santa Mar\u00eda Zacatepec en la cual se tocaron los temas de la reactivaci\u00f3n de la radio comunitaria, en donde asistieron la regidora de gobernaci\u00f3n Selene Agua y el\u2026","rel":"","context":"En &quot;Puebla&quot;","block_context":{"text":"Puebla","link":"https:\/\/www.grieta.org.mx\/index.php\/category\/noticias-nacionales\/puebla\/"},"img":{"alt_text":"","src":"https:\/\/i0.wp.com\/www.grieta.org.mx\/wp-content\/uploads\/2020\/03\/08591b49a0cd2403c3a6dd15ade7af60_L.jpg?resize=350%2C200&ssl=1","width":350,"height":200,"srcset":"https:\/\/i0.wp.com\/www.grieta.org.mx\/wp-content\/uploads\/2020\/03\/08591b49a0cd2403c3a6dd15ade7af60_L.jpg?resize=350%2C200&ssl=1 1x, https:\/\/i0.wp.com\/www.grieta.org.mx\/wp-content\/uploads\/2020\/03\/08591b49a0cd2403c3a6dd15ade7af60_L.jpg?resize=525%2C300&ssl=1 1.5x, https:\/\/i0.wp.com\/www.grieta.org.mx\/wp-content\/uploads\/2020\/03\/08591b49a0cd2403c3a6dd15ade7af60_L.jpg?resize=700%2C400&ssl=1 2x"},"classes":[]},{"id":40703,"url":"https:\/\/www.grieta.org.mx\/index.php\/2019\/10\/30\/corta-cfe-servicio-a-comapal-se-quedan-varias-colonias-sin-agua-colima\/","url_meta":{"origin":765,"position":3},"title":"Corta CFE servicio a Comapal; se quedan varias colonias sin agua (Colima)","author":"grieta","date":"30 octubre, 2019","format":false,"excerpt":"Foto: Ilustrativa Juvenal Mart\u00ednez S\u00e1nchez \/ El diario de Colima ARMER\u00cdA.- Por en\u00e9simas ocasi\u00f3n, personal de la Comisi\u00f3n Federal de Electricidad (CFE) cort\u00f3 el suministro de energ\u00eda a un equipo de bombeo de agua por falta de pago de la Comisi\u00f3n Municipal de Agua Potable y Alcantarillado (Comapal), debido a\u2026","rel":"","context":"En &quot;CINTILLO&quot;","block_context":{"text":"CINTILLO","link":"https:\/\/www.grieta.org.mx\/index.php\/category\/cintillo\/"},"img":{"alt_text":"","src":"https:\/\/i0.wp.com\/www.grieta.org.mx\/wp-content\/uploads\/2018\/03\/14524434_1106112876131411_958039263622046936_o.jpg?resize=350%2C200&ssl=1","width":350,"height":200,"srcset":"https:\/\/i0.wp.com\/www.grieta.org.mx\/wp-content\/uploads\/2018\/03\/14524434_1106112876131411_958039263622046936_o.jpg?resize=350%2C200&ssl=1 1x, https:\/\/i0.wp.com\/www.grieta.org.mx\/wp-content\/uploads\/2018\/03\/14524434_1106112876131411_958039263622046936_o.jpg?resize=525%2C300&ssl=1 1.5x, https:\/\/i0.wp.com\/www.grieta.org.mx\/wp-content\/uploads\/2018\/03\/14524434_1106112876131411_958039263622046936_o.jpg?resize=700%2C400&ssl=1 2x"},"classes":[]},{"id":909,"url":"https:\/\/www.grieta.org.mx\/index.php\/2016\/08\/13\/despojo-de-agua-en-coyotepec\/","url_meta":{"origin":765,"position":4},"title":"Despojo de agua en Coyotepec","author":"grieta","date":"13 agosto, 2016","format":false,"excerpt":"13\/08\/16. \u201cSalte del movimiento del agua o se los va a cargar la chingada\u201d, agreden a defensores; Organizaci\u00f3n Mundial Contra la Tortura se pronunciaRevoluci\u00f3n 3.0 23\/06\/16. Defend\u00edan su agua, fueron a prisi\u00f3n y salieron. Pero su libertad est\u00e1 en riesgo.Sin Embargo 11\/06\/16. Contin\u00faa la defensa del agua en Coyotepec contra\u2026","rel":"","context":"En &quot;Estado de M\u00e9xico&quot;","block_context":{"text":"Estado de M\u00e9xico","link":"https:\/\/www.grieta.org.mx\/index.php\/category\/noticias-nacionales\/estado-de-mexico\/"},"img":{"alt_text":"","src":"https:\/\/i0.wp.com\/www.grieta.org.mx\/wp-content\/uploads\/2018\/03\/14524434_1106112876131411_958039263622046936_o.jpg?resize=350%2C200&ssl=1","width":350,"height":200,"srcset":"https:\/\/i0.wp.com\/www.grieta.org.mx\/wp-content\/uploads\/2018\/03\/14524434_1106112876131411_958039263622046936_o.jpg?resize=350%2C200&ssl=1 1x, https:\/\/i0.wp.com\/www.grieta.org.mx\/wp-content\/uploads\/2018\/03\/14524434_1106112876131411_958039263622046936_o.jpg?resize=525%2C300&ssl=1 1.5x, https:\/\/i0.wp.com\/www.grieta.org.mx\/wp-content\/uploads\/2018\/03\/14524434_1106112876131411_958039263622046936_o.jpg?resize=700%2C400&ssl=1 2x"},"classes":[]},{"id":948,"url":"https:\/\/www.grieta.org.mx\/index.php\/2016\/04\/21\/tecamac-defiende-el-control-de-sus-aguas-municipales\/","url_meta":{"origin":765,"position":5},"title":"Tec\u00e1mac defiende el control de sus aguas municipales","author":"grieta","date":"21 abril, 2016","format":false,"excerpt":"21\/04\/16. Nueva avanzada contra los sistema de agua aut\u00f3nomos del estado de M\u00e9xicoDesinform\u00e9monos 03\/03\/16. Centro ddhh Zeferino Ladrillero alerta sobre criminalizaci\u00f3n de defensores del agua comunitaria en Tec\u00e1macDesinform\u00e9monos 05\/02\/16. Con violencia, priistas intentan arrebatar a pobladores el control de las aguas municipalesActivista MX 01\/12\/15. Foro regional en defensa de la\u2026","rel":"","context":"En &quot;Estado de M\u00e9xico&quot;","block_context":{"text":"Estado de M\u00e9xico","link":"https:\/\/www.grieta.org.mx\/index.php\/category\/noticias-nacionales\/estado-de-mexico\/"},"img":{"alt_text":"","src":"https:\/\/i0.wp.com\/www.grieta.org.mx\/wp-content\/uploads\/2018\/03\/14524434_1106112876131411_958039263622046936_o.jpg?resize=350%2C200&ssl=1","width":350,"height":200,"srcset":"https:\/\/i0.wp.com\/www.grieta.org.mx\/wp-content\/uploads\/2018\/03\/14524434_1106112876131411_958039263622046936_o.jpg?resize=350%2C200&ssl=1 1x, https:\/\/i0.wp.com\/www.grieta.org.mx\/wp-content\/uploads\/2018\/03\/14524434_1106112876131411_958039263622046936_o.jpg?resize=525%2C300&ssl=1 1.5x, https:\/\/i0.wp.com\/www.grieta.org.mx\/wp-content\/uploads\/2018\/03\/14524434_1106112876131411_958039263622046936_o.jpg?resize=700%2C400&ssl=1 2x"},"classes":[]}],"_links":{"self":[{"href":"https:\/\/www.grieta.org.mx\/index.php\/wp-json\/wp\/v2\/posts\/765","targetHints":{"allow":["GET"]}}],"collection":[{"href":"https:\/\/www.grieta.org.mx\/index.php\/wp-json\/wp\/v2\/posts"}],"about":[{"href":"https:\/\/www.grieta.org.mx\/index.php\/wp-json\/wp\/v2\/types\/post"}],"author":[{"embeddable":true,"href":"https:\/\/www.grieta.org.mx\/index.php\/wp-json\/wp\/v2\/users\/2"}],"replies":[{"embeddable":true,"href":"https:\/\/www.grieta.org.mx\/index.php\/wp-json\/wp\/v2\/comments?post=765"}],"version-history":[{"count":1,"href":"https:\/\/www.grieta.org.mx\/index.php\/wp-json\/wp\/v2\/posts\/765\/revisions"}],"predecessor-version":[{"id":766,"href":"https:\/\/www.grieta.org.mx\/index.php\/wp-json\/wp\/v2\/posts\/765\/revisions\/766"}],"wp:featuredmedia":[{"embeddable":true,"href":"https:\/\/www.grieta.org.mx\/index.php\/wp-json\/wp\/v2\/media\/21928"}],"wp:attachment":[{"href":"https:\/\/www.grieta.org.mx\/index.php\/wp-json\/wp\/v2\/media?parent=765"}],"wp:term":[{"taxonomy":"category","embeddable":true,"href":"https:\/\/www.grieta.org.mx\/index.php\/wp-json\/wp\/v2\/categories?post=765"},{"taxonomy":"post_tag","embeddable":true,"href":"https:\/\/www.grieta.org.mx\/index.php\/wp-json\/wp\/v2\/tags?post=765"}],"curies":[{"name":"wp","href":"https:\/\/api.w.org\/{rel}","templated":true}]}}