{"id":7639,"date":"2015-08-06T20:57:32","date_gmt":"2015-08-06T20:57:32","guid":{"rendered":"http:\/\/50.22.11.12\/~grietaor\/?p=7639"},"modified":"2016-03-29T20:59:36","modified_gmt":"2016-03-29T20:59:36","slug":"pgje-rechaza-que-cemei-verdia-sea-ex-carcelado-tras-librar-denuncia-por-robo","status":"publish","type":"post","link":"https:\/\/www.grieta.org.mx\/index.php\/2015\/08\/06\/pgje-rechaza-que-cemei-verdia-sea-ex-carcelado-tras-librar-denuncia-por-robo\/","title":{"rendered":"PGJE rechaza que Ceme\u00ed Verd\u00eda sea ex carcelado tras librar denuncia por robo"},"content":{"rendered":"<p>Ciudad de M\u00e9xico, 6 de agosto (SinEmbargo).\u2013 Ceme\u00ed Verd\u00eda Zepeda, comandante de la guardia comunitaria de Santa Mar\u00eda Ostula, Michoac\u00e1n, no ser\u00e1 liberado despu\u00e9s de que el Ayuntamiento de Aquila se desistiera de la denuncia por robo calificado que hab\u00eda interpuesto en su contra, debido a que el delito es considerado como grave, inform\u00f3 en un comunicado la Procuradur\u00eda General de Justicia del Estado de Michoac\u00e1n (PGJE).<\/p>\n<p>La PGJE se\u00f1al\u00f3 que \u201cel desistimiento que pudiera existir por el denunciante no incide en la posibilidad de que el inculpado pueda obtener su libertad, ya que en todo caso ser\u00eda un elemento a considerar para efectos de reparaci\u00f3n de da\u00f1o si la sentencia es condenatoria\u201d.<\/p>\n<p>Sumado a esto, la Fiscal\u00eda local dijo que al l\u00edder comunitario no s\u00f3lo se le acusa del robo de 60 rollos de alambre, \u201csino por otros bienes descritos en la denuncia penal que en su momento se present\u00f3 ante la agencia del Ministerio P\u00fablico\u201d.<\/p>\n<p>Apenas ayer, Ignacio Mendoza Jim\u00e9nez, abogado defensor de Verd\u00eda, dio a conocer que su cliente deber\u00eda abandonar el penal \u201cDavid Franco Rodr\u00edguez\u201d en los pr\u00f3ximos d\u00edas, una vez que un el juzgado que lleva el caso reciba y analice el documento firmado por la Sindicatura de Aquila.<\/p>\n<p>Aunque hab\u00eda ironizado que mientras el gobierno de Salvador Jara Guerrero decidiera continuar las acciones en contra de su cliente podr\u00edan acusarlo hasta por atropellar a un perro.<\/p>\n<p>La PGJE  agreg\u00f3 que en lo que refiere al delito del homicidio de cuatro personas, del que tambi\u00e9n se le acusa a Verd\u00eda Zepeda, asegur\u00f3 que a\u00fan contin\u00faan las investigaciones para conocer las \u201ccircunstancias en que fueron privados de la vida los agraviados y de esta manera proteger el derecho a la justicia que asiste a las v\u00edctimas; este hecho no quedar\u00e1 impune\u201d<\/p>\n<p>En el documento se agrega que elementos de la Fiscal\u00eda Especializada en la Atenci\u00f3n de Delitos Electorales (Fepade), acudieron al penal para recabar declaraci\u00f3n ministerial de Ceme\u00ed Verd\u00eda, sobre la destrucci\u00f3n de urnas y boletas electorales, el pasado 8 de junio.<\/p>\n<p>Caso sobre el que Ceme\u00ed se habr\u00eda reservado su derecho a declarar, seg\u00fan inform\u00f3 la Procuradur\u00eda local.<\/p>\n<p><a href=\"http:\/\/www.sinembargo.mx\/06-08-2015\/1441733\" target=\"_blank\">http:\/\/www.sinembargo.mx\/06-08-2015\/1441733<\/a><\/p>\n","protected":false},"excerpt":{"rendered":"<p>Ciudad de M\u00e9xico, 6 de agosto (SinEmbargo).\u2013 Ceme\u00ed Verd\u00eda Zepeda, comandante de la guardia comunitaria de Santa Mar\u00eda Ostula, Michoac\u00e1n, no ser\u00e1 liberado despu\u00e9s de que el Ayuntamiento de Aquila &hellip; <a href=\"https:\/\/www.grieta.org.mx\/index.php\/2015\/08\/06\/pgje-rechaza-que-cemei-verdia-sea-ex-carcelado-tras-librar-denuncia-por-robo\/\" class=\"more-link\">Leer m\u00e1s<\/a><\/p>\n","protected":false},"author":1,"featured_media":21928,"comment_status":"closed","ping_status":"open","sticky":false,"template":"","format":"standard","meta":{"ngg_post_thumbnail":0,"_jetpack_newsletter_access":"","_jetpack_dont_email_post_to_subs":false,"_jetpack_newsletter_tier_id":0,"_jetpack_memberships_contains_paywalled_content":false,"_jetpack_memberships_contains_paid_content":false,"footnotes":""},"categories":[80,82],"tags":[454,455,131],"class_list":["post-7639","post","type-post","status-publish","format-standard","has-post-thumbnail","hentry","category-cintillo","category-michoacan","tag-cemei-verdia","tag-ostula","tag-presos-politicos","entry"],"jetpack_featured_media_url":"https:\/\/www.grieta.org.mx\/wp-content\/uploads\/2018\/03\/14524434_1106112876131411_958039263622046936_o.jpg","jetpack_sharing_enabled":true,"jetpack_shortlink":"https:\/\/wp.me\/p7ZJR4-1Zd","jetpack_likes_enabled":false,"jetpack-related-posts":[{"id":7621,"url":"https:\/\/www.grieta.org.mx\/index.php\/2015\/09\/09\/dictan-formal-prision-a-cemei-verdia-por-homicidio-calificado\/","url_meta":{"origin":7639,"position":0},"title":"Dictan formal prisi\u00f3n a Ceme\u00ed Verd\u00eda por homicidio calificado","author":"Admin","date":"9 septiembre, 2015","format":false,"excerpt":"MORELIA, Mich. (apro).- El Juzgado Primero de lo Penal, con sede en el centro penitenciario David Franco Rodr\u00edguez o Mil Cumbres, en esta capital, dict\u00f3 auto de formal prisi\u00f3n contra el l\u00edder de las autodefensas de Santa Mar\u00eda Ostula, Ceme\u00ed Verd\u00eda Zepeda, por el delito de homicidio calificado. Alrededor de\u2026","rel":"","context":"En &quot;CINTILLO&quot;","block_context":{"text":"CINTILLO","link":"https:\/\/www.grieta.org.mx\/index.php\/category\/cintillo\/"},"img":{"alt_text":"","src":"https:\/\/i0.wp.com\/www.grieta.org.mx\/wp-content\/uploads\/2018\/03\/14524434_1106112876131411_958039263622046936_o.jpg?resize=350%2C200&ssl=1","width":350,"height":200,"srcset":"https:\/\/i0.wp.com\/www.grieta.org.mx\/wp-content\/uploads\/2018\/03\/14524434_1106112876131411_958039263622046936_o.jpg?resize=350%2C200&ssl=1 1x, https:\/\/i0.wp.com\/www.grieta.org.mx\/wp-content\/uploads\/2018\/03\/14524434_1106112876131411_958039263622046936_o.jpg?resize=525%2C300&ssl=1 1.5x, https:\/\/i0.wp.com\/www.grieta.org.mx\/wp-content\/uploads\/2018\/03\/14524434_1106112876131411_958039263622046936_o.jpg?resize=700%2C400&ssl=1 2x"},"classes":[]},{"id":7613,"url":"https:\/\/www.grieta.org.mx\/index.php\/2015\/09\/24\/juez-absuelve-de-delitos-electorales-a-cemei-verdia\/","url_meta":{"origin":7639,"position":1},"title":"Juez absuelve de delitos electorales a Ceme\u00ed Verd\u00eda","author":"Admin","date":"24 septiembre, 2015","format":false,"excerpt":"El exl\u00edder de los grupos de autodefensas en el municipio de Aquila, Ceme\u00ed Verd\u00eda Zepeda, dijo que tambi\u00e9n otro juez ya lo liber\u00f3 del delito de homicidio calificado. MORELIA.- El juez tercero menor de lo penal en el estado de Michoac\u00e1n inform\u00f3 que no se acredit\u00f3 la responsabilidad de robo\u2026","rel":"","context":"En &quot;CINTILLO&quot;","block_context":{"text":"CINTILLO","link":"https:\/\/www.grieta.org.mx\/index.php\/category\/cintillo\/"},"img":{"alt_text":"","src":"https:\/\/i0.wp.com\/www.grieta.org.mx\/wp-content\/uploads\/2018\/03\/14524434_1106112876131411_958039263622046936_o.jpg?resize=350%2C200&ssl=1","width":350,"height":200,"srcset":"https:\/\/i0.wp.com\/www.grieta.org.mx\/wp-content\/uploads\/2018\/03\/14524434_1106112876131411_958039263622046936_o.jpg?resize=350%2C200&ssl=1 1x, https:\/\/i0.wp.com\/www.grieta.org.mx\/wp-content\/uploads\/2018\/03\/14524434_1106112876131411_958039263622046936_o.jpg?resize=525%2C300&ssl=1 1.5x, https:\/\/i0.wp.com\/www.grieta.org.mx\/wp-content\/uploads\/2018\/03\/14524434_1106112876131411_958039263622046936_o.jpg?resize=700%2C400&ssl=1 2x"},"classes":[]},{"id":7728,"url":"https:\/\/www.grieta.org.mx\/index.php\/2015\/07\/22\/autoridades-de-ostula-hacen-publica-la-agresion-sufrida-por-el-ejercito-mexicano-y-la-detencion-del-comandante-cemei-verdia-video\/","url_meta":{"origin":7639,"position":2},"title":"Autoridades de Ostula hacen p\u00fablica la agresi\u00f3n sufrida por el ej\u00e9rcito mexicano y la detenci\u00f3n del comandante Ceme\u00ed Verd\u00eda (VIDEO)","author":"Admin","date":"22 julio, 2015","format":false,"excerpt":"En el contexto de los operativos de la Marina, Ej\u00e9rcito y Polic\u00eda Federal contra la comunidad nahua de Ostula, Michoac\u00e1n, que tuvieron como resultado dos menores de edad y un adulto muertos, as\u00ed como la detenci\u00f3n de Ceme\u00ed Verd\u00eda Zepeda (Primer Comandante de la Polic\u00eda Comunitaria de Santa Mar\u00eda Ostula\u2026","rel":"","context":"En &quot;CINTILLO&quot;","block_context":{"text":"CINTILLO","link":"https:\/\/www.grieta.org.mx\/index.php\/category\/cintillo\/"},"img":{"alt_text":"","src":"https:\/\/i0.wp.com\/www.grieta.org.mx\/wp-content\/uploads\/2018\/03\/14524434_1106112876131411_958039263622046936_o.jpg?resize=350%2C200&ssl=1","width":350,"height":200,"srcset":"https:\/\/i0.wp.com\/www.grieta.org.mx\/wp-content\/uploads\/2018\/03\/14524434_1106112876131411_958039263622046936_o.jpg?resize=350%2C200&ssl=1 1x, https:\/\/i0.wp.com\/www.grieta.org.mx\/wp-content\/uploads\/2018\/03\/14524434_1106112876131411_958039263622046936_o.jpg?resize=525%2C300&ssl=1 1.5x, https:\/\/i0.wp.com\/www.grieta.org.mx\/wp-content\/uploads\/2018\/03\/14524434_1106112876131411_958039263622046936_o.jpg?resize=700%2C400&ssl=1 2x"},"classes":[]},{"id":7610,"url":"https:\/\/www.grieta.org.mx\/index.php\/2015\/10\/06\/libra-cemei-verdia-acusacion-de-robo-sigue-preso-por-supuesto-homicidio\/","url_meta":{"origin":7639,"position":3},"title":"Libra Ceme\u00ed Verd\u00eda acusaci\u00f3n de robo; sigue preso por supuesto homicidio","author":"Admin","date":"6 octubre, 2015","format":false,"excerpt":"MORELIA, Mich. (apro).- Este d\u00eda la magistrada de la Cuarta Sala Penal del Supremo Tribunal de Justicia del Estado, Mar\u00eda de los \u00c1ngeles Llanderal Zaragoza, dict\u00f3 auto de libertad a favor de Ceme\u00ed Verd\u00eda, exclusivamente por lo que se refiere al delito de robo calificado en agravio del ayuntamiento de\u2026","rel":"","context":"En &quot;CINTILLO&quot;","block_context":{"text":"CINTILLO","link":"https:\/\/www.grieta.org.mx\/index.php\/category\/cintillo\/"},"img":{"alt_text":"","src":"https:\/\/i0.wp.com\/www.grieta.org.mx\/wp-content\/uploads\/2018\/03\/14524434_1106112876131411_958039263622046936_o.jpg?resize=350%2C200&ssl=1","width":350,"height":200,"srcset":"https:\/\/i0.wp.com\/www.grieta.org.mx\/wp-content\/uploads\/2018\/03\/14524434_1106112876131411_958039263622046936_o.jpg?resize=350%2C200&ssl=1 1x, https:\/\/i0.wp.com\/www.grieta.org.mx\/wp-content\/uploads\/2018\/03\/14524434_1106112876131411_958039263622046936_o.jpg?resize=525%2C300&ssl=1 1.5x, https:\/\/i0.wp.com\/www.grieta.org.mx\/wp-content\/uploads\/2018\/03\/14524434_1106112876131411_958039263622046936_o.jpg?resize=700%2C400&ssl=1 2x"},"classes":[]},{"id":7497,"url":"https:\/\/www.grieta.org.mx\/index.php\/2016\/07\/29\/lucha-y-resistencia-del-pueblo-de-santa-maria-ostula\/","url_meta":{"origin":7639,"position":4},"title":"Lucha y resistencia del pueblo de Santa Mar\u00eda Ostula","author":"Admin","date":"29 julio, 2016","format":false,"excerpt":"Detienen a Jhony Israel Flores Tolentino, polic\u00eda comunitario de Santa Mar\u00eda Ostula 29\/07\/16. Detienen a \u201cEl Tizoc\u201d en Morelia; intentaba obtener una carta de no antecedentes penales Provincia Ostula celebra siete a\u00f1os de autonom\u00eda 28\/06\/16. Ostula Michoac\u00e1n, siete a\u00f1os en defensa de la Madre Tierra Pozol Colectivo Movilizaci\u00f3n en memoria\u2026","rel":"","context":"En &quot;1. Ostula&quot;","block_context":{"text":"1. Ostula","link":"https:\/\/www.grieta.org.mx\/index.php\/category\/espejos-de-la-resistencia\/1-ostula\/"},"img":{"alt_text":"","src":"https:\/\/i0.wp.com\/www.grieta.org.mx\/wp-content\/uploads\/2018\/03\/14524434_1106112876131411_958039263622046936_o.jpg?resize=350%2C200&ssl=1","width":350,"height":200,"srcset":"https:\/\/i0.wp.com\/www.grieta.org.mx\/wp-content\/uploads\/2018\/03\/14524434_1106112876131411_958039263622046936_o.jpg?resize=350%2C200&ssl=1 1x, https:\/\/i0.wp.com\/www.grieta.org.mx\/wp-content\/uploads\/2018\/03\/14524434_1106112876131411_958039263622046936_o.jpg?resize=525%2C300&ssl=1 1.5x, https:\/\/i0.wp.com\/www.grieta.org.mx\/wp-content\/uploads\/2018\/03\/14524434_1106112876131411_958039263622046936_o.jpg?resize=700%2C400&ssl=1 2x"},"classes":[]},{"id":7643,"url":"https:\/\/www.grieta.org.mx\/index.php\/2015\/08\/04\/ostula-4-ago-exigimos-que-cemei-verdia-no-sea-trasladado-a-lazaro-cardenas-territorio-templario\/","url_meta":{"origin":7639,"position":5},"title":"Ostula: Exigimos que Ceme\u00ed Verd\u00eda no sea trasladado a L\u00e1zaro C\u00e1rdenas, territorio templario","author":"Admin","date":"4 agosto, 2015","format":false,"excerpt":"Bolet\u00edn 5. Situaci\u00f3n del Comandante Ceme\u00ed Verd\u00eda A LA SOCIEDAD CIVIL A LAS ORGANIZACIONES DE DERECHOS HUMANOS A LOS MEDIOS DE COMUNICACI\u00d3N HONESTOS Como es del conocimiento p\u00fablico, Ceme\u00ed Verd\u00eda Zepeda-Primer Comandante de la Polic\u00eda Comunitaria de Santa Mar\u00eda Ostula y Coordinador General de las Autodefensas de los municipios de\u2026","rel":"","context":"En &quot;CINTILLO&quot;","block_context":{"text":"CINTILLO","link":"https:\/\/www.grieta.org.mx\/index.php\/category\/cintillo\/"},"img":{"alt_text":"","src":"https:\/\/i0.wp.com\/www.grieta.org.mx\/wp-content\/uploads\/2018\/03\/14524434_1106112876131411_958039263622046936_o.jpg?resize=350%2C200&ssl=1","width":350,"height":200,"srcset":"https:\/\/i0.wp.com\/www.grieta.org.mx\/wp-content\/uploads\/2018\/03\/14524434_1106112876131411_958039263622046936_o.jpg?resize=350%2C200&ssl=1 1x, https:\/\/i0.wp.com\/www.grieta.org.mx\/wp-content\/uploads\/2018\/03\/14524434_1106112876131411_958039263622046936_o.jpg?resize=525%2C300&ssl=1 1.5x, https:\/\/i0.wp.com\/www.grieta.org.mx\/wp-content\/uploads\/2018\/03\/14524434_1106112876131411_958039263622046936_o.jpg?resize=700%2C400&ssl=1 2x"},"classes":[]}],"_links":{"self":[{"href":"https:\/\/www.grieta.org.mx\/index.php\/wp-json\/wp\/v2\/posts\/7639","targetHints":{"allow":["GET"]}}],"collection":[{"href":"https:\/\/www.grieta.org.mx\/index.php\/wp-json\/wp\/v2\/posts"}],"about":[{"href":"https:\/\/www.grieta.org.mx\/index.php\/wp-json\/wp\/v2\/types\/post"}],"author":[{"embeddable":true,"href":"https:\/\/www.grieta.org.mx\/index.php\/wp-json\/wp\/v2\/users\/1"}],"replies":[{"embeddable":true,"href":"https:\/\/www.grieta.org.mx\/index.php\/wp-json\/wp\/v2\/comments?post=7639"}],"version-history":[{"count":1,"href":"https:\/\/www.grieta.org.mx\/index.php\/wp-json\/wp\/v2\/posts\/7639\/revisions"}],"predecessor-version":[{"id":7642,"href":"https:\/\/www.grieta.org.mx\/index.php\/wp-json\/wp\/v2\/posts\/7639\/revisions\/7642"}],"wp:featuredmedia":[{"embeddable":true,"href":"https:\/\/www.grieta.org.mx\/index.php\/wp-json\/wp\/v2\/media\/21928"}],"wp:attachment":[{"href":"https:\/\/www.grieta.org.mx\/index.php\/wp-json\/wp\/v2\/media?parent=7639"}],"wp:term":[{"taxonomy":"category","embeddable":true,"href":"https:\/\/www.grieta.org.mx\/index.php\/wp-json\/wp\/v2\/categories?post=7639"},{"taxonomy":"post_tag","embeddable":true,"href":"https:\/\/www.grieta.org.mx\/index.php\/wp-json\/wp\/v2\/tags?post=7639"}],"curies":[{"name":"wp","href":"https:\/\/api.w.org\/{rel}","templated":true}]}}