{"id":7607,"date":"2016-01-04T20:41:58","date_gmt":"2016-01-04T20:41:58","guid":{"rendered":"http:\/\/50.22.11.12\/~grietaor\/?p=7607"},"modified":"2016-03-29T20:44:18","modified_gmt":"2016-03-29T20:44:18","slug":"crece-el-numero-de-ataques-a-defensores-ambientales-en-el-gobierno-de-pena-nieto-2","status":"publish","type":"post","link":"https:\/\/www.grieta.org.mx\/index.php\/2016\/01\/04\/crece-el-numero-de-ataques-a-defensores-ambientales-en-el-gobierno-de-pena-nieto-2\/","title":{"rendered":"Crece el n\u00famero de ataques a defensores ambientales en el gobierno de Pe\u00f1a Nieto"},"content":{"rendered":"<p>En lo que va de la administraci\u00f3n de Enrique Pe\u00f1a Nieto se han incrementado los casos de agresiones y ataques a personas defensoras ambientales y de derechos humanos en M\u00e9xico. De acuerdo con datos del Centro Mexicano de Derecho Ambiental, en 2010 se registraron 10 ataques, 16 en 2011, 23 en 2012, 53 en 2013, 87 en 2014 y 109 de junio de 2014 a junio de 2015.<\/p>\n<p>Por: Margarita Campuzano<\/p>\n<p>Para nadie es novedad que, hist\u00f3ricamente, en M\u00e9xico han ocurrido abusos y despojos en contra de los pueblos ind\u00edgenas y comunidades rurales. Nuestro pa\u00eds enfrenta la triste paradoja de que muchos de los sitios considerados sagrados en la cosmovisi\u00f3n de los ind\u00edgenas, las tierras que han habitado por generaciones, as\u00ed como los ecosistemas ricos en biodiversidad que han aprovechado durante cientos de a\u00f1os, resultan de alto valor econ\u00f3mico para quienes desde el gobierno o el sector privado buscan emprender proyectos de gran envergadura relacionados con la industria extractiva, energ\u00e9tica, plantas industriales, actividades tur\u00edsticas, puertos, centros de comunicaci\u00f3n o urbanos, redes de transporte, presas, bases militares o vertederos de residuos t\u00f3xicos.<\/p>\n<p>Es as\u00ed que cuando se compite por un mismo bien, surge un conflicto que, debido a las grandes desigualdades econ\u00f3micas y sociales, en muchos casos se resuelve a favor de quienes detentan el poder, las influencias y los recursos econ\u00f3micos. En numerosas ocasiones esto implica graves violaciones a los derechos humanos de las personas. Con frecuencia, el Estado mexicano aprueba los permisos administrativos que amparan los megaproyectos sin informar o permitir la participaci\u00f3n de los afectados, a pesar de que as\u00ed lo requieren los tratados internacionales y los art\u00edculos constitucionales relevantes.<\/p>\n<p>Estos proyectos de desarrollo generalmente conllevan grandes impactos sobre el territorio y sobre las comunidades afectadas, provocando en muchos casos protesta y rechazo social, violaciones de derechos humanos y el despojo de los territorios y de los recursos naturales de las comunidades que los han preservado. Dados los poderosos intereses que enfrentan, las personas que deciden defender sus recursos y sus derechos humanos sufren, en no pocas ocasiones, persecuci\u00f3n y actos de intimidaci\u00f3n cuyo objetivo es hacerlos desistir de su causa.<\/p>\n<p>En M\u00e9xico se usa la ley para perseguir a defensores de derechos humanos y no para apoyar sus causas<\/p>\n<p>En 5 a\u00f1os, agresiones en M\u00e9xico a defensores del medio ambiente aumentaron 990%<\/p>\n<p>Proteger a los defensores de derechos sobre la tierra es proteger el planeta<br \/>\nDurante los tres a\u00f1os de la administraci\u00f3n de Enrique Pe\u00f1a Nieto se han incrementado los casos de agresiones y ataques a personas defensoras ambientales y de derechos humanos en M\u00e9xico. El Centro Mexicano de Derecho Ambiental, A.C. (CEMDA) ha llevado un registro continuo de los casos de ataques y agresiones a defensores ambientales desde 2010. Gracias a este an\u00e1lisis, se puede apreciar un aumento continuo en el n\u00famero de \u00e9stos, puesto que en el a\u00f1o 2010 se registraron 10 ataques, en 2011 se registraron 16 , en 2012, 23 agresiones; para el 2013 se contabilizaron 53; durante el 2014 el registro aument\u00f3 a 87 casos y, finalmente, en el periodo que va de junio de 2014 a junio de 2015 la cifra contabilizada es de 109.<br \/>\nLa recopilaci\u00f3n de la informaci\u00f3n se obtuvo fundamentalmente de tres fuentes: a) casos de agresiones o ataques a defensores y defensoras ambientales publicados en medios de comunicaci\u00f3n, principalmente notas period\u00edsticas; b) informes recibidos por otras organizaciones no gubernamentales (ONGs) que realizan un trabajo en el tema de defensores de derechos humanos; y c) informaci\u00f3n recibida de primera mano o por parte de los defensores v\u00edctimas de agresiones, informaci\u00f3n a la que se ha tenido acceso por el mismo trabajo que CEMDA realiza.<\/p>\n<p>El estado con mayor n\u00famero de casos registrados es Sonora con 16 agresiones, le sigue Oaxaca con 13 y el Estado de M\u00e9xico con 12; Guerrero con 9 casos; Chiapas, Chihuahua, Colima y Puebla con 8 casos; el Distrito Federal con 6 y Morelos con 5 casos; Veracruz con 4; Sinaloa con 3; Michoac\u00e1n con 2; Baja California Sur, Durango, Jalisco, Nayarit, Nuevo Le\u00f3n, Yucat\u00e1n y Tlaxcala con 1 caso.<\/p>\n<p>En lo que se refiere a la clasificaci\u00f3n del ataque, de acuerdo al tipo de megaproyecto se encontr\u00f3 que los conflictos donde el tema central es el agua han sido los m\u00e1s comunes durante estos \u00faltimos quince meses, llegando a 27 casos, e involucran su explotaci\u00f3n, adem\u00e1s de conflictos por el manejo p\u00fablico de este recurso e intentos de privatizaci\u00f3n y control por personas o entidades no autorizadas para este fin.<\/p>\n<p>Otros casos registrados de ataques a defensores por tipo de proyecto son 16 hidroel\u00e9ctricos, 13 mineros, 11 inmobiliarios, 10 casos en temas de tierra (despojo), 8 en proyectos e\u00f3licos, 7 de infraestructura (principalmente carreteras), 5 en actividades relacionadas con hidrocarburos, 4 casos donde la reclamaci\u00f3n es meramente ambiental, 3 sobre proyectos tur\u00edsticos, 2 sobre contaminaci\u00f3n, 2 sobre proyectos forestales, y uno sobre una termoel\u00e9ctrica.<\/p>\n<p>Como ejemplos hubo casos ocurridos en la regi\u00f3n del Istmo de Tehuantepec, Oaxaca por la instalaci\u00f3n de proyectos e\u00f3licos; en San Bartolo Ameyalco en el Distrito Federal, as\u00ed como casos en la Sierra Norte de Puebla por proyectos mineros, fracking, obras hidr\u00e1ulicas e hidroel\u00e9ctricas; en La Concepci\u00f3n -en el estado de Guerrero- por un proyecto hidroel\u00e9ctrico; las autoridades tradicionales de la Tribu Yaqui han sufrido persecuci\u00f3n por oponerse a la operaci\u00f3n ilegal del Acueducto Independencia en Sonora; en el Zacatal, Chiapas por la construcci\u00f3n de obras hidr\u00e1ulicas; en Tepic, Nayarit por la construcci\u00f3n de un proyecto hidroel\u00e9ctrico; en la comunidad de Mezcala de Asunci\u00f3n en Jalisco por la protecci\u00f3n del bosque y del agua; en Amilcingo, Morelos por la instalaci\u00f3n de un gasoducto; en la ciudad de Chihuahua por la perforaci\u00f3n ilegal de pozos; en La Sierrita en Durango por una minera; en Nuevo Le\u00f3n se encuentran los opositores al proyecto Monterrey VI; ejidatarios opositores a un gasoducto en Chihuahua; integrantes de la agrupaci\u00f3n que denunci\u00f3 corrupci\u00f3n en el manejo de las aguas en la regi\u00f3n de Zongolica en el estado de Veracruz por la instalaci\u00f3n de un proyecto hidroel\u00e9ctrico; y en San Pedro Apatlaco, Morelos por la operaci\u00f3n de una termoel\u00e9ctrica, entre otros.<\/p>\n<p>En cuanto al tipo de agresi\u00f3n, se identificaron 75 amenazas (personales, telef\u00f3nicas o electr\u00f3nicas), 25 agresiones f\u00edsicas (personales o en grupo), 19 casos de enjuiciamiento arbitrario, 17 detenciones ilegales (durante manifestaciones o en la v\u00eda p\u00fablica), 11 asesinatos, 3 casos de difamaci\u00f3n hacia ONGs y 2 casos de uso indebido de la fuerza.<\/p>\n<p>Llama la atenci\u00f3n el dato de enjuiciamientos a defensores ambientales, muchas veces en oposici\u00f3n a megaproyectos, los cuales logran detener o mermar la actividad de l\u00edderes, autoridades comunitarias y municipales que buscan proteger los derechos humanos de su poblaci\u00f3n. Ejemplos de criminalizaci\u00f3n de defensores ambientales son las detenciones y encarcelamiento de los defensores de la Tribu Yaqui, Mario Luna y Fernando Jim\u00e9nez, quienes fueron recientemente liberados por faltas de elementos para procesarlos. Se encuentran tambi\u00e9n los opositores de un proyecto tur\u00edstico en Cholula, Puebla y la detenci\u00f3n de Marco Antonio Suastegui, l\u00edder opositor a la construcci\u00f3n de la presa \u201cLa Parota\u201d en Guerrero.<\/p>\n<p>En cuanto al tipo de agresor, de los 109 registros de ataques a defensores ambientales, en 49 casos el autor es no identificado, en 37 el o los ataques fueron ejecutados por personas identificadas como autoridades, en 13 casos por miembros de la comunidad (generalmente por personas a favor del proyecto), en 7 casos los autores fueron identificados como personas relacionadas con la empresa promovente del proyecto y por \u00faltimo, en 3 casos el agresor fue identificado como personas ligadas a la delincuencia.<\/p>\n<p>El informe se\u00f1ala que existe una discrepancia entre el n\u00famero de ataques registrados por \u00e9ste y el que maneja el Mecanismo para la Protecci\u00f3n de Personas Defensoras de Derechos Humanos y Periodistas de la Secretar\u00eda de Gobernaci\u00f3n. En los tres a\u00f1os que tiene de funcionar, el Mecanismo s\u00f3lo ha dado protecci\u00f3n en 27 solicitudes, mientras que la sociedad civil ha contabilizado casi 200 casos en solamente un registro hemerogr\u00e1fico. Esto se debe, principalmente, a que muchos de los casos que s\u00ed llegan a los medios de comunicaci\u00f3n no son denunciados de manera formal ante el Mecanismo.<\/p>\n<p>Es por ello que, entre las recomendaciones que se desprenden del Informe se encuentra la de que el Mecanismo act\u00fae de oficio cuando se entera por nota periodista de la existencia de un ataque en contra de los defensores ambientales. Otras propuestas incluyen evitar la aprobaci\u00f3n de proyectos de desarrollo sin el respeto y garant\u00eda de los derechos humanos de las comunidades afectadas; suspender dichos proyectos cuando existan evidencias de ataques en contra de un defensor ambiental; realizar las evaluaciones de impacto social y ambiental en las primeras etapas del proyecto para poder conocer los riesgos y desaf\u00edos existentes; implementar acciones adecuadas, eficaces y oportunas de prevenci\u00f3n; destinar los recursos humanos y econ\u00f3micos necesarios y con los perfiles adecuados para desempe\u00f1ar sus funciones; y, finalmente, hacer un reconocimiento por parte del Estado mexicano hacia las personas defensoras ambientales, y garantizar el libre ejercicio de su trabajo.<\/p>\n<p>El informe completo del Segundo Informe Anual sobre Ataques a Personas Defensoras Ambientales se puede consultar aqu\u00ed.<\/p>\n<p><a href=\"http:\/\/www.animalpolitico.com\/blogueros-verdad-justicia-reparacion\/2016\/01\/04\/crece-el-numero-de-ataques-a-defensores-ambientales-en-el-gobierno-de-pena-nieto\/\" target=\"_blank\">http:\/\/www.animalpolitico.com\/blogueros-verdad-justicia-reparacion\/2016\/01\/04\/crece-el-numero-de-ataques-a-defensores-ambientales-en-el-gobierno-de-pena-nieto\/<\/a><\/p>\n","protected":false},"excerpt":{"rendered":"<p>En lo que va de la administraci\u00f3n de Enrique Pe\u00f1a Nieto se han incrementado los casos de agresiones y ataques a personas defensoras ambientales y de derechos humanos en M\u00e9xico. &hellip; <a href=\"https:\/\/www.grieta.org.mx\/index.php\/2016\/01\/04\/crece-el-numero-de-ataques-a-defensores-ambientales-en-el-gobierno-de-pena-nieto-2\/\" class=\"more-link\">Leer m\u00e1s<\/a><\/p>\n","protected":false},"author":2,"featured_media":21928,"comment_status":"closed","ping_status":"open","sticky":false,"template":"","format":"standard","meta":{"ngg_post_thumbnail":0,"_jetpack_newsletter_access":"","_jetpack_dont_email_post_to_subs":false,"_jetpack_newsletter_tier_id":0,"_jetpack_memberships_contains_paywalled_content":false,"_jetpack_memberships_contains_paid_content":false,"footnotes":""},"categories":[80,456],"tags":[459],"class_list":["post-7607","post","type-post","status-publish","format-standard","has-post-thumbnail","hentry","category-cintillo","category-sonora","tag-ataques-a-defensores-ambientales","entry"],"jetpack_featured_media_url":"https:\/\/www.grieta.org.mx\/wp-content\/uploads\/2018\/03\/14524434_1106112876131411_958039263622046936_o.jpg","jetpack_sharing_enabled":true,"jetpack_shortlink":"https:\/\/wp.me\/p7ZJR4-1YH","jetpack_likes_enabled":false,"jetpack-related-posts":[{"id":2061,"url":"https:\/\/www.grieta.org.mx\/index.php\/2016\/08\/29\/oaxaca-segundo-lugar-nacional-en-numero-de-ataques-a-defensores-ambientales\/","url_meta":{"origin":7607,"position":0},"title":"Ataques a defensores ambientales y de derechos humanos en Oaxaca","author":"grieta","date":"29 agosto, 2016","format":false,"excerpt":"29\/08\/16. Denuncia defensora de mujeres acoso pol\u00edtico; teme por su vida P\u00e1gina 3 09\/08\/16. Oaxaca primer lugar nacional en ataques a defensoras de DH; suman 648 P\u00e1gina 3 04\/01\/16. Crece el n\u00famero de ataques a defensores ambientales en el gobierno de Pe\u00f1a Nieto Animal Pol\u00edtico","rel":"","context":"En &quot;NOTICIAS NACIONALES&quot;","block_context":{"text":"NOTICIAS NACIONALES","link":"https:\/\/www.grieta.org.mx\/index.php\/category\/noticias-nacionales\/"},"img":{"alt_text":"","src":"https:\/\/i0.wp.com\/www.grieta.org.mx\/wp-content\/uploads\/2018\/03\/14524434_1106112876131411_958039263622046936_o.jpg?resize=350%2C200&ssl=1","width":350,"height":200,"srcset":"https:\/\/i0.wp.com\/www.grieta.org.mx\/wp-content\/uploads\/2018\/03\/14524434_1106112876131411_958039263622046936_o.jpg?resize=350%2C200&ssl=1 1x, https:\/\/i0.wp.com\/www.grieta.org.mx\/wp-content\/uploads\/2018\/03\/14524434_1106112876131411_958039263622046936_o.jpg?resize=525%2C300&ssl=1 1.5x, https:\/\/i0.wp.com\/www.grieta.org.mx\/wp-content\/uploads\/2018\/03\/14524434_1106112876131411_958039263622046936_o.jpg?resize=700%2C400&ssl=1 2x"},"classes":[]},{"id":2062,"url":"https:\/\/www.grieta.org.mx\/index.php\/2016\/01\/04\/crece-el-numero-de-ataques-a-defensores-ambientales-en-el-gobierno-de-pena-nieto\/","url_meta":{"origin":7607,"position":1},"title":"Crece el n\u00famero de ataques a defensores ambientales en el gobierno de Pe\u00f1a Nieto","author":"grieta","date":"4 enero, 2016","format":false,"excerpt":"Margarita Campuzano Para nadie es novedad que, hist\u00f3ricamente, en M\u00e9xico han ocurrido abusos y despojos en contra de los pueblos ind\u00edgenas y comunidades rurales. Nuestro pa\u00eds enfrenta la triste paradoja de que muchos de los sitios considerados sagrados en la cosmovisi\u00f3n de los ind\u00edgenas, las tierras que han habitado por\u2026","rel":"","context":"En &quot;CINTILLO&quot;","block_context":{"text":"CINTILLO","link":"https:\/\/www.grieta.org.mx\/index.php\/category\/cintillo\/"},"img":{"alt_text":"","src":"https:\/\/i0.wp.com\/www.grieta.org.mx\/wp-content\/uploads\/2018\/03\/14524434_1106112876131411_958039263622046936_o.jpg?resize=350%2C200&ssl=1","width":350,"height":200,"srcset":"https:\/\/i0.wp.com\/www.grieta.org.mx\/wp-content\/uploads\/2018\/03\/14524434_1106112876131411_958039263622046936_o.jpg?resize=350%2C200&ssl=1 1x, https:\/\/i0.wp.com\/www.grieta.org.mx\/wp-content\/uploads\/2018\/03\/14524434_1106112876131411_958039263622046936_o.jpg?resize=525%2C300&ssl=1 1.5x, https:\/\/i0.wp.com\/www.grieta.org.mx\/wp-content\/uploads\/2018\/03\/14524434_1106112876131411_958039263622046936_o.jpg?resize=700%2C400&ssl=1 2x"},"classes":[]},{"id":7900,"url":"https:\/\/www.grieta.org.mx\/index.php\/2016\/01\/04\/sonora-primer-lugar-en-agresiones-a-activistas-contra-megaproyectos\/","url_meta":{"origin":7607,"position":2},"title":"Sonora primer lugar en agresiones a activistas contra megaproyectos","author":"Admin","date":"4 enero, 2016","format":false,"excerpt":"04\/01\/16. Crece el n\u00famero de ataques a defensores ambientales en el gobierno de Pe\u00f1a Nieto Animal Pol\u00edtico 12\/12\/15. Sonora, primer lugar en agresiones a defensores y defensoras ambientales Kaos en la Red","rel":"","context":"En &quot;NOTICIAS NACIONALES&quot;","block_context":{"text":"NOTICIAS NACIONALES","link":"https:\/\/www.grieta.org.mx\/index.php\/category\/noticias-nacionales\/"},"img":{"alt_text":"","src":"https:\/\/i0.wp.com\/www.grieta.org.mx\/wp-content\/uploads\/2018\/03\/14524434_1106112876131411_958039263622046936_o.jpg?resize=350%2C200&ssl=1","width":350,"height":200,"srcset":"https:\/\/i0.wp.com\/www.grieta.org.mx\/wp-content\/uploads\/2018\/03\/14524434_1106112876131411_958039263622046936_o.jpg?resize=350%2C200&ssl=1 1x, https:\/\/i0.wp.com\/www.grieta.org.mx\/wp-content\/uploads\/2018\/03\/14524434_1106112876131411_958039263622046936_o.jpg?resize=525%2C300&ssl=1 1.5x, https:\/\/i0.wp.com\/www.grieta.org.mx\/wp-content\/uploads\/2018\/03\/14524434_1106112876131411_958039263622046936_o.jpg?resize=700%2C400&ssl=1 2x"},"classes":[]},{"id":2014,"url":"https:\/\/www.grieta.org.mx\/index.php\/2016\/01\/09\/colima-quinto-lugar-nacional-en-ataques-contra-ambientalistas-cemda\/","url_meta":{"origin":7607,"position":3},"title":"Colima, quinto lugar nacional en ataques contra ambientalistas: Cemda","author":"grieta","date":"9 enero, 2016","format":false,"excerpt":"Colima, M\u00e9xico, Avanzada (09\/01\/2016).- Con ocho casos registrados, el estado de Colima ocupa el quinto lugar nacional en agresiones contra activistas defensores del medio ambiente, revela el \u201cInforme sobre la situaci\u00f3n de los defensores ambientales 2015\u201d, elaborado por el Centro Mexicano de Derecho Ambiental (Cemda). En el primer lugar se\u2026","rel":"","context":"En &quot;CINTILLO&quot;","block_context":{"text":"CINTILLO","link":"https:\/\/www.grieta.org.mx\/index.php\/category\/cintillo\/"},"img":{"alt_text":"","src":"https:\/\/i0.wp.com\/www.grieta.org.mx\/wp-content\/uploads\/2018\/03\/14524434_1106112876131411_958039263622046936_o.jpg?resize=350%2C200&ssl=1","width":350,"height":200,"srcset":"https:\/\/i0.wp.com\/www.grieta.org.mx\/wp-content\/uploads\/2018\/03\/14524434_1106112876131411_958039263622046936_o.jpg?resize=350%2C200&ssl=1 1x, https:\/\/i0.wp.com\/www.grieta.org.mx\/wp-content\/uploads\/2018\/03\/14524434_1106112876131411_958039263622046936_o.jpg?resize=525%2C300&ssl=1 1.5x, https:\/\/i0.wp.com\/www.grieta.org.mx\/wp-content\/uploads\/2018\/03\/14524434_1106112876131411_958039263622046936_o.jpg?resize=700%2C400&ssl=1 2x"},"classes":[]},{"id":59210,"url":"https:\/\/www.grieta.org.mx\/index.php\/2021\/04\/27\/en-veracruz-se-incrementaron-ataques-contra-ambientalistas-en-2020-cemda\/","url_meta":{"origin":7607,"position":4},"title":"En Veracruz se incrementaron ataques contra ambientalistas en 2020: CEMDA","author":"Admin","date":"27 abril, 2021","format":false,"excerpt":"- De 4 casos sobresale el homicidio de Ad\u00e1n Vez Lira, el 8 de abril de ese a\u00f1o - Luch\u00f3 por proteger manglares, dunas y ecosistemas de la costa central Jair Garc\u00eda \/ Al calor pol\u00edtico Durante el 2020, en el Estado de Veracruz se registr\u00f3 un incremento en las\u2026","rel":"","context":"En &quot;Asesinato de activistas en Veracruz&quot;","block_context":{"text":"Asesinato de activistas en Veracruz","link":"https:\/\/www.grieta.org.mx\/index.php\/category\/noticias-nacionales\/veracruz\/asesinato-de-activistas-en-veracruz\/"},"img":{"alt_text":"","src":"","width":0,"height":0},"classes":[]},{"id":7611,"url":"https:\/\/www.grieta.org.mx\/index.php\/2015\/12\/12\/sonora-primer-lugar-en-agresiones-a-defensores-y-defensoras-ambientales\/","url_meta":{"origin":7607,"position":5},"title":"Sonora, primer lugar en agresiones a defensores y defensoras ambientales","author":"grieta","date":"12 diciembre, 2015","format":false,"excerpt":"Un total de 109 casos de agresiones a defensores y defensoras ambientales registradas durante 13 meses en M\u00e9xico, evidencia de un alarmante aumento respecto a a\u00f1os anteriores, megaproyectos figuran en conflictos. En el contexto de represi\u00f3n y criminalizaci\u00f3n de la protesta social en M\u00e9xico, el activismo ambiental es uno de\u2026","rel":"","context":"En &quot;CINTILLO&quot;","block_context":{"text":"CINTILLO","link":"https:\/\/www.grieta.org.mx\/index.php\/category\/cintillo\/"},"img":{"alt_text":"","src":"https:\/\/i0.wp.com\/www.grieta.org.mx\/wp-content\/uploads\/2018\/03\/14524434_1106112876131411_958039263622046936_o.jpg?resize=350%2C200&ssl=1","width":350,"height":200,"srcset":"https:\/\/i0.wp.com\/www.grieta.org.mx\/wp-content\/uploads\/2018\/03\/14524434_1106112876131411_958039263622046936_o.jpg?resize=350%2C200&ssl=1 1x, https:\/\/i0.wp.com\/www.grieta.org.mx\/wp-content\/uploads\/2018\/03\/14524434_1106112876131411_958039263622046936_o.jpg?resize=525%2C300&ssl=1 1.5x, https:\/\/i0.wp.com\/www.grieta.org.mx\/wp-content\/uploads\/2018\/03\/14524434_1106112876131411_958039263622046936_o.jpg?resize=700%2C400&ssl=1 2x"},"classes":[]}],"_links":{"self":[{"href":"https:\/\/www.grieta.org.mx\/index.php\/wp-json\/wp\/v2\/posts\/7607","targetHints":{"allow":["GET"]}}],"collection":[{"href":"https:\/\/www.grieta.org.mx\/index.php\/wp-json\/wp\/v2\/posts"}],"about":[{"href":"https:\/\/www.grieta.org.mx\/index.php\/wp-json\/wp\/v2\/types\/post"}],"author":[{"embeddable":true,"href":"https:\/\/www.grieta.org.mx\/index.php\/wp-json\/wp\/v2\/users\/2"}],"replies":[{"embeddable":true,"href":"https:\/\/www.grieta.org.mx\/index.php\/wp-json\/wp\/v2\/comments?post=7607"}],"version-history":[{"count":1,"href":"https:\/\/www.grieta.org.mx\/index.php\/wp-json\/wp\/v2\/posts\/7607\/revisions"}],"predecessor-version":[{"id":7609,"href":"https:\/\/www.grieta.org.mx\/index.php\/wp-json\/wp\/v2\/posts\/7607\/revisions\/7609"}],"wp:featuredmedia":[{"embeddable":true,"href":"https:\/\/www.grieta.org.mx\/index.php\/wp-json\/wp\/v2\/media\/21928"}],"wp:attachment":[{"href":"https:\/\/www.grieta.org.mx\/index.php\/wp-json\/wp\/v2\/media?parent=7607"}],"wp:term":[{"taxonomy":"category","embeddable":true,"href":"https:\/\/www.grieta.org.mx\/index.php\/wp-json\/wp\/v2\/categories?post=7607"},{"taxonomy":"post_tag","embeddable":true,"href":"https:\/\/www.grieta.org.mx\/index.php\/wp-json\/wp\/v2\/tags?post=7607"}],"curies":[{"name":"wp","href":"https:\/\/api.w.org\/{rel}","templated":true}]}}