{"id":7606,"date":"2015-10-18T20:41:42","date_gmt":"2015-10-18T20:41:42","guid":{"rendered":"http:\/\/50.22.11.12\/~grietaor\/?p=7606"},"modified":"2016-03-29T20:42:50","modified_gmt":"2016-03-29T20:42:50","slug":"comunidad-de-santa-maria-ostula-reitera-exigencias-de-verdad-y-justicia","status":"publish","type":"post","link":"https:\/\/www.grieta.org.mx\/index.php\/2015\/10\/18\/comunidad-de-santa-maria-ostula-reitera-exigencias-de-verdad-y-justicia\/","title":{"rendered":"Comunidad de Santa Mar\u00eda Ostula reitera exigencias de verdad y justicia"},"content":{"rendered":"<p>A los medios de comunicaci\u00f3n<br \/>\nA los pueblos del mundo<\/p>\n<p>El d\u00eda 15 de octubre de 2015, en la cabecera municipal de Aquila, Michoac\u00e1n nos reunimos en representaci\u00f3n de la comunidad ind\u00edgena nahua de Santa Mar\u00eda Ostula, la Comisi\u00f3n para la Defensa de los Bienes Comunales, las autoridades civiles y agrarias, los encargados del \u00f3rden de las 23 encargaturas, as\u00ed como los comandantes de la polic\u00eda comunitaria de Ostula y de los municipios de Aquila, Coahuayana, Chinicuila y Coalcoman y por otra parte representantes del gobierno mexicano, como son la Subsecretar\u00eda de Derechos Humanos de la Secretar\u00eda de Gobernaci\u00f3n, la Comisi\u00f3n Ejecutiva de Atenci\u00f3n a V\u00edctimas, la Comisi\u00f3n Especial para el Di\u00e1logo con los Pueblos Ind\u00edgenas, la Polic\u00eda Federal, la Unidad de Derechos Humanos de la Secretar\u00eda de Relaciones Exteriores, la delegaci\u00f3n de Gobernaci\u00f3n de Michoac\u00e1n, el Gobierno del Estado de Michoac\u00e1n y la presidencia municipal de Aquila.<\/p>\n<p>El objetivo fue revisar el cumplimiento de los acuerdos a los que arribamos en la ciudad de M\u00e9xico el pasado 23 de julio de 2015 y previamente el 12 de junio de 2015 en la cual se\u00f1alamos nuestras exigencias urgentes e irrenunciables, que siguen siendo las mismas y que reiteramos.<\/p>\n<p>Liberaci\u00f3n de nuestro comandante Ceme\u00ed Verd\u00eda Zepedea.<br \/>\nGarant\u00edas para las polic\u00edas comunitarias de los municipios de Aquila, Chinicuila y Coahuayana y Coalcom\u00e1n.<br \/>\nCastigo a los culpables de los hechos del 19 de julio, de los 34 asesinados y presentaci\u00f3n con vida de los 5 desaparecidos.<br \/>\nDetenci\u00f3n de Federico Gonz\u00e1lez alias \u201clico\u201d y Mario \u00c1lvarez Alias \u201cEl chacal\u201d. L\u00edderes templarios en la regi\u00f3n y que gozan de absoluta impunidad.<br \/>\nReparaci\u00f3n del da\u00f1o a las v\u00edctimas y familiares de las v\u00edctimas conforme est\u00e1ndares internacionales.<br \/>\nSoluci\u00f3n al conflicto agrario en la encargatura de San Diego Xayakalan y garant\u00edas para el aprovechamiento de la madera asegurada por la comunidad y talada por la delincuencia organizada, as\u00ed como el castigo a los responsables del ecocidio, violencia y despojo que signific\u00f3 ese crimen para la comunidad.<br \/>\nDesde el d\u00eda 19 de julio, en que fue detenido el comandante Ceme\u00ed Verd\u00eda y que fuimos atacados por el ej\u00e9rcito mexicano, asesinando al ni\u00f1o Hidelberto Reyes e hiriendo a 18 personas mas, contin\u00faa habiendo impunidad y encubrimiento a los asesinos.<\/p>\n<p>A pesar de los acuerdos firmados en la minuta del 23 de julio de 2015 en la que los gobiernos federal y estatal se comprometieron a que no habr\u00edan agresiones a los comuneros y comandantes de las polic\u00edas comunitarias de la sierra costa de Michoac\u00e1n motivadas por ejercicio de la seguridad comunitaria, estas se han incrementado tanto por la existencia de \u00f3rdenes de aprehensi\u00f3n en contra de los comandantes de la regi\u00f3n, como por la constante amenaza de grupos de la delincuencia organizada que se han ido fortaleciendo en el extremo sur del municipio y la amenaza constante de que las fuerzas federales y estatales realicen operativos para desarmar y detener a los polic\u00edas comunitarios, que son quienes han mantenido la paz en la regi\u00f3n.<\/p>\n<p>Como resultado de la reuni\u00f3n con los representantes del gobierno mexicano se acord\u00f3 el establecimiento de dos mesas de trabajo que comenzar\u00edan una semana a partir del d\u00eda 15 de octubre y en las cuales se acordar\u00edan los mecanismos para atender cada una de las demandas.<\/p>\n<p>Por lo anterior se\u00f1alamos:<\/p>\n<p>Nuestras exigencias de verdad y de justicia siguen siendo las mismas, urgentes e irrenunciables.<br \/>\nNuestro compa\u00f1ero comandante Ceme\u00ed Verd\u00eda Zepeda sigue siendo reh\u00e9n del gobierno mexicano, sometido a procesos penales por delitos absurdos de los que ya fue absuelto en otras causas penales.<br \/>\nLa amenaza permanente del gobierno estatal y federal y la delincuencia organizada de atacar, de desarmar y desarticular a la polic\u00eda comunitaria de Ostula, asesinando o encarcelando a los miembros y l\u00edderes, constituye un anuncio de muerte y destrucci\u00f3n, asi como un delito de lesa humanidad que costar\u00eda la vida de muchos comuneros y el despojo de las tierras, playas, bosques y minerales.<br \/>\nDenunciamos el encubrimiento e impunidad hacia los asesinos del ni\u00f1o Hidelberto Reyes el 19 de julio de 2015, as\u00ed como hacia Mario Alvarez \u201cEl Chacal\u201d y Federico Gonz\u00e1lez \u201cLico\u201d responsables de los 34 asesinados y 5 desaparecidos de nuestra comunidad.<br \/>\nDenunciamos que hasta este momento ninguno de los acuerdos tomados por las instancias de gobierno para la soluci\u00f3n de la grave problem\u00e1tica de nuestra comunidad ha sido cumplido a cabalidad. Lo que contribuye a la grave situaci\u00f3n de riesgo de que regrese la violencia por parte de la delincuencia organizada o de las fuerzas policiacas y militares.<br \/>\nRechazamos la implementaci\u00f3n del mando \u00fanico policiaco en los municipios de Aquila, Coahuayana, Chinicuila y Coalcom\u00e1n pues no existe confianza en las fuerzas de seguridad del gobierno y por el contrario significar\u00eda el regreso y afianzamiento de la delincuencia organizada con la consecuente p\u00e9rdida de muchas vidas.<br \/>\nPor \u00faltimo reiteramos que nuestra lucha y demandas son por la vida de nuestras familias y de nuestra madre tierra por lo que renunciar a ella ser\u00eda aceptar la muerte y el terror como \u00fanica vida posible.<\/p>\n<p>Santa Mar\u00eda Ostula<br \/>\na 15 de octubre de 2015<br \/>\nComisi\u00f3n para la Defensa de los Bienes Comunales<\/p>\n<blockquote class=\"wp-embedded-content\" data-secret=\"kRvSeje6Uv\"><p><a href=\"https:\/\/radiozapatista.org\/?p=14792\">Comunidad de Santa Mar\u00eda Ostula reitera exigencias de verdad y justicia<\/a><\/p><\/blockquote>\n<p><iframe loading=\"lazy\" class=\"wp-embedded-content\" sandbox=\"allow-scripts\" security=\"restricted\" style=\"position: absolute; clip: rect(1px, 1px, 1px, 1px);\" title=\"&#8220;Comunidad de Santa Mar\u00eda Ostula reitera exigencias de verdad y justicia&#8221; &#8212; Radio Zapatista\" src=\"https:\/\/radiozapatista.org\/?p=14792&#038;embed=true#?secret=kRvSeje6Uv\" data-secret=\"kRvSeje6Uv\" width=\"600\" height=\"338\" frameborder=\"0\" marginwidth=\"0\" marginheight=\"0\" scrolling=\"no\"><\/iframe><\/p>\n","protected":false},"excerpt":{"rendered":"<p>A los medios de comunicaci\u00f3n A los pueblos del mundo El d\u00eda 15 de octubre de 2015, en la cabecera municipal de Aquila, Michoac\u00e1n nos reunimos en representaci\u00f3n de la &hellip; <a href=\"https:\/\/www.grieta.org.mx\/index.php\/2015\/10\/18\/comunidad-de-santa-maria-ostula-reitera-exigencias-de-verdad-y-justicia\/\" class=\"more-link\">Leer m\u00e1s<\/a><\/p>\n","protected":false},"author":1,"featured_media":21928,"comment_status":"closed","ping_status":"open","sticky":false,"template":"","format":"standard","meta":{"ngg_post_thumbnail":0,"_jetpack_newsletter_access":"","_jetpack_dont_email_post_to_subs":false,"_jetpack_newsletter_tier_id":0,"_jetpack_memberships_contains_paywalled_content":false,"_jetpack_memberships_contains_paid_content":false,"footnotes":""},"categories":[80],"tags":[454,458,455,131],"class_list":["post-7606","post","type-post","status-publish","format-standard","has-post-thumbnail","hentry","category-cintillo","tag-cemei-verdia","tag-mihoacan","tag-ostula","tag-presos-politicos","entry"],"jetpack_featured_media_url":"https:\/\/www.grieta.org.mx\/wp-content\/uploads\/2018\/03\/14524434_1106112876131411_958039263622046936_o.jpg","jetpack_sharing_enabled":true,"jetpack_shortlink":"https:\/\/wp.me\/p7ZJR4-1YG","jetpack_likes_enabled":false,"jetpack-related-posts":[{"id":7697,"url":"https:\/\/www.grieta.org.mx\/index.php\/2015\/07\/25\/agresion-de-fuerzas-federales-estatales-y-municipales-a-la-comunidad-indigena-de-santa-maria-ostula-municipio-de-aquila-michoacan\/","url_meta":{"origin":7606,"position":0},"title":"Agresi\u00f3n de fuerzas federales, estatales y municipales a la Comunidad Ind\u00edgena de Santa Mar\u00eda Ostula, Municipio de Aquila, Michoac\u00e1n","author":"Admin","date":"25 julio, 2015","format":false,"excerpt":"A LA SOCIEDAD CIVIL A LAS ORGANIZACIONES DE DERECHOS HUMANOS A LOS MEDIOS DE COMUNICACI\u00d3N HONESTOS Como se anunci\u00f3 anteriormente, en d\u00edas pasados una comisi\u00f3n de la Comunidad Ind\u00edgena de Santa Mar\u00eda Ostula visit\u00f3 el Distrito Federal con el encargo de contrarrestar la versi\u00f3n que, casi inmediatamente, las autoridades y\u2026","rel":"","context":"En &quot;CINTILLO&quot;","block_context":{"text":"CINTILLO","link":"https:\/\/www.grieta.org.mx\/index.php\/category\/cintillo\/"},"img":{"alt_text":"","src":"https:\/\/i0.wp.com\/www.grieta.org.mx\/wp-content\/uploads\/2018\/03\/14524434_1106112876131411_958039263622046936_o.jpg?resize=350%2C200&ssl=1","width":350,"height":200,"srcset":"https:\/\/i0.wp.com\/www.grieta.org.mx\/wp-content\/uploads\/2018\/03\/14524434_1106112876131411_958039263622046936_o.jpg?resize=350%2C200&ssl=1 1x, https:\/\/i0.wp.com\/www.grieta.org.mx\/wp-content\/uploads\/2018\/03\/14524434_1106112876131411_958039263622046936_o.jpg?resize=525%2C300&ssl=1 1.5x, https:\/\/i0.wp.com\/www.grieta.org.mx\/wp-content\/uploads\/2018\/03\/14524434_1106112876131411_958039263622046936_o.jpg?resize=700%2C400&ssl=1 2x"},"classes":[]},{"id":7713,"url":"https:\/\/www.grieta.org.mx\/index.php\/2015\/07\/24\/ostula-sienta-a-dialogar-al-gobierno-federal\/","url_meta":{"origin":7606,"position":1},"title":"Ostula sienta a dialogar al gobierno federal","author":"Admin","date":"24 julio, 2015","format":false,"excerpt":"A LA SOCIEDAD CIVIL A LAS ORGANIZACIONES DE DERECHOS HUMANOS A LOS MEDIOS DE COMUNICACI\u00d3N HONESTOS Como se anunci\u00f3 anteriormente, en d\u00edas pasados una comisi\u00f3n de la Comunidad Ind\u00edgena de Santa Mar\u00eda Ostula visit\u00f3 el Distrito Federal con el encargo de contrarrestar la versi\u00f3n que, casi inmediatamente, las autoridades y\u2026","rel":"","context":"En &quot;CINTILLO&quot;","block_context":{"text":"CINTILLO","link":"https:\/\/www.grieta.org.mx\/index.php\/category\/cintillo\/"},"img":{"alt_text":"","src":"https:\/\/i0.wp.com\/www.grieta.org.mx\/wp-content\/uploads\/2018\/03\/14524434_1106112876131411_958039263622046936_o.jpg?resize=350%2C200&ssl=1","width":350,"height":200,"srcset":"https:\/\/i0.wp.com\/www.grieta.org.mx\/wp-content\/uploads\/2018\/03\/14524434_1106112876131411_958039263622046936_o.jpg?resize=350%2C200&ssl=1 1x, https:\/\/i0.wp.com\/www.grieta.org.mx\/wp-content\/uploads\/2018\/03\/14524434_1106112876131411_958039263622046936_o.jpg?resize=525%2C300&ssl=1 1.5x, https:\/\/i0.wp.com\/www.grieta.org.mx\/wp-content\/uploads\/2018\/03\/14524434_1106112876131411_958039263622046936_o.jpg?resize=700%2C400&ssl=1 2x"},"classes":[]},{"id":7754,"url":"https:\/\/www.grieta.org.mx\/index.php\/2015\/07\/19\/cargando-a-sangre-y-fuego-el-ejercito-realiza-detenciones-arbitrarias-en-santa-maria-ostula-contra-policias-comunitarios-y-autodefensas\/","url_meta":{"origin":7606,"position":2},"title":"Cargando a sangre y fuego el ej\u00e9rcito realiza detenciones arbitrarias en Santa Mar\u00eda Ostula contra polic\u00edas comunitarios y autodefensas","author":"Admin","date":"19 julio, 2015","format":false,"excerpt":"Bolet\u00edn N\u00b0 1 DETENIENE EL EJ\u00c9RCITO A MIEMBROS DE LA COMUNIDAD IND\u00cdGENA DE SANTA MAR\u00cdA OSTULA, Municipio de Aquila, Michoac\u00e1n. (19 de julio de 2015, 13 hrs) A LA SOCIEDAD CIVIL A LAS ORGANIZACIONES DE DERECHOS HUMANOS A LOS MEDIOS DE COMUNICACI\u00d3N HONESTOS ostula-indymediaEl d\u00eda de hoy aproximadamente a las\u2026","rel":"","context":"En &quot;CINTILLO&quot;","block_context":{"text":"CINTILLO","link":"https:\/\/www.grieta.org.mx\/index.php\/category\/cintillo\/"},"img":{"alt_text":"","src":"https:\/\/i0.wp.com\/www.grieta.org.mx\/wp-content\/uploads\/2018\/03\/14524434_1106112876131411_958039263622046936_o.jpg?resize=350%2C200&ssl=1","width":350,"height":200,"srcset":"https:\/\/i0.wp.com\/www.grieta.org.mx\/wp-content\/uploads\/2018\/03\/14524434_1106112876131411_958039263622046936_o.jpg?resize=350%2C200&ssl=1 1x, https:\/\/i0.wp.com\/www.grieta.org.mx\/wp-content\/uploads\/2018\/03\/14524434_1106112876131411_958039263622046936_o.jpg?resize=525%2C300&ssl=1 1.5x, https:\/\/i0.wp.com\/www.grieta.org.mx\/wp-content\/uploads\/2018\/03\/14524434_1106112876131411_958039263622046936_o.jpg?resize=700%2C400&ssl=1 2x"},"classes":[]},{"id":7793,"url":"https:\/\/www.grieta.org.mx\/index.php\/2015\/05\/26\/ataque-contra-santa-maria-ostula-y-su-policia-comunitaria\/","url_meta":{"origin":7606,"position":3},"title":"Ataque contra Santa Mar\u00eda Ostula y su Polic\u00eda Comunitaria","author":"Admin","date":"26 mayo, 2015","format":false,"excerpt":"Fernanda Peralta Este lunes 25 de mayo \u2013 aproximadamente a las 8:00 am, un grupo armado narcoparamilitar embosc\u00f3 al comunero Ceme\u00ed Verd\u00eda Zepeda, Primer Comandante de la Polic\u00eda Comunitaria de Santa Mar\u00eda Ostula y Coordinador General de las Autodefensas de los municipios de Aquila, Coahuayana y Chiniculia, de la Costa\u2026","rel":"","context":"En &quot;CINTILLO&quot;","block_context":{"text":"CINTILLO","link":"https:\/\/www.grieta.org.mx\/index.php\/category\/cintillo\/"},"img":{"alt_text":"","src":"https:\/\/i0.wp.com\/www.grieta.org.mx\/wp-content\/uploads\/2018\/03\/14524434_1106112876131411_958039263622046936_o.jpg?resize=350%2C200&ssl=1","width":350,"height":200,"srcset":"https:\/\/i0.wp.com\/www.grieta.org.mx\/wp-content\/uploads\/2018\/03\/14524434_1106112876131411_958039263622046936_o.jpg?resize=350%2C200&ssl=1 1x, https:\/\/i0.wp.com\/www.grieta.org.mx\/wp-content\/uploads\/2018\/03\/14524434_1106112876131411_958039263622046936_o.jpg?resize=525%2C300&ssl=1 1.5x, https:\/\/i0.wp.com\/www.grieta.org.mx\/wp-content\/uploads\/2018\/03\/14524434_1106112876131411_958039263622046936_o.jpg?resize=700%2C400&ssl=1 2x"},"classes":[]},{"id":7497,"url":"https:\/\/www.grieta.org.mx\/index.php\/2016\/07\/29\/lucha-y-resistencia-del-pueblo-de-santa-maria-ostula\/","url_meta":{"origin":7606,"position":4},"title":"Lucha y resistencia del pueblo de Santa Mar\u00eda Ostula","author":"Admin","date":"29 julio, 2016","format":false,"excerpt":"Detienen a Jhony Israel Flores Tolentino, polic\u00eda comunitario de Santa Mar\u00eda Ostula 29\/07\/16. Detienen a \u201cEl Tizoc\u201d en Morelia; intentaba obtener una carta de no antecedentes penales Provincia Ostula celebra siete a\u00f1os de autonom\u00eda 28\/06\/16. Ostula Michoac\u00e1n, siete a\u00f1os en defensa de la Madre Tierra Pozol Colectivo Movilizaci\u00f3n en memoria\u2026","rel":"","context":"En &quot;1. Ostula&quot;","block_context":{"text":"1. Ostula","link":"https:\/\/www.grieta.org.mx\/index.php\/category\/espejos-de-la-resistencia\/1-ostula\/"},"img":{"alt_text":"","src":"https:\/\/i0.wp.com\/www.grieta.org.mx\/wp-content\/uploads\/2018\/03\/14524434_1106112876131411_958039263622046936_o.jpg?resize=350%2C200&ssl=1","width":350,"height":200,"srcset":"https:\/\/i0.wp.com\/www.grieta.org.mx\/wp-content\/uploads\/2018\/03\/14524434_1106112876131411_958039263622046936_o.jpg?resize=350%2C200&ssl=1 1x, https:\/\/i0.wp.com\/www.grieta.org.mx\/wp-content\/uploads\/2018\/03\/14524434_1106112876131411_958039263622046936_o.jpg?resize=525%2C300&ssl=1 1.5x, https:\/\/i0.wp.com\/www.grieta.org.mx\/wp-content\/uploads\/2018\/03\/14524434_1106112876131411_958039263622046936_o.jpg?resize=700%2C400&ssl=1 2x"},"classes":[]},{"id":50763,"url":"https:\/\/www.grieta.org.mx\/index.php\/2020\/06\/06\/realiza-ostula-protesta-pacifica-en-base-de-sedena-en-coahuayana-michoacan\/","url_meta":{"origin":7606,"position":5},"title":"Realiza Ostula protesta pac\u00edfica en base de Sedena en Coahuayana (Michoac\u00e1n)","author":"grieta","date":"6 junio, 2020","format":false,"excerpt":"\u00c1ngel M\u00e9ndez \/ Cuadrat\u00edn, Colima 06 de junio de 2020 COAHUAYANA, Mich., 6 de abril de 2020.- Este s\u00e1bado por la tarde la Comunidad Ind\u00edgena representada por aproximadamente 300 comuneros, realiz\u00f3 una manifestaci\u00f3n pac\u00edfica en la Base de Operaciones del 65 Batall\u00f3n de Infanter\u00eda ubicada en la cabecera municipal coahuayanense,\u2026","rel":"","context":"En &quot;CINTILLO&quot;","block_context":{"text":"CINTILLO","link":"https:\/\/www.grieta.org.mx\/index.php\/category\/cintillo\/"},"img":{"alt_text":"","src":"https:\/\/i0.wp.com\/www.grieta.org.mx\/wp-content\/uploads\/2020\/06\/WhatsApp-Image-2020-06-06-at-6.34.06-PM-1160x700.jpeg?resize=350%2C200&ssl=1","width":350,"height":200,"srcset":"https:\/\/i0.wp.com\/www.grieta.org.mx\/wp-content\/uploads\/2020\/06\/WhatsApp-Image-2020-06-06-at-6.34.06-PM-1160x700.jpeg?resize=350%2C200&ssl=1 1x, https:\/\/i0.wp.com\/www.grieta.org.mx\/wp-content\/uploads\/2020\/06\/WhatsApp-Image-2020-06-06-at-6.34.06-PM-1160x700.jpeg?resize=525%2C300&ssl=1 1.5x, https:\/\/i0.wp.com\/www.grieta.org.mx\/wp-content\/uploads\/2020\/06\/WhatsApp-Image-2020-06-06-at-6.34.06-PM-1160x700.jpeg?resize=700%2C400&ssl=1 2x, https:\/\/i0.wp.com\/www.grieta.org.mx\/wp-content\/uploads\/2020\/06\/WhatsApp-Image-2020-06-06-at-6.34.06-PM-1160x700.jpeg?resize=1050%2C600&ssl=1 3x"},"classes":[]}],"_links":{"self":[{"href":"https:\/\/www.grieta.org.mx\/index.php\/wp-json\/wp\/v2\/posts\/7606","targetHints":{"allow":["GET"]}}],"collection":[{"href":"https:\/\/www.grieta.org.mx\/index.php\/wp-json\/wp\/v2\/posts"}],"about":[{"href":"https:\/\/www.grieta.org.mx\/index.php\/wp-json\/wp\/v2\/types\/post"}],"author":[{"embeddable":true,"href":"https:\/\/www.grieta.org.mx\/index.php\/wp-json\/wp\/v2\/users\/1"}],"replies":[{"embeddable":true,"href":"https:\/\/www.grieta.org.mx\/index.php\/wp-json\/wp\/v2\/comments?post=7606"}],"version-history":[{"count":1,"href":"https:\/\/www.grieta.org.mx\/index.php\/wp-json\/wp\/v2\/posts\/7606\/revisions"}],"predecessor-version":[{"id":7608,"href":"https:\/\/www.grieta.org.mx\/index.php\/wp-json\/wp\/v2\/posts\/7606\/revisions\/7608"}],"wp:featuredmedia":[{"embeddable":true,"href":"https:\/\/www.grieta.org.mx\/index.php\/wp-json\/wp\/v2\/media\/21928"}],"wp:attachment":[{"href":"https:\/\/www.grieta.org.mx\/index.php\/wp-json\/wp\/v2\/media?parent=7606"}],"wp:term":[{"taxonomy":"category","embeddable":true,"href":"https:\/\/www.grieta.org.mx\/index.php\/wp-json\/wp\/v2\/categories?post=7606"},{"taxonomy":"post_tag","embeddable":true,"href":"https:\/\/www.grieta.org.mx\/index.php\/wp-json\/wp\/v2\/tags?post=7606"}],"curies":[{"name":"wp","href":"https:\/\/api.w.org\/{rel}","templated":true}]}}