{"id":7589,"date":"2015-04-28T19:57:34","date_gmt":"2015-04-28T19:57:34","guid":{"rendered":"http:\/\/50.22.11.12\/~grietaor\/?p=7589"},"modified":"2018-07-06T20:11:13","modified_gmt":"2018-07-07T01:11:13","slug":"se-sumaran-organizaciones-campesinas-a-movilizacion-yaqui","status":"publish","type":"post","link":"https:\/\/www.grieta.org.mx\/index.php\/2015\/04\/28\/se-sumaran-organizaciones-campesinas-a-movilizacion-yaqui\/","title":{"rendered":"Se sumar\u00e1n organizaciones campesinas a movilizaci\u00f3n Yaqui"},"content":{"rendered":"<p>Gerardo Santill\u00e1n\/e-consulta<\/p>\n<p>Al menos 20 organizaciones campesinas de Tlaxcala se sumar\u00e1n a la lucha de la tribu Yaqui de Sonora en contra de la privatizaci\u00f3n del agua, la cual ha convocado a una mega marcha el pr\u00f3ximo 22 de mayo en la Ciudad de M\u00e9xico para mostrar m\u00fasculo y hacer saber su postura al Congreso federal.<\/p>\n<p>Con el lema de \u201csin agua no hay vida\u201d, a partir del 11 de mayo comenzar\u00e1n las jornadas informativas en diferentes ciudades del pa\u00eds para dar a conocer la intenci\u00f3n de una iniciativa que los diputados federales discuten en torno al uso del agua en el pa\u00eds, para posteriormente entregar a trav\u00e9s de la Coordinadora Nacional \u201cPlan de Ayala\u201d dise\u00f1en un documento que frene la intenci\u00f3n y su objetivo sea reestructurado<\/p>\n<p>\u201cLa iniciativa federal para que entre a propuesta contempla s\u00f3lo m\u00e1s de 50 litros para el consumo, ba\u00f1arse, trastes y todo y si tu usas m\u00e1s de 50 litros vas a pagar un impuesto por persona, ese es el asunto de la gravedad y no nada m\u00e1s es el agua, estamos viendo como organizaciones campesinas estamos proponiendo una jornada del 11 al 22 de mayo,proponiendo un nuevo acuerdo nacional para el campo y va lo del agua\u201d, explic\u00f3 Adri\u00e1n L\u00f3pez Aguilar, integrante de las Bases Populares Campesinas Zempa, en una rueda de medios.<\/p>\n<p>Dijo que Tlaxcala tiene problemas propios graves como la contaminaci\u00f3n del afluente Zahuapan \u2013 Atoyac, sobre todo en la parte sur del estado donde las descargas de las industrias han provocado enfermedades en la gente que vive cerca como es la leucemia.<\/p>\n<p>\u201cTlaxcala a pesar de ser un estado peque\u00f1o tiene problemas de agua, uno de los puntos fundamentales es la contaminaci\u00f3n del r\u00edo Zahuapan-Atoyac en el casi de Tepetitla hay datos de que hay un alto \u00edndice de ni\u00f1os con leucemia y c\u00e1ncer y por eso levantamos la voz a nivel nacional, estamos pidiendo a esta caravana que nos incorporamos en Cholula o en Huauchinango y se haga el saneamiento de los dos r\u00edos en el estado de Tlaxcala\u201d, apunt\u00f3.<\/p>\n<p>L\u00f3pez Aguilar estim\u00f3 que a la capital del pa\u00eds acudir\u00e1n al llamado Yaqui unos 10 mil campesinos tlaxcaltecas que apoyar\u00e1n la movilizaci\u00f3n.<\/p>\n<p><a href=\"http:\/\/e-tlaxcala.mx\/nota\/2015-04-28\/gobierno\/se-sumar\u00e1n-organizaciones-campesinas-movilizaci\u00f3n-yaqui\" target=\"_blank\">e-tlaxcala.mx\/nota\/2015-04-28\/gobierno\/se-sumar\u00e1n-organizaciones-campesinas-movilizaci\u00f3n-yaqui<\/a><\/p>\n","protected":false},"excerpt":{"rendered":"<p>Gerardo Santill\u00e1n\/e-consulta Al menos 20 organizaciones campesinas de Tlaxcala se sumar\u00e1n a la lucha de la tribu Yaqui de Sonora en contra de la privatizaci\u00f3n del agua, la cual ha &hellip; <a href=\"https:\/\/www.grieta.org.mx\/index.php\/2015\/04\/28\/se-sumaran-organizaciones-campesinas-a-movilizacion-yaqui\/\" class=\"more-link\">Leer m\u00e1s<\/a><\/p>\n","protected":false},"author":2,"featured_media":21928,"comment_status":"closed","ping_status":"open","sticky":false,"template":"","format":"standard","meta":{"ngg_post_thumbnail":0,"_jetpack_newsletter_access":"","_jetpack_dont_email_post_to_subs":false,"_jetpack_newsletter_tier_id":0,"_jetpack_memberships_contains_paywalled_content":false,"_jetpack_memberships_contains_paid_content":false,"footnotes":""},"categories":[1424,80,2,34,307],"tags":[279],"class_list":{"0":"post-7589","1":"post","2":"type-post","3":"status-publish","4":"format-standard","5":"has-post-thumbnail","6":"hentry","7":"category-caravana-yaqui-en-tlaxcala","8":"category-cintillo","9":"category-noticias-nacionales","10":"category-tlaxcala","12":"tag-caravana-yaqui","13":"entry"},"jetpack_featured_media_url":"https:\/\/www.grieta.org.mx\/wp-content\/uploads\/2018\/03\/14524434_1106112876131411_958039263622046936_o.jpg","jetpack_sharing_enabled":true,"jetpack_shortlink":"https:\/\/wp.me\/p7ZJR4-1Yp","jetpack_likes_enabled":false,"jetpack-related-posts":[{"id":7553,"url":"https:\/\/www.grieta.org.mx\/index.php\/2015\/04\/28\/caravana-yaqui-en-tlaxcala\/","url_meta":{"origin":7589,"position":0},"title":"Caravana Yaqui en Tlaxcala","author":"grieta","date":"28 abril, 2015","format":false,"excerpt":"28\/04\/15. Se sumar\u00e1n organizaciones campesinas a movilizaci\u00f3n Yaqui e-consulta","rel":"","context":"En &quot;tlaxcala&quot;","block_context":{"text":"tlaxcala","link":"https:\/\/www.grieta.org.mx\/index.php\/category\/tlaxcala\/"},"img":{"alt_text":"","src":"https:\/\/i0.wp.com\/www.grieta.org.mx\/wp-content\/uploads\/2018\/03\/14524434_1106112876131411_958039263622046936_o.jpg?resize=350%2C200&ssl=1","width":350,"height":200,"srcset":"https:\/\/i0.wp.com\/www.grieta.org.mx\/wp-content\/uploads\/2018\/03\/14524434_1106112876131411_958039263622046936_o.jpg?resize=350%2C200&ssl=1 1x, https:\/\/i0.wp.com\/www.grieta.org.mx\/wp-content\/uploads\/2018\/03\/14524434_1106112876131411_958039263622046936_o.jpg?resize=525%2C300&ssl=1 1.5x, https:\/\/i0.wp.com\/www.grieta.org.mx\/wp-content\/uploads\/2018\/03\/14524434_1106112876131411_958039263622046936_o.jpg?resize=700%2C400&ssl=1 2x"},"classes":[]},{"id":8132,"url":"https:\/\/www.grieta.org.mx\/index.php\/2015\/05\/07\/rueda-de-prensa-actividades-caravana-yaqui-en-tabasco\/","url_meta":{"origin":7589,"position":1},"title":"Rueda de Prensa Actividades caravana Yaqui en Tabasco.","author":"grieta","date":"7 mayo, 2015","format":false,"excerpt":"CNEE Sur A los medios de comunicaci\u00f3n A ra\u00edz de la reforma al art\u00edculo 4 Constitucional, mismo que establece el agua como un derecho humano, organizaciones sociales y civiles, especialistas, investigadores y acad\u00e9micos, as\u00ed como ciudadanos consientes se dieron a la tarea de elaborar una propuesta ciudadana de Ley General\u2026","rel":"","context":"En &quot;CINTILLO&quot;","block_context":{"text":"CINTILLO","link":"https:\/\/www.grieta.org.mx\/index.php\/category\/cintillo\/"},"img":{"alt_text":"","src":"https:\/\/i0.wp.com\/www.grieta.org.mx\/wp-content\/uploads\/2018\/03\/14524434_1106112876131411_958039263622046936_o.jpg?resize=350%2C200&ssl=1","width":350,"height":200,"srcset":"https:\/\/i0.wp.com\/www.grieta.org.mx\/wp-content\/uploads\/2018\/03\/14524434_1106112876131411_958039263622046936_o.jpg?resize=350%2C200&ssl=1 1x, https:\/\/i0.wp.com\/www.grieta.org.mx\/wp-content\/uploads\/2018\/03\/14524434_1106112876131411_958039263622046936_o.jpg?resize=525%2C300&ssl=1 1.5x, https:\/\/i0.wp.com\/www.grieta.org.mx\/wp-content\/uploads\/2018\/03\/14524434_1106112876131411_958039263622046936_o.jpg?resize=700%2C400&ssl=1 2x"},"classes":[]},{"id":2782,"url":"https:\/\/www.grieta.org.mx\/index.php\/2015\/05\/13\/caravana-yaqui-llega-el-sabado-a-colima\/","url_meta":{"origin":7589,"position":2},"title":"Caravana yaqui llega el s\u00e1bado a Colima","author":"grieta","date":"13 mayo, 2015","format":false,"excerpt":"Perriodismo Publicado: 13\/5\/2015 Autor: Montserrat Ram\u00edrez La Caravana Nacional por la Defensa del Agua, el Territorio, el Trabajo y la Vida, encabezada por la tribu Yaqui visitar\u00e1 el estado el pr\u00f3ximo s\u00e1bado 16 de mayo, para compartir su experiencia de lucha con la comunidad ind\u00edgena de Zacualpan y la poblaci\u00f3n\u2026","rel":"","context":"En &quot;CINTILLO&quot;","block_context":{"text":"CINTILLO","link":"https:\/\/www.grieta.org.mx\/index.php\/category\/cintillo\/"},"img":{"alt_text":"","src":"https:\/\/i0.wp.com\/www.grieta.org.mx\/wp-content\/uploads\/2018\/03\/14524434_1106112876131411_958039263622046936_o.jpg?resize=350%2C200&ssl=1","width":350,"height":200,"srcset":"https:\/\/i0.wp.com\/www.grieta.org.mx\/wp-content\/uploads\/2018\/03\/14524434_1106112876131411_958039263622046936_o.jpg?resize=350%2C200&ssl=1 1x, https:\/\/i0.wp.com\/www.grieta.org.mx\/wp-content\/uploads\/2018\/03\/14524434_1106112876131411_958039263622046936_o.jpg?resize=525%2C300&ssl=1 1.5x, https:\/\/i0.wp.com\/www.grieta.org.mx\/wp-content\/uploads\/2018\/03\/14524434_1106112876131411_958039263622046936_o.jpg?resize=700%2C400&ssl=1 2x"},"classes":[]},{"id":8922,"url":"https:\/\/www.grieta.org.mx\/index.php\/2015\/05\/20\/caravana-yaqui-en-michoacan\/","url_meta":{"origin":7589,"position":3},"title":"Caravana Yaqui en Michoac\u00e1n","author":"Admin","date":"20 mayo, 2015","format":false,"excerpt":"20\/05\/15. Se suman organizaciones michoacanas a la caravana por la defensa del agua Notinet 19\/05\/15. Solicita Caravana Nacional por la Defensa del Agua apoyo en Michoac\u00e1n La Jornada Michoac\u00e1n 19\/05\/15. Caravana del Pueblo Yaqui llega a Michoac\u00e1n Notivideo","rel":"","context":"En &quot;Michoac\u00e1n&quot;","block_context":{"text":"Michoac\u00e1n","link":"https:\/\/www.grieta.org.mx\/index.php\/category\/noticias-nacionales\/michoacan\/"},"img":{"alt_text":"","src":"https:\/\/i0.wp.com\/www.grieta.org.mx\/wp-content\/uploads\/2018\/03\/14524434_1106112876131411_958039263622046936_o.jpg?resize=350%2C200&ssl=1","width":350,"height":200,"srcset":"https:\/\/i0.wp.com\/www.grieta.org.mx\/wp-content\/uploads\/2018\/03\/14524434_1106112876131411_958039263622046936_o.jpg?resize=350%2C200&ssl=1 1x, https:\/\/i0.wp.com\/www.grieta.org.mx\/wp-content\/uploads\/2018\/03\/14524434_1106112876131411_958039263622046936_o.jpg?resize=525%2C300&ssl=1 1.5x, https:\/\/i0.wp.com\/www.grieta.org.mx\/wp-content\/uploads\/2018\/03\/14524434_1106112876131411_958039263622046936_o.jpg?resize=700%2C400&ssl=1 2x"},"classes":[]},{"id":8137,"url":"https:\/\/www.grieta.org.mx\/index.php\/2015\/05\/07\/tabasco-participa-en-caravana-por-el-agua\/","url_meta":{"origin":7589,"position":4},"title":"Tabasco participa en Caravana por el Agua.","author":"grieta","date":"7 mayo, 2015","format":false,"excerpt":"Mariel Arroyo La Caravana Nacional por el Agua, el territorio, el trabajo y la vida, a la que convoca la tribu de ind\u00edgenas Yaqui de Sonora, partir\u00e1 de Sonora, Chihuahua, Coahuila y Chiapas el pr\u00f3ximo 11 de mayo. La Caravana Nacional por el Agua, el territorio, el trabajo y la\u2026","rel":"","context":"En &quot;CINTILLO&quot;","block_context":{"text":"CINTILLO","link":"https:\/\/www.grieta.org.mx\/index.php\/category\/cintillo\/"},"img":{"alt_text":"","src":"https:\/\/i0.wp.com\/www.grieta.org.mx\/wp-content\/uploads\/2018\/03\/14524434_1106112876131411_958039263622046936_o.jpg?resize=350%2C200&ssl=1","width":350,"height":200,"srcset":"https:\/\/i0.wp.com\/www.grieta.org.mx\/wp-content\/uploads\/2018\/03\/14524434_1106112876131411_958039263622046936_o.jpg?resize=350%2C200&ssl=1 1x, https:\/\/i0.wp.com\/www.grieta.org.mx\/wp-content\/uploads\/2018\/03\/14524434_1106112876131411_958039263622046936_o.jpg?resize=525%2C300&ssl=1 1.5x, https:\/\/i0.wp.com\/www.grieta.org.mx\/wp-content\/uploads\/2018\/03\/14524434_1106112876131411_958039263622046936_o.jpg?resize=700%2C400&ssl=1 2x"},"classes":[]},{"id":5711,"url":"https:\/\/www.grieta.org.mx\/index.php\/2015\/05\/15\/llega-a-guadalajara-caravana-nacional-por-la-defensa-del-agua\/","url_meta":{"origin":7589,"position":5},"title":"Llega a Guadalajara Caravana Nacional por la defensa del agua","author":"grieta","date":"15 mayo, 2015","format":false,"excerpt":"Redacci\u00f3n\/Proyecto Diez 15 de mayo de 2015.- Esta ma\u00f1ana arrib\u00f3 a Guadalajara la Caravana nacional por la defensa del agua, el territorio, el trabajo y la vida, convocada por la Tribu Yaqui, con el respaldo de distintas organizaciones civiles nacionales. Hoy los defensores de los derechos humanos estar\u00e1n en Plaza\u2026","rel":"","context":"En &quot;CINTILLO&quot;","block_context":{"text":"CINTILLO","link":"https:\/\/www.grieta.org.mx\/index.php\/category\/cintillo\/"},"img":{"alt_text":"","src":"https:\/\/i0.wp.com\/www.grieta.org.mx\/wp-content\/uploads\/2018\/03\/14524434_1106112876131411_958039263622046936_o.jpg?resize=350%2C200&ssl=1","width":350,"height":200,"srcset":"https:\/\/i0.wp.com\/www.grieta.org.mx\/wp-content\/uploads\/2018\/03\/14524434_1106112876131411_958039263622046936_o.jpg?resize=350%2C200&ssl=1 1x, https:\/\/i0.wp.com\/www.grieta.org.mx\/wp-content\/uploads\/2018\/03\/14524434_1106112876131411_958039263622046936_o.jpg?resize=525%2C300&ssl=1 1.5x, https:\/\/i0.wp.com\/www.grieta.org.mx\/wp-content\/uploads\/2018\/03\/14524434_1106112876131411_958039263622046936_o.jpg?resize=700%2C400&ssl=1 2x"},"classes":[]}],"_links":{"self":[{"href":"https:\/\/www.grieta.org.mx\/index.php\/wp-json\/wp\/v2\/posts\/7589","targetHints":{"allow":["GET"]}}],"collection":[{"href":"https:\/\/www.grieta.org.mx\/index.php\/wp-json\/wp\/v2\/posts"}],"about":[{"href":"https:\/\/www.grieta.org.mx\/index.php\/wp-json\/wp\/v2\/types\/post"}],"author":[{"embeddable":true,"href":"https:\/\/www.grieta.org.mx\/index.php\/wp-json\/wp\/v2\/users\/2"}],"replies":[{"embeddable":true,"href":"https:\/\/www.grieta.org.mx\/index.php\/wp-json\/wp\/v2\/comments?post=7589"}],"version-history":[{"count":1,"href":"https:\/\/www.grieta.org.mx\/index.php\/wp-json\/wp\/v2\/posts\/7589\/revisions"}],"predecessor-version":[{"id":7591,"href":"https:\/\/www.grieta.org.mx\/index.php\/wp-json\/wp\/v2\/posts\/7589\/revisions\/7591"}],"wp:featuredmedia":[{"embeddable":true,"href":"https:\/\/www.grieta.org.mx\/index.php\/wp-json\/wp\/v2\/media\/21928"}],"wp:attachment":[{"href":"https:\/\/www.grieta.org.mx\/index.php\/wp-json\/wp\/v2\/media?parent=7589"}],"wp:term":[{"taxonomy":"category","embeddable":true,"href":"https:\/\/www.grieta.org.mx\/index.php\/wp-json\/wp\/v2\/categories?post=7589"},{"taxonomy":"post_tag","embeddable":true,"href":"https:\/\/www.grieta.org.mx\/index.php\/wp-json\/wp\/v2\/tags?post=7589"}],"curies":[{"name":"wp","href":"https:\/\/api.w.org\/{rel}","templated":true}]}}