{"id":7497,"date":"2016-07-29T18:43:39","date_gmt":"2016-07-29T23:43:39","guid":{"rendered":"http:\/\/50.22.11.12\/~grietaor\/?p=7497"},"modified":"2016-08-02T09:17:15","modified_gmt":"2016-08-02T14:17:15","slug":"lucha-y-resistencia-del-pueblo-de-santa-maria-ostula","status":"publish","type":"post","link":"https:\/\/www.grieta.org.mx\/index.php\/2016\/07\/29\/lucha-y-resistencia-del-pueblo-de-santa-maria-ostula\/","title":{"rendered":"Lucha y resistencia del pueblo de Santa Mar\u00eda Ostula"},"content":{"rendered":"<hr \/>\n<p><subtit>Detienen a Jhony Israel Flores Tolentino, polic\u00eda comunitario de Santa Mar\u00eda Ostula<\/subtit><\/p>\n<hr \/>\n<p><strong>29\/07\/16. <\/strong><a href=\"http:\/\/www.grieta.org.mx\/index.php\/2016\/07\/29\/detienen-a-el-tizoc-en-morelia-intentaba-obtener-una-carta-de-no-antecedentes-penales\/\">Detienen a \u201cEl Tizoc\u201d en Morelia; intentaba obtener una carta de no antecedentes penales<\/a><br \/>\n<em>Provincia<\/em><\/p>\n<hr \/>\n<p><subtit>Ostula celebra siete a\u00f1os de autonom\u00eda<\/subtit><\/p>\n<hr \/>\n<p><strong>28\/06\/16. <\/strong><a href=\"http:\/\/www.grieta.org.mx\/index.php\/2016\/06\/28\/ostula-michoacan-siete-anos-en-defensa-de-la-madre-tierra\/\">Ostula Michoac\u00e1n, siete a\u00f1os en defensa de la Madre Tierra<\/a><br \/>\n<em>Pozol Colectivo<\/em><\/p>\n<hr \/>\n<p><subtit>Movilizaci\u00f3n en memoria de Reginaldo Rodr\u00edguez Flores<\/subtit><\/p>\n<hr \/>\n<p><strong>26\/05\/16. <\/strong><a href=\"http:\/\/www.grieta.org.mx\/index.php\/2016\/05\/26\/ostula-se-moviliza-en-memoria-de-reginaldo-rodriguez-flores\/\">Ostula se moviliza en memoria de Reginaldo Rodr\u00edguez Flores<\/a><br \/>\n<em>SubVersiones<\/em><\/p>\n<hr \/>\n<p><subtit>CNI denuncia agresi\u00f3n contra miembros de la polic\u00eda comunitaria de Santa Mar\u00eda Ostula<\/subtit><\/p>\n<hr \/>\n<p><strong>12\/04\/16. <\/strong><a href=\"http:\/\/www.grieta.org.mx\/index.php\/2016\/04\/12\/comunicado-del-congreso-nacional-indigena-ante-agresiones-en-san-francisco-xochicuautla-y-ostula\/\">Comunicado del Congreso Nacional Ind\u00edgena ante agresiones en San Francisco Xochicuautla y Ostula<\/a><br \/>\n<em>SubVersiones<\/em><\/p>\n<hr \/>\n<p><subtit>La comunidad de Santa Mar\u00eda Ostula exige justicia ante ataque militar a su comunidad y la libertad de Ceme\u00ed Verd\u00ed<\/subtit><\/p>\n<hr \/>\n<p><strong>13\/03\/16. <\/strong><a href=\"http:\/\/grieta.org.mx\/index.php\/2016\/03\/13\/inai-ordena-a-sedena-entregar-version-publica-de-partes-militares-implicados-en-ataque-de-ostula\/\">INAI ordena a Sedena entregar versi\u00f3n publica de partes militares implicados en ataque de Ostula<\/a><br \/>\n<em>Michoac\u00e1n 3.0<\/em><\/p>\n<p><strong>24\/12\/15. <\/strong><a href=\"http:\/\/grieta.org.mx\/index.php\/2015\/12\/24\/dictan-libertad-a-cemei-verdia-exlider-de-las-autodefensas-de-michoacan-por-falta-de-pruebas\/\">Dictan libertad a Ceme\u00ed Verd\u00eda, exl\u00edder de las autodefensas de Michoac\u00e1n, por falta de pruebas<\/a><br \/>\n<em>Animal Pol\u00edtico<\/em><\/p>\n<p><strong>03\/12\/15. <\/strong><a href=\"http:\/\/grieta.org.mx\/index.php\/2015\/12\/03\/la-comunidad-indigena-de-santa-maria-ostula-comunica-la-realizacion-de-acciones-contundentes-ante-la-falta-de-voluntad-por-parte-del-estado-mexicano-en-todos-sus-niveles-para-la-liberacion-de-cemei-2\/\">La Comunidad Ind\u00edgena de Santa Mar\u00eda Ostula comunica la realizaci\u00f3n de acciones contundentes ante la falta de voluntad por parte del estado mexicano en todos sus niveles para la liberaci\u00f3n de Ceme\u00ed Verd\u00eda Zepeda y para el cumplimiento del pliego de exigencias<\/a><br \/>\n<em>Enlace Zapatista<\/em><\/p>\n<p><strong>18\/10\/15. <\/strong><a href=\"http:\/\/grieta.org.mx\/index.php\/2015\/10\/18\/comunidad-de-santa-maria-ostula-reitera-exigencias-de-verdad-y-justicia\/\">Comunidad de Santa Mar\u00eda Ostula reitera exigencias de verdad y justicia<\/a><br \/>\n<em>Radio Zapatista<\/em><\/p>\n<p><strong>06\/10\/15. <\/strong><a href=\"http:\/\/grieta.org.mx\/index.php\/2015\/10\/06\/libra-cemei-verdia-acusacion-de-robo-sigue-preso-por-supuesto-homicidio\/\">Libra Ceme\u00ed Verd\u00eda acusaci\u00f3n de robo; sigue preso por supuesto homicidio<\/a><br \/>\n<em>Proceso<\/em><\/p>\n<p><strong>24\/09\/15. <\/strong><a href=\"http:\/\/grieta.org.mx\/index.php\/2015\/09\/24\/juez-absuelve-de-delitos-electorales-a-cemei-verdia\/\">Juez absuelve de delitos electorales a Ceme\u00ed Verd\u00eda<\/a><br \/>\n<em>El Financiero<\/em><\/p>\n<p><strong>11\/09\/15. <\/strong><a href=\"http:\/\/grieta.org.mx\/index.php\/2015\/09\/11\/autodefensas-de-ostula-advierten-que-no-se-dejaran-desarmar\/\">Autodefensas de Ostula advierten que no se dejar\u00e1n desarmar<\/a><br \/>\n<em>El Financiero<\/em><\/p>\n<p><strong>09\/09\/15. <\/strong><a href=\"http:\/\/grieta.org.mx\/index.php\/2015\/09\/09\/dictan-formal-prision-a-cemei-verdia-por-homicidio-calificado\/\">Dictan formal prisi\u00f3n a Ceme\u00ed Verd\u00eda por homicidio calificado<\/a><br \/>\n<em>Proceso<\/em><\/p>\n<p><strong>27\/08\/15. <\/strong><a href=\"http:\/\/grieta.org.mx\/index.php\/2015\/08\/27\/comuneros-de-ostula-denuncian-la-complicidad-del-gobierno-de-michoacan-con-los-caballeros-templarios-y-exigen-la-liberacion-del-dirigente-de-su-policia-comunitaria\/\">Comuneros de Ostula denuncian la complicidad del gobierno de Michoac\u00e1n con los Caballeros Templarios y exigen la liberaci\u00f3n del dirigente de su polic\u00eda comunitaria<\/a><br \/>\n<em>Desinform\u00e9monos<\/em><\/p>\n<p><strong>19\/08\/15. <\/strong><a href=\"http:\/\/grieta.org.mx\/index.php\/2015\/08\/19\/comunidades-michoacanas-de-ostula-y-pomaro-tenemos-un-enemigo-comun-el-capitalismo\/\">Comunidades michoacanas de Ostula y Pomaro: Tenemos un enemigo com\u00fan: el capitalismo<\/a><br \/>\n<em>Centro de Medios Libres<\/em><\/p>\n<p><strong>07\/08\/15. <\/strong><a href=\"http:\/\/www.grieta.org.mx\/?p=618635\">Ostula exige alto a desinformaci\u00f3n y a la creaci\u00f3n de grupos de choque<\/a><br \/>\n<em>http:\/\/grieta.org.mx\/index.php\/2015\/08\/07\/ostula-exige-alto-a-desinformacion-y-a-la-creacion-de-grupos-de-choque\/<\/em><\/p>\n<p><strong>05\/08\/15. <\/strong><a href=\"http:\/\/grieta.org.mx\/index.php\/2015\/08\/05\/niegan-libertad-a-cemi-verdia-se-le-acusa-de-robar-rollos-de-alambre\/\">Niegan libertad a Cem\u00ed Verd\u00eda, se le acusa de robar rollos de alambre<\/a><br \/>\n<em>Somos el Medio<\/em><\/p>\n<p><strong>04\/08\/15. <\/strong><a href=\"http:\/\/grieta.org.mx\/index.php\/2015\/08\/04\/ostula-4-ago-exigimos-que-cemei-verdia-no-sea-trasladado-a-lazaro-cardenas-territorio-templario\/\">Ostula: Exigimos que Ceme\u00ed Verd\u00eda no sea trasladado a L\u00e1zaro C\u00e1rdenas, territorio templario<\/a><br \/>\n<em>Centro de Medios Libres<\/em><\/p>\n<p><strong>29\/07\/15. <\/strong><a href=\"http:\/\/grieta.org.mx\/index.php\/2015\/07\/29\/liberan-a-cemei-verdia-por-unos-minutos-y-lo-encarcelan-por-delitos-del-fuero-comun\/\">Liberan a Ceme\u00ed Verd\u00eda por unos minutos y lo encarcelan por delitos del fuero com\u00fan<\/a><br \/>\n<em>La Jornada<\/em><\/p>\n<p><strong>28\/07\/15. <\/strong><a href=\"http:\/\/grieta.org.mx\/index.php\/2015\/07\/28\/ostula-sicarios-del-narco-actuaron-uniformados-y-conjuntamente-con-militares-en-ataque-a-comuneros\/\">Ostula: Sicarios del narco actuaron uniformados y conjuntamente con militares en ataque a comuneros<\/a><br \/>\n<em>Centro de Medios Libres<\/em><\/p>\n<p><strong>28\/07\/15. <\/strong><a href=\"http:\/\/grieta.org.mx\/index.php\/2015\/07\/28\/la-fuerza-de-ostula\/\">La fuerza de Ostula<\/a><br \/>\n<em>Subversiones<\/em><\/p>\n<p><strong>26\/07\/15. <\/strong><a href=\"http:\/\/grieta.org.mx\/index.php\/2015\/07\/26\/mexico-santa-maria-ostula-derechos-violentados-poblacion-civil-agredida\/\">[M\u00e9xico] Santa Mar\u00eda Ostula: derechos violentados, poblaci\u00f3n civil agredida<\/a><br \/>\n<em>Kaos en la Red<\/em><\/p>\n<p><strong>25\/07\/15. <\/strong><a href=\"http:\/\/grieta.org.mx\/index.php\/2015\/07\/25\/agresion-de-fuerzas-federales-estatales-y-municipales-a-la-comunidad-indigena-de-santa-maria-ostula-municipio-de-aquila-michoacan\/\">Agresi\u00f3n de fuerzas federales, estatales y municipales a  la Comunidad Ind\u00edgena de Santa Mar\u00eda Ostula, Municipio de Aquila, Michoac\u00e1n<\/a><br \/>\n<em>Kaos en la Red<\/em><\/p>\n<p><strong>24\/07\/15. <\/strong><a href=\"http:\/\/grieta.org.mx\/index.php\/2015\/07\/24\/video-cronologia-del-ataque-militar-en-ostula\/\">Video: Cronolog\u00eda del ataque militar en Ostula<\/a><br \/>\n<em>Perriodismo<\/em><\/p>\n<p><strong>24\/07\/15. <\/strong><a href=\"http:\/\/grieta.org.mx\/index.php\/2015\/07\/24\/ostula-sienta-a-dialogar-al-gobierno-federal\/\">Ostula sienta a dialogar al gobierno federal<\/a><br \/>\n<em>Centro de Medios Libres<\/em><\/p>\n<p><strong>24\/07\/15. <\/strong><a href=\"http:\/\/grieta.org.mx\/index.php\/2015\/07\/24\/ostula-denuncian-que-agresion-del-ejercito-contra-nahuas-fue-arbitraria\/\">Ostula: Denuncian que agresi\u00f3n del Ej\u00e9rcito contra nahuas fue arbitraria<\/a><br \/>\n<em>Centro de Medios Libres<\/em><\/p>\n<p><strong>22\/07\/15. <\/strong><a href=\"http:\/\/grieta.org.mx\/index.php\/2015\/07\/22\/autoridades-de-ostula-hacen-publica-la-agresion-sufrida-por-el-ejercito-mexicano-y-la-detencion-del-comandante-cemei-verdia-video\/\">Autoridades de Ostula hacen p\u00fablica la agresi\u00f3n sufrida por el ej\u00e9rcito mexicano y la detenci\u00f3n del comandante Ceme\u00ed Verd\u00eda (VIDEO)<\/a><br \/>\n<em>Radio Zapote<\/em><\/p>\n<p><strong>22\/07\/15. <\/strong><a href=\"http:\/\/grieta.org.mx\/index.php\/2015\/07\/22\/cni-y-ezln-condenan-ataque-de-corporaciones-militares-y-policiacas-contra-la-comunidad-indigena-nahua-de-santa-maria-ostula\/\">CNI y EZLN condenan ataque de corporaciones militares y policiacas contra la comunidad ind\u00edgena nahua de Santa Mar\u00eda Ostula<\/a><br \/>\n<em>Centro de Medios Libres<\/em><\/p>\n<p><strong>22\/07\/15. <\/strong><a href=\"http:\/\/grieta.org.mx\/index.php\/2015\/07\/22\/de-ayotzinapa-para-ostula-nos-solidarizamos-y-exigimos-juicio-y-castigo\/\">De Ayotzinapa para Ostula: Nos solidarizamos y exigimos juicio y castigo<\/a><br \/>\n<em>Centro de Medios Libres<\/em><\/p>\n<p><strong>20\/07\/15. <\/strong><a href=\"http:\/\/grieta.org.mx\/index.php\/2015\/07\/20\/embestida-del-ejercito-contra-la-comunidad-nahua-de-santa-maria-ostula\/\">Embestida del ej\u00e9rcito contra la comunidad nahua de Santa Mar\u00eda Ostula<\/a><br \/>\n<em>Subversiones<\/em><\/p>\n<p><strong>20\/07\/15. <\/strong><a href=\"http:\/\/grieta.org.mx\/index.php\/2015\/07\/20\/ostula-pueblo-en-vilo\/\">Ostula, pueblo en vilo<\/a><br \/>\n<em>Desinform\u00e9monos<\/em><\/p>\n<p><strong>19\/07\/15. <\/strong><a href=\"http:\/\/grieta.org.mx\/index.php\/2015\/07\/19\/cargando-a-sangre-y-fuego-el-ejercito-realiza-detenciones-arbitrarias-en-santa-maria-ostula-contra-policias-comunitarios-y-autodefensas\/\">Cargando a sangre y fuego el ej\u00e9rcito realiza detenciones arbitrarias en Santa Mar\u00eda Ostula contra polic\u00edas comunitarios y autodefensas<\/a><br \/>\n<em>Centro de Medios Libres<\/em><\/p>\n<p><strong>19\/07\/15. <\/strong><a href=\"http:\/\/grieta.org.mx\/index.php\/2015\/07\/19\/detienen-a-semei-verdi-comandante-de-los-autodefensas-de-ostula-michoacan\/\">Detienen a Seme\u00ed Verd\u00ed comandante de los autodefensas de Ostula, Michoac\u00e1n<\/a><br \/>\n<em>Somos el Medio<\/em><\/p>\n<p><strong>19\/07\/15. <\/strong><a href=\"http:\/\/grieta.org.mx\/index.php\/2015\/07\/19\/atacan-a-ostula-aqui-la-historia-de-su-lucha\/\">Atacan a Ostula. Aqu\u00ed la historia de su lucha<\/a><br \/>\n<em>Desinform\u00e9monos<\/em><\/p>\n<hr \/>\n<p><subtit>Reparto de tierras en la comunidad aut\u00f3noma de Santa Mar\u00eda Ostula<\/subtit><\/p>\n<hr \/>\n<p><strong>26\/06\/15. <\/strong><a href=\"http:\/\/grieta.org.mx\/index.php\/2015\/06\/26\/reparto-de-tierras-y-reconstruccion-de-la-comunidad-en-ostula\/\">Reparto de tierras y reconstrucci\u00f3n de la comunidad en Ostula<\/a><br \/>\n<em>Subversiones<\/em><\/p>\n<hr \/>\n<p><subtit>Ataque paramilitar contra Santa Mar\u00eda Ostula<\/subtit><\/p>\n<hr \/>\n<p><strong>27\/05\/15. <\/strong><a href=\"http:\/\/grieta.org.mx\/index.php\/2015\/05\/27\/ataque-de-caballeros-templarios-alarma-contra-la-existencia-de-nuestro-pueblo-nahuas-de-ostula\/\">\u201cAtaque de caballeros templarios, alarma contra la existencia de nuestro pueblo: nahuas de Ostula<\/a><br \/>\n<em>M\u00e1s de 131<\/em><\/p>\n<p><strong>26\/05\/15. <\/strong><a href=\"http:\/\/grieta.org.mx\/index.php\/2015\/05\/26\/ataque-contra-santa-maria-ostula-y-su-policia-comunitaria\/\">Ataque contra Santa Mar\u00eda Ostula y su Polic\u00eda Comunitaria<\/a><br \/>\n<em>Desinform\u00e9monos<\/em><\/p>\n<p><strong>26\/05\/15. <\/strong><a href=\"http:\/\/grieta.org.mx\/index.php\/2015\/05\/26\/comision-para-la-defensa-de-los-bienes-comunales-de-santa-maria-ostula-denuncia-atentado-2\/\">Comisi\u00f3n para la Defensa de los Bienes Comunales de Santa Mar\u00eda Ostula denuncia atentado<\/a><br \/>\n<em>Enlace Zapatista<\/em><\/p>\n","protected":false},"excerpt":{"rendered":"<p>Detienen a Jhony Israel Flores Tolentino, polic\u00eda comunitario de Santa Mar\u00eda Ostula 29\/07\/16. Detienen a \u201cEl Tizoc\u201d en Morelia; intentaba obtener una carta de no antecedentes penales Provincia Ostula celebra &hellip; <a href=\"https:\/\/www.grieta.org.mx\/index.php\/2016\/07\/29\/lucha-y-resistencia-del-pueblo-de-santa-maria-ostula\/\" class=\"more-link\">Leer m\u00e1s<\/a><\/p>\n","protected":false},"author":1,"featured_media":21928,"comment_status":"closed","ping_status":"open","sticky":false,"template":"","format":"standard","meta":{"ngg_post_thumbnail":0,"_jetpack_newsletter_access":"","_jetpack_dont_email_post_to_subs":false,"_jetpack_newsletter_tier_id":0,"_jetpack_memberships_contains_paywalled_content":false,"_jetpack_memberships_contains_paid_content":false,"footnotes":""},"categories":[8,1,21,82],"tags":[455],"class_list":{"0":"post-7497","1":"post","2":"type-post","3":"status-publish","4":"format-standard","5":"has-post-thumbnail","6":"hentry","7":"category-1-ostula","8":"category-espejos-de-la-resistencia","9":"category-michoacan","11":"tag-ostula","12":"entry"},"jetpack_featured_media_url":"https:\/\/www.grieta.org.mx\/wp-content\/uploads\/2018\/03\/14524434_1106112876131411_958039263622046936_o.jpg","jetpack_sharing_enabled":true,"jetpack_shortlink":"https:\/\/wp.me\/p7ZJR4-1WV","jetpack_likes_enabled":false,"jetpack-related-posts":[{"id":13703,"url":"https:\/\/www.grieta.org.mx\/index.php\/2016\/05\/26\/ostula-se-moviliza-en-memoria-de-reginaldo-rodriguez-flores\/","url_meta":{"origin":7497,"position":0},"title":"Ostula se moviliza en memoria de Reginaldo Rodr\u00edguez Flores","author":"grieta","date":"26 mayo, 2016","format":false,"excerpt":"Por Terracer\u00eda Audiovisual El pasado 25 de Mayo, la comunidad de Santa Mar\u00eda Ostula llev\u00f3 a cabo un acto c\u00edvico en honor a la memoria de quien fuera comandante de la Polic\u00eda Comunitaria de esta encargatura, Reginaldo Rodr\u00edguez Flores, asesinado durante un enfrentamiento que tuvo lugar el a\u00f1o pasado entre\u2026","rel":"","context":"En &quot;CINTILLO&quot;","block_context":{"text":"CINTILLO","link":"https:\/\/www.grieta.org.mx\/index.php\/category\/cintillo\/"},"img":{"alt_text":"","src":"https:\/\/i0.wp.com\/www.grieta.org.mx\/wp-content\/uploads\/2018\/03\/14524434_1106112876131411_958039263622046936_o.jpg?resize=350%2C200&ssl=1","width":350,"height":200,"srcset":"https:\/\/i0.wp.com\/www.grieta.org.mx\/wp-content\/uploads\/2018\/03\/14524434_1106112876131411_958039263622046936_o.jpg?resize=350%2C200&ssl=1 1x, https:\/\/i0.wp.com\/www.grieta.org.mx\/wp-content\/uploads\/2018\/03\/14524434_1106112876131411_958039263622046936_o.jpg?resize=525%2C300&ssl=1 1.5x, https:\/\/i0.wp.com\/www.grieta.org.mx\/wp-content\/uploads\/2018\/03\/14524434_1106112876131411_958039263622046936_o.jpg?resize=700%2C400&ssl=1 2x"},"classes":[]},{"id":41062,"url":"https:\/\/www.grieta.org.mx\/index.php\/2019\/11\/03\/pobladores-de-ostula-michoacan-instalan-revisiones-vehiculares-tras-emboscada-a-guardia-local-michoacan\/","url_meta":{"origin":7497,"position":1},"title":"Pobladores de Ostula, Michoac\u00e1n, instalan revisiones vehiculares tras emboscada a Guardia Local (Michoac\u00e1n)","author":"grieta","date":"3 noviembre, 2019","format":false,"excerpt":"Por:Redacci\u00f3n \/ Noventa Grados, 03 de noviembre de 2019 Aquila, Michoac\u00e1n; a 03 de noviembre de 2019.- Ante la agresi\u00f3n armada que sufri\u00f3 esta tarde la Guardia Comunal de Aquila, el pueblo nahua de Ostula, que forma parte de este municipio, activ\u00f3 sus protocolos de seguridad e instal\u00f3 un filtro\u2026","rel":"","context":"En &quot;1. Ostula&quot;","block_context":{"text":"1. Ostula","link":"https:\/\/www.grieta.org.mx\/index.php\/category\/espejos-de-la-resistencia\/1-ostula\/"},"img":{"alt_text":"","src":"https:\/\/i0.wp.com\/www.grieta.org.mx\/wp-content\/uploads\/2019\/11\/0-grande.jpg?resize=350%2C200&ssl=1","width":350,"height":200,"srcset":"https:\/\/i0.wp.com\/www.grieta.org.mx\/wp-content\/uploads\/2019\/11\/0-grande.jpg?resize=350%2C200&ssl=1 1x, https:\/\/i0.wp.com\/www.grieta.org.mx\/wp-content\/uploads\/2019\/11\/0-grande.jpg?resize=525%2C300&ssl=1 1.5x, https:\/\/i0.wp.com\/www.grieta.org.mx\/wp-content\/uploads\/2019\/11\/0-grande.jpg?resize=700%2C400&ssl=1 2x"},"classes":[]},{"id":7757,"url":"https:\/\/www.grieta.org.mx\/index.php\/2015\/07\/19\/detienen-a-semei-verdi-comandante-de-los-autodefensas-de-ostula-michoacan\/","url_meta":{"origin":7497,"position":2},"title":"Detienen a Seme\u00ed Verd\u00ed comandante de los autodefensas de Ostula, Michoac\u00e1n","author":"Admin","date":"19 julio, 2015","format":false,"excerpt":"Un ni\u00f1o muerto y al menos dos menores heridos por el ej\u00e9rcito mexicano Un ni\u00f1o muerto, dos menores heridos, un autodefensa muerto y varios m\u00e1s heridos, as\u00ed como la detenci\u00f3n de Seme\u00ed Verd\u00ed, comandante de las ??autodefensas? del pueblo n\u00e1huatl de Ostula, municipio de Aquila, fueron el resultado del operativo\u2026","rel":"","context":"En &quot;CINTILLO&quot;","block_context":{"text":"CINTILLO","link":"https:\/\/www.grieta.org.mx\/index.php\/category\/cintillo\/"},"img":{"alt_text":"","src":"https:\/\/i0.wp.com\/www.grieta.org.mx\/wp-content\/uploads\/2018\/03\/14524434_1106112876131411_958039263622046936_o.jpg?resize=350%2C200&ssl=1","width":350,"height":200,"srcset":"https:\/\/i0.wp.com\/www.grieta.org.mx\/wp-content\/uploads\/2018\/03\/14524434_1106112876131411_958039263622046936_o.jpg?resize=350%2C200&ssl=1 1x, https:\/\/i0.wp.com\/www.grieta.org.mx\/wp-content\/uploads\/2018\/03\/14524434_1106112876131411_958039263622046936_o.jpg?resize=525%2C300&ssl=1 1.5x, https:\/\/i0.wp.com\/www.grieta.org.mx\/wp-content\/uploads\/2018\/03\/14524434_1106112876131411_958039263622046936_o.jpg?resize=700%2C400&ssl=1 2x"},"classes":[]},{"id":68449,"url":"https:\/\/www.grieta.org.mx\/index.php\/2024\/02\/08\/la-comunidad-nahua-de-santa-maria-ostula-denuncia-ataque-de-un-comando-armado-del-cjng\/","url_meta":{"origin":7497,"position":3},"title":"La comunidad Nahua de Santa Mar\u00eda Ostula denuncia ataque de un Comando Armado del CJNG","author":"grieta","date":"8 febrero, 2024","format":false,"excerpt":"Colectivo Grieta 04 de febrero de 2024. En un comunicado publicado por el Congreso Nacional Ind\u00edgena, la Comunidad Nahua de Santa Mar\u00eda Ostula denunci\u00f3 el ataque de un comando armado de unas 50 personas que incursionaron a bordo de camionetas en el territorio comunal de La Cofrad\u00eda. Los comuneros reportan\u2026","rel":"","context":"En &quot;1. Ostula&quot;","block_context":{"text":"1. Ostula","link":"https:\/\/www.grieta.org.mx\/index.php\/category\/espejos-de-la-resistencia\/1-ostula\/"},"img":{"alt_text":"","src":"https:\/\/i0.wp.com\/www.grieta.org.mx\/wp-content\/uploads\/2024\/02\/PRONUNCIAMIENTO-POR-LA-DESAPARICION-FORZADA-DE-LORENZO-FROYLAN-DE-LA-CRUZ-R_20240202_202519_0000.png?resize=350%2C200&ssl=1","width":350,"height":200,"srcset":"https:\/\/i0.wp.com\/www.grieta.org.mx\/wp-content\/uploads\/2024\/02\/PRONUNCIAMIENTO-POR-LA-DESAPARICION-FORZADA-DE-LORENZO-FROYLAN-DE-LA-CRUZ-R_20240202_202519_0000.png?resize=350%2C200&ssl=1 1x, https:\/\/i0.wp.com\/www.grieta.org.mx\/wp-content\/uploads\/2024\/02\/PRONUNCIAMIENTO-POR-LA-DESAPARICION-FORZADA-DE-LORENZO-FROYLAN-DE-LA-CRUZ-R_20240202_202519_0000.png?resize=525%2C300&ssl=1 1.5x, https:\/\/i0.wp.com\/www.grieta.org.mx\/wp-content\/uploads\/2024\/02\/PRONUNCIAMIENTO-POR-LA-DESAPARICION-FORZADA-DE-LORENZO-FROYLAN-DE-LA-CRUZ-R_20240202_202519_0000.png?resize=700%2C400&ssl=1 2x"},"classes":[]},{"id":15886,"url":"https:\/\/www.grieta.org.mx\/index.php\/2016\/06\/28\/ostula-michoacan-siete-anos-en-defensa-de-la-madre-tierra\/","url_meta":{"origin":7497,"position":4},"title":"Ostula Michoac\u00e1n, siete a\u00f1os en defensa de la Madre Tierra","author":"Admin","date":"28 junio, 2016","format":false,"excerpt":"En el marco del s\u00e9ptimo aniversario de recuperaci\u00f3n de 1200 hect\u00e1reas de tierras comunales donde la comunidad ind\u00edgena de Santa Mar\u00eda Ostula, municipio de Aquila, Michoac\u00e1n, fund\u00f3 la encargatura de Xayakalan, como parte de su organizaci\u00f3n en defensa de su territorio y autonom\u00eda. El Centro de Derechos Humanos Fray Bartolom\u00e9\u2026","rel":"","context":"En &quot;CINTILLO&quot;","block_context":{"text":"CINTILLO","link":"https:\/\/www.grieta.org.mx\/index.php\/category\/cintillo\/"},"img":{"alt_text":"","src":"https:\/\/i0.wp.com\/www.grieta.org.mx\/wp-content\/uploads\/2018\/03\/14524434_1106112876131411_958039263622046936_o.jpg?resize=350%2C200&ssl=1","width":350,"height":200,"srcset":"https:\/\/i0.wp.com\/www.grieta.org.mx\/wp-content\/uploads\/2018\/03\/14524434_1106112876131411_958039263622046936_o.jpg?resize=350%2C200&ssl=1 1x, https:\/\/i0.wp.com\/www.grieta.org.mx\/wp-content\/uploads\/2018\/03\/14524434_1106112876131411_958039263622046936_o.jpg?resize=525%2C300&ssl=1 1.5x, https:\/\/i0.wp.com\/www.grieta.org.mx\/wp-content\/uploads\/2018\/03\/14524434_1106112876131411_958039263622046936_o.jpg?resize=700%2C400&ssl=1 2x"},"classes":[]},{"id":69246,"url":"https:\/\/www.grieta.org.mx\/index.php\/2024\/06\/18\/denuncia-comunidad-de-santa-maria-ostula-ataque-del-cartel-jalisco-nueva-generacion-michoacan\/","url_meta":{"origin":7497,"position":5},"title":"Denuncia comunidad de Santa Mar\u00eda Ostula ataque del C\u00e1rtel Jalisco Nueva Generaci\u00f3n (Michoac\u00e1n)","author":"grieta","date":"18 junio, 2024","format":false,"excerpt":"Por medio de un pronunciamiento, la Comunidad Ind\u00edgena Nahua de Santa Mar\u00eda Ostula inform\u00f3 que un comunero perteneciente a la comunidad fue atacado por un comando fuertemente armado del C\u00e1rtel Jalisco Nueva Generaci\u00f3n Texto: Astrid Salgado \/ Zonadocs Foto: V\u00eda ZonaDocs Santa Mar\u00eda Ostula, Michoac\u00e1n. El pasado 13 de junio\u2026","rel":"","context":"En &quot;1. Ostula&quot;","block_context":{"text":"1. Ostula","link":"https:\/\/www.grieta.org.mx\/index.php\/category\/espejos-de-la-resistencia\/1-ostula\/"},"img":{"alt_text":"","src":"https:\/\/i0.wp.com\/www.grieta.org.mx\/wp-content\/uploads\/2024\/06\/F8RMCUlbkAA88K5.jpeg?resize=350%2C200&ssl=1","width":350,"height":200,"srcset":"https:\/\/i0.wp.com\/www.grieta.org.mx\/wp-content\/uploads\/2024\/06\/F8RMCUlbkAA88K5.jpeg?resize=350%2C200&ssl=1 1x, https:\/\/i0.wp.com\/www.grieta.org.mx\/wp-content\/uploads\/2024\/06\/F8RMCUlbkAA88K5.jpeg?resize=525%2C300&ssl=1 1.5x, https:\/\/i0.wp.com\/www.grieta.org.mx\/wp-content\/uploads\/2024\/06\/F8RMCUlbkAA88K5.jpeg?resize=700%2C400&ssl=1 2x, https:\/\/i0.wp.com\/www.grieta.org.mx\/wp-content\/uploads\/2024\/06\/F8RMCUlbkAA88K5.jpeg?resize=1050%2C600&ssl=1 3x"},"classes":[]}],"_links":{"self":[{"href":"https:\/\/www.grieta.org.mx\/index.php\/wp-json\/wp\/v2\/posts\/7497","targetHints":{"allow":["GET"]}}],"collection":[{"href":"https:\/\/www.grieta.org.mx\/index.php\/wp-json\/wp\/v2\/posts"}],"about":[{"href":"https:\/\/www.grieta.org.mx\/index.php\/wp-json\/wp\/v2\/types\/post"}],"author":[{"embeddable":true,"href":"https:\/\/www.grieta.org.mx\/index.php\/wp-json\/wp\/v2\/users\/1"}],"replies":[{"embeddable":true,"href":"https:\/\/www.grieta.org.mx\/index.php\/wp-json\/wp\/v2\/comments?post=7497"}],"version-history":[{"count":1,"href":"https:\/\/www.grieta.org.mx\/index.php\/wp-json\/wp\/v2\/posts\/7497\/revisions"}],"predecessor-version":[{"id":18509,"href":"https:\/\/www.grieta.org.mx\/index.php\/wp-json\/wp\/v2\/posts\/7497\/revisions\/18509"}],"wp:featuredmedia":[{"embeddable":true,"href":"https:\/\/www.grieta.org.mx\/index.php\/wp-json\/wp\/v2\/media\/21928"}],"wp:attachment":[{"href":"https:\/\/www.grieta.org.mx\/index.php\/wp-json\/wp\/v2\/media?parent=7497"}],"wp:term":[{"taxonomy":"category","embeddable":true,"href":"https:\/\/www.grieta.org.mx\/index.php\/wp-json\/wp\/v2\/categories?post=7497"},{"taxonomy":"post_tag","embeddable":true,"href":"https:\/\/www.grieta.org.mx\/index.php\/wp-json\/wp\/v2\/tags?post=7497"}],"curies":[{"name":"wp","href":"https:\/\/api.w.org\/{rel}","templated":true}]}}