{"id":7449,"date":"2015-10-18T18:08:20","date_gmt":"2015-10-18T18:08:20","guid":{"rendered":"http:\/\/50.22.11.12\/~grietaor\/?p=7449"},"modified":"2016-03-29T18:12:46","modified_gmt":"2016-03-29T18:12:46","slug":"a-3-anos-de-la-represion-en-la-normal-rural-de-tiripetio-michoacan","status":"publish","type":"post","link":"https:\/\/www.grieta.org.mx\/index.php\/2015\/10\/18\/a-3-anos-de-la-represion-en-la-normal-rural-de-tiripetio-michoacan\/","title":{"rendered":"A 3 a\u00f1os de la represi\u00f3n en la Normal Rural de Tiripet\u00edo, Michoac\u00e1n"},"content":{"rendered":"<p>La madrugada del 15 de octubre del 2012, los estudiantes de la Normal Rural Vasco de Quiroga de Tiripet\u00edo, mejor conocida como \u201cTiri\u201d, son violentamente desalojados de la escuela y el internado. La polic\u00eda ingresa y los golpea brutalmente, detienen al menos a 168 j\u00f3venes, presentan varios cargos contra 6 estudiantes y son trasladados a penales de m\u00e1xima seguridad. Al amanecer cientos de estudiantes estaban heridos.<\/p>\n<p>La violencia del gobierno y la brutalidad de sus represiones son bien conocidas por lxs normalistas de la Federaci\u00f3n de Estudiantes Campesinos de M\u00e9xico (FECSM). Entre esos episodios que se repiten constantemente en la historia de las Normales Rurales, Ayotzinapa es s\u00f3lo uno de esos: 6 personas asesinadas, 3 de ellas normalistas y la desaparici\u00f3n forzada de 43 estudiantes en Iguala, Guerrero el 26 y 27 de septiembre del 2014.<\/p>\n<p>Pero Tiri tiene su propia historia de represiones. El pasado 15 de octubre se conmemor\u00f3 la terrible represi\u00f3n que sufrieron en el 2012. Los alumnos de cuarto a\u00f1o encabezaron la marcha, cargaron una manta gigante con fotos de ellos mismos y de sus compa\u00f1erxs con los rostros ensangrentados y sus cuerpos golpeados. Las fotograf\u00edas que mostraron recuerdan inevitablemente a los estudiantes golpeados, ensangrentados y asesinados el 2 de octubre de 1968. Por desgracia, a lo largo de la historia reciente de M\u00e9xico, se han generado muchas im\u00e1genes como esas, porque la represi\u00f3n ha sido una respuesta constante ante las resistencias.<\/p>\n<p>Atr\u00e1s de esas im\u00e1genes, quiz\u00e1 movidos por ellas, marchan miles de j\u00f3venes de distintas normales, de universidades, de algunas casas de estudio y de la FECSM, quienes se hicieron presentes para apoyar a los estudiantes de Tiripet\u00edo en el tercer aniversario de aquel violento desalojo. Juntos marcharon desde la Casa de Gobierno hasta el Palacio de Gobierno en el centro de Morelia Michoac\u00e1n.<\/p>\n<p>Gritan y le dejan claro al gobierno: \u201cnos golpearon, pero no nos derrotaron.\u201d<\/p>\n<p>En el 2012, los normalistas de Tiri luchaban por su educaci\u00f3n y la de pr\u00f3ximas generaciones de normalistas, incluyendo la de lxs ni\u00f1xs a quienes ense\u00f1an.<\/p>\n<p>Los normalistas realizaron diversas protestas para exigir el ingreso de una nueva generaci\u00f3n y rechazar los cambios que el gobierno quer\u00eda imponer a su plan de estudios.<\/p>\n<p>Los normalistas, conscientes de su funci\u00f3n social, de las condiciones materiales de las localidades en las que desempe\u00f1an su labor docente y de las necesidades de lxs ni\u00f1xs a quienes ense\u00f1an, prefer\u00edan conservar materias de mayor trascendencia para su formaci\u00f3n antes que aprender ingl\u00e9s o computaci\u00f3n.<\/p>\n<p>En las Normales Rurales, lxs j\u00f3venes no s\u00f3lo aprenden de teor\u00edas de pedagog\u00eda y c\u00f3mo ense\u00f1ar espa\u00f1ol, matem\u00e1ticas o las otras materias regulares, tambi\u00e9n aprenden de las tradiciones de su estado, del cuidado de los animales de granja y de la producci\u00f3n de alimentos. Todo eso es lo que ellxs van y ense\u00f1an en las comunidades, ayudan no s\u00f3lo a lxs peque\u00f1xs, sino a toda la comunidad.<\/p>\n<p>La educaci\u00f3n que ellxs llevan es acorde a la cultura y el idioma de las comunidades, por ello, la decisi\u00f3n de evitar la modificaci\u00f3n del plan de estudios e incluir materias que ser\u00edan in\u00fatiles para su trabajo.<\/p>\n<p>En el 2015\u2026<\/p>\n<p>La realidad no ha cambiado, lxs estudiantes llevan d\u00e9cadas siendo v\u00edctimas de las represiones gubernamentales, pero los j\u00f3venes de Tiripet\u00edo, junto con lxs normalistas de las distintas Normales Rurales que conforman la FECSM, siguen en pie de lucha, resistiendo los sistem\u00e1ticos ataques del gobierno que pretende y ha intentado de muchas formas desmantelar su proyecto educativo. Lo tienen claro y se puede leer en la barda que rodea la Normal de Tiripet\u00edo: \u201cMientras la pobreza exista, Tiripet\u00edo tendr\u00e1 raz\u00f3n de ser\u201d.<\/p>\n<p><a href=\"http:\/\/www.masde131.com\/2015\/10\/a-3-anos-de-la-represion-en-la-normal-rural-de-tiripetio-michoacan\/\" target=\"_blank\">http:\/\/www.masde131.com\/2015\/10\/a-3-anos-de-la-represion-en-la-normal-rural-de-tiripetio-michoacan\/<\/a><\/p>\n<p><img loading=\"lazy\" decoding=\"async\" data-attachment-id=\"7453\" data-permalink=\"https:\/\/www.grieta.org.mx\/index.php\/2015\/10\/18\/a-3-anos-de-la-represion-en-la-normal-rural-de-tiripetio-michoacan\/dps10152015tiri3a15o011-600x400\/\" data-orig-file=\"https:\/\/www.grieta.org.mx\/wp-content\/uploads\/2016\/03\/DPS10152015Tiri3A15O011-600x400.jpg\" data-orig-size=\"600,400\" data-comments-opened=\"0\" data-image-meta=\"{&quot;aperture&quot;:&quot;0&quot;,&quot;credit&quot;:&quot;&quot;,&quot;camera&quot;:&quot;&quot;,&quot;caption&quot;:&quot;&quot;,&quot;created_timestamp&quot;:&quot;0&quot;,&quot;copyright&quot;:&quot;&quot;,&quot;focal_length&quot;:&quot;0&quot;,&quot;iso&quot;:&quot;0&quot;,&quot;shutter_speed&quot;:&quot;0&quot;,&quot;title&quot;:&quot;&quot;,&quot;orientation&quot;:&quot;0&quot;}\" data-image-title=\"DPS10152015Tiri3A15O011-600&amp;#215;400\" data-image-description=\"\" data-image-caption=\"\" data-medium-file=\"https:\/\/www.grieta.org.mx\/wp-content\/uploads\/2016\/03\/DPS10152015Tiri3A15O011-600x400-300x200.jpg\" data-large-file=\"https:\/\/www.grieta.org.mx\/wp-content\/uploads\/2016\/03\/DPS10152015Tiri3A15O011-600x400.jpg\" src=\"http:\/\/grieta.org.mx\/wp-content\/uploads\/2016\/03\/DPS10152015Tiri3A15O011-600x400.jpg\" alt=\"DPS10152015Tiri3A15O011-600x400\" width=\"600\" height=\"400\" class=\"aligncenter size-full wp-image-7453\" srcset=\"https:\/\/www.grieta.org.mx\/wp-content\/uploads\/2016\/03\/DPS10152015Tiri3A15O011-600x400.jpg 600w, https:\/\/www.grieta.org.mx\/wp-content\/uploads\/2016\/03\/DPS10152015Tiri3A15O011-600x400-300x200.jpg 300w\" sizes=\"auto, (max-width: 600px) 100vw, 600px\" \/><\/p>\n<p><img loading=\"lazy\" decoding=\"async\" data-attachment-id=\"7454\" data-permalink=\"https:\/\/www.grieta.org.mx\/index.php\/2015\/10\/18\/a-3-anos-de-la-represion-en-la-normal-rural-de-tiripetio-michoacan\/dps10152015tiri3a15o007-600x400\/\" data-orig-file=\"https:\/\/www.grieta.org.mx\/wp-content\/uploads\/2016\/03\/DPS10152015Tiri3A15O007-600x400.jpg\" data-orig-size=\"600,400\" data-comments-opened=\"0\" data-image-meta=\"{&quot;aperture&quot;:&quot;0&quot;,&quot;credit&quot;:&quot;&quot;,&quot;camera&quot;:&quot;&quot;,&quot;caption&quot;:&quot;&quot;,&quot;created_timestamp&quot;:&quot;0&quot;,&quot;copyright&quot;:&quot;&quot;,&quot;focal_length&quot;:&quot;0&quot;,&quot;iso&quot;:&quot;0&quot;,&quot;shutter_speed&quot;:&quot;0&quot;,&quot;title&quot;:&quot;&quot;,&quot;orientation&quot;:&quot;0&quot;}\" data-image-title=\"DPS10152015Tiri3A15O007-600&amp;#215;400\" data-image-description=\"\" data-image-caption=\"\" data-medium-file=\"https:\/\/www.grieta.org.mx\/wp-content\/uploads\/2016\/03\/DPS10152015Tiri3A15O007-600x400-300x200.jpg\" data-large-file=\"https:\/\/www.grieta.org.mx\/wp-content\/uploads\/2016\/03\/DPS10152015Tiri3A15O007-600x400.jpg\" src=\"http:\/\/grieta.org.mx\/wp-content\/uploads\/2016\/03\/DPS10152015Tiri3A15O007-600x400.jpg\" alt=\"DPS10152015Tiri3A15O007-600x400\" width=\"600\" height=\"400\" class=\"aligncenter size-full wp-image-7454\" srcset=\"https:\/\/www.grieta.org.mx\/wp-content\/uploads\/2016\/03\/DPS10152015Tiri3A15O007-600x400.jpg 600w, https:\/\/www.grieta.org.mx\/wp-content\/uploads\/2016\/03\/DPS10152015Tiri3A15O007-600x400-300x200.jpg 300w\" sizes=\"auto, (max-width: 600px) 100vw, 600px\" \/><\/p>\n<p><img loading=\"lazy\" decoding=\"async\" data-attachment-id=\"7455\" data-permalink=\"https:\/\/www.grieta.org.mx\/index.php\/2015\/10\/18\/a-3-anos-de-la-represion-en-la-normal-rural-de-tiripetio-michoacan\/dps10152015tiri3a15o015-600x400\/\" data-orig-file=\"https:\/\/www.grieta.org.mx\/wp-content\/uploads\/2016\/03\/DPS10152015Tiri3A15O015-600x400.jpg\" data-orig-size=\"600,400\" data-comments-opened=\"0\" data-image-meta=\"{&quot;aperture&quot;:&quot;0&quot;,&quot;credit&quot;:&quot;&quot;,&quot;camera&quot;:&quot;&quot;,&quot;caption&quot;:&quot;&quot;,&quot;created_timestamp&quot;:&quot;0&quot;,&quot;copyright&quot;:&quot;&quot;,&quot;focal_length&quot;:&quot;0&quot;,&quot;iso&quot;:&quot;0&quot;,&quot;shutter_speed&quot;:&quot;0&quot;,&quot;title&quot;:&quot;&quot;,&quot;orientation&quot;:&quot;0&quot;}\" data-image-title=\"DPS10152015Tiri3A15O015-600&amp;#215;400\" data-image-description=\"\" data-image-caption=\"\" data-medium-file=\"https:\/\/www.grieta.org.mx\/wp-content\/uploads\/2016\/03\/DPS10152015Tiri3A15O015-600x400-300x200.jpg\" data-large-file=\"https:\/\/www.grieta.org.mx\/wp-content\/uploads\/2016\/03\/DPS10152015Tiri3A15O015-600x400.jpg\" src=\"http:\/\/grieta.org.mx\/wp-content\/uploads\/2016\/03\/DPS10152015Tiri3A15O015-600x400.jpg\" alt=\"DPS10152015Tiri3A15O015-600x400\" width=\"600\" height=\"400\" class=\"aligncenter size-full wp-image-7455\" srcset=\"https:\/\/www.grieta.org.mx\/wp-content\/uploads\/2016\/03\/DPS10152015Tiri3A15O015-600x400.jpg 600w, https:\/\/www.grieta.org.mx\/wp-content\/uploads\/2016\/03\/DPS10152015Tiri3A15O015-600x400-300x200.jpg 300w\" sizes=\"auto, (max-width: 600px) 100vw, 600px\" \/><\/p>\n<p><img loading=\"lazy\" decoding=\"async\" data-attachment-id=\"7457\" data-permalink=\"https:\/\/www.grieta.org.mx\/index.php\/2015\/10\/18\/a-3-anos-de-la-represion-en-la-normal-rural-de-tiripetio-michoacan\/debora9\/\" data-orig-file=\"https:\/\/www.grieta.org.mx\/wp-content\/uploads\/2016\/03\/Debora9.jpg\" data-orig-size=\"1128,752\" data-comments-opened=\"0\" data-image-meta=\"{&quot;aperture&quot;:&quot;3.5&quot;,&quot;credit&quot;:&quot;D\\u00e9bora Poo Soto&quot;,&quot;camera&quot;:&quot;NIKON D600&quot;,&quot;caption&quot;:&quot;&quot;,&quot;created_timestamp&quot;:&quot;1444914620&quot;,&quot;copyright&quot;:&quot;D\\u00e9bora Poo Soto&quot;,&quot;focal_length&quot;:&quot;35&quot;,&quot;iso&quot;:&quot;200&quot;,&quot;shutter_speed&quot;:&quot;0.00025&quot;,&quot;title&quot;:&quot;&quot;,&quot;orientation&quot;:&quot;1&quot;}\" data-image-title=\"Debora9\" data-image-description=\"\" data-image-caption=\"\" data-medium-file=\"https:\/\/www.grieta.org.mx\/wp-content\/uploads\/2016\/03\/Debora9-300x200.jpg\" data-large-file=\"https:\/\/www.grieta.org.mx\/wp-content\/uploads\/2016\/03\/Debora9-1024x683.jpg\" src=\"http:\/\/grieta.org.mx\/wp-content\/uploads\/2016\/03\/Debora9.jpg\" alt=\"Debora9\" width=\"1128\" height=\"752\" class=\"aligncenter size-full wp-image-7457\" srcset=\"https:\/\/www.grieta.org.mx\/wp-content\/uploads\/2016\/03\/Debora9.jpg 1128w, https:\/\/www.grieta.org.mx\/wp-content\/uploads\/2016\/03\/Debora9-300x200.jpg 300w, https:\/\/www.grieta.org.mx\/wp-content\/uploads\/2016\/03\/Debora9-768x512.jpg 768w, https:\/\/www.grieta.org.mx\/wp-content\/uploads\/2016\/03\/Debora9-1024x683.jpg 1024w\" sizes=\"auto, (max-width: 1128px) 100vw, 1128px\" \/><\/p>\n","protected":false},"excerpt":{"rendered":"<p>La madrugada del 15 de octubre del 2012, los estudiantes de la Normal Rural Vasco de Quiroga de Tiripet\u00edo, mejor conocida como \u201cTiri\u201d, son violentamente desalojados de la escuela y &hellip; <a href=\"https:\/\/www.grieta.org.mx\/index.php\/2015\/10\/18\/a-3-anos-de-la-represion-en-la-normal-rural-de-tiripetio-michoacan\/\" class=\"more-link\">Leer m\u00e1s<\/a><\/p>\n","protected":false},"author":1,"featured_media":21928,"comment_status":"closed","ping_status":"open","sticky":false,"template":"","format":"standard","meta":{"ngg_post_thumbnail":0,"_jetpack_newsletter_access":"","_jetpack_dont_email_post_to_subs":false,"_jetpack_newsletter_tier_id":0,"_jetpack_memberships_contains_paywalled_content":false,"_jetpack_memberships_contains_paid_content":false,"footnotes":""},"categories":[80,82],"tags":[225],"class_list":["post-7449","post","type-post","status-publish","format-standard","has-post-thumbnail","hentry","category-cintillo","category-michoacan","tag-normalistas","entry"],"jetpack_featured_media_url":"https:\/\/www.grieta.org.mx\/wp-content\/uploads\/2018\/03\/14524434_1106112876131411_958039263622046936_o.jpg","jetpack_sharing_enabled":true,"jetpack_shortlink":"https:\/\/wp.me\/p7ZJR4-1W9","jetpack_likes_enabled":false,"jetpack-related-posts":[{"id":53675,"url":"https:\/\/www.grieta.org.mx\/index.php\/2020\/09\/11\/se-enfrentan-normalistas-y-policias-de-michoacan-vehiculo-arrolla-a-manifestantes\/","url_meta":{"origin":7449,"position":0},"title":"Se enfrentan normalistas y polic\u00edas de Michoac\u00e1n; veh\u00edculo arrolla a manifestantes","author":"grieta","date":"11 septiembre, 2020","format":false,"excerpt":"Un enfrentamiento, en las inmediaciones de la Escuela Normal Rural de Tiripet\u00edo, dej\u00f3 al menos nueve estudiantes y ocho oficiales lesionados. Un enfrentamiento entre normalistas y elementos de la polic\u00eda de Michoac\u00e1n, en las inmediaciones de la Escuela Normal Rural de Tiripet\u00edo, dej\u00f3 nueve estudiantes y ocho oficiales lesionados. La\u2026","rel":"","context":"En &quot;CINTILLO&quot;","block_context":{"text":"CINTILLO","link":"https:\/\/www.grieta.org.mx\/index.php\/category\/cintillo\/"},"img":{"alt_text":"","src":"https:\/\/i0.wp.com\/www.grieta.org.mx\/wp-content\/uploads\/2020\/09\/normalistas.png?resize=350%2C200&ssl=1","width":350,"height":200},"classes":[]},{"id":7460,"url":"https:\/\/www.grieta.org.mx\/index.php\/2015\/10\/18\/nos-golpearon-pero-no-nos-derrotaron-3-anos-del-desalojo-en-tiripetio-michoacan\/","url_meta":{"origin":7449,"position":1},"title":"\u201cNos golpearon, pero no nos derrotaron\u201d 3 a\u00f1os del desalojo en Tiripet\u00edo, Michoac\u00e1n","author":"Admin","date":"18 octubre, 2015","format":false,"excerpt":"El 15 de octubre de 2012 es otra fecha marcada en la historia reciente de la Federaci\u00f3n de Estudiantes Campesinos de M\u00e9xico (FECSM), los estudiantes de la Normal Rural Vasco de Quiroga de Tiripet\u00edo, Michoac\u00e1n \u2013integrantes de la FECSM- fueron golpeados y desalojados de su escuela e internado. Los heridos\u2026","rel":"","context":"En &quot;CINTILLO&quot;","block_context":{"text":"CINTILLO","link":"https:\/\/www.grieta.org.mx\/index.php\/category\/cintillo\/"},"img":{"alt_text":"","src":"https:\/\/i0.wp.com\/www.grieta.org.mx\/wp-content\/uploads\/2018\/03\/14524434_1106112876131411_958039263622046936_o.jpg?resize=350%2C200&ssl=1","width":350,"height":200,"srcset":"https:\/\/i0.wp.com\/www.grieta.org.mx\/wp-content\/uploads\/2018\/03\/14524434_1106112876131411_958039263622046936_o.jpg?resize=350%2C200&ssl=1 1x, https:\/\/i0.wp.com\/www.grieta.org.mx\/wp-content\/uploads\/2018\/03\/14524434_1106112876131411_958039263622046936_o.jpg?resize=525%2C300&ssl=1 1.5x, https:\/\/i0.wp.com\/www.grieta.org.mx\/wp-content\/uploads\/2018\/03\/14524434_1106112876131411_958039263622046936_o.jpg?resize=700%2C400&ssl=1 2x"},"classes":[]},{"id":7388,"url":"https:\/\/www.grieta.org.mx\/index.php\/2016\/09\/01\/conflictos-y-resistencia-de-las-escuelas-normales-rurales-de-michoacan\/","url_meta":{"origin":7449,"position":2},"title":"Conflictos y resistencia de las Escuelas Normales Rurales de Michoac\u00e1n","author":"Admin","date":"1 septiembre, 2016","format":false,"excerpt":"Movilizaciones de normalistas exigiendo el pago de sus becas y la creaci\u00f3n de plazas en Michoac\u00e1n 01\/09\/16. Marchan en Guerrero y Michoac\u00e1n por plazas y becas Animal Pol\u00edtico 31\/08\/16. Normalistas en plant\u00f3n frente a Secretar\u00eda de Finanzas de Michoac\u00e1n La Jornada 19\/03\/16. Amagan normalistas con movilizarse en vacaciones Quadratin 01\/03\/16.\u2026","rel":"","context":"En &quot;Michoac\u00e1n&quot;","block_context":{"text":"Michoac\u00e1n","link":"https:\/\/www.grieta.org.mx\/index.php\/category\/noticias-nacionales\/michoacan\/"},"img":{"alt_text":"","src":"https:\/\/i0.wp.com\/www.grieta.org.mx\/wp-content\/uploads\/2018\/03\/14524434_1106112876131411_958039263622046936_o.jpg?resize=350%2C200&ssl=1","width":350,"height":200,"srcset":"https:\/\/i0.wp.com\/www.grieta.org.mx\/wp-content\/uploads\/2018\/03\/14524434_1106112876131411_958039263622046936_o.jpg?resize=350%2C200&ssl=1 1x, https:\/\/i0.wp.com\/www.grieta.org.mx\/wp-content\/uploads\/2018\/03\/14524434_1106112876131411_958039263622046936_o.jpg?resize=525%2C300&ssl=1 1.5x, https:\/\/i0.wp.com\/www.grieta.org.mx\/wp-content\/uploads\/2018\/03\/14524434_1106112876131411_958039263622046936_o.jpg?resize=700%2C400&ssl=1 2x"},"classes":[]},{"id":48607,"url":"https:\/\/www.grieta.org.mx\/index.php\/2020\/04\/28\/policias-le-disparan-a-estudiantes-normalistas-en-michoacan\/","url_meta":{"origin":7449,"position":3},"title":"Polic\u00edas le disparan a estudiantes normalistas en Michoac\u00e1n","author":"grieta","date":"28 abril, 2020","format":false,"excerpt":"Los normalistas viajaban a bordo de un autob\u00fas cuando fueron atacados por elementos policiacos INFO7, Michoac\u00e1n EFE - 28 de abril de 2020 Michoac\u00e1n.- Polic\u00edas del estado de Michoac\u00e1n dispararon a estudiantes normalistas, quienes viajaban en autob\u00fas de pasajeros que previamente hab\u00edan tomado, luego de que ignoraron un puesto de\u2026","rel":"","context":"En &quot;CINTILLO&quot;","block_context":{"text":"CINTILLO","link":"https:\/\/www.grieta.org.mx\/index.php\/category\/cintillo\/"},"img":{"alt_text":"","src":"https:\/\/i0.wp.com\/www.grieta.org.mx\/wp-content\/uploads\/2018\/03\/14524434_1106112876131411_958039263622046936_o.jpg?resize=350%2C200&ssl=1","width":350,"height":200,"srcset":"https:\/\/i0.wp.com\/www.grieta.org.mx\/wp-content\/uploads\/2018\/03\/14524434_1106112876131411_958039263622046936_o.jpg?resize=350%2C200&ssl=1 1x, https:\/\/i0.wp.com\/www.grieta.org.mx\/wp-content\/uploads\/2018\/03\/14524434_1106112876131411_958039263622046936_o.jpg?resize=525%2C300&ssl=1 1.5x, https:\/\/i0.wp.com\/www.grieta.org.mx\/wp-content\/uploads\/2018\/03\/14524434_1106112876131411_958039263622046936_o.jpg?resize=700%2C400&ssl=1 2x"},"classes":[]},{"id":50769,"url":"https:\/\/www.grieta.org.mx\/index.php\/2020\/05\/28\/cnte-michoacan-presentara-denuncia-contra-policias-por-abuso-de-autoridad\/","url_meta":{"origin":7449,"position":4},"title":"CNTE Michoac\u00e1n presentar\u00e1 denuncia contra polic\u00edas por abuso de autoridad","author":"grieta","date":"28 mayo, 2020","format":false,"excerpt":"Los estudiantes de la Normal Rural \u201cVasco de Quiroga\u201d se manifestaron para presionar a las autoridades sobre la convocatoria de nuevo ingreso Por: Guadalupe Mart\u00ednez, MiMorelia.com jueves 28 de mayo de 2020 Morelia, Michoc\u00e1n (MiMorelia.com).- Integrantes de la Coordinadora Nacional de Trabajadores de la Educaci\u00f3n (CNTE) se manifiestan y bloquean\u2026","rel":"","context":"En &quot;CINTILLO&quot;","block_context":{"text":"CINTILLO","link":"https:\/\/www.grieta.org.mx\/index.php\/category\/cintillo\/"},"img":{"alt_text":"","src":"https:\/\/i0.wp.com\/www.grieta.org.mx\/wp-content\/uploads\/2020\/06\/Mrelia28mayo.jpg?resize=350%2C200&ssl=1","width":350,"height":200,"srcset":"https:\/\/i0.wp.com\/www.grieta.org.mx\/wp-content\/uploads\/2020\/06\/Mrelia28mayo.jpg?resize=350%2C200&ssl=1 1x, https:\/\/i0.wp.com\/www.grieta.org.mx\/wp-content\/uploads\/2020\/06\/Mrelia28mayo.jpg?resize=525%2C300&ssl=1 1.5x"},"classes":[]},{"id":11918,"url":"https:\/\/www.grieta.org.mx\/index.php\/2016\/04\/13\/policias-irrumpen-en-la-normal-de-tiripetio\/","url_meta":{"origin":7449,"position":5},"title":"Polic\u00edas irrumpen en la Normal de Tiripet\u00edo","author":"grieta","date":"13 abril, 2016","format":false,"excerpt":"Pasadas las 12 horas de este 12 de abril, unos 300 elementos del Grupo de Operaciones Especiales irrumpieron en las instalaciones de la Escuela Normal Rural Vasco de Quiroga, de Tiripet\u00edo, Michoac\u00e1n. Los alumnos de esta instituci\u00f3n informan que varios de sus compa\u00f1eros fueron detenidos y\/o lesionados por los polic\u00edas.\u2026","rel":"","context":"En &quot;CINTILLO&quot;","block_context":{"text":"CINTILLO","link":"https:\/\/www.grieta.org.mx\/index.php\/category\/cintillo\/"},"img":{"alt_text":"","src":"https:\/\/i0.wp.com\/www.grieta.org.mx\/wp-content\/uploads\/2018\/03\/14524434_1106112876131411_958039263622046936_o.jpg?resize=350%2C200&ssl=1","width":350,"height":200,"srcset":"https:\/\/i0.wp.com\/www.grieta.org.mx\/wp-content\/uploads\/2018\/03\/14524434_1106112876131411_958039263622046936_o.jpg?resize=350%2C200&ssl=1 1x, https:\/\/i0.wp.com\/www.grieta.org.mx\/wp-content\/uploads\/2018\/03\/14524434_1106112876131411_958039263622046936_o.jpg?resize=525%2C300&ssl=1 1.5x, https:\/\/i0.wp.com\/www.grieta.org.mx\/wp-content\/uploads\/2018\/03\/14524434_1106112876131411_958039263622046936_o.jpg?resize=700%2C400&ssl=1 2x"},"classes":[]}],"_links":{"self":[{"href":"https:\/\/www.grieta.org.mx\/index.php\/wp-json\/wp\/v2\/posts\/7449","targetHints":{"allow":["GET"]}}],"collection":[{"href":"https:\/\/www.grieta.org.mx\/index.php\/wp-json\/wp\/v2\/posts"}],"about":[{"href":"https:\/\/www.grieta.org.mx\/index.php\/wp-json\/wp\/v2\/types\/post"}],"author":[{"embeddable":true,"href":"https:\/\/www.grieta.org.mx\/index.php\/wp-json\/wp\/v2\/users\/1"}],"replies":[{"embeddable":true,"href":"https:\/\/www.grieta.org.mx\/index.php\/wp-json\/wp\/v2\/comments?post=7449"}],"version-history":[{"count":1,"href":"https:\/\/www.grieta.org.mx\/index.php\/wp-json\/wp\/v2\/posts\/7449\/revisions"}],"predecessor-version":[{"id":7459,"href":"https:\/\/www.grieta.org.mx\/index.php\/wp-json\/wp\/v2\/posts\/7449\/revisions\/7459"}],"wp:featuredmedia":[{"embeddable":true,"href":"https:\/\/www.grieta.org.mx\/index.php\/wp-json\/wp\/v2\/media\/21928"}],"wp:attachment":[{"href":"https:\/\/www.grieta.org.mx\/index.php\/wp-json\/wp\/v2\/media?parent=7449"}],"wp:term":[{"taxonomy":"category","embeddable":true,"href":"https:\/\/www.grieta.org.mx\/index.php\/wp-json\/wp\/v2\/categories?post=7449"},{"taxonomy":"post_tag","embeddable":true,"href":"https:\/\/www.grieta.org.mx\/index.php\/wp-json\/wp\/v2\/tags?post=7449"}],"curies":[{"name":"wp","href":"https:\/\/api.w.org\/{rel}","templated":true}]}}