{"id":743,"date":"2015-11-03T03:38:27","date_gmt":"2015-11-03T03:38:27","guid":{"rendered":"http:\/\/50.22.11.12\/~grietaor\/?p=743"},"modified":"2016-03-02T03:39:41","modified_gmt":"2016-03-02T03:39:41","slug":"sobrevivientes-de-atenco-exigen-al-gobierno-del-estado-de-mexico-cese-al-hostigamiento-y-amenazas-de-que-son-victimas","status":"publish","type":"post","link":"https:\/\/www.grieta.org.mx\/index.php\/2015\/11\/03\/sobrevivientes-de-atenco-exigen-al-gobierno-del-estado-de-mexico-cese-al-hostigamiento-y-amenazas-de-que-son-victimas\/","title":{"rendered":"Sobrevivientes de Atenco exigen al gobierno del Estado de M\u00e9xico cese al hostigamiento y amenazas de que son v\u00edctimas"},"content":{"rendered":"<p>M\u00e9xico, Distrito Federal (Newsmexico).- Sobrevivientes de los operativos realizados el 3 y 4 de mayo de 2006 en las poblaciones de Texcoco y San Salvador Atenco por m\u00e1s de 4,500 elementos de las polic\u00edas Federal, de la Agencia de Seguridad Estatal del Estado de M\u00e9xico, y del municio de Texcoco exigieron al Poder Judicial del Estado de M\u00e9xico el cese inmediato a la intimidaci\u00f3n de que son objeto desde hace m\u00e1s de un a\u00f1o, cuando empezaron a recibir citatorios para presentarse como testigos en varias causas penales, toda vez que ellos mismos fueron v\u00edctimas de diversas violaciones a sus garant\u00edas individuales y sometidos a tortura f\u00edsica y sicol\u00f3gica.<\/p>\n<p>Los hermanos Ken y Dierk Lueders Monsiv\u00e1is, quienes el d\u00eda del operativo del 4 de mayo se encontraban en Atenco trabajando como periodistas independientes y acreditaron de manera fehaciente su presencia en el lugar, as\u00ed como Jorge Salinas, adscrito al Sindicato de Telefonistas, y Heriberto Salas, miembro del Frente de Pueblos en Defensa de la Tierra de San Salvador Atenco, denunciaron en conferencia de prensa \u201cque a casi diez a\u00f1os de la sangrienta represi\u00f3n contra el pueblo de Atenco, que tuvo un saldo de dos j\u00f3venes asesinados por cuerpos policiacos, mujeres violadas, heridos de gravedad y m\u00e1s de 200 detenidos, ordenada por los tres niveles de gobierno, y coordinados por el entonces jefe de la Agencia de Seguridad Estatal del Estado de M\u00e9xico, Wilfrido Robledo, seguimos sin obtener justicia, y, en cambio, desde hace m\u00e1s de un a\u00f1o se ha incrementado la presi\u00f3n y hostilidades por parte del poder judicial del Estado de M\u00e9xico en contra nuestra, llegando al extremo de \u00f3rdenar a polic\u00edas ministeriales nuestra \u201cb\u00fasqueda, localizaci\u00f3n y presentaci\u00f3n\u201c para el d\u00eda 30 de Octubre del 2015 a las 11Hrs ante el JUZGADO PRIMERO PENAL DE PRIMERA INSTANCIA DE CUANT\u00cdA MAYOR, DEL DISTRITO JUDICIAL DE TOLUCA.\u201d<\/p>\n<p>Los citatorios, que son entregados con amenazas, obedecen a las denuncias presentadas ante autoridades del Estado de M\u00e9xico por un grupo de 11 mujeres que fueron detenidas en el operativo del 4 de mayo de 2006, quienes fueron v\u00edctimas de tortura sexual por parte de los polic\u00edas que las arrestaron, y debieron recurrir a la Comisi\u00f3n Interamericana de Derechos Humanos en busca de justicia al no encontrar la misma en las instituciones mexicanas,<\/p>\n<p>\u201cSe pretende hacernos testificar en contra de un grupo de personas por su participaci\u00f3n en los actos de tortura, encubrimiento y omisi\u00f3n lo que nosotros consideramos que es un artilugio m\u00e1s para hacer creer a la poblaci\u00f3n la supuesta intenci\u00f3n del gobierno de \u2018resolver\u00b4 el problema y poner un punto final al asunto y simular ante la Comisi\u00f3n Interamericana de Derechos Humanos la impartici\u00f3n de justicia. Nosotros no creemos en esa impartici\u00f3n de justicia y los m\u00e9todos mediante lo cuales pretenden tapar y olvidar este sangriento episodio, ya que los verdaderos responsables de dicho operativo ni siquiera figuran en la lista de consignados o procesados\u201d, afirmaron los sobrevivientes.<\/p>\n<p>Los denunciantes afirmaron que \u201crepudiamos que se nos pretenda utilizar como instrumento que de f\u00e9 y legalidad al teatro pol\u00edtico mediante el que pretenden hacer ver ante instancias internacionales que M\u00e9xico es un pa\u00eds de justicia. Rechazamos que siendo sobrevivientes de dicho acontecimiento y v\u00edctimas de tortura seamos citados en calidad de testigos siendo que la tortura es un delito que deber\u00eda seguirse de oficio y en nuestro caso no hemos visto ning\u00fan avance por dar soluci\u00f3n integral al asunto.\u201d<\/p>\n<p>Recordaron el aumento en los \u00faltimos meses de la intensidad, frecuencia y crueldad de las agresiones contra el gremio period\u00edstico, como la reciente masacre en Narvarte, as\u00ed como las amenazas de muerte y desapariciones forzadas de integrantes de los medios de comunicaci\u00f3n libres y consideraron que las vejaciones de las que fueron v\u00edctimas los medios libres en Atenco obedecen a la intenci\u00f3n de desaparecer a cualquier medio no alineado, que no este al servicio del sistema como herramienta de control y manipulaci\u00f3n.<\/p>\n<p>\u201cSabemos que lo que estamos denunciando sucede en un pa\u00eds de donde prevalece la impunidad, la injusticia, la corrupci\u00f3n en todos los niveles, donde hay m\u00e1s de 27 mil desaparecidos,\u2026\u2026 somos s\u00f3lo un bot\u00f3n de muestra de ello\u201d, destacaron.<\/p>\n<p>\u201cHacemos responsable al Gobierno de cualquier acto que atente contra nuestra integridad f\u00edsica y emocional que se desprenda de nuestro ejercicio libre de manifestaci\u00f3n de ideas y del derecho a difundirlas a trav\u00e9s de nuestros medios informativos y en calidad de v\u00edctimas exigimos se imparta justicia real y se deje de acosarnos, intimidarnos y acecharnos mermando nuestra vida\u201d, concluyeron.<\/p>\n<p><a href=\"http:\/\/www.newsmexico.com.mx\/nvnews\/03nv15atenco.html\" target=\"_blank\">www.newsmexico.com.mx\/nvnews\/03nv15atenco.html<\/a><\/p>\n","protected":false},"excerpt":{"rendered":"<p>M\u00e9xico, Distrito Federal (Newsmexico).- Sobrevivientes de los operativos realizados el 3 y 4 de mayo de 2006 en las poblaciones de Texcoco y San Salvador Atenco por m\u00e1s de 4,500 &hellip; <a href=\"https:\/\/www.grieta.org.mx\/index.php\/2015\/11\/03\/sobrevivientes-de-atenco-exigen-al-gobierno-del-estado-de-mexico-cese-al-hostigamiento-y-amenazas-de-que-son-victimas\/\" class=\"more-link\">Leer m\u00e1s<\/a><\/p>\n","protected":false},"author":2,"featured_media":21928,"comment_status":"closed","ping_status":"open","sticky":false,"template":"","format":"standard","meta":{"ngg_post_thumbnail":0,"_jetpack_newsletter_access":"","_jetpack_dont_email_post_to_subs":false,"_jetpack_newsletter_tier_id":0,"_jetpack_memberships_contains_paywalled_content":false,"_jetpack_memberships_contains_paid_content":false,"footnotes":""},"categories":[80],"tags":[143,92,130],"class_list":["post-743","post","type-post","status-publish","format-standard","has-post-thumbnail","hentry","category-cintillo","tag-aeropuerto-de-la-ciudad-de-mexico","tag-estado-de-mexico","tag-represion","entry"],"jetpack_featured_media_url":"https:\/\/www.grieta.org.mx\/wp-content\/uploads\/2018\/03\/14524434_1106112876131411_958039263622046936_o.jpg","jetpack_sharing_enabled":true,"jetpack_shortlink":"https:\/\/wp.me\/p7ZJR4-bZ","jetpack_likes_enabled":false,"jetpack-related-posts":[{"id":748,"url":"https:\/\/www.grieta.org.mx\/index.php\/2015\/11\/18\/acosan-y-citan-a-declarar-de-nuevo-a-victimas-de-represion-en-atenco-en-2006-2\/","url_meta":{"origin":743,"position":0},"title":"Acosan y citan a declarar de nuevo a v\u00edctimas de represi\u00f3n en Atenco en 2006","author":"grieta","date":"18 noviembre, 2015","format":false,"excerpt":"18\/11\/15. Repudia el Frente de Pueblos \u201cd\u00e1divas\u201d a v\u00edctimas de AtencoProceso 03\/11\/15. Sobrevivientes de Atenco exigen al gobierno del Estado de M\u00e9xico cese al hostigamiento y amenazas de que son v\u00edctimasNews M\u00e9xico 27\/10\/15. Acosan y citan a declarar de nuevo a v\u00edctimas de represi\u00f3n en Atenco en 2006M\u00e1s de 131","rel":"","context":"En &quot;Estado de M\u00e9xico&quot;","block_context":{"text":"Estado de M\u00e9xico","link":"https:\/\/www.grieta.org.mx\/index.php\/category\/noticias-nacionales\/estado-de-mexico\/"},"img":{"alt_text":"","src":"https:\/\/i0.wp.com\/www.grieta.org.mx\/wp-content\/uploads\/2018\/03\/14524434_1106112876131411_958039263622046936_o.jpg?resize=350%2C200&ssl=1","width":350,"height":200,"srcset":"https:\/\/i0.wp.com\/www.grieta.org.mx\/wp-content\/uploads\/2018\/03\/14524434_1106112876131411_958039263622046936_o.jpg?resize=350%2C200&ssl=1 1x, https:\/\/i0.wp.com\/www.grieta.org.mx\/wp-content\/uploads\/2018\/03\/14524434_1106112876131411_958039263622046936_o.jpg?resize=525%2C300&ssl=1 1.5x, https:\/\/i0.wp.com\/www.grieta.org.mx\/wp-content\/uploads\/2018\/03\/14524434_1106112876131411_958039263622046936_o.jpg?resize=700%2C400&ssl=1 2x"},"classes":[]},{"id":45177,"url":"https:\/\/www.grieta.org.mx\/index.php\/2020\/02\/26\/por-falta-de-justicia-sobrevivientes-de-tortura-en-atenco-van-a-corte-penal-internacional-estado-de-mexico\/","url_meta":{"origin":743,"position":1},"title":"Por falta de justicia, sobrevivientes de tortura en Atenco van a Corte Penal Internacional (Estado de M\u00e9xico)","author":"grieta","date":"26 febrero, 2020","format":false,"excerpt":"Tania Dami\u00e1n \/ Contral\u00ednea \u201cHemos esperado durante 14 a\u00f1os la justicia. Ahora sabemos que aqu\u00ed no llegar\u00e1 nunca, simplemente porque los autores intelectuales ni si quiera han sido investigados. Por eso acudimos a la Corte Penal Internacional, en su sede de la Haya, Pa\u00edses Bajos\u201d, declararon integrantes del Colectivo de\u2026","rel":"","context":"En &quot;Abuso policiaco y tortura en el Estado de M\u00e9xico&quot;","block_context":{"text":"Abuso policiaco y tortura en el Estado de M\u00e9xico","link":"https:\/\/www.grieta.org.mx\/index.php\/category\/noticias-nacionales\/estado-de-mexico\/abuso-policiaco-y-tortura-en-el-estado-de-mexico\/"},"img":{"alt_text":"","src":"https:\/\/i0.wp.com\/www.grieta.org.mx\/wp-content\/uploads\/2020\/02\/Por-falta-de-justicia-sobrevivientes-de-tortura-en-Atenco-van-a-Corte-Penal-Internacional-edomex-feb.jpg?resize=350%2C200&ssl=1","width":350,"height":200,"srcset":"https:\/\/i0.wp.com\/www.grieta.org.mx\/wp-content\/uploads\/2020\/02\/Por-falta-de-justicia-sobrevivientes-de-tortura-en-Atenco-van-a-Corte-Penal-Internacional-edomex-feb.jpg?resize=350%2C200&ssl=1 1x, https:\/\/i0.wp.com\/www.grieta.org.mx\/wp-content\/uploads\/2020\/02\/Por-falta-de-justicia-sobrevivientes-de-tortura-en-Atenco-van-a-Corte-Penal-Internacional-edomex-feb.jpg?resize=525%2C300&ssl=1 1.5x, https:\/\/i0.wp.com\/www.grieta.org.mx\/wp-content\/uploads\/2020\/02\/Por-falta-de-justicia-sobrevivientes-de-tortura-en-Atenco-van-a-Corte-Penal-Internacional-edomex-feb.jpg?resize=700%2C400&ssl=1 2x"},"classes":[]},{"id":996,"url":"https:\/\/www.grieta.org.mx\/index.php\/2015\/09\/22\/habitantes-de-texcoco-protestan-contra-nuevo-aeropuerto-de-la-cdmx\/","url_meta":{"origin":743,"position":2},"title":"Habitantes de Texcoco protestan contra nuevo aeropuerto de la CDMX","author":"grieta","date":"22 septiembre, 2015","format":false,"excerpt":"Integrantes de la Coordinadora de Pueblos y Organizaciones del Oriente del Estado de M\u00e9xico en Defensa de la Tierra, el Agua o su Cultura se opusieron, con gritos y pancartas, a la construcci\u00f3n del Nuevo Aeropuerto Internacional de la Ciudad de M\u00e9xico. Los manifestantes que se reunieron afuera del Museo\u2026","rel":"","context":"En &quot;CINTILLO&quot;","block_context":{"text":"CINTILLO","link":"https:\/\/www.grieta.org.mx\/index.php\/category\/cintillo\/"},"img":{"alt_text":"","src":"https:\/\/i0.wp.com\/www.grieta.org.mx\/wp-content\/uploads\/2018\/03\/14524434_1106112876131411_958039263622046936_o.jpg?resize=350%2C200&ssl=1","width":350,"height":200,"srcset":"https:\/\/i0.wp.com\/www.grieta.org.mx\/wp-content\/uploads\/2018\/03\/14524434_1106112876131411_958039263622046936_o.jpg?resize=350%2C200&ssl=1 1x, https:\/\/i0.wp.com\/www.grieta.org.mx\/wp-content\/uploads\/2018\/03\/14524434_1106112876131411_958039263622046936_o.jpg?resize=525%2C300&ssl=1 1.5x, https:\/\/i0.wp.com\/www.grieta.org.mx\/wp-content\/uploads\/2018\/03\/14524434_1106112876131411_958039263622046936_o.jpg?resize=700%2C400&ssl=1 2x"},"classes":[]},{"id":11323,"url":"https:\/\/www.grieta.org.mx\/index.php\/2016\/04\/23\/ejidatarios-paran-obras-del-naicm-en-atenco\/","url_meta":{"origin":743,"position":3},"title":"Ejidatarios paran obras del NAICM en Atenco","author":"grieta","date":"23 abril, 2016","format":false,"excerpt":"San Salvador Atenco, M\u00e9x., 23 de abril de 2016.- Integrantes del Frente de Pueblos en Defensa de la Tierra (FPDT) de San Salvador Atenco, pararon las obras de construcci\u00f3n de la Autopista Pir\u00e1mides -Texcoco que forma parte del equipamiento del nuevo Aeropuerto Internacional de la Ciudad de M\u00e9xico y obligaron\u2026","rel":"","context":"En &quot;CINTILLO&quot;","block_context":{"text":"CINTILLO","link":"https:\/\/www.grieta.org.mx\/index.php\/category\/cintillo\/"},"img":{"alt_text":"","src":"https:\/\/i0.wp.com\/www.grieta.org.mx\/wp-content\/uploads\/2018\/03\/14524434_1106112876131411_958039263622046936_o.jpg?resize=350%2C200&ssl=1","width":350,"height":200,"srcset":"https:\/\/i0.wp.com\/www.grieta.org.mx\/wp-content\/uploads\/2018\/03\/14524434_1106112876131411_958039263622046936_o.jpg?resize=350%2C200&ssl=1 1x, https:\/\/i0.wp.com\/www.grieta.org.mx\/wp-content\/uploads\/2018\/03\/14524434_1106112876131411_958039263622046936_o.jpg?resize=525%2C300&ssl=1 1.5x, https:\/\/i0.wp.com\/www.grieta.org.mx\/wp-content\/uploads\/2018\/03\/14524434_1106112876131411_958039263622046936_o.jpg?resize=700%2C400&ssl=1 2x"},"classes":[]},{"id":14612,"url":"https:\/\/www.grieta.org.mx\/index.php\/2016\/06\/21\/el-gobierno-federal-quiere-apoderarse-de-50-hectareas-para-el-nuevo-aeropuerto\/","url_meta":{"origin":743,"position":4},"title":"El gobierno federal quiere apoderarse de 50 hect\u00e1reas para el nuevo aeropuerto","author":"grieta","date":"21 junio, 2016","format":false,"excerpt":"San Salvador Atenco, Estado de M\u00e9xico a 21 de junio del 2016.- El gobierno de Enrique Pe\u00f1a Nieto reconoci\u00f3 que le hace falta la adquisici\u00f3n de m\u00e1s de 50 hect\u00e1reas, para poder terminar la obra de la construcci\u00f3n del Nuevo Aeropuerto de la Ciudad de M\u00e9xico. Por lo que intenta\u2026","rel":"","context":"En &quot;CINTILLO&quot;","block_context":{"text":"CINTILLO","link":"https:\/\/www.grieta.org.mx\/index.php\/category\/cintillo\/"},"img":{"alt_text":"","src":"https:\/\/i0.wp.com\/www.grieta.org.mx\/wp-content\/uploads\/2018\/03\/14524434_1106112876131411_958039263622046936_o.jpg?resize=350%2C200&ssl=1","width":350,"height":200,"srcset":"https:\/\/i0.wp.com\/www.grieta.org.mx\/wp-content\/uploads\/2018\/03\/14524434_1106112876131411_958039263622046936_o.jpg?resize=350%2C200&ssl=1 1x, https:\/\/i0.wp.com\/www.grieta.org.mx\/wp-content\/uploads\/2018\/03\/14524434_1106112876131411_958039263622046936_o.jpg?resize=525%2C300&ssl=1 1.5x, https:\/\/i0.wp.com\/www.grieta.org.mx\/wp-content\/uploads\/2018\/03\/14524434_1106112876131411_958039263622046936_o.jpg?resize=700%2C400&ssl=1 2x"},"classes":[]},{"id":53640,"url":"https:\/\/www.grieta.org.mx\/index.php\/2020\/09\/14\/mujeres-de-atenco-presentan-amparo-contra-fiscalia-de-edomex-por-obstaculizar-investigacion\/","url_meta":{"origin":743,"position":5},"title":"Mujeres de Atenco presentan amparo contra Fiscal\u00eda de Edomex por obstaculizar investigaci\u00f3n","author":"grieta","date":"14 septiembre, 2020","format":false,"excerpt":"Foto: somoselmedio Sididh \/ somoselmedio Ciudad de M\u00e9xico, 14 de septiembre\u00a0de 2020.\u00a0Casi dos a\u00f1os despu\u00e9s de la notificaci\u00f3n de la sentencia de la Corte Interamericana de Derechos Humanos (Corte IDH) en el caso\u00a0Mujeres V\u00edctimas de Tortura Sexual en Atenco, la investigaci\u00f3n penal sigue fragmentada debido a la negativa de la\u2026","rel":"","context":"En &quot;Abuso policiaco y tortura en el Estado de M\u00e9xico&quot;","block_context":{"text":"Abuso policiaco y tortura en el Estado de M\u00e9xico","link":"https:\/\/www.grieta.org.mx\/index.php\/category\/noticias-nacionales\/estado-de-mexico\/abuso-policiaco-y-tortura-en-el-estado-de-mexico\/"},"img":{"alt_text":"","src":"https:\/\/i0.wp.com\/www.grieta.org.mx\/wp-content\/uploads\/2020\/09\/Mujeres-de-Atenco-presentan-amparo-contra-Fiscalia-de-Edomex-por-obstaculizar-investigacion-edmoex-sept.png?resize=350%2C200&ssl=1","width":350,"height":200,"srcset":"https:\/\/i0.wp.com\/www.grieta.org.mx\/wp-content\/uploads\/2020\/09\/Mujeres-de-Atenco-presentan-amparo-contra-Fiscalia-de-Edomex-por-obstaculizar-investigacion-edmoex-sept.png?resize=350%2C200&ssl=1 1x, https:\/\/i0.wp.com\/www.grieta.org.mx\/wp-content\/uploads\/2020\/09\/Mujeres-de-Atenco-presentan-amparo-contra-Fiscalia-de-Edomex-por-obstaculizar-investigacion-edmoex-sept.png?resize=525%2C300&ssl=1 1.5x"},"classes":[]}],"_links":{"self":[{"href":"https:\/\/www.grieta.org.mx\/index.php\/wp-json\/wp\/v2\/posts\/743","targetHints":{"allow":["GET"]}}],"collection":[{"href":"https:\/\/www.grieta.org.mx\/index.php\/wp-json\/wp\/v2\/posts"}],"about":[{"href":"https:\/\/www.grieta.org.mx\/index.php\/wp-json\/wp\/v2\/types\/post"}],"author":[{"embeddable":true,"href":"https:\/\/www.grieta.org.mx\/index.php\/wp-json\/wp\/v2\/users\/2"}],"replies":[{"embeddable":true,"href":"https:\/\/www.grieta.org.mx\/index.php\/wp-json\/wp\/v2\/comments?post=743"}],"version-history":[{"count":1,"href":"https:\/\/www.grieta.org.mx\/index.php\/wp-json\/wp\/v2\/posts\/743\/revisions"}],"predecessor-version":[{"id":744,"href":"https:\/\/www.grieta.org.mx\/index.php\/wp-json\/wp\/v2\/posts\/743\/revisions\/744"}],"wp:featuredmedia":[{"embeddable":true,"href":"https:\/\/www.grieta.org.mx\/index.php\/wp-json\/wp\/v2\/media\/21928"}],"wp:attachment":[{"href":"https:\/\/www.grieta.org.mx\/index.php\/wp-json\/wp\/v2\/media?parent=743"}],"wp:term":[{"taxonomy":"category","embeddable":true,"href":"https:\/\/www.grieta.org.mx\/index.php\/wp-json\/wp\/v2\/categories?post=743"},{"taxonomy":"post_tag","embeddable":true,"href":"https:\/\/www.grieta.org.mx\/index.php\/wp-json\/wp\/v2\/tags?post=743"}],"curies":[{"name":"wp","href":"https:\/\/api.w.org\/{rel}","templated":true}]}}