{"id":7360,"date":"2015-06-16T16:47:41","date_gmt":"2015-06-16T16:47:41","guid":{"rendered":"http:\/\/50.22.11.12\/~grietaor\/?p=7360"},"modified":"2016-03-29T16:48:36","modified_gmt":"2016-03-29T16:48:36","slug":"estudiantes-agredidos-en-veracruz-denuncian-falta-de-apoyo-para-garantizar-su-seguridad","status":"publish","type":"post","link":"https:\/\/www.grieta.org.mx\/index.php\/2015\/06\/16\/estudiantes-agredidos-en-veracruz-denuncian-falta-de-apoyo-para-garantizar-su-seguridad\/","title":{"rendered":"Estudiantes agredidos en Veracruz denuncian falta de apoyo para garantizar su seguridad"},"content":{"rendered":"<p>Fabiola Guti\u00e9rrez<\/p>\n<p>M\u00e9xico, D.F., 16 junio de 2015.- En conferencia de prensa, estudiantes agredidos por un comando armado el pasado 5 de junio en Xalapa, Veracruz, pidieron protecci\u00f3n y ayuda a organizaciones sociales e institucionales en el Distrito Federal (DF), pues denunciar\u00f3n que las instituciones veracruzanas no les han brindado garant\u00edas de seguridad para ellos y sus familias.<\/p>\n<p>Ocho estudiantes de la Universidad Veracruzana, fueron agredidos por personas que portaban chaleco de polic\u00eda e iban encapuchadas. Los sujetos entraron a una casa particular \u2014al rededor de la una de la madrugada\u2014 donde los j\u00f3venes se encontraban celebrando el cumplea\u00f1os de uno de ellos, comenzaron a golpearlos con bates, palos, machetes y armas largas; recibieron multiples agreciones en todo el cuerpo, causando fracturas en cr\u00e1neo, manos y perdida de dientes, algunos fueron hospitalizados de urgencias. Elementos de la polic\u00eda que acudiaron al lugar de los hechos no brindaron auxilio a los heridos, tomaron fotograf\u00edas y se retiraron despu\u00e9s de hablar con personas que llegaron en un carro.<\/p>\n<p>\u201cEstos acontecimientos se dan en un clima donde los periodistas, activistas sociales y estudiantes est\u00e1n siendo acosados y asesinados en el estado de Veracruz\u201d, se\u00f1al\u00f3 Juli\u00e1n Ram\u00edrez de la Asociaci\u00f3n Defensora de los Derechos Humanos Decide, quien dijo que las agresiones se dieron antes de unas elecciones electorales que estuvieron fuertemente militarizadas y que durante la contienda se reprimi\u00f3 a la poblaci\u00f3n. Inform\u00f3 que el Instituto Nacional Electoral (INE) elabor\u00f3 una \u201clista negra\u201d \u2014que fue dada a conocer d\u00edas antes de las elecciones\u2014, donde aparece alrededor de 25 nombres de funcionarios p\u00fablicos, consejeros electorales, estudiantes, defensores de derechos humanos, entre otros, todos acusados de planear el boicot de los comicios. Pero, dijo, que dentro de esta lista no se encuentra el nombre de ninguno de los j\u00f3venes agredidos, sin embargo son acusados de ser los actores intelectuales de los ataques a las oficinas del INE.<\/p>\n<p>Por su parte, Iganacio C\u00f3rdoba, estudiante agredido, mencion\u00f3 que uno de los hombres no iba encapuchado y pudieron darse cuenta que \u00e9ste tra\u00eda corte militar, pero debido a los golpes que recib\u00edan no distinguieron bien su rostro. Coment\u00f3 que hasta el momento el gobierno de Veracruz no se ha deslindado del ataque y tampoco funcionarios del INE. El estudiante relat\u00f3 que tanto \u00e9l como sus compa\u00f1eros apoyan las luchas sociales por medio del artes y se han pronunciado en contra de los mega proyectos que son impulsados en Veracruz, por lo que se cree que este sea uno de los motivos por el cual sean considerados \u201cgente incomoda para el Estado\u201d.<\/p>\n<p>La activista de la organizaci\u00f3n Decide, Giovanna Mazzote, denunci\u00f3 que en la Universidad Veracruzana se han colocado c\u00e1maras para vigilar las actividades de los estudiantes. Agreg\u00f3 que \u201cel ataque hacia los j\u00f3venes fue dise\u00f1ado para dejarlos como est\u00e1n, fue una agresi\u00f3n totalmente planeada y con toda la intenci\u00f3n de sembrar terror, pues los golpes no fueron dirigidos para matar, sino para meter miedo a la poblaci\u00f3n que no est\u00e9 de acuerdo con el gobierno de Veracruz\u201d. Hizo un llamado a las autoridades de la universidad para que brinden apoyo a las v\u00edctimas y sus familias, pues Ignacio C\u00f3rdoba revel\u00f3 que a la fecha ninguna instituci\u00f3n estatal les ha ayudado en este proceso de recuperaci\u00f3n y denuncias, y que la Comisi\u00f3n de Derechos Humanos del Estado no ha abierto un expediente de investigaci\u00f3n sobre el caso.<\/p>\n<p>Otro de los agredidos, Josu\u00e9 Bello, puntualiz\u00f3 que los ataque sufridos hacia su persona fue un claro ejemplo de c\u00f3mo los grupos paramilitares est\u00e1n operando para desmovilizar a los estudiantes organizando en la universidad, pues como lo se\u00f1al\u00f3 Giovanna Mazzote, dentro del campus, en la Casa de Humanidades \u2014donde llegan grupos sociales y estudiantes de todas las facultades\u2014, se realizan asambleas y se planea las movilizaciones de protesta.<\/p>\n<p>Para finalizar, Araceli Olivo, de Centro de Derechos Humanos Jos\u00e9 Miguel Agustin Pro Ju\u00e1rez (Centro prodh), y Alberto Solis, director de Servicios y Asesor\u00edas para la Paz (Serapaz), enfatizaron su respaldo hacia los estudiantes agredidos e hicieron un llamado a las autoridades a tomar cartas en el asunto, pues ambos defensores de derechos humanos se\u00f1alaron que Verecruz es uno de los estados con mayores indicies de violencia y en donde hay m\u00e1s riesgo para la libertad de expresi\u00f3n. Por tal motivo, piden que se aclaren los hechos y que este caso no quede impune, pues s\u00f3lo as\u00ed se comenzar\u00e1 a detener los abusos policiacos y del crimen organizado que existen en la entidad.<\/p>\n<p><a href=\"http:\/\/www.somoselmedio.org\/article\/estudiantes-agredidos-en-veracruz-denuncian-falta-de-apoyo-para-garantizar-su-seguridad#sthash.I6C6Bek6.dpuf\" target=\"_blank\">http:\/\/www.somoselmedio.org\/article\/estudiantes-agredidos-en-veracruz-denuncian-falta-de-apoyo-para-garantizar-su-seguridad#sthash.I6C6Bek6.dpuf<\/a><\/p>\n","protected":false},"excerpt":{"rendered":"<p>Fabiola Guti\u00e9rrez M\u00e9xico, D.F., 16 junio de 2015.- En conferencia de prensa, estudiantes agredidos por un comando armado el pasado 5 de junio en Xalapa, Veracruz, pidieron protecci\u00f3n y ayuda &hellip; <a href=\"https:\/\/www.grieta.org.mx\/index.php\/2015\/06\/16\/estudiantes-agredidos-en-veracruz-denuncian-falta-de-apoyo-para-garantizar-su-seguridad\/\" class=\"more-link\">Leer m\u00e1s<\/a><\/p>\n","protected":false},"author":1,"featured_media":21928,"comment_status":"closed","ping_status":"open","sticky":false,"template":"","format":"standard","meta":{"ngg_post_thumbnail":0,"_jetpack_newsletter_access":"","_jetpack_dont_email_post_to_subs":false,"_jetpack_newsletter_tier_id":0,"_jetpack_memberships_contains_paywalled_content":false,"_jetpack_memberships_contains_paid_content":false,"footnotes":""},"categories":[80,257],"tags":[130],"class_list":["post-7360","post","type-post","status-publish","format-standard","has-post-thumbnail","hentry","category-cintillo","category-veracruz","tag-represion","entry"],"jetpack_featured_media_url":"https:\/\/www.grieta.org.mx\/wp-content\/uploads\/2018\/03\/14524434_1106112876131411_958039263622046936_o.jpg","jetpack_sharing_enabled":true,"jetpack_shortlink":"https:\/\/wp.me\/p7ZJR4-1UI","jetpack_likes_enabled":false,"jetpack-related-posts":[{"id":7355,"url":"https:\/\/www.grieta.org.mx\/index.php\/2015\/10\/02\/ataca-grupo-de-hombres-armados-a-estudiantes-de-la-universidad-veracruzana\/","url_meta":{"origin":7360,"position":0},"title":"Ataca grupo de hombres armados a estudiantes de la Universidad Veracruzana","author":"Admin","date":"2 octubre, 2015","format":false,"excerpt":"02\/10\/15. 5 de junio no se olvida: universitarios en marcha por el 2 de octubre (VIDEO) Zapateando 02\/10\/15. 5 de Junio, no se olvida (VIDEO) Zapateando 13\/07\/15. El Estado categoriza al activismo como un foco de desestabilizaci\u00f3n social: estudiantes golpeados de Xalapa Peri\u00f3dico Activista 16\/06\/15. Estudiantes agredidos en Veracruz denuncian\u2026","rel":"","context":"En &quot;NOTICIAS NACIONALES&quot;","block_context":{"text":"NOTICIAS NACIONALES","link":"https:\/\/www.grieta.org.mx\/index.php\/category\/noticias-nacionales\/"},"img":{"alt_text":"","src":"https:\/\/i0.wp.com\/www.grieta.org.mx\/wp-content\/uploads\/2018\/03\/14524434_1106112876131411_958039263622046936_o.jpg?resize=350%2C200&ssl=1","width":350,"height":200,"srcset":"https:\/\/i0.wp.com\/www.grieta.org.mx\/wp-content\/uploads\/2018\/03\/14524434_1106112876131411_958039263622046936_o.jpg?resize=350%2C200&ssl=1 1x, https:\/\/i0.wp.com\/www.grieta.org.mx\/wp-content\/uploads\/2018\/03\/14524434_1106112876131411_958039263622046936_o.jpg?resize=525%2C300&ssl=1 1.5x, https:\/\/i0.wp.com\/www.grieta.org.mx\/wp-content\/uploads\/2018\/03\/14524434_1106112876131411_958039263622046936_o.jpg?resize=700%2C400&ssl=1 2x"},"classes":[]},{"id":7366,"url":"https:\/\/www.grieta.org.mx\/index.php\/2015\/06\/05\/estudiantes-de-la-uv-heridos-por-golpeadores-vestidos-de-civil\/","url_meta":{"origin":7360,"position":1},"title":"Estudiantes de la UV heridos por golpeadores vestidos de civil","author":"Admin","date":"5 junio, 2015","format":false,"excerpt":"Ocho estudiantes de la Universidad Veracruzana, 4 hombres y 3 mujeres, est\u00e1n hospitalizados en el Centro de Especialidades M\u00e9dicas de Xalapa, con heridas de gravedad, huesos rotos, descalabrados y con problemas para mantenerse conscientes, luego de una salvaje golpiza propinada por aproximadamente una docena de hombres que portaban armas largas,\u2026","rel":"","context":"En &quot;CINTILLO&quot;","block_context":{"text":"CINTILLO","link":"https:\/\/www.grieta.org.mx\/index.php\/category\/cintillo\/"},"img":{"alt_text":"","src":"https:\/\/i0.wp.com\/www.grieta.org.mx\/wp-content\/uploads\/2018\/03\/14524434_1106112876131411_958039263622046936_o.jpg?resize=350%2C200&ssl=1","width":350,"height":200,"srcset":"https:\/\/i0.wp.com\/www.grieta.org.mx\/wp-content\/uploads\/2018\/03\/14524434_1106112876131411_958039263622046936_o.jpg?resize=350%2C200&ssl=1 1x, https:\/\/i0.wp.com\/www.grieta.org.mx\/wp-content\/uploads\/2018\/03\/14524434_1106112876131411_958039263622046936_o.jpg?resize=525%2C300&ssl=1 1.5x, https:\/\/i0.wp.com\/www.grieta.org.mx\/wp-content\/uploads\/2018\/03\/14524434_1106112876131411_958039263622046936_o.jpg?resize=700%2C400&ssl=1 2x"},"classes":[]},{"id":53675,"url":"https:\/\/www.grieta.org.mx\/index.php\/2020\/09\/11\/se-enfrentan-normalistas-y-policias-de-michoacan-vehiculo-arrolla-a-manifestantes\/","url_meta":{"origin":7360,"position":2},"title":"Se enfrentan normalistas y polic\u00edas de Michoac\u00e1n; veh\u00edculo arrolla a manifestantes","author":"grieta","date":"11 septiembre, 2020","format":false,"excerpt":"Un enfrentamiento, en las inmediaciones de la Escuela Normal Rural de Tiripet\u00edo, dej\u00f3 al menos nueve estudiantes y ocho oficiales lesionados. Un enfrentamiento entre normalistas y elementos de la polic\u00eda de Michoac\u00e1n, en las inmediaciones de la Escuela Normal Rural de Tiripet\u00edo, dej\u00f3 nueve estudiantes y ocho oficiales lesionados. La\u2026","rel":"","context":"En &quot;CINTILLO&quot;","block_context":{"text":"CINTILLO","link":"https:\/\/www.grieta.org.mx\/index.php\/category\/cintillo\/"},"img":{"alt_text":"","src":"https:\/\/i0.wp.com\/www.grieta.org.mx\/wp-content\/uploads\/2020\/09\/normalistas.png?resize=350%2C200&ssl=1","width":350,"height":200},"classes":[]},{"id":45271,"url":"https:\/\/www.grieta.org.mx\/index.php\/2020\/02\/11\/policias-hieren-a-manifestantes-en-ciudad-isla-veracruz\/","url_meta":{"origin":7360,"position":3},"title":"Polic\u00edas hieren a manifestantes en Ciudad Isla, Veracruz","author":"Admin","date":"11 febrero, 2020","format":false,"excerpt":"Por Redacci\u00f3n\/@Somoselmedio M\u00e1s de un centenar de habitantes de Ciudad Isla en Veracruz, fueron agredidos por la Fuerza Civil, cuando se manifestaban contra abusos cometidos por elementos de esta corporaci\u00f3n. Periodistas que cubr\u00edan la manifestaci\u00f3n reportaron que la Fuerza Civil dispar\u00f3 contra los manifestantes luego de que los manifestantes quemaran\u2026","rel":"","context":"En &quot;CINTILLO&quot;","block_context":{"text":"CINTILLO","link":"https:\/\/www.grieta.org.mx\/index.php\/category\/cintillo\/"},"img":{"alt_text":"","src":"https:\/\/i0.wp.com\/www.grieta.org.mx\/wp-content\/uploads\/2020\/02\/Captura-de-pantalla-2020-02-11-a-las-15.10.29-1024x583.png?resize=350%2C200&ssl=1","width":350,"height":200,"srcset":"https:\/\/i0.wp.com\/www.grieta.org.mx\/wp-content\/uploads\/2020\/02\/Captura-de-pantalla-2020-02-11-a-las-15.10.29-1024x583.png?resize=350%2C200&ssl=1 1x, https:\/\/i0.wp.com\/www.grieta.org.mx\/wp-content\/uploads\/2020\/02\/Captura-de-pantalla-2020-02-11-a-las-15.10.29-1024x583.png?resize=525%2C300&ssl=1 1.5x, https:\/\/i0.wp.com\/www.grieta.org.mx\/wp-content\/uploads\/2020\/02\/Captura-de-pantalla-2020-02-11-a-las-15.10.29-1024x583.png?resize=700%2C400&ssl=1 2x"},"classes":[]},{"id":26429,"url":"https:\/\/www.grieta.org.mx\/index.php\/2018\/09\/13\/estudiantes-de-universidad-de-sonora-lanzan-video-en-apoyo-a-movimiento-unam\/","url_meta":{"origin":7360,"position":4},"title":"Estudiantes de Universidad de Sonora lanzan video en apoyo a movimiento UNAM","author":"grieta","date":"13 septiembre, 2018","format":false,"excerpt":"La Silla Rota\/ e-Consulta Hermosillo, Sonora.- En apoyo a estudiantes de la Universidad Nacional Aut\u00f3noma de M\u00e9xico (UNAM) agredidos por un grupo de \"porros\" cuando protestaban para exigir la presentaci\u00f3n de maestros en la instituci\u00f3n, alumnos de distintas universidades de Sonora enviaron su solidaridad a trav\u00e9s de un video circulado\u2026","rel":"","context":"En &quot;CINTILLO&quot;","block_context":{"text":"CINTILLO","link":"https:\/\/www.grieta.org.mx\/index.php\/category\/cintillo\/"},"img":{"alt_text":"","src":"https:\/\/i0.wp.com\/www.grieta.org.mx\/wp-content\/uploads\/2018\/09\/unisonunam-focus-0.04-0.23-480-345.jpg?resize=350%2C200&ssl=1","width":350,"height":200},"classes":[]},{"id":7356,"url":"https:\/\/www.grieta.org.mx\/index.php\/2015\/07\/13\/el-estado-categoriza-al-activismo-como-un-foco-de-desestabilizacion-social-estudiantes-golpeados-de-xalapa\/","url_meta":{"origin":7360,"position":5},"title":"El Estado categoriza al activismo como un foco de desestabilizaci\u00f3n social: estudiantes golpeados de Xalapa","author":"Admin","date":"13 julio, 2015","format":false,"excerpt":"Estudiantes integrantes del Comit\u00e9 5 de Junio, emitieron un comunicado nacional e internacional para dar a conocer que a poco m\u00e1s de un mes del brutal ataque que 8 de sus integrantes adscritos a la Universidad Veracruzana, vivieron la madrugada del 5 de junio en la localidad, cuando un grupo\u2026","rel":"","context":"En &quot;CINTILLO&quot;","block_context":{"text":"CINTILLO","link":"https:\/\/www.grieta.org.mx\/index.php\/category\/cintillo\/"},"img":{"alt_text":"","src":"https:\/\/i0.wp.com\/www.grieta.org.mx\/wp-content\/uploads\/2018\/03\/14524434_1106112876131411_958039263622046936_o.jpg?resize=350%2C200&ssl=1","width":350,"height":200,"srcset":"https:\/\/i0.wp.com\/www.grieta.org.mx\/wp-content\/uploads\/2018\/03\/14524434_1106112876131411_958039263622046936_o.jpg?resize=350%2C200&ssl=1 1x, https:\/\/i0.wp.com\/www.grieta.org.mx\/wp-content\/uploads\/2018\/03\/14524434_1106112876131411_958039263622046936_o.jpg?resize=525%2C300&ssl=1 1.5x, https:\/\/i0.wp.com\/www.grieta.org.mx\/wp-content\/uploads\/2018\/03\/14524434_1106112876131411_958039263622046936_o.jpg?resize=700%2C400&ssl=1 2x"},"classes":[]}],"_links":{"self":[{"href":"https:\/\/www.grieta.org.mx\/index.php\/wp-json\/wp\/v2\/posts\/7360","targetHints":{"allow":["GET"]}}],"collection":[{"href":"https:\/\/www.grieta.org.mx\/index.php\/wp-json\/wp\/v2\/posts"}],"about":[{"href":"https:\/\/www.grieta.org.mx\/index.php\/wp-json\/wp\/v2\/types\/post"}],"author":[{"embeddable":true,"href":"https:\/\/www.grieta.org.mx\/index.php\/wp-json\/wp\/v2\/users\/1"}],"replies":[{"embeddable":true,"href":"https:\/\/www.grieta.org.mx\/index.php\/wp-json\/wp\/v2\/comments?post=7360"}],"version-history":[{"count":1,"href":"https:\/\/www.grieta.org.mx\/index.php\/wp-json\/wp\/v2\/posts\/7360\/revisions"}],"predecessor-version":[{"id":7361,"href":"https:\/\/www.grieta.org.mx\/index.php\/wp-json\/wp\/v2\/posts\/7360\/revisions\/7361"}],"wp:featuredmedia":[{"embeddable":true,"href":"https:\/\/www.grieta.org.mx\/index.php\/wp-json\/wp\/v2\/media\/21928"}],"wp:attachment":[{"href":"https:\/\/www.grieta.org.mx\/index.php\/wp-json\/wp\/v2\/media?parent=7360"}],"wp:term":[{"taxonomy":"category","embeddable":true,"href":"https:\/\/www.grieta.org.mx\/index.php\/wp-json\/wp\/v2\/categories?post=7360"},{"taxonomy":"post_tag","embeddable":true,"href":"https:\/\/www.grieta.org.mx\/index.php\/wp-json\/wp\/v2\/tags?post=7360"}],"curies":[{"name":"wp","href":"https:\/\/api.w.org\/{rel}","templated":true}]}}